
{"id":21571,"date":"2014-05-16T12:29:35","date_gmt":"2014-05-16T12:29:35","guid":{"rendered":"http:\/\/jornalbeirario.com.br\/portal\/portal\/?p=21571"},"modified":"2014-05-16T12:29:35","modified_gmt":"2014-05-16T12:29:35","slug":"lais-amaral-47","status":"publish","type":"post","link":"https:\/\/jornalbeirario.com.br\/portal\/?p=21571","title":{"rendered":"La\u00eds Amaral"},"content":{"rendered":"<p style=\"text-align: justify;\"><strong>Resende, Cidade Aventura<\/strong><br \/>\nQue tal um festival de balonismo em Resende? Fant\u00e1stico, n\u00e3o? Pois \u00e9. Essa loucura maravilhosa j\u00e1 tem data: dias 8 e 9 de agosto. \u00c9 que acaba de ser aprovado um projeto pela lei municipal de incentivo ao esporte que vai poder viabilizar a iniciativa que \u00e9 da jovem Associa\u00e7\u00e3o de Hot\u00e9is de Resende. E j\u00e1 h\u00e1 empresas poderosas interessadas no patroc\u00ednio. O balonismo tem tudo a ver com uma regi\u00e3o como a nossa. A not\u00edcia foi dada pelo Eduardo Lemos, da associa\u00e7\u00e3o de hot\u00e9is, e membro do Conselho Municipal de Turismo, na reuni\u00e3o do \u00f3rg\u00e3o, nessa quarta-feira. \u201cEsse \u00e9 o primeiro festival de balonismo, porque queremos ano que vem fazer o segundo e, caso pegue, criarmos essa tradi\u00e7\u00e3o em Resende\u201d, disse Eduardo. Ser\u00e3o dez bal\u00f5es nesses dois dias colorindo o c\u00e9u durante o dia, encantando as noites com o Night Glow (bal\u00f5es iluminados como gigantescas lanternas). Agosto ainda est\u00e1 no per\u00edodo de estiagem, o tempo estar\u00e1 firme e a iniciativa tem tudo para ser um sucesso. E desse jeito, mais um esporte radical chega para se juntar aos j\u00e1 praticados na cidade, fortalecendo o perfil cada vez mais n\u00edtido do vi\u00e9s tur\u00edstico que \u00e9 uma voca\u00e7\u00e3o indiscut\u00edvel de Resende: o turismo de aventura junto \u00e0 natureza. A Secretaria Municipal de Esportes tem tido um papel fundamental focando nos esportes que agregam valores ao Turismo.<\/p>\n<p style=\"text-align: justify;\"><strong>Feira Sertaneja, 10 horas da Resende rural<\/strong><br \/>\nEsse papo de voca\u00e7\u00e3o de Resende \u00e9 antigo, e nos \u00faltimos tempos uma tend\u00eancia que se consolida associa o munic\u00edpio a um futuro industrial. Diz-se que Resende \u00e9 uma cidade industrial, polo metal mec\u00e2nico e outras coisas mais. N\u00e3o aceito o r\u00f3tulo, como ficou claro na nota anterior. Resende tem outras caras. Tem potencial para o turismo de aventura, que precisa ser desenvolvido. E tamb\u00e9m n\u00e3o podemos negar o seu lado caipira, interiorano, simples, rural. E neste domingo, dia 18, acontece no Parque de Exposi\u00e7\u00f5es a 37\u00aa Feira Sertaneja. \u00c9 a express\u00e3o concreta de uma dessas m\u00faltiplas faces de Resende. E ser\u00e1 um domingo \u2018enfezado\u2019. Olha s\u00f3: seresteiros, violeiros, MPB, forr\u00f3 com Cezinha e Banda, artesanato, comidas t\u00edpicas, produtos rurais, brinquedos para crian\u00e7as e a\u00e7\u00f5es de cidadania com a participa\u00e7\u00e3o da Universidade de Barra Mansa, aferi\u00e7\u00e3o de press\u00e3o, medi\u00e7\u00e3o de glicose, etc. E no fim da tarde o tradicional \u2018bail\u00e3o\u2019. A feira vai das 9h \u00e0s 19h, com entrada franca.<\/p>\n<p style=\"text-align: justify;\"><strong>TRIPA<\/strong><br \/>\n* Hoje, dia 16, o deputado estadual Chico Alencar lan\u00e7a em Resende o seu livro \u2018A Rua, a Na\u00e7\u00e3o e o Sonho\u2019, na Livraria Resenbook, no Resende Shopping, \u00e0s 19h30 * Mas a grande atra\u00e7\u00e3o desta sexta-feira, em se tratando de pol\u00edtica, \u00e9 a presen\u00e7a do senador e pr\u00e9-candidato ao Governo do Estado pelo PT, Lindberg Farias, \u00e0s 19h na AEDB (Faculdades Dom Bosco) * Sintonize na Internet na \u2018resendetv.com\u2019 o document\u00e1rio feito Jo\u00e3o Saboia sobre a grava\u00e7\u00e3o do \u2018Hino a Resende\u2019 ocorrido semana passada, no teatro monumental da Aman, com a participa\u00e7\u00e3o da Banda da Academia e dos corais \u2018Resencanto\u2019 (formado por funcion\u00e1rios da Prefeitura) e \u2018Arte&amp;Emo\u00e7\u00e3o\u2019 (da Casa da Cultura), regidos pela maestrina Alile Cuoco. Neste s\u00e1bado, dia 17, o programa \u2018Rio Sul Revista\u2019, da TV Rio Sul, tamb\u00e9m exibe uma reportagem sobre a grava\u00e7\u00e3o do hino * O Gr\u00eamio Liter\u00e1rio de Resende promove amanh\u00e3, dia 17, uma reuni\u00e3o alusiva ao \u201813 de Maio\u2019 (aboli\u00e7\u00e3o da escravatura). Na ocasi\u00e3o ser\u00e1 divulgado o tema dos Jogos Florais de 2014. Como nos encontros anteriores, os homens levam refrigerantes e as mulheres salgadinhos. Local: Col\u00e9gio Jo\u00e3o Maia, \u00e0s 14h. \u00c9 mais uma do \u2018Preto Velho\u2019 Claudionor Rosa. * As Mem\u00f3rias Desordenadas voltam semana que vem. Agora em ordem alfab\u00e9tica.<\/p>\n<p style=\"text-align: justify;\"><strong>ANIVERS\u00c1RIOS<\/strong><br \/>\nQuem mudou de idade nessa ter\u00e7a-feira, dia 13 de maio, foi o Andr\u00e9 Whately. Comemorou com parentes e amigos. E foi uma del\u00edcia ouvir a prosa imperd\u00edvel do irm\u00e3o mais velho do Andr\u00e9, o Luiz Geraldo. Ali\u00e1s, prosa e verso. Show. Parab\u00e9ns e todas as felicidades do mundo a eles.<\/p>\n","protected":false},"excerpt":{"rendered":"<p>Resende, Cidade Aventura Que tal um festival de balonismo em Resende? Fant\u00e1stico, n\u00e3o? Pois \u00e9. Essa loucura maravilhosa j\u00e1 tem data: dias 8 e<\/p>\n","protected":false},"author":1,"featured_media":0,"comment_status":"open","ping_status":"open","sticky":false,"template":"","format":"standard","meta":{"pmpro_default_level":"","footnotes":""},"categories":[13],"tags":[],"class_list":["post-21571","post","type-post","status-publish","format-standard","hentry","category-social","pmpro-has-access"],"yoast_head":"<!-- This site is optimized with the Yoast SEO plugin v27.4 - https:\/\/yoast.com\/product\/yoast-seo-wordpress\/ -->\n<title>La\u00eds Amaral - JORNAL BEIRA RIO<\/title>\n<meta name=\"robots\" content=\"index, follow, max-snippet:-1, max-image-preview:large, max-video-preview:-1\" \/>\n<link rel=\"canonical\" href=\"https:\/\/jornalbeirario.com.br\/portal\/?p=21571\" \/>\n<meta property=\"og:locale\" content=\"pt_BR\" \/>\n<meta property=\"og:type\" content=\"article\" \/>\n<meta property=\"og:title\" content=\"La\u00eds Amaral - JORNAL BEIRA RIO\" \/>\n<meta property=\"og:description\" content=\"Resende, Cidade Aventura Que tal um festival de balonismo em Resende? Fant\u00e1stico, n\u00e3o? Pois \u00e9. Essa loucura maravilhosa j\u00e1 tem data: dias 8 e\" \/>\n<meta property=\"og:url\" content=\"https:\/\/jornalbeirario.com.br\/portal\/?p=21571\" \/>\n<meta property=\"og:site_name\" content=\"JORNAL BEIRA RIO\" \/>\n<meta property=\"article:published_time\" content=\"2014-05-16T12:29:35+00:00\" \/>\n<meta name=\"author\" content=\"Jornal BEIRA-RIO\" \/>\n<meta name=\"twitter:card\" content=\"summary_large_image\" \/>\n<meta name=\"twitter:label1\" content=\"Escrito por\" \/>\n\t<meta name=\"twitter:data1\" content=\"Jornal BEIRA-RIO\" \/>\n\t<meta name=\"twitter:label2\" content=\"Est. tempo de leitura\" \/>\n\t<meta name=\"twitter:data2\" content=\"4 minutos\" \/>\n<script type=\"application\/ld+json\" class=\"yoast-schema-graph\">{\"@context\":\"https:\\\/\\\/schema.org\",\"@graph\":[{\"@type\":\"Article\",\"@id\":\"https:\\\/\\\/jornalbeirario.com.br\\\/portal\\\/?p=21571#article\",\"isPartOf\":{\"@id\":\"https:\\\/\\\/jornalbeirario.com.br\\\/portal\\\/?p=21571\"},\"author\":{\"name\":\"Jornal BEIRA-RIO\",\"@id\":\"https:\\\/\\\/jornalbeirario.com.br\\\/portal\\\/#\\\/schema\\\/person\\\/c6c423e4c2465d2a9233f6539173e7c1\"},\"headline\":\"La\u00eds Amaral\",\"datePublished\":\"2014-05-16T12:29:35+00:00\",\"mainEntityOfPage\":{\"@id\":\"https:\\\/\\\/jornalbeirario.com.br\\\/portal\\\/?p=21571\"},\"wordCount\":706,\"commentCount\":0,\"publisher\":{\"@id\":\"https:\\\/\\\/jornalbeirario.com.br\\\/portal\\\/#organization\"},\"articleSection\":[\"Social\"],\"inLanguage\":\"pt-BR\",\"potentialAction\":[{\"@type\":\"CommentAction\",\"name\":\"Comment\",\"target\":[\"https:\\\/\\\/jornalbeirario.com.br\\\/portal\\\/?p=21571#respond\"]}]},{\"@type\":\"WebPage\",\"@id\":\"https:\\\/\\\/jornalbeirario.com.br\\\/portal\\\/?p=21571\",\"url\":\"https:\\\/\\\/jornalbeirario.com.br\\\/portal\\\/?p=21571\",\"name\":\"La\u00eds Amaral - JORNAL BEIRA RIO\",\"isPartOf\":{\"@id\":\"https:\\\/\\\/jornalbeirario.com.br\\\/portal\\\/#website\"},\"datePublished\":\"2014-05-16T12:29:35+00:00\",\"breadcrumb\":{\"@id\":\"https:\\\/\\\/jornalbeirario.com.br\\\/portal\\\/?p=21571#breadcrumb\"},\"inLanguage\":\"pt-BR\",\"potentialAction\":[{\"@type\":\"ReadAction\",\"target\":[\"https:\\\/\\\/jornalbeirario.com.br\\\/portal\\\/?p=21571\"]}]},{\"@type\":\"BreadcrumbList\",\"@id\":\"https:\\\/\\\/jornalbeirario.com.br\\\/portal\\\/?p=21571#breadcrumb\",\"itemListElement\":[{\"@type\":\"ListItem\",\"position\":1,\"name\":\"Home\",\"item\":\"https:\\\/\\\/jornalbeirario.com.br\\\/portal\"},{\"@type\":\"ListItem\",\"position\":2,\"name\":\"La\u00eds Amaral\"}]},{\"@type\":\"WebSite\",\"@id\":\"https:\\\/\\\/jornalbeirario.com.br\\\/portal\\\/#website\",\"url\":\"https:\\\/\\\/jornalbeirario.com.br\\\/portal\\\/\",\"name\":\"JORNAL BEIRA RIO\",\"description\":\"\",\"publisher\":{\"@id\":\"https:\\\/\\\/jornalbeirario.com.br\\\/portal\\\/#organization\"},\"potentialAction\":[{\"@type\":\"SearchAction\",\"target\":{\"@type\":\"EntryPoint\",\"urlTemplate\":\"https:\\\/\\\/jornalbeirario.com.br\\\/portal\\\/?s={search_term_string}\"},\"query-input\":{\"@type\":\"PropertyValueSpecification\",\"valueRequired\":true,\"valueName\":\"search_term_string\"}}],\"inLanguage\":\"pt-BR\"},{\"@type\":\"Organization\",\"@id\":\"https:\\\/\\\/jornalbeirario.com.br\\\/portal\\\/#organization\",\"name\":\"JORNAL BEIRA RIO\",\"url\":\"https:\\\/\\\/jornalbeirario.com.br\\\/portal\\\/\",\"logo\":{\"@type\":\"ImageObject\",\"inLanguage\":\"pt-BR\",\"@id\":\"https:\\\/\\\/jornalbeirario.com.br\\\/portal\\\/#\\\/schema\\\/logo\\\/image\\\/\",\"url\":\"https:\\\/\\\/jornalbeirario.com.br\\\/portal\\\/wp-content\\\/uploads\\\/2017\\\/09\\\/BEIRA-RIO_logo600.png\",\"contentUrl\":\"https:\\\/\\\/jornalbeirario.com.br\\\/portal\\\/wp-content\\\/uploads\\\/2017\\\/09\\\/BEIRA-RIO_logo600.png\",\"width\":650,\"height\":108,\"caption\":\"JORNAL BEIRA RIO\"},\"image\":{\"@id\":\"https:\\\/\\\/jornalbeirario.com.br\\\/portal\\\/#\\\/schema\\\/logo\\\/image\\\/\"}},{\"@type\":\"Person\",\"@id\":\"https:\\\/\\\/jornalbeirario.com.br\\\/portal\\\/#\\\/schema\\\/person\\\/c6c423e4c2465d2a9233f6539173e7c1\",\"name\":\"Jornal BEIRA-RIO\",\"image\":{\"@type\":\"ImageObject\",\"inLanguage\":\"pt-BR\",\"@id\":\"https:\\\/\\\/jornalbeirario.com.br\\\/portal\\\/wp-content\\\/uploads\\\/2023\\\/10\\\/logojbr1.jpg\",\"url\":\"https:\\\/\\\/jornalbeirario.com.br\\\/portal\\\/wp-content\\\/uploads\\\/2023\\\/10\\\/logojbr1.jpg\",\"contentUrl\":\"https:\\\/\\\/jornalbeirario.com.br\\\/portal\\\/wp-content\\\/uploads\\\/2023\\\/10\\\/logojbr1.jpg\",\"caption\":\"Jornal BEIRA-RIO\"},\"url\":\"https:\\\/\\\/jornalbeirario.com.br\\\/portal\\\/?author=1\"}]}<\/script>\n<!-- \/ Yoast SEO plugin. -->","yoast_head_json":{"title":"La\u00eds Amaral - JORNAL BEIRA RIO","robots":{"index":"index","follow":"follow","max-snippet":"max-snippet:-1","max-image-preview":"max-image-preview:large","max-video-preview":"max-video-preview:-1"},"canonical":"https:\/\/jornalbeirario.com.br\/portal\/?p=21571","og_locale":"pt_BR","og_type":"article","og_title":"La\u00eds Amaral - JORNAL BEIRA RIO","og_description":"Resende, Cidade Aventura Que tal um festival de balonismo em Resende? Fant\u00e1stico, n\u00e3o? Pois \u00e9. Essa loucura maravilhosa j\u00e1 tem data: dias 8 e","og_url":"https:\/\/jornalbeirario.com.br\/portal\/?p=21571","og_site_name":"JORNAL BEIRA RIO","article_published_time":"2014-05-16T12:29:35+00:00","author":"Jornal BEIRA-RIO","twitter_card":"summary_large_image","twitter_misc":{"Escrito por":"Jornal BEIRA-RIO","Est. tempo de leitura":"4 minutos"},"schema":{"@context":"https:\/\/schema.org","@graph":[{"@type":"Article","@id":"https:\/\/jornalbeirario.com.br\/portal\/?p=21571#article","isPartOf":{"@id":"https:\/\/jornalbeirario.com.br\/portal\/?p=21571"},"author":{"name":"Jornal BEIRA-RIO","@id":"https:\/\/jornalbeirario.com.br\/portal\/#\/schema\/person\/c6c423e4c2465d2a9233f6539173e7c1"},"headline":"La\u00eds Amaral","datePublished":"2014-05-16T12:29:35+00:00","mainEntityOfPage":{"@id":"https:\/\/jornalbeirario.com.br\/portal\/?p=21571"},"wordCount":706,"commentCount":0,"publisher":{"@id":"https:\/\/jornalbeirario.com.br\/portal\/#organization"},"articleSection":["Social"],"inLanguage":"pt-BR","potentialAction":[{"@type":"CommentAction","name":"Comment","target":["https:\/\/jornalbeirario.com.br\/portal\/?p=21571#respond"]}]},{"@type":"WebPage","@id":"https:\/\/jornalbeirario.com.br\/portal\/?p=21571","url":"https:\/\/jornalbeirario.com.br\/portal\/?p=21571","name":"La\u00eds Amaral - JORNAL BEIRA RIO","isPartOf":{"@id":"https:\/\/jornalbeirario.com.br\/portal\/#website"},"datePublished":"2014-05-16T12:29:35+00:00","breadcrumb":{"@id":"https:\/\/jornalbeirario.com.br\/portal\/?p=21571#breadcrumb"},"inLanguage":"pt-BR","potentialAction":[{"@type":"ReadAction","target":["https:\/\/jornalbeirario.com.br\/portal\/?p=21571"]}]},{"@type":"BreadcrumbList","@id":"https:\/\/jornalbeirario.com.br\/portal\/?p=21571#breadcrumb","itemListElement":[{"@type":"ListItem","position":1,"name":"Home","item":"https:\/\/jornalbeirario.com.br\/portal"},{"@type":"ListItem","position":2,"name":"La\u00eds Amaral"}]},{"@type":"WebSite","@id":"https:\/\/jornalbeirario.com.br\/portal\/#website","url":"https:\/\/jornalbeirario.com.br\/portal\/","name":"JORNAL BEIRA RIO","description":"","publisher":{"@id":"https:\/\/jornalbeirario.com.br\/portal\/#organization"},"potentialAction":[{"@type":"SearchAction","target":{"@type":"EntryPoint","urlTemplate":"https:\/\/jornalbeirario.com.br\/portal\/?s={search_term_string}"},"query-input":{"@type":"PropertyValueSpecification","valueRequired":true,"valueName":"search_term_string"}}],"inLanguage":"pt-BR"},{"@type":"Organization","@id":"https:\/\/jornalbeirario.com.br\/portal\/#organization","name":"JORNAL BEIRA RIO","url":"https:\/\/jornalbeirario.com.br\/portal\/","logo":{"@type":"ImageObject","inLanguage":"pt-BR","@id":"https:\/\/jornalbeirario.com.br\/portal\/#\/schema\/logo\/image\/","url":"https:\/\/jornalbeirario.com.br\/portal\/wp-content\/uploads\/2017\/09\/BEIRA-RIO_logo600.png","contentUrl":"https:\/\/jornalbeirario.com.br\/portal\/wp-content\/uploads\/2017\/09\/BEIRA-RIO_logo600.png","width":650,"height":108,"caption":"JORNAL BEIRA RIO"},"image":{"@id":"https:\/\/jornalbeirario.com.br\/portal\/#\/schema\/logo\/image\/"}},{"@type":"Person","@id":"https:\/\/jornalbeirario.com.br\/portal\/#\/schema\/person\/c6c423e4c2465d2a9233f6539173e7c1","name":"Jornal BEIRA-RIO","image":{"@type":"ImageObject","inLanguage":"pt-BR","@id":"https:\/\/jornalbeirario.com.br\/portal\/wp-content\/uploads\/2023\/10\/logojbr1.jpg","url":"https:\/\/jornalbeirario.com.br\/portal\/wp-content\/uploads\/2023\/10\/logojbr1.jpg","contentUrl":"https:\/\/jornalbeirario.com.br\/portal\/wp-content\/uploads\/2023\/10\/logojbr1.jpg","caption":"Jornal BEIRA-RIO"},"url":"https:\/\/jornalbeirario.com.br\/portal\/?author=1"}]}},"_links":{"self":[{"href":"https:\/\/jornalbeirario.com.br\/portal\/index.php?rest_route=\/wp\/v2\/posts\/21571","targetHints":{"allow":["GET"]}}],"collection":[{"href":"https:\/\/jornalbeirario.com.br\/portal\/index.php?rest_route=\/wp\/v2\/posts"}],"about":[{"href":"https:\/\/jornalbeirario.com.br\/portal\/index.php?rest_route=\/wp\/v2\/types\/post"}],"author":[{"embeddable":true,"href":"https:\/\/jornalbeirario.com.br\/portal\/index.php?rest_route=\/wp\/v2\/users\/1"}],"replies":[{"embeddable":true,"href":"https:\/\/jornalbeirario.com.br\/portal\/index.php?rest_route=%2Fwp%2Fv2%2Fcomments&post=21571"}],"version-history":[{"count":2,"href":"https:\/\/jornalbeirario.com.br\/portal\/index.php?rest_route=\/wp\/v2\/posts\/21571\/revisions"}],"predecessor-version":[{"id":21573,"href":"https:\/\/jornalbeirario.com.br\/portal\/index.php?rest_route=\/wp\/v2\/posts\/21571\/revisions\/21573"}],"wp:attachment":[{"href":"https:\/\/jornalbeirario.com.br\/portal\/index.php?rest_route=%2Fwp%2Fv2%2Fmedia&parent=21571"}],"wp:term":[{"taxonomy":"category","embeddable":true,"href":"https:\/\/jornalbeirario.com.br\/portal\/index.php?rest_route=%2Fwp%2Fv2%2Fcategories&post=21571"},{"taxonomy":"post_tag","embeddable":true,"href":"https:\/\/jornalbeirario.com.br\/portal\/index.php?rest_route=%2Fwp%2Fv2%2Ftags&post=21571"}],"curies":[{"name":"wp","href":"https:\/\/api.w.org\/{rel}","templated":true}]}}