
{"id":21436,"date":"2014-05-09T09:12:05","date_gmt":"2014-05-09T09:12:05","guid":{"rendered":"http:\/\/jornalbeirario.com.br\/portal\/portal\/?p=21436"},"modified":"2014-05-09T09:12:05","modified_gmt":"2014-05-09T09:12:05","slug":"lais-amaral-46","status":"publish","type":"post","link":"https:\/\/jornalbeirario.com.br\/portal\/?p=21436","title":{"rendered":"La\u00eds Amaral"},"content":{"rendered":"<p style=\"text-align: justify;\"><strong>Mem\u00f3rias desordenadas: \u201cQ\u201d de Quintana, M\u00e1rio Quintana<\/strong><br \/>\nO objetivo era iniciar por ordem alfab\u00e9tica, uma s\u00e9rie de breves relatos, frutos do of\u00edcio de rep\u00f3rter (ou n\u00e3o). Mas nessa segunda-feira, dia 5, fez 20 anos da morte do poeta M\u00e1rio Quintana. Come\u00e7o ent\u00e3o as mem\u00f3rias, desordenadamente, pelo \u2018Q\u2019. Depois do contato por telefone com a sobrinha e secret\u00e1ria do poeta, no dia marcado cheguei ao Hotel Royal, em Porto Alegre. Sem burocracias nem cerim\u00f4nias, logo estava no quarto dele, e mais, sentado em sua cama a ouvir sua prosa, meio encantado. Nas paredes, fotos grandes de sua musa, Bruna Lombardi. A moradia era uma cortesia do jogador de futebol, Falc\u00e3o, propriet\u00e1rio do hotel. O jornal que trabalhava \u2018quebrara\u2019 e Quintana, por n\u00e3o poder pagar o quarto, teve que deixar o Hotel Majestic onde vivera por mais de 10 anos. Tempos depois o mesmo Majestic seria transformado na Casa de Cultura M\u00e1rio Quintana. O poeta vinha ganhando seu sustento fazendo textos publicit\u00e1rios para uma \u00f3tica local. E ria por pagarem por aquelas ninharias. No papo solto, conta uma hist\u00f3ria deliciosa: para comemorar data c\u00edvica de sua cidade, Alegrete, pediram que escrevesse algo para uma placa de bronze. Ele recusou alegando que \u201cum equ\u00edvoco em bronze \u00e9 um equ\u00edvoco eterno\u201d. Resultado: colocaram a frase na placa. No final da nossa prosa, dei-lhe um livro meu com um poema em sua homenagem e ele retribui com um livro de trovas infantis para um filho. Como eu ainda n\u00e3o tinha, ele fez a dedicat\u00f3ria ao Felipe, ent\u00e3o meu \u00fanico sobrinho: \u201cAo Felipe, com carinho do M\u00e1rio Quintana\u201d. Os garranchos s\u00e3o hoje um trof\u00e9u que meu sobrinho, que j\u00e1 \u00e9 pai, guarda com orgulho. Drumonnd disse que a poesia de Quintana emociona e diverte. Eu acho isso tamb\u00e9m, e adoro. E fa\u00e7o de uma de suas tiradas, uma filosofia de vida: &#8220;Eu moro em mim mesmo. N\u00e3o faz mal que o quarto seja pequeno. \u00c9 bom, assim tenho menos lugares para perder as minhas coisas&#8221;. Quintana, poeta maior.<\/p>\n<p style=\"text-align: justify;\"><strong>Festa do 1\u00ba de Maio, sucesso! Mas n\u00e3o para todos<\/strong><br \/>\nDia 1\u00ba de Maio rolou mais uma festa dos servidores p\u00fablicos municipais de Resende no Parque de Exposi\u00e7\u00f5es. Na ocasi\u00e3o alguns vereadores e o prefeito falaram do projeto do novo estatuto enviado para a C\u00e2mara. Um avan\u00e7o, na opini\u00e3o de muitos. Durante a festa foram sorteados muitos brindes, entre os quais, um autom\u00f3vel para os servidores sindicalizados e uma mota para todos os servidores. Um amigo, servidor das antigas, que n\u00e3o foi \u00e0 festa, me confidenciou o motivo da aus\u00eancia: \u201co sindicato, al\u00e9m de n\u00e3o lutar pelos interesses dos servidores como deveria, ainda usa de discrimina\u00e7\u00e3o, quando limitou a participa\u00e7\u00e3o ao sorteio do carro. O carro foi comprado com recursos gerados pela contribui\u00e7\u00e3o sindical, ato compuls\u00f3rio a todos os trabalhadores, sejam eles sindicalizados ou n\u00e3o. Eles sorteiam um carro comprado com dinheiro que saiu tamb\u00e9m do meu bolso e eu, porque n\u00e3o sou sindicalizado, n\u00e3o tenho o direito de concorrer? Estou fora. N\u00e3o vou bater palma para maluco dan\u00e7ar\u201d, concluiu. Fica a\u00ed o feedback. PS: quem ganhou o carro foi um motorista veterano e o pr\u00eamio chegou muito em boa hora, segundo seus amigos. Parab\u00e9ns a ele.<\/p>\n<p style=\"text-align: justify;\"><strong>TRIPA<\/strong><br \/>\n* Come\u00e7ou ontem, dia 8, e segue at\u00e9 este domingo, dia 11, no teatro do \u2018Espa\u00e7o Z\u2019, a breve temporada do mais novo trabalho do Arthur Vinciprova, \u201cPor tr\u00e1s da Pele\u201d. Escrita e dirigida por ele, Vinciprova ainda divide o palco com a atriz M\u00f4nica Izidoro. \u00c9 a hist\u00f3ria de um jovem t\u00edmido que contrata os servi\u00e7os de uma prostituta decadente pelos classificados de um jornal. Promessa de surpresas no final. Classifica\u00e7\u00e3o 16 anos * \u00c9 neste final de semana (hoje, s\u00e1bado e domingo) a tradicional Festa do Pinh\u00e3o, hoje chamado de Festival do Pinh\u00e3o. A abertura da festa ser\u00e1 por volta das 19 horas, como sempre. \u00c0s 21 horas tem show com os violeiros da Associa\u00e7\u00e3o Cultural Sertanejos-Resende. \u00c0s 22h30min tem o grupo Moda Universit\u00e1ria e encerrando a noitada, J\u00f4 e Samuel. No s\u00e1bado \u00e0 tarde tem competi\u00e7\u00e3o h\u00edpica. A m\u00fasica come\u00e7a \u00e0s 20h30min com Mari Biolchini; \u00e0s 22h, Nino Grandi and the Blueking, \u00e0s 23h30min. Ph Trio, do Rafael Garrido e a uma da madruga, Barbra Zingler. No domingo a m\u00fasica come\u00e7a \u00e0s 13h com a Banda Gota Serena que volta \u00e0s 16h. \u00c0s 20 a dupla Marcus e Alessandro e encerrando \u00e0s 22h Tiago Oliveira. Boa festa pessoal * Depois de uma semana movimentada e produtiva em S\u00e3o Paulo, a nossa cantora do momento, Ive Seixas leva o seu \u2018Andorinha, S\u00f3\u2019 (voz, viol\u00e3o, chap\u00e9u no ch\u00e3o), para o Rio de Janeiro. A menina se apresenta nos dias 08 (19h &#8211; Gaia Art &amp; Caf\u00e9, Leme), 09 (22h &#8211; Caipirinha Appreciation Society | brazil beyond clich\u00e9s no CaipiHostel, Centro) e 10 (18h &#8211; AG\u00c1QU\u00caS 02: Super Mulheres! no Sobrado Boemia, Laranjeiras) * Depois de tr\u00eas rodadas, o So\u00e7aite Cinquent\u00e3o da AABB tem na lideran\u00e7a absoluta com tr\u00eas vit\u00f3rias o time da Turma da Pelada. N\u00e3o haver\u00e1 rodada neste domingo (Dia das M\u00e3es). No domingo dia 18 a rodada ter\u00e1 os seguintes jogos: Turma da Pelada x Capelinha (8h), Ipiranga x Itatiaia (10h) e Alambari x Brameiros (11h15min.) * e neste fim de semana mais uma grande vit\u00f3ria do Glorioso, o time que mais deu jogadores \u00e0 sele\u00e7\u00e3o brasileira em todos os tempos.<\/p>\n<p style=\"text-align: justify;\"><strong>ANIVERS\u00c1RIOS<\/strong><br \/>\nNo fim de semana uma turma amiga inaugurou idade nova. Dia 3, olha s\u00f3: Fernando Fran\u00e7a, a professora Helena Botelho, a Mery Helen, o Tiago Fuma\u00e7a, a Mabele Balieiro e a Luciaria Diniz. No dia 4, foi a vez das g\u00eameas Silvia M\u00f4nica e Cida Andrade, do Vagner Firmo e do Beto Oliveira mudarem de idade. Na ter\u00e7a, dia 6, quem soprou velinhas foi a minha neta querida, Isabela Coupe\u00ea e o \u2018Cruel\u2019, nosso amigo que mora em frente ao boteco do C\u00e9rgio. E na quarta, dia 7, o Rafael Sekine, amigo do Cruel na Pestalozzi. Parab\u00e9ns e todas as felicidades do mundo a eles.<\/p>\n","protected":false},"excerpt":{"rendered":"<p>Mem\u00f3rias desordenadas: \u201cQ\u201d de Quintana, M\u00e1rio Quintana O objetivo era iniciar por ordem alfab\u00e9tica, uma s\u00e9rie de breves relatos, frutos do of\u00edcio de rep\u00f3rter<\/p>\n","protected":false},"author":1,"featured_media":0,"comment_status":"open","ping_status":"open","sticky":false,"template":"","format":"standard","meta":{"pmpro_default_level":"","footnotes":""},"categories":[13],"tags":[],"class_list":["post-21436","post","type-post","status-publish","format-standard","hentry","category-social","pmpro-has-access"],"yoast_head":"<!-- This site is optimized with the Yoast SEO plugin v27.4 - https:\/\/yoast.com\/product\/yoast-seo-wordpress\/ -->\n<title>La\u00eds Amaral - JORNAL BEIRA RIO<\/title>\n<meta name=\"robots\" content=\"index, follow, max-snippet:-1, max-image-preview:large, max-video-preview:-1\" \/>\n<link rel=\"canonical\" href=\"https:\/\/jornalbeirario.com.br\/portal\/?p=21436\" \/>\n<meta property=\"og:locale\" content=\"pt_BR\" \/>\n<meta property=\"og:type\" content=\"article\" \/>\n<meta property=\"og:title\" content=\"La\u00eds Amaral - JORNAL BEIRA RIO\" \/>\n<meta property=\"og:description\" content=\"Mem\u00f3rias desordenadas: \u201cQ\u201d de Quintana, M\u00e1rio Quintana O objetivo era iniciar por ordem alfab\u00e9tica, uma s\u00e9rie de breves relatos, frutos do of\u00edcio de rep\u00f3rter\" \/>\n<meta property=\"og:url\" content=\"https:\/\/jornalbeirario.com.br\/portal\/?p=21436\" \/>\n<meta property=\"og:site_name\" content=\"JORNAL BEIRA RIO\" \/>\n<meta property=\"article:published_time\" content=\"2014-05-09T09:12:05+00:00\" \/>\n<meta name=\"author\" content=\"Jornal BEIRA-RIO\" \/>\n<meta name=\"twitter:card\" content=\"summary_large_image\" \/>\n<meta name=\"twitter:label1\" content=\"Escrito por\" \/>\n\t<meta name=\"twitter:data1\" content=\"Jornal BEIRA-RIO\" \/>\n\t<meta name=\"twitter:label2\" content=\"Est. tempo de leitura\" \/>\n\t<meta name=\"twitter:data2\" content=\"5 minutos\" \/>\n<script type=\"application\/ld+json\" class=\"yoast-schema-graph\">{\"@context\":\"https:\\\/\\\/schema.org\",\"@graph\":[{\"@type\":\"Article\",\"@id\":\"https:\\\/\\\/jornalbeirario.com.br\\\/portal\\\/?p=21436#article\",\"isPartOf\":{\"@id\":\"https:\\\/\\\/jornalbeirario.com.br\\\/portal\\\/?p=21436\"},\"author\":{\"name\":\"Jornal BEIRA-RIO\",\"@id\":\"https:\\\/\\\/jornalbeirario.com.br\\\/portal\\\/#\\\/schema\\\/person\\\/c6c423e4c2465d2a9233f6539173e7c1\"},\"headline\":\"La\u00eds Amaral\",\"datePublished\":\"2014-05-09T09:12:05+00:00\",\"mainEntityOfPage\":{\"@id\":\"https:\\\/\\\/jornalbeirario.com.br\\\/portal\\\/?p=21436\"},\"wordCount\":1063,\"commentCount\":0,\"publisher\":{\"@id\":\"https:\\\/\\\/jornalbeirario.com.br\\\/portal\\\/#organization\"},\"articleSection\":[\"Social\"],\"inLanguage\":\"pt-BR\",\"potentialAction\":[{\"@type\":\"CommentAction\",\"name\":\"Comment\",\"target\":[\"https:\\\/\\\/jornalbeirario.com.br\\\/portal\\\/?p=21436#respond\"]}]},{\"@type\":\"WebPage\",\"@id\":\"https:\\\/\\\/jornalbeirario.com.br\\\/portal\\\/?p=21436\",\"url\":\"https:\\\/\\\/jornalbeirario.com.br\\\/portal\\\/?p=21436\",\"name\":\"La\u00eds Amaral - JORNAL BEIRA RIO\",\"isPartOf\":{\"@id\":\"https:\\\/\\\/jornalbeirario.com.br\\\/portal\\\/#website\"},\"datePublished\":\"2014-05-09T09:12:05+00:00\",\"breadcrumb\":{\"@id\":\"https:\\\/\\\/jornalbeirario.com.br\\\/portal\\\/?p=21436#breadcrumb\"},\"inLanguage\":\"pt-BR\",\"potentialAction\":[{\"@type\":\"ReadAction\",\"target\":[\"https:\\\/\\\/jornalbeirario.com.br\\\/portal\\\/?p=21436\"]}]},{\"@type\":\"BreadcrumbList\",\"@id\":\"https:\\\/\\\/jornalbeirario.com.br\\\/portal\\\/?p=21436#breadcrumb\",\"itemListElement\":[{\"@type\":\"ListItem\",\"position\":1,\"name\":\"Home\",\"item\":\"https:\\\/\\\/jornalbeirario.com.br\\\/portal\"},{\"@type\":\"ListItem\",\"position\":2,\"name\":\"La\u00eds Amaral\"}]},{\"@type\":\"WebSite\",\"@id\":\"https:\\\/\\\/jornalbeirario.com.br\\\/portal\\\/#website\",\"url\":\"https:\\\/\\\/jornalbeirario.com.br\\\/portal\\\/\",\"name\":\"JORNAL BEIRA RIO\",\"description\":\"\",\"publisher\":{\"@id\":\"https:\\\/\\\/jornalbeirario.com.br\\\/portal\\\/#organization\"},\"potentialAction\":[{\"@type\":\"SearchAction\",\"target\":{\"@type\":\"EntryPoint\",\"urlTemplate\":\"https:\\\/\\\/jornalbeirario.com.br\\\/portal\\\/?s={search_term_string}\"},\"query-input\":{\"@type\":\"PropertyValueSpecification\",\"valueRequired\":true,\"valueName\":\"search_term_string\"}}],\"inLanguage\":\"pt-BR\"},{\"@type\":\"Organization\",\"@id\":\"https:\\\/\\\/jornalbeirario.com.br\\\/portal\\\/#organization\",\"name\":\"JORNAL BEIRA RIO\",\"url\":\"https:\\\/\\\/jornalbeirario.com.br\\\/portal\\\/\",\"logo\":{\"@type\":\"ImageObject\",\"inLanguage\":\"pt-BR\",\"@id\":\"https:\\\/\\\/jornalbeirario.com.br\\\/portal\\\/#\\\/schema\\\/logo\\\/image\\\/\",\"url\":\"https:\\\/\\\/jornalbeirario.com.br\\\/portal\\\/wp-content\\\/uploads\\\/2017\\\/09\\\/BEIRA-RIO_logo600.png\",\"contentUrl\":\"https:\\\/\\\/jornalbeirario.com.br\\\/portal\\\/wp-content\\\/uploads\\\/2017\\\/09\\\/BEIRA-RIO_logo600.png\",\"width\":650,\"height\":108,\"caption\":\"JORNAL BEIRA RIO\"},\"image\":{\"@id\":\"https:\\\/\\\/jornalbeirario.com.br\\\/portal\\\/#\\\/schema\\\/logo\\\/image\\\/\"}},{\"@type\":\"Person\",\"@id\":\"https:\\\/\\\/jornalbeirario.com.br\\\/portal\\\/#\\\/schema\\\/person\\\/c6c423e4c2465d2a9233f6539173e7c1\",\"name\":\"Jornal BEIRA-RIO\",\"image\":{\"@type\":\"ImageObject\",\"inLanguage\":\"pt-BR\",\"@id\":\"https:\\\/\\\/jornalbeirario.com.br\\\/portal\\\/wp-content\\\/uploads\\\/2023\\\/10\\\/logojbr1.jpg\",\"url\":\"https:\\\/\\\/jornalbeirario.com.br\\\/portal\\\/wp-content\\\/uploads\\\/2023\\\/10\\\/logojbr1.jpg\",\"contentUrl\":\"https:\\\/\\\/jornalbeirario.com.br\\\/portal\\\/wp-content\\\/uploads\\\/2023\\\/10\\\/logojbr1.jpg\",\"caption\":\"Jornal BEIRA-RIO\"},\"url\":\"https:\\\/\\\/jornalbeirario.com.br\\\/portal\\\/?author=1\"}]}<\/script>\n<!-- \/ Yoast SEO plugin. -->","yoast_head_json":{"title":"La\u00eds Amaral - JORNAL BEIRA RIO","robots":{"index":"index","follow":"follow","max-snippet":"max-snippet:-1","max-image-preview":"max-image-preview:large","max-video-preview":"max-video-preview:-1"},"canonical":"https:\/\/jornalbeirario.com.br\/portal\/?p=21436","og_locale":"pt_BR","og_type":"article","og_title":"La\u00eds Amaral - JORNAL BEIRA RIO","og_description":"Mem\u00f3rias desordenadas: \u201cQ\u201d de Quintana, M\u00e1rio Quintana O objetivo era iniciar por ordem alfab\u00e9tica, uma s\u00e9rie de breves relatos, frutos do of\u00edcio de rep\u00f3rter","og_url":"https:\/\/jornalbeirario.com.br\/portal\/?p=21436","og_site_name":"JORNAL BEIRA RIO","article_published_time":"2014-05-09T09:12:05+00:00","author":"Jornal BEIRA-RIO","twitter_card":"summary_large_image","twitter_misc":{"Escrito por":"Jornal BEIRA-RIO","Est. tempo de leitura":"5 minutos"},"schema":{"@context":"https:\/\/schema.org","@graph":[{"@type":"Article","@id":"https:\/\/jornalbeirario.com.br\/portal\/?p=21436#article","isPartOf":{"@id":"https:\/\/jornalbeirario.com.br\/portal\/?p=21436"},"author":{"name":"Jornal BEIRA-RIO","@id":"https:\/\/jornalbeirario.com.br\/portal\/#\/schema\/person\/c6c423e4c2465d2a9233f6539173e7c1"},"headline":"La\u00eds Amaral","datePublished":"2014-05-09T09:12:05+00:00","mainEntityOfPage":{"@id":"https:\/\/jornalbeirario.com.br\/portal\/?p=21436"},"wordCount":1063,"commentCount":0,"publisher":{"@id":"https:\/\/jornalbeirario.com.br\/portal\/#organization"},"articleSection":["Social"],"inLanguage":"pt-BR","potentialAction":[{"@type":"CommentAction","name":"Comment","target":["https:\/\/jornalbeirario.com.br\/portal\/?p=21436#respond"]}]},{"@type":"WebPage","@id":"https:\/\/jornalbeirario.com.br\/portal\/?p=21436","url":"https:\/\/jornalbeirario.com.br\/portal\/?p=21436","name":"La\u00eds Amaral - JORNAL BEIRA RIO","isPartOf":{"@id":"https:\/\/jornalbeirario.com.br\/portal\/#website"},"datePublished":"2014-05-09T09:12:05+00:00","breadcrumb":{"@id":"https:\/\/jornalbeirario.com.br\/portal\/?p=21436#breadcrumb"},"inLanguage":"pt-BR","potentialAction":[{"@type":"ReadAction","target":["https:\/\/jornalbeirario.com.br\/portal\/?p=21436"]}]},{"@type":"BreadcrumbList","@id":"https:\/\/jornalbeirario.com.br\/portal\/?p=21436#breadcrumb","itemListElement":[{"@type":"ListItem","position":1,"name":"Home","item":"https:\/\/jornalbeirario.com.br\/portal"},{"@type":"ListItem","position":2,"name":"La\u00eds Amaral"}]},{"@type":"WebSite","@id":"https:\/\/jornalbeirario.com.br\/portal\/#website","url":"https:\/\/jornalbeirario.com.br\/portal\/","name":"JORNAL BEIRA RIO","description":"","publisher":{"@id":"https:\/\/jornalbeirario.com.br\/portal\/#organization"},"potentialAction":[{"@type":"SearchAction","target":{"@type":"EntryPoint","urlTemplate":"https:\/\/jornalbeirario.com.br\/portal\/?s={search_term_string}"},"query-input":{"@type":"PropertyValueSpecification","valueRequired":true,"valueName":"search_term_string"}}],"inLanguage":"pt-BR"},{"@type":"Organization","@id":"https:\/\/jornalbeirario.com.br\/portal\/#organization","name":"JORNAL BEIRA RIO","url":"https:\/\/jornalbeirario.com.br\/portal\/","logo":{"@type":"ImageObject","inLanguage":"pt-BR","@id":"https:\/\/jornalbeirario.com.br\/portal\/#\/schema\/logo\/image\/","url":"https:\/\/jornalbeirario.com.br\/portal\/wp-content\/uploads\/2017\/09\/BEIRA-RIO_logo600.png","contentUrl":"https:\/\/jornalbeirario.com.br\/portal\/wp-content\/uploads\/2017\/09\/BEIRA-RIO_logo600.png","width":650,"height":108,"caption":"JORNAL BEIRA RIO"},"image":{"@id":"https:\/\/jornalbeirario.com.br\/portal\/#\/schema\/logo\/image\/"}},{"@type":"Person","@id":"https:\/\/jornalbeirario.com.br\/portal\/#\/schema\/person\/c6c423e4c2465d2a9233f6539173e7c1","name":"Jornal BEIRA-RIO","image":{"@type":"ImageObject","inLanguage":"pt-BR","@id":"https:\/\/jornalbeirario.com.br\/portal\/wp-content\/uploads\/2023\/10\/logojbr1.jpg","url":"https:\/\/jornalbeirario.com.br\/portal\/wp-content\/uploads\/2023\/10\/logojbr1.jpg","contentUrl":"https:\/\/jornalbeirario.com.br\/portal\/wp-content\/uploads\/2023\/10\/logojbr1.jpg","caption":"Jornal BEIRA-RIO"},"url":"https:\/\/jornalbeirario.com.br\/portal\/?author=1"}]}},"_links":{"self":[{"href":"https:\/\/jornalbeirario.com.br\/portal\/index.php?rest_route=\/wp\/v2\/posts\/21436","targetHints":{"allow":["GET"]}}],"collection":[{"href":"https:\/\/jornalbeirario.com.br\/portal\/index.php?rest_route=\/wp\/v2\/posts"}],"about":[{"href":"https:\/\/jornalbeirario.com.br\/portal\/index.php?rest_route=\/wp\/v2\/types\/post"}],"author":[{"embeddable":true,"href":"https:\/\/jornalbeirario.com.br\/portal\/index.php?rest_route=\/wp\/v2\/users\/1"}],"replies":[{"embeddable":true,"href":"https:\/\/jornalbeirario.com.br\/portal\/index.php?rest_route=%2Fwp%2Fv2%2Fcomments&post=21436"}],"version-history":[{"count":3,"href":"https:\/\/jornalbeirario.com.br\/portal\/index.php?rest_route=\/wp\/v2\/posts\/21436\/revisions"}],"predecessor-version":[{"id":21474,"href":"https:\/\/jornalbeirario.com.br\/portal\/index.php?rest_route=\/wp\/v2\/posts\/21436\/revisions\/21474"}],"wp:attachment":[{"href":"https:\/\/jornalbeirario.com.br\/portal\/index.php?rest_route=%2Fwp%2Fv2%2Fmedia&parent=21436"}],"wp:term":[{"taxonomy":"category","embeddable":true,"href":"https:\/\/jornalbeirario.com.br\/portal\/index.php?rest_route=%2Fwp%2Fv2%2Fcategories&post=21436"},{"taxonomy":"post_tag","embeddable":true,"href":"https:\/\/jornalbeirario.com.br\/portal\/index.php?rest_route=%2Fwp%2Fv2%2Ftags&post=21436"}],"curies":[{"name":"wp","href":"https:\/\/api.w.org\/{rel}","templated":true}]}}