
{"id":21347,"date":"2014-05-02T03:57:12","date_gmt":"2014-05-02T03:57:12","guid":{"rendered":"http:\/\/jornalbeirario.com.br\/portal\/portal\/?p=21347"},"modified":"2014-05-02T03:57:12","modified_gmt":"2014-05-02T03:57:12","slug":"campanha-em-prol-de-alergicos-a-alimentos","status":"publish","type":"post","link":"https:\/\/jornalbeirario.com.br\/portal\/?p=21347","title":{"rendered":"Campanha em prol de al\u00e9rgicos a alimentos"},"content":{"rendered":"<figure id=\"attachment_21310\" aria-describedby=\"caption-attachment-21310\" style=\"width: 300px\" class=\"wp-caption alignleft\"><a href=\"https:\/\/jornalbeirario.com.br\/portal\/wp-content\/uploads\/2014\/05\/poenorotulo1.jpg\"><img loading=\"lazy\" decoding=\"async\" class=\"size-medium wp-image-21310\" title=\"poenorotulo1\" src=\"https:\/\/jornalbeirario.com.br\/portal\/wp-content\/uploads\/2014\/05\/poenorotulo1-300x225.jpg\" alt=\"\" width=\"300\" height=\"225\" srcset=\"https:\/\/jornalbeirario.com.br\/portal\/wp-content\/uploads\/2014\/05\/poenorotulo1-300x225.jpg 300w, https:\/\/jornalbeirario.com.br\/portal\/wp-content\/uploads\/2014\/05\/poenorotulo1.jpg 640w\" sizes=\"auto, (max-width: 300px) 100vw, 300px\" \/><\/a><figcaption id=\"caption-attachment-21310\" class=\"wp-caption-text\">Zico aderiu \u00e0 campanha que tamb\u00e9m tem atra\u00eddo muitos famosos<\/figcaption><\/figure>\n<p style=\"text-align: justify;\">Alergia alimentar \u00e9 coisa s\u00e9ria e pode matar. A incid\u00eancia na popula\u00e7\u00e3o \u00e9 significativa: 8% das crian\u00e7as e entre 3% e 5% dos adultos possuem alguma intoler\u00e2ncia a alimentos. Fam\u00edlias se unem em campanha na internet e pedem o apoio da popula\u00e7\u00e3o n\u00e3o al\u00e9rgica para transformar em lei a obrigatoriedade de r\u00f3tulos claros e de f\u00e1cil entendimento.<\/p>\n<p style=\"text-align: justify;\">A pedagoga Marcela Bracarense, 33 anos, passou a noite de 31 de dezembro de 2011 ao lado do ber\u00e7o do filho. Ela tinha medo que Augusto, na \u00e9poca com 1 ano e tr\u00eas meses, parasse de respirar e morresse. \u201cEle j\u00e1 tinha ido ao hospital e estava medicado h\u00e1 tr\u00eas dias com antibi\u00f3tico. Os m\u00e9dicos disseram que n\u00e3o tinha o que ser feito, que ter\u00edamos que aguardar a medica\u00e7\u00e3o fazer efeito e fomos para casa\u201d, recorda-se. O diagn\u00f3stico era sinusite, faringite e laringite. \u201cEle dormia e parava de respirar. Eu o acordava e dizia: \u2018respira, Augusto, respira\u2019. Ele dormia mais um pouquinho, parava de respirar de novo e eu l\u00e1, massageando e pedindo para ele respirar. Naquela noite eu decidi que descobriria o que ele tinha\u201d, afirma.<\/p>\n<p style=\"text-align: justify;\">E assim foi feito. No dia 1\u00ba de janeiro de 2012, ap\u00f3s uma pesquisa na internet, Marcela se convenceu que o filho tinha tido uma rea\u00e7\u00e3o al\u00e9rgica. O r\u00e9veillon daquele ano caiu em um final de semana e a m\u00e3e s\u00f3 conseguiria um m\u00e9dico na segunda-feira. Apreensiva, recebeu uma doa\u00e7\u00e3o de uma f\u00f3rmula alimentar de amino\u00e1cidos livres indicada para alergias severas. \u201cEu tinha que fazer alguma coisa por ele\u201d, desabafa. A pedagoga conta que, tr\u00eas dias depois, o filho era outra crian\u00e7a. \u201cEle passou a dormir sem crises de apneia, sem roncar. Comecei a conhecer meu filho de outra forma. Troquei de gastropediatra e tamb\u00e9m de pediatra e fui acolhida por uma m\u00e9dica que abra\u00e7ou a minha tentativa de buscar esse diagn\u00f3stico de alergia alimentar\u201d, recorda-se.<\/p>\n<p style=\"text-align: justify;\"><em>Fotos: Divulga\u00e7\u00e3o<\/em><\/p>\n<p style=\"text-align: justify;\"><em>Saiba mais sobre a luta dessa e de outras m\u00e3es pela inclus\u00e3o de informa\u00e7\u00f5es nos r\u00f3tulos dos produtos. Assine o jornal <strong>BEIRA-RIO<\/strong>.<\/em><\/p>\n","protected":false},"excerpt":{"rendered":"<p>Alergia alimentar \u00e9 coisa s\u00e9ria e pode matar. A incid\u00eancia na popula\u00e7\u00e3o \u00e9 significativa: 8% das crian\u00e7as e entre 3% e 5% dos adultos<\/p>\n","protected":false},"author":1,"featured_media":21311,"comment_status":"open","ping_status":"open","sticky":false,"template":"","format":"standard","meta":{"pmpro_default_level":"","footnotes":""},"categories":[18],"tags":[],"class_list":["post-21347","post","type-post","status-publish","format-standard","has-post-thumbnail","hentry","category-saude","pmpro-has-access"],"yoast_head":"<!-- This site is optimized with the Yoast SEO plugin v27.4 - https:\/\/yoast.com\/product\/yoast-seo-wordpress\/ -->\n<title>Campanha em prol de al\u00e9rgicos a alimentos - JORNAL BEIRA RIO<\/title>\n<meta name=\"robots\" content=\"index, follow, max-snippet:-1, max-image-preview:large, max-video-preview:-1\" \/>\n<link rel=\"canonical\" href=\"https:\/\/jornalbeirario.com.br\/portal\/?p=21347\" \/>\n<meta property=\"og:locale\" content=\"pt_BR\" \/>\n<meta property=\"og:type\" content=\"article\" \/>\n<meta property=\"og:title\" content=\"Campanha em prol de al\u00e9rgicos a alimentos - JORNAL BEIRA RIO\" \/>\n<meta property=\"og:description\" content=\"Alergia alimentar \u00e9 coisa s\u00e9ria e pode matar. A incid\u00eancia na popula\u00e7\u00e3o \u00e9 significativa: 8% das crian\u00e7as e entre 3% e 5% dos adultos\" \/>\n<meta property=\"og:url\" content=\"https:\/\/jornalbeirario.com.br\/portal\/?p=21347\" \/>\n<meta property=\"og:site_name\" content=\"JORNAL BEIRA RIO\" \/>\n<meta property=\"article:published_time\" content=\"2014-05-02T03:57:12+00:00\" \/>\n<meta property=\"og:image\" content=\"https:\/\/jornalbeirario.com.br\/portal\/wp-content\/uploads\/2014\/05\/poenorotulo2.jpg\" \/>\n\t<meta property=\"og:image:width\" content=\"640\" \/>\n\t<meta property=\"og:image:height\" content=\"480\" \/>\n\t<meta property=\"og:image:type\" content=\"image\/jpeg\" \/>\n<meta name=\"author\" content=\"Jornal BEIRA-RIO\" \/>\n<meta name=\"twitter:card\" content=\"summary_large_image\" \/>\n<meta name=\"twitter:label1\" content=\"Escrito por\" \/>\n\t<meta name=\"twitter:data1\" content=\"Jornal BEIRA-RIO\" \/>\n\t<meta name=\"twitter:label2\" content=\"Est. tempo de leitura\" \/>\n\t<meta name=\"twitter:data2\" content=\"2 minutos\" \/>\n<script type=\"application\/ld+json\" class=\"yoast-schema-graph\">{\"@context\":\"https:\\\/\\\/schema.org\",\"@graph\":[{\"@type\":\"Article\",\"@id\":\"https:\\\/\\\/jornalbeirario.com.br\\\/portal\\\/?p=21347#article\",\"isPartOf\":{\"@id\":\"https:\\\/\\\/jornalbeirario.com.br\\\/portal\\\/?p=21347\"},\"author\":{\"name\":\"Jornal BEIRA-RIO\",\"@id\":\"https:\\\/\\\/jornalbeirario.com.br\\\/portal\\\/#\\\/schema\\\/person\\\/c6c423e4c2465d2a9233f6539173e7c1\"},\"headline\":\"Campanha em prol de al\u00e9rgicos a alimentos\",\"datePublished\":\"2014-05-02T03:57:12+00:00\",\"mainEntityOfPage\":{\"@id\":\"https:\\\/\\\/jornalbeirario.com.br\\\/portal\\\/?p=21347\"},\"wordCount\":390,\"commentCount\":0,\"publisher\":{\"@id\":\"https:\\\/\\\/jornalbeirario.com.br\\\/portal\\\/#organization\"},\"image\":{\"@id\":\"https:\\\/\\\/jornalbeirario.com.br\\\/portal\\\/?p=21347#primaryimage\"},\"thumbnailUrl\":\"https:\\\/\\\/jornalbeirario.com.br\\\/portal\\\/wp-content\\\/uploads\\\/2014\\\/05\\\/poenorotulo2.jpg\",\"articleSection\":[\"Sa\u00fade\"],\"inLanguage\":\"pt-BR\",\"potentialAction\":[{\"@type\":\"CommentAction\",\"name\":\"Comment\",\"target\":[\"https:\\\/\\\/jornalbeirario.com.br\\\/portal\\\/?p=21347#respond\"]}]},{\"@type\":\"WebPage\",\"@id\":\"https:\\\/\\\/jornalbeirario.com.br\\\/portal\\\/?p=21347\",\"url\":\"https:\\\/\\\/jornalbeirario.com.br\\\/portal\\\/?p=21347\",\"name\":\"Campanha em prol de al\u00e9rgicos a alimentos - JORNAL BEIRA RIO\",\"isPartOf\":{\"@id\":\"https:\\\/\\\/jornalbeirario.com.br\\\/portal\\\/#website\"},\"primaryImageOfPage\":{\"@id\":\"https:\\\/\\\/jornalbeirario.com.br\\\/portal\\\/?p=21347#primaryimage\"},\"image\":{\"@id\":\"https:\\\/\\\/jornalbeirario.com.br\\\/portal\\\/?p=21347#primaryimage\"},\"thumbnailUrl\":\"https:\\\/\\\/jornalbeirario.com.br\\\/portal\\\/wp-content\\\/uploads\\\/2014\\\/05\\\/poenorotulo2.jpg\",\"datePublished\":\"2014-05-02T03:57:12+00:00\",\"breadcrumb\":{\"@id\":\"https:\\\/\\\/jornalbeirario.com.br\\\/portal\\\/?p=21347#breadcrumb\"},\"inLanguage\":\"pt-BR\",\"potentialAction\":[{\"@type\":\"ReadAction\",\"target\":[\"https:\\\/\\\/jornalbeirario.com.br\\\/portal\\\/?p=21347\"]}]},{\"@type\":\"ImageObject\",\"inLanguage\":\"pt-BR\",\"@id\":\"https:\\\/\\\/jornalbeirario.com.br\\\/portal\\\/?p=21347#primaryimage\",\"url\":\"https:\\\/\\\/jornalbeirario.com.br\\\/portal\\\/wp-content\\\/uploads\\\/2014\\\/05\\\/poenorotulo2.jpg\",\"contentUrl\":\"https:\\\/\\\/jornalbeirario.com.br\\\/portal\\\/wp-content\\\/uploads\\\/2014\\\/05\\\/poenorotulo2.jpg\",\"width\":\"640\",\"height\":\"480\"},{\"@type\":\"BreadcrumbList\",\"@id\":\"https:\\\/\\\/jornalbeirario.com.br\\\/portal\\\/?p=21347#breadcrumb\",\"itemListElement\":[{\"@type\":\"ListItem\",\"position\":1,\"name\":\"Home\",\"item\":\"https:\\\/\\\/jornalbeirario.com.br\\\/portal\"},{\"@type\":\"ListItem\",\"position\":2,\"name\":\"Campanha em prol de al\u00e9rgicos a alimentos\"}]},{\"@type\":\"WebSite\",\"@id\":\"https:\\\/\\\/jornalbeirario.com.br\\\/portal\\\/#website\",\"url\":\"https:\\\/\\\/jornalbeirario.com.br\\\/portal\\\/\",\"name\":\"JORNAL BEIRA RIO\",\"description\":\"\",\"publisher\":{\"@id\":\"https:\\\/\\\/jornalbeirario.com.br\\\/portal\\\/#organization\"},\"potentialAction\":[{\"@type\":\"SearchAction\",\"target\":{\"@type\":\"EntryPoint\",\"urlTemplate\":\"https:\\\/\\\/jornalbeirario.com.br\\\/portal\\\/?s={search_term_string}\"},\"query-input\":{\"@type\":\"PropertyValueSpecification\",\"valueRequired\":true,\"valueName\":\"search_term_string\"}}],\"inLanguage\":\"pt-BR\"},{\"@type\":\"Organization\",\"@id\":\"https:\\\/\\\/jornalbeirario.com.br\\\/portal\\\/#organization\",\"name\":\"JORNAL BEIRA RIO\",\"url\":\"https:\\\/\\\/jornalbeirario.com.br\\\/portal\\\/\",\"logo\":{\"@type\":\"ImageObject\",\"inLanguage\":\"pt-BR\",\"@id\":\"https:\\\/\\\/jornalbeirario.com.br\\\/portal\\\/#\\\/schema\\\/logo\\\/image\\\/\",\"url\":\"https:\\\/\\\/jornalbeirario.com.br\\\/portal\\\/wp-content\\\/uploads\\\/2017\\\/09\\\/BEIRA-RIO_logo600.png\",\"contentUrl\":\"https:\\\/\\\/jornalbeirario.com.br\\\/portal\\\/wp-content\\\/uploads\\\/2017\\\/09\\\/BEIRA-RIO_logo600.png\",\"width\":650,\"height\":108,\"caption\":\"JORNAL BEIRA RIO\"},\"image\":{\"@id\":\"https:\\\/\\\/jornalbeirario.com.br\\\/portal\\\/#\\\/schema\\\/logo\\\/image\\\/\"}},{\"@type\":\"Person\",\"@id\":\"https:\\\/\\\/jornalbeirario.com.br\\\/portal\\\/#\\\/schema\\\/person\\\/c6c423e4c2465d2a9233f6539173e7c1\",\"name\":\"Jornal BEIRA-RIO\",\"image\":{\"@type\":\"ImageObject\",\"inLanguage\":\"pt-BR\",\"@id\":\"https:\\\/\\\/jornalbeirario.com.br\\\/portal\\\/wp-content\\\/uploads\\\/2023\\\/10\\\/logojbr1.jpg\",\"url\":\"https:\\\/\\\/jornalbeirario.com.br\\\/portal\\\/wp-content\\\/uploads\\\/2023\\\/10\\\/logojbr1.jpg\",\"contentUrl\":\"https:\\\/\\\/jornalbeirario.com.br\\\/portal\\\/wp-content\\\/uploads\\\/2023\\\/10\\\/logojbr1.jpg\",\"caption\":\"Jornal BEIRA-RIO\"},\"url\":\"https:\\\/\\\/jornalbeirario.com.br\\\/portal\\\/?author=1\"}]}<\/script>\n<!-- \/ Yoast SEO plugin. -->","yoast_head_json":{"title":"Campanha em prol de al\u00e9rgicos a alimentos - JORNAL BEIRA RIO","robots":{"index":"index","follow":"follow","max-snippet":"max-snippet:-1","max-image-preview":"max-image-preview:large","max-video-preview":"max-video-preview:-1"},"canonical":"https:\/\/jornalbeirario.com.br\/portal\/?p=21347","og_locale":"pt_BR","og_type":"article","og_title":"Campanha em prol de al\u00e9rgicos a alimentos - JORNAL BEIRA RIO","og_description":"Alergia alimentar \u00e9 coisa s\u00e9ria e pode matar. A incid\u00eancia na popula\u00e7\u00e3o \u00e9 significativa: 8% das crian\u00e7as e entre 3% e 5% dos adultos","og_url":"https:\/\/jornalbeirario.com.br\/portal\/?p=21347","og_site_name":"JORNAL BEIRA RIO","article_published_time":"2014-05-02T03:57:12+00:00","og_image":[{"width":640,"height":480,"url":"https:\/\/jornalbeirario.com.br\/portal\/wp-content\/uploads\/2014\/05\/poenorotulo2.jpg","type":"image\/jpeg"}],"author":"Jornal BEIRA-RIO","twitter_card":"summary_large_image","twitter_misc":{"Escrito por":"Jornal BEIRA-RIO","Est. tempo de leitura":"2 minutos"},"schema":{"@context":"https:\/\/schema.org","@graph":[{"@type":"Article","@id":"https:\/\/jornalbeirario.com.br\/portal\/?p=21347#article","isPartOf":{"@id":"https:\/\/jornalbeirario.com.br\/portal\/?p=21347"},"author":{"name":"Jornal BEIRA-RIO","@id":"https:\/\/jornalbeirario.com.br\/portal\/#\/schema\/person\/c6c423e4c2465d2a9233f6539173e7c1"},"headline":"Campanha em prol de al\u00e9rgicos a alimentos","datePublished":"2014-05-02T03:57:12+00:00","mainEntityOfPage":{"@id":"https:\/\/jornalbeirario.com.br\/portal\/?p=21347"},"wordCount":390,"commentCount":0,"publisher":{"@id":"https:\/\/jornalbeirario.com.br\/portal\/#organization"},"image":{"@id":"https:\/\/jornalbeirario.com.br\/portal\/?p=21347#primaryimage"},"thumbnailUrl":"https:\/\/jornalbeirario.com.br\/portal\/wp-content\/uploads\/2014\/05\/poenorotulo2.jpg","articleSection":["Sa\u00fade"],"inLanguage":"pt-BR","potentialAction":[{"@type":"CommentAction","name":"Comment","target":["https:\/\/jornalbeirario.com.br\/portal\/?p=21347#respond"]}]},{"@type":"WebPage","@id":"https:\/\/jornalbeirario.com.br\/portal\/?p=21347","url":"https:\/\/jornalbeirario.com.br\/portal\/?p=21347","name":"Campanha em prol de al\u00e9rgicos a alimentos - JORNAL BEIRA RIO","isPartOf":{"@id":"https:\/\/jornalbeirario.com.br\/portal\/#website"},"primaryImageOfPage":{"@id":"https:\/\/jornalbeirario.com.br\/portal\/?p=21347#primaryimage"},"image":{"@id":"https:\/\/jornalbeirario.com.br\/portal\/?p=21347#primaryimage"},"thumbnailUrl":"https:\/\/jornalbeirario.com.br\/portal\/wp-content\/uploads\/2014\/05\/poenorotulo2.jpg","datePublished":"2014-05-02T03:57:12+00:00","breadcrumb":{"@id":"https:\/\/jornalbeirario.com.br\/portal\/?p=21347#breadcrumb"},"inLanguage":"pt-BR","potentialAction":[{"@type":"ReadAction","target":["https:\/\/jornalbeirario.com.br\/portal\/?p=21347"]}]},{"@type":"ImageObject","inLanguage":"pt-BR","@id":"https:\/\/jornalbeirario.com.br\/portal\/?p=21347#primaryimage","url":"https:\/\/jornalbeirario.com.br\/portal\/wp-content\/uploads\/2014\/05\/poenorotulo2.jpg","contentUrl":"https:\/\/jornalbeirario.com.br\/portal\/wp-content\/uploads\/2014\/05\/poenorotulo2.jpg","width":"640","height":"480"},{"@type":"BreadcrumbList","@id":"https:\/\/jornalbeirario.com.br\/portal\/?p=21347#breadcrumb","itemListElement":[{"@type":"ListItem","position":1,"name":"Home","item":"https:\/\/jornalbeirario.com.br\/portal"},{"@type":"ListItem","position":2,"name":"Campanha em prol de al\u00e9rgicos a alimentos"}]},{"@type":"WebSite","@id":"https:\/\/jornalbeirario.com.br\/portal\/#website","url":"https:\/\/jornalbeirario.com.br\/portal\/","name":"JORNAL BEIRA RIO","description":"","publisher":{"@id":"https:\/\/jornalbeirario.com.br\/portal\/#organization"},"potentialAction":[{"@type":"SearchAction","target":{"@type":"EntryPoint","urlTemplate":"https:\/\/jornalbeirario.com.br\/portal\/?s={search_term_string}"},"query-input":{"@type":"PropertyValueSpecification","valueRequired":true,"valueName":"search_term_string"}}],"inLanguage":"pt-BR"},{"@type":"Organization","@id":"https:\/\/jornalbeirario.com.br\/portal\/#organization","name":"JORNAL BEIRA RIO","url":"https:\/\/jornalbeirario.com.br\/portal\/","logo":{"@type":"ImageObject","inLanguage":"pt-BR","@id":"https:\/\/jornalbeirario.com.br\/portal\/#\/schema\/logo\/image\/","url":"https:\/\/jornalbeirario.com.br\/portal\/wp-content\/uploads\/2017\/09\/BEIRA-RIO_logo600.png","contentUrl":"https:\/\/jornalbeirario.com.br\/portal\/wp-content\/uploads\/2017\/09\/BEIRA-RIO_logo600.png","width":650,"height":108,"caption":"JORNAL BEIRA RIO"},"image":{"@id":"https:\/\/jornalbeirario.com.br\/portal\/#\/schema\/logo\/image\/"}},{"@type":"Person","@id":"https:\/\/jornalbeirario.com.br\/portal\/#\/schema\/person\/c6c423e4c2465d2a9233f6539173e7c1","name":"Jornal BEIRA-RIO","image":{"@type":"ImageObject","inLanguage":"pt-BR","@id":"https:\/\/jornalbeirario.com.br\/portal\/wp-content\/uploads\/2023\/10\/logojbr1.jpg","url":"https:\/\/jornalbeirario.com.br\/portal\/wp-content\/uploads\/2023\/10\/logojbr1.jpg","contentUrl":"https:\/\/jornalbeirario.com.br\/portal\/wp-content\/uploads\/2023\/10\/logojbr1.jpg","caption":"Jornal BEIRA-RIO"},"url":"https:\/\/jornalbeirario.com.br\/portal\/?author=1"}]}},"_links":{"self":[{"href":"https:\/\/jornalbeirario.com.br\/portal\/index.php?rest_route=\/wp\/v2\/posts\/21347","targetHints":{"allow":["GET"]}}],"collection":[{"href":"https:\/\/jornalbeirario.com.br\/portal\/index.php?rest_route=\/wp\/v2\/posts"}],"about":[{"href":"https:\/\/jornalbeirario.com.br\/portal\/index.php?rest_route=\/wp\/v2\/types\/post"}],"author":[{"embeddable":true,"href":"https:\/\/jornalbeirario.com.br\/portal\/index.php?rest_route=\/wp\/v2\/users\/1"}],"replies":[{"embeddable":true,"href":"https:\/\/jornalbeirario.com.br\/portal\/index.php?rest_route=%2Fwp%2Fv2%2Fcomments&post=21347"}],"version-history":[{"count":2,"href":"https:\/\/jornalbeirario.com.br\/portal\/index.php?rest_route=\/wp\/v2\/posts\/21347\/revisions"}],"predecessor-version":[{"id":21364,"href":"https:\/\/jornalbeirario.com.br\/portal\/index.php?rest_route=\/wp\/v2\/posts\/21347\/revisions\/21364"}],"wp:featuredmedia":[{"embeddable":true,"href":"https:\/\/jornalbeirario.com.br\/portal\/index.php?rest_route=\/wp\/v2\/media\/21311"}],"wp:attachment":[{"href":"https:\/\/jornalbeirario.com.br\/portal\/index.php?rest_route=%2Fwp%2Fv2%2Fmedia&parent=21347"}],"wp:term":[{"taxonomy":"category","embeddable":true,"href":"https:\/\/jornalbeirario.com.br\/portal\/index.php?rest_route=%2Fwp%2Fv2%2Fcategories&post=21347"},{"taxonomy":"post_tag","embeddable":true,"href":"https:\/\/jornalbeirario.com.br\/portal\/index.php?rest_route=%2Fwp%2Fv2%2Ftags&post=21347"}],"curies":[{"name":"wp","href":"https:\/\/api.w.org\/{rel}","templated":true}]}}