
{"id":21195,"date":"2014-04-25T09:21:59","date_gmt":"2014-04-25T09:21:59","guid":{"rendered":"http:\/\/jornalbeirario.com.br\/portal\/portal\/?p=21195"},"modified":"2014-04-25T09:21:59","modified_gmt":"2014-04-25T09:21:59","slug":"lais-amaral-44","status":"publish","type":"post","link":"https:\/\/jornalbeirario.com.br\/portal\/?p=21195","title":{"rendered":"La\u00eds Amaral"},"content":{"rendered":"<p style=\"text-align: justify;\"><strong>Guido de Castro, um forte<\/strong><br \/>\nMeu parceiro de m\u00fasica e amigo Guido de Castro, morador de Quatis, como bom nordestino \u00e9, acima de tudo, um forte. Um verdadeiro militante da cultura brasileira. Se n\u00e3o bastasse entre tantas empreitadas, ter conquistado um \u2018Ponto de Cultura\u2019 junto ao MinC para fomentar manifesta\u00e7\u00f5es culturais na tradicional \u2018Feira da Ro\u00e7a\u2019 naquele munic\u00edpio, ainda mant\u00e9m \u00e0s suas pr\u00f3prias custas, o \u2018Recanto 21\u2019 um espa\u00e7o destinado \u00e0s artes, com predomin\u00e2ncia da m\u00fasica. Na Sexta-feira Santa passada, o bom p\u00fablico que l\u00e1 compareceu pode se deliciar com a \u00f3tima m\u00fasica do grupo \u2018Zangareio\u2019, de Angra dos Reis. O grupo formado pelos \u00f3timos PC Castilho, F\u00e1bio Iarede, Carlos Rabha e Paulinho S\u00e3o Gon\u00e7alo contou com as participa\u00e7\u00f5es especiais de Marc\u00edlio Figueir\u00f3, J\u00falio Morgado e Fernando Grande. Todos conhecidos e este \u00faltimo um velho amigo dos tempos em que vivi em Angra. Eles vieram a convite do ex-prefeito e poeta, Alfredo de Oliveira, outra \u2018figura\u00e7a\u2019. Foi um dos melhores momentos musicais que convivi nos \u00faltimos tempos por aqui. O Zangareio \u00e9 de encher as medidas. E qual n\u00e3o foi a surpresa de ao chegar no Recanto deparar com uma obra de amplia\u00e7\u00e3o do pr\u00e9dio e depois ficar sabendo que o Guido est\u00e1 construindo ali, um teatro com capacidade para duzentas pessoas! Como PC Castilho e outros membros do Zangareio destacaram, o Guido, pela sua coragem e desprendimento merece todo o nosso respeito e aplauso. Assino embaixo com entusiasmo. PS: Guido est\u00e1 lan\u00e7ando o CD \u2018Andante\u2019, muito bom, mas isso \u00e9 assunto para outro dia.<\/p>\n<p style=\"text-align: justify;\"><strong>Com um barulho desses, durma-se!<\/strong><br \/>\nAlguns poucos analistas da cena cotidiana nacional j\u00e1 de algum tempo vem pontuando coment\u00e1rios chamando aten\u00e7\u00e3o para o fen\u00f4meno que ocorre n\u00e3o s\u00f3 no Brasil, mas no mundo a fora, que \u00e9 o surgimento de forma intensa, de manifesta\u00e7\u00f5es nazifascistas, racistas e outras tonalidades de a\u00e7\u00f5es t\u00e3o ao gosto das direitas. No barulho corrido nas ruas da Ucr\u00e2nia recentemente n\u00e3o foram poucas as atitudes e gestos assumidamente neonazistas entre lideran\u00e7as e seguidores dos movimentos de rua. A grande imprensa nacional finge que n\u00e3o viu as manifesta\u00e7\u00f5es de rep\u00fadio aos m\u00e9dicos cubanos, com tons incontestavelmente racistas e fascistas. Fala-se muito das atitudes racistas contra jogadores e at\u00e9 \u00e1rbitros de futebol. Mas isso \u00e9 apenas uma das pontas da intoler\u00e2ncia crescente. Quem acompanhou de perto e n\u00e3o apenas pelo notici\u00e1rio viciado do Jornal Nacional, a elei\u00e7\u00e3o para presid\u00eancia da rep\u00fablica em 2010, pode constatar o acirramento dessa tend\u00eancia de intoler\u00e2ncia. Dilma foi chamada de \u2018sapat\u00e3o\u2019 e acusada de matar criancinhas. A pr\u00f3pria folha de S\u00e3o Paulo publicou na primeira p\u00e1gina uma falsa ficha dos \u00f3rg\u00e3os de seguran\u00e7a da ditadura, dos tempos de guerrilheira da ent\u00e3o candidata. E o jornal admitiu que a ficha era falsa. Isso sem falar nas in\u00fameras agress\u00f5es homic\u00eddios de homossexuais e nordestinos em S\u00e3o Paulo. E a coisa se alastra tamb\u00e9m nas redes sociais. A Nossa TV aberta est\u00e1 contaminada e nos brinda \u00e0 noite com os piores talk shows do mundo, certamente. Pra se ter uma ideia, o decadente, elitista e preconceituoso J\u00f4 Soares, al\u00e9m ter agora um programa \u2018jabazeiro\u2019, ao estilo Faust\u00e3o, ainda vem perdendo audi\u00eancia para um pretensioso e inconsistente Danilo Gentile, do SBT. E n\u00e3o adianta mudar para a Bandeirantes que l\u00e1 est\u00e1 no ar outro saco vazio e preconceituoso, o tal Rafinha Bastos. Com a pobreza noturna da TV, meus amigos, o ideal \u00e9 abrir um livro ou&#8230; dormir mais cedo.<\/p>\n<p style=\"text-align: justify;\"><strong>TRIPA<\/strong><br \/>\n* Neste s\u00e1bado, dia 26, acontece o 8\u00ba Encontro dos ex-xeroquianos, que vai reunir em confraterniza\u00e7\u00e3o, mais de 90 ex-funcion\u00e1rios da empresa que durante muito tempo esteve instalada em Itatiaia. O encontro ser\u00e1 na Churrasqueira do Lago do Clube Casa da Lua, como acontece todos os anos. E ser\u00e1 uma grande oportunidade para atualizar contatos e curtir a emo\u00e7\u00e3o de rever os companheiros. Mas n\u00e3o ser\u00e1 apenas a festa pela festa, haver\u00e1 doa\u00e7\u00f5es em alimento e em esp\u00e9cie beneficiando a Igreja Santa Terezinha do Menino Jesus (Morada da Colina), cujo di\u00e1cono Bell estar\u00e1 presente ao evento * A concession\u00e1ria da rodovia Presidente Dutra, a CCR NovaDutra promoveu em Resende, nesses dias 23 e 24, (quarta e quinta), mais uma edi\u00e7\u00e3o do Programa Estrada para a Sa\u00fade na Via Dutra. Nos dois dias foram oferecidos exames de sa\u00fade e servi\u00e7os gratuitos aos caminhoneiros, das 10h \u00e0s 20h, na unidade itinerante montada no p\u00e1tio do posto de servi\u00e7os Graal Embaixador. Beleza ! * E falando em servi\u00e7o itinerante, hoje no bairro Para\u00edso o segundo dia do caminha Defesa do Consumidor. O ve\u00edculo, um servi\u00e7o itinerante do estado estar\u00e1 ao lado da Pra\u00e7a da Igreja Nossa Senhora de F\u00e1tima * Que del\u00edcia o festival Varilux de cinema franc\u00eas que mais uma vez ocupou as telonas do cines do Resende Shopping. Muito bom essa oxigena\u00e7\u00e3o para o pessoal entender que existem outras linguagens cinematogr\u00e1ficas, que n\u00e3o as estridentes e explosivas (hoje com raras exce\u00e7\u00f5es) produ\u00e7\u00f5es hollywoddianas * Jurema e Carlinhos, estou esperan\u00e7oso com o Mancini. Ele pelo menos mexeu no time, tirando tr\u00eas sanguessugas Edilson, Jorge Wagner e Marcelo Matos e o time melhorou. Na verdade o time \u00e9 uma porcaria, mas nesse Brasileir\u00e3o, tirando o Cruzeiro, o Galo, o Inter, o Gr\u00eamio e um pouquinho do Flu, o resto \u00e9 porcaria igual a gente. Bom fim de semana a todos * Uma pena o Luciano do Vale ir antes da Copa.<\/p>\n<p style=\"text-align: justify;\"><strong>ANIVERS\u00c1RIOS<\/strong><br \/>\nNa sexta passada, dia 18, inauguraram idade nova a Cris Coupe, minha filha de cora\u00e7\u00e3o, o S\u00e9rgio Ritter e a doutora Ivani Nobre. Neste s\u00e1bado, dia 26, sopra uma velinha o Felipe, filho do Fernando e da Cris. Parab\u00e9ns e todas as felicidades do mundo a ele.<\/p>\n","protected":false},"excerpt":{"rendered":"<p>Guido de Castro, um forte Meu parceiro de m\u00fasica e amigo Guido de Castro, morador de Quatis, como bom nordestino \u00e9, acima de tudo,<\/p>\n","protected":false},"author":1,"featured_media":0,"comment_status":"open","ping_status":"open","sticky":false,"template":"","format":"standard","meta":{"pmpro_default_level":"","footnotes":""},"categories":[13],"tags":[],"class_list":["post-21195","post","type-post","status-publish","format-standard","hentry","category-social","pmpro-has-access"],"yoast_head":"<!-- This site is optimized with the Yoast SEO plugin v27.4 - https:\/\/yoast.com\/product\/yoast-seo-wordpress\/ -->\n<title>La\u00eds Amaral - JORNAL BEIRA RIO<\/title>\n<meta name=\"robots\" content=\"index, follow, max-snippet:-1, max-image-preview:large, max-video-preview:-1\" \/>\n<link rel=\"canonical\" href=\"https:\/\/jornalbeirario.com.br\/portal\/?p=21195\" \/>\n<meta property=\"og:locale\" content=\"pt_BR\" \/>\n<meta property=\"og:type\" content=\"article\" \/>\n<meta property=\"og:title\" content=\"La\u00eds Amaral - JORNAL BEIRA RIO\" \/>\n<meta property=\"og:description\" content=\"Guido de Castro, um forte Meu parceiro de m\u00fasica e amigo Guido de Castro, morador de Quatis, como bom nordestino \u00e9, acima de tudo,\" \/>\n<meta property=\"og:url\" content=\"https:\/\/jornalbeirario.com.br\/portal\/?p=21195\" \/>\n<meta property=\"og:site_name\" content=\"JORNAL BEIRA RIO\" \/>\n<meta property=\"article:published_time\" content=\"2014-04-25T09:21:59+00:00\" \/>\n<meta name=\"author\" content=\"Jornal BEIRA-RIO\" \/>\n<meta name=\"twitter:card\" content=\"summary_large_image\" \/>\n<meta name=\"twitter:label1\" content=\"Escrito por\" \/>\n\t<meta name=\"twitter:data1\" content=\"Jornal BEIRA-RIO\" \/>\n\t<meta name=\"twitter:label2\" content=\"Est. tempo de leitura\" \/>\n\t<meta name=\"twitter:data2\" content=\"5 minutos\" \/>\n<script type=\"application\/ld+json\" class=\"yoast-schema-graph\">{\"@context\":\"https:\\\/\\\/schema.org\",\"@graph\":[{\"@type\":\"Article\",\"@id\":\"https:\\\/\\\/jornalbeirario.com.br\\\/portal\\\/?p=21195#article\",\"isPartOf\":{\"@id\":\"https:\\\/\\\/jornalbeirario.com.br\\\/portal\\\/?p=21195\"},\"author\":{\"name\":\"Jornal BEIRA-RIO\",\"@id\":\"https:\\\/\\\/jornalbeirario.com.br\\\/portal\\\/#\\\/schema\\\/person\\\/c6c423e4c2465d2a9233f6539173e7c1\"},\"headline\":\"La\u00eds Amaral\",\"datePublished\":\"2014-04-25T09:21:59+00:00\",\"mainEntityOfPage\":{\"@id\":\"https:\\\/\\\/jornalbeirario.com.br\\\/portal\\\/?p=21195\"},\"wordCount\":1011,\"commentCount\":0,\"publisher\":{\"@id\":\"https:\\\/\\\/jornalbeirario.com.br\\\/portal\\\/#organization\"},\"articleSection\":[\"Social\"],\"inLanguage\":\"pt-BR\",\"potentialAction\":[{\"@type\":\"CommentAction\",\"name\":\"Comment\",\"target\":[\"https:\\\/\\\/jornalbeirario.com.br\\\/portal\\\/?p=21195#respond\"]}]},{\"@type\":\"WebPage\",\"@id\":\"https:\\\/\\\/jornalbeirario.com.br\\\/portal\\\/?p=21195\",\"url\":\"https:\\\/\\\/jornalbeirario.com.br\\\/portal\\\/?p=21195\",\"name\":\"La\u00eds Amaral - JORNAL BEIRA RIO\",\"isPartOf\":{\"@id\":\"https:\\\/\\\/jornalbeirario.com.br\\\/portal\\\/#website\"},\"datePublished\":\"2014-04-25T09:21:59+00:00\",\"breadcrumb\":{\"@id\":\"https:\\\/\\\/jornalbeirario.com.br\\\/portal\\\/?p=21195#breadcrumb\"},\"inLanguage\":\"pt-BR\",\"potentialAction\":[{\"@type\":\"ReadAction\",\"target\":[\"https:\\\/\\\/jornalbeirario.com.br\\\/portal\\\/?p=21195\"]}]},{\"@type\":\"BreadcrumbList\",\"@id\":\"https:\\\/\\\/jornalbeirario.com.br\\\/portal\\\/?p=21195#breadcrumb\",\"itemListElement\":[{\"@type\":\"ListItem\",\"position\":1,\"name\":\"Home\",\"item\":\"https:\\\/\\\/jornalbeirario.com.br\\\/portal\"},{\"@type\":\"ListItem\",\"position\":2,\"name\":\"La\u00eds Amaral\"}]},{\"@type\":\"WebSite\",\"@id\":\"https:\\\/\\\/jornalbeirario.com.br\\\/portal\\\/#website\",\"url\":\"https:\\\/\\\/jornalbeirario.com.br\\\/portal\\\/\",\"name\":\"JORNAL BEIRA RIO\",\"description\":\"\",\"publisher\":{\"@id\":\"https:\\\/\\\/jornalbeirario.com.br\\\/portal\\\/#organization\"},\"potentialAction\":[{\"@type\":\"SearchAction\",\"target\":{\"@type\":\"EntryPoint\",\"urlTemplate\":\"https:\\\/\\\/jornalbeirario.com.br\\\/portal\\\/?s={search_term_string}\"},\"query-input\":{\"@type\":\"PropertyValueSpecification\",\"valueRequired\":true,\"valueName\":\"search_term_string\"}}],\"inLanguage\":\"pt-BR\"},{\"@type\":\"Organization\",\"@id\":\"https:\\\/\\\/jornalbeirario.com.br\\\/portal\\\/#organization\",\"name\":\"JORNAL BEIRA RIO\",\"url\":\"https:\\\/\\\/jornalbeirario.com.br\\\/portal\\\/\",\"logo\":{\"@type\":\"ImageObject\",\"inLanguage\":\"pt-BR\",\"@id\":\"https:\\\/\\\/jornalbeirario.com.br\\\/portal\\\/#\\\/schema\\\/logo\\\/image\\\/\",\"url\":\"https:\\\/\\\/jornalbeirario.com.br\\\/portal\\\/wp-content\\\/uploads\\\/2017\\\/09\\\/BEIRA-RIO_logo600.png\",\"contentUrl\":\"https:\\\/\\\/jornalbeirario.com.br\\\/portal\\\/wp-content\\\/uploads\\\/2017\\\/09\\\/BEIRA-RIO_logo600.png\",\"width\":650,\"height\":108,\"caption\":\"JORNAL BEIRA RIO\"},\"image\":{\"@id\":\"https:\\\/\\\/jornalbeirario.com.br\\\/portal\\\/#\\\/schema\\\/logo\\\/image\\\/\"}},{\"@type\":\"Person\",\"@id\":\"https:\\\/\\\/jornalbeirario.com.br\\\/portal\\\/#\\\/schema\\\/person\\\/c6c423e4c2465d2a9233f6539173e7c1\",\"name\":\"Jornal BEIRA-RIO\",\"image\":{\"@type\":\"ImageObject\",\"inLanguage\":\"pt-BR\",\"@id\":\"https:\\\/\\\/jornalbeirario.com.br\\\/portal\\\/wp-content\\\/uploads\\\/2023\\\/10\\\/logojbr1.jpg\",\"url\":\"https:\\\/\\\/jornalbeirario.com.br\\\/portal\\\/wp-content\\\/uploads\\\/2023\\\/10\\\/logojbr1.jpg\",\"contentUrl\":\"https:\\\/\\\/jornalbeirario.com.br\\\/portal\\\/wp-content\\\/uploads\\\/2023\\\/10\\\/logojbr1.jpg\",\"caption\":\"Jornal BEIRA-RIO\"},\"url\":\"https:\\\/\\\/jornalbeirario.com.br\\\/portal\\\/?author=1\"}]}<\/script>\n<!-- \/ Yoast SEO plugin. -->","yoast_head_json":{"title":"La\u00eds Amaral - JORNAL BEIRA RIO","robots":{"index":"index","follow":"follow","max-snippet":"max-snippet:-1","max-image-preview":"max-image-preview:large","max-video-preview":"max-video-preview:-1"},"canonical":"https:\/\/jornalbeirario.com.br\/portal\/?p=21195","og_locale":"pt_BR","og_type":"article","og_title":"La\u00eds Amaral - JORNAL BEIRA RIO","og_description":"Guido de Castro, um forte Meu parceiro de m\u00fasica e amigo Guido de Castro, morador de Quatis, como bom nordestino \u00e9, acima de tudo,","og_url":"https:\/\/jornalbeirario.com.br\/portal\/?p=21195","og_site_name":"JORNAL BEIRA RIO","article_published_time":"2014-04-25T09:21:59+00:00","author":"Jornal BEIRA-RIO","twitter_card":"summary_large_image","twitter_misc":{"Escrito por":"Jornal BEIRA-RIO","Est. tempo de leitura":"5 minutos"},"schema":{"@context":"https:\/\/schema.org","@graph":[{"@type":"Article","@id":"https:\/\/jornalbeirario.com.br\/portal\/?p=21195#article","isPartOf":{"@id":"https:\/\/jornalbeirario.com.br\/portal\/?p=21195"},"author":{"name":"Jornal BEIRA-RIO","@id":"https:\/\/jornalbeirario.com.br\/portal\/#\/schema\/person\/c6c423e4c2465d2a9233f6539173e7c1"},"headline":"La\u00eds Amaral","datePublished":"2014-04-25T09:21:59+00:00","mainEntityOfPage":{"@id":"https:\/\/jornalbeirario.com.br\/portal\/?p=21195"},"wordCount":1011,"commentCount":0,"publisher":{"@id":"https:\/\/jornalbeirario.com.br\/portal\/#organization"},"articleSection":["Social"],"inLanguage":"pt-BR","potentialAction":[{"@type":"CommentAction","name":"Comment","target":["https:\/\/jornalbeirario.com.br\/portal\/?p=21195#respond"]}]},{"@type":"WebPage","@id":"https:\/\/jornalbeirario.com.br\/portal\/?p=21195","url":"https:\/\/jornalbeirario.com.br\/portal\/?p=21195","name":"La\u00eds Amaral - JORNAL BEIRA RIO","isPartOf":{"@id":"https:\/\/jornalbeirario.com.br\/portal\/#website"},"datePublished":"2014-04-25T09:21:59+00:00","breadcrumb":{"@id":"https:\/\/jornalbeirario.com.br\/portal\/?p=21195#breadcrumb"},"inLanguage":"pt-BR","potentialAction":[{"@type":"ReadAction","target":["https:\/\/jornalbeirario.com.br\/portal\/?p=21195"]}]},{"@type":"BreadcrumbList","@id":"https:\/\/jornalbeirario.com.br\/portal\/?p=21195#breadcrumb","itemListElement":[{"@type":"ListItem","position":1,"name":"Home","item":"https:\/\/jornalbeirario.com.br\/portal"},{"@type":"ListItem","position":2,"name":"La\u00eds Amaral"}]},{"@type":"WebSite","@id":"https:\/\/jornalbeirario.com.br\/portal\/#website","url":"https:\/\/jornalbeirario.com.br\/portal\/","name":"JORNAL BEIRA RIO","description":"","publisher":{"@id":"https:\/\/jornalbeirario.com.br\/portal\/#organization"},"potentialAction":[{"@type":"SearchAction","target":{"@type":"EntryPoint","urlTemplate":"https:\/\/jornalbeirario.com.br\/portal\/?s={search_term_string}"},"query-input":{"@type":"PropertyValueSpecification","valueRequired":true,"valueName":"search_term_string"}}],"inLanguage":"pt-BR"},{"@type":"Organization","@id":"https:\/\/jornalbeirario.com.br\/portal\/#organization","name":"JORNAL BEIRA RIO","url":"https:\/\/jornalbeirario.com.br\/portal\/","logo":{"@type":"ImageObject","inLanguage":"pt-BR","@id":"https:\/\/jornalbeirario.com.br\/portal\/#\/schema\/logo\/image\/","url":"https:\/\/jornalbeirario.com.br\/portal\/wp-content\/uploads\/2017\/09\/BEIRA-RIO_logo600.png","contentUrl":"https:\/\/jornalbeirario.com.br\/portal\/wp-content\/uploads\/2017\/09\/BEIRA-RIO_logo600.png","width":650,"height":108,"caption":"JORNAL BEIRA RIO"},"image":{"@id":"https:\/\/jornalbeirario.com.br\/portal\/#\/schema\/logo\/image\/"}},{"@type":"Person","@id":"https:\/\/jornalbeirario.com.br\/portal\/#\/schema\/person\/c6c423e4c2465d2a9233f6539173e7c1","name":"Jornal BEIRA-RIO","image":{"@type":"ImageObject","inLanguage":"pt-BR","@id":"https:\/\/jornalbeirario.com.br\/portal\/wp-content\/uploads\/2023\/10\/logojbr1.jpg","url":"https:\/\/jornalbeirario.com.br\/portal\/wp-content\/uploads\/2023\/10\/logojbr1.jpg","contentUrl":"https:\/\/jornalbeirario.com.br\/portal\/wp-content\/uploads\/2023\/10\/logojbr1.jpg","caption":"Jornal BEIRA-RIO"},"url":"https:\/\/jornalbeirario.com.br\/portal\/?author=1"}]}},"_links":{"self":[{"href":"https:\/\/jornalbeirario.com.br\/portal\/index.php?rest_route=\/wp\/v2\/posts\/21195","targetHints":{"allow":["GET"]}}],"collection":[{"href":"https:\/\/jornalbeirario.com.br\/portal\/index.php?rest_route=\/wp\/v2\/posts"}],"about":[{"href":"https:\/\/jornalbeirario.com.br\/portal\/index.php?rest_route=\/wp\/v2\/types\/post"}],"author":[{"embeddable":true,"href":"https:\/\/jornalbeirario.com.br\/portal\/index.php?rest_route=\/wp\/v2\/users\/1"}],"replies":[{"embeddable":true,"href":"https:\/\/jornalbeirario.com.br\/portal\/index.php?rest_route=%2Fwp%2Fv2%2Fcomments&post=21195"}],"version-history":[{"count":2,"href":"https:\/\/jornalbeirario.com.br\/portal\/index.php?rest_route=\/wp\/v2\/posts\/21195\/revisions"}],"predecessor-version":[{"id":21233,"href":"https:\/\/jornalbeirario.com.br\/portal\/index.php?rest_route=\/wp\/v2\/posts\/21195\/revisions\/21233"}],"wp:attachment":[{"href":"https:\/\/jornalbeirario.com.br\/portal\/index.php?rest_route=%2Fwp%2Fv2%2Fmedia&parent=21195"}],"wp:term":[{"taxonomy":"category","embeddable":true,"href":"https:\/\/jornalbeirario.com.br\/portal\/index.php?rest_route=%2Fwp%2Fv2%2Fcategories&post=21195"},{"taxonomy":"post_tag","embeddable":true,"href":"https:\/\/jornalbeirario.com.br\/portal\/index.php?rest_route=%2Fwp%2Fv2%2Ftags&post=21195"}],"curies":[{"name":"wp","href":"https:\/\/api.w.org\/{rel}","templated":true}]}}