
{"id":20884,"date":"2014-04-11T10:22:28","date_gmt":"2014-04-11T10:22:28","guid":{"rendered":"http:\/\/jornalbeirario.com.br\/portal\/portal\/?p=20884"},"modified":"2014-04-11T10:22:28","modified_gmt":"2014-04-11T10:22:28","slug":"lais-amaral-42","status":"publish","type":"post","link":"https:\/\/jornalbeirario.com.br\/portal\/?p=20884","title":{"rendered":"La\u00eds Amaral"},"content":{"rendered":"<p style=\"text-align: justify;\"><strong>Neruda, a cacha\u00e7a e os amigos<\/strong><br \/>\nAntes de sair para o trabalho na segunda-feira, como sempre, agitei meu ritual di\u00e1rio de higiene matinal, incluindo uma faxina espiritual. Li dois poemas de Neruda e uma cr\u00f4nica de Rubem Braga. Pronto para mergulhar em mais um dia. Sei que este espa\u00e7o por vez se torna \u00e1rido. Quase um Atacama (j\u00e1 que reboquei o bardo chileno para essa viagem). \u00c9 que, como escriba do cotidiano, sou feito vela de jangada, que, enfunada, segue para aonde o nariz do vento aponta. Adoraria falar da mulher mais bonita de Resende, mas ela sumiu do meu campo de vis\u00e3o. Queria falar da bela quaresmeira da Rua Bahia mas meu lirismo anda desfalcado. Talvez por conta deste falso Outono, esta\u00e7\u00e3o que aprecio e que sempre me foi estimulante. Meu lirismo anda alquebrado, como o meu Botafogo (sem Seedorf e Garrincha, Nilton Santos, Didi, Jairzinho, etc, etc.). Gostaria de ter visto a Vivi Calaes naquele \u201cQuando a arte foi \u00e0 luta\u201d interpretando algum depoimento sobre os anos de chumbo. Mas ela anda assoberbada com os trabalhos de assessoria de imprensa da faculdade. Mas mesmo de alma l\u00edrica destroncada vez ou outra sou mordido por alguma quimera e passo dias com febre e saudades do depois de amanh\u00e3. Penso no meu pai na cama, doente, penso nos sonhos dissolvidos e natimortos, penso que tenho que fazer contato com o grande Luiz Vieira e que n\u00e3o vai dar, mais uma vez, para trazer Monarco e a Velha Guarda da Portela a Resende. O inc\u00f4modo do n\u00e3o-fazer incomoda. Ainda bem que tenho a amizade de Pablo Neruda, Rubem Braga e de um punhado de amigos-irm\u00e3os por a\u00ed. E mais aquela cachacinha branquinha e cheirosa que o C\u00e9rgio (com \u2018C\u2019) p\u00f5e \u00e0 nossa disposi\u00e7\u00e3o. A vida \u00e9 bela. \u00c0s vezes pode n\u00e3o parecer, mas \u00e9.<\/p>\n<p style=\"text-align: justify;\"><strong>Em descr\u00e9dito, as TVs s\u00f3 perdem para os pol\u00edticos<\/strong><br \/>\nOs n\u00fameros s\u00e3o da pesquisa \u00cdndice de Confian\u00e7a na Justi\u00e7a Brasileira, da Escola de Direito da Funda\u00e7\u00e3o Get\u00falio Vargas. O levantamento integra o 7\u00ba Anu\u00e1rio do F\u00f3rum Brasileiro de Seguran\u00e7a P\u00fablica, e mostrou que \u00e9 alta a desconfian\u00e7a da popula\u00e7\u00e3o em rela\u00e7\u00e3o aos meios de comunica\u00e7\u00e3o. Com rela\u00e7\u00e3o aos pol\u00edticos n\u00e3o foi novidade, continuam imbat\u00edveis. No primeiro semestre de 2013, as institui\u00e7\u00f5es mais desacreditadas por parte da popula\u00e7\u00e3o eram os partidos pol\u00edticos (95,1% dos brasileiros desconfiam). Em seguida o Congresso Nacional (81,5%) e depois as emissoras de TV, que n\u00e3o t\u00eam a confian\u00e7a de 71% da popula\u00e7\u00e3o. Seguem a Pol\u00edcia (70,1%) e a imprensa escrita (62%). Com \u00edndice melhor aparecem a Igreja Cat\u00f3lica (50,3% desconfiam) e as For\u00e7as Armadas (34,6%). A pesquisa foi realizada junto a 3.300 brasileiros em oito estados.<\/p>\n<p style=\"text-align: justify;\"><strong>TRIPA<\/strong><br \/>\n* A atra\u00e7\u00e3o da \u2018M\u00fasica na Pra\u00e7a\u2019 (Pra\u00e7a Oliveira Botelho), hoje (dia 11) \u00e9 Wilsinho Ramalho, come\u00e7ando \u00e0s 19 horas. Amanh\u00e3, na \u2018Rua da M\u00fasica\u2019, na Pra\u00e7a da Bandeira a atra\u00e7\u00e3o \u00e9 o craque Thiago Zaidan, come\u00e7ando \u00e0s 12 horas e no \u2018Domingo no Parque\u2019 (Parque das \u00c1guas) com in\u00edcio previsto para as 10 horas, o g\u00eanero ser\u00e1 a Bossa Nova. Tudo isso com a chancela da Casa da Cultura * Na pr\u00f3xima quarta-feira, dia 16, a Ponte Nilo Pe\u00e7anha, a conhecida Ponte Velha completa 109 anos (e com corpinho de 50). A comemora\u00e7\u00e3o ser\u00e1 no Arquivo Hist\u00f3rico, na Casa da Cultura, \u00e0s 10 horas. Na ocasi\u00e3o haver\u00e1 declama\u00e7\u00e3o de poemas * Na Sexta-feira Santa, dia 18, uma programa\u00e7\u00e3o diferente: apresenta\u00e7\u00e3o do Grupo Zangareio, \u00e0s 20h30min, no Recanto 21, em Quatis. Ingresso a R$ 10. O grupo \u00e9 de Angra dos Reis e tem no curr\u00edculo a participa\u00e7\u00e3o em shows de grandes nomes da MPB como Toninho Horta, Alceu Valen\u00e7a, Jo\u00e3o Nogueira. No repert\u00f3rio, can\u00e7\u00f5es de Milton Nascimento, Hermeto Paschoal, Beto Guedes entre outros * E o Ph Trio do meu amigo Raphael Garrido continua com sua maratona: na pr\u00f3xima sexta-feira, dia 18, estar\u00e1 com a Mari Biolchini no DOC Emporium, no dia 19 &#8211; no mesmo Emp\u00f3rio Penedo, dia 20 no P\u00e9 de Canela, dia 21, no Espetinho Art Carioca, dia 22 com Mari Biolchini no Jazz Vilage, dia 23, com Mari Biolchini, no Teatro Caf\u00e9 Pequeno, no Leblon e dia 26 com Rob e no Jazz Vilage * No pr\u00f3ximo dia 26 de abril ser\u00e1 realizado o 8\u00ba Encontro dos Ex-Xeroquianos. A confraterniza\u00e7\u00e3o, j\u00e1 conta com 92 ex-funcion\u00e1rios confirmados e ser\u00e1 na Churrasqueira do Lago, no Clube Casa da Lua, como nas vezes anteriores. Esse com novidades. Depois eu conto.<\/p>\n<p style=\"text-align: justify;\"><strong>ANIVERS\u00c1RIOS<\/strong><br \/>\nQuem completou dez anos de idade nessa quarta-feira, dia 9, foi o Centro Cultural Visconde de Mau\u00e1. Parab\u00e9ns e todas as felicidades do mundo \u00e0 M\u00e1rcia Patroc\u00ednio e seus colaboradores pelo sucesso da entidade que \u00e9 das mais ativas em toda a regi\u00e3o.<\/p>\n","protected":false},"excerpt":{"rendered":"<p>Neruda, a cacha\u00e7a e os amigos Antes de sair para o trabalho na segunda-feira, como sempre, agitei meu ritual di\u00e1rio de higiene matinal, incluindo<\/p>\n","protected":false},"author":1,"featured_media":0,"comment_status":"open","ping_status":"open","sticky":false,"template":"","format":"standard","meta":{"pmpro_default_level":"","footnotes":""},"categories":[13],"tags":[],"class_list":["post-20884","post","type-post","status-publish","format-standard","hentry","category-social","pmpro-has-access"],"yoast_head":"<!-- This site is optimized with the Yoast SEO plugin v27.4 - https:\/\/yoast.com\/product\/yoast-seo-wordpress\/ -->\n<title>La\u00eds Amaral - JORNAL BEIRA RIO<\/title>\n<meta name=\"robots\" content=\"index, follow, max-snippet:-1, max-image-preview:large, max-video-preview:-1\" \/>\n<link rel=\"canonical\" href=\"https:\/\/jornalbeirario.com.br\/portal\/?p=20884\" \/>\n<meta property=\"og:locale\" content=\"pt_BR\" \/>\n<meta property=\"og:type\" content=\"article\" \/>\n<meta property=\"og:title\" content=\"La\u00eds Amaral - JORNAL BEIRA RIO\" \/>\n<meta property=\"og:description\" content=\"Neruda, a cacha\u00e7a e os amigos Antes de sair para o trabalho na segunda-feira, como sempre, agitei meu ritual di\u00e1rio de higiene matinal, incluindo\" \/>\n<meta property=\"og:url\" content=\"https:\/\/jornalbeirario.com.br\/portal\/?p=20884\" \/>\n<meta property=\"og:site_name\" content=\"JORNAL BEIRA RIO\" \/>\n<meta property=\"article:published_time\" content=\"2014-04-11T10:22:28+00:00\" \/>\n<meta name=\"author\" content=\"Jornal BEIRA-RIO\" \/>\n<meta name=\"twitter:card\" content=\"summary_large_image\" \/>\n<meta name=\"twitter:label1\" content=\"Escrito por\" \/>\n\t<meta name=\"twitter:data1\" content=\"Jornal BEIRA-RIO\" \/>\n\t<meta name=\"twitter:label2\" content=\"Est. tempo de leitura\" \/>\n\t<meta name=\"twitter:data2\" content=\"4 minutos\" \/>\n<script type=\"application\/ld+json\" class=\"yoast-schema-graph\">{\"@context\":\"https:\\\/\\\/schema.org\",\"@graph\":[{\"@type\":\"Article\",\"@id\":\"https:\\\/\\\/jornalbeirario.com.br\\\/portal\\\/?p=20884#article\",\"isPartOf\":{\"@id\":\"https:\\\/\\\/jornalbeirario.com.br\\\/portal\\\/?p=20884\"},\"author\":{\"name\":\"Jornal BEIRA-RIO\",\"@id\":\"https:\\\/\\\/jornalbeirario.com.br\\\/portal\\\/#\\\/schema\\\/person\\\/c6c423e4c2465d2a9233f6539173e7c1\"},\"headline\":\"La\u00eds Amaral\",\"datePublished\":\"2014-04-11T10:22:28+00:00\",\"mainEntityOfPage\":{\"@id\":\"https:\\\/\\\/jornalbeirario.com.br\\\/portal\\\/?p=20884\"},\"wordCount\":816,\"commentCount\":0,\"publisher\":{\"@id\":\"https:\\\/\\\/jornalbeirario.com.br\\\/portal\\\/#organization\"},\"articleSection\":[\"Social\"],\"inLanguage\":\"pt-BR\",\"potentialAction\":[{\"@type\":\"CommentAction\",\"name\":\"Comment\",\"target\":[\"https:\\\/\\\/jornalbeirario.com.br\\\/portal\\\/?p=20884#respond\"]}]},{\"@type\":\"WebPage\",\"@id\":\"https:\\\/\\\/jornalbeirario.com.br\\\/portal\\\/?p=20884\",\"url\":\"https:\\\/\\\/jornalbeirario.com.br\\\/portal\\\/?p=20884\",\"name\":\"La\u00eds Amaral - JORNAL BEIRA RIO\",\"isPartOf\":{\"@id\":\"https:\\\/\\\/jornalbeirario.com.br\\\/portal\\\/#website\"},\"datePublished\":\"2014-04-11T10:22:28+00:00\",\"breadcrumb\":{\"@id\":\"https:\\\/\\\/jornalbeirario.com.br\\\/portal\\\/?p=20884#breadcrumb\"},\"inLanguage\":\"pt-BR\",\"potentialAction\":[{\"@type\":\"ReadAction\",\"target\":[\"https:\\\/\\\/jornalbeirario.com.br\\\/portal\\\/?p=20884\"]}]},{\"@type\":\"BreadcrumbList\",\"@id\":\"https:\\\/\\\/jornalbeirario.com.br\\\/portal\\\/?p=20884#breadcrumb\",\"itemListElement\":[{\"@type\":\"ListItem\",\"position\":1,\"name\":\"Home\",\"item\":\"https:\\\/\\\/jornalbeirario.com.br\\\/portal\"},{\"@type\":\"ListItem\",\"position\":2,\"name\":\"La\u00eds Amaral\"}]},{\"@type\":\"WebSite\",\"@id\":\"https:\\\/\\\/jornalbeirario.com.br\\\/portal\\\/#website\",\"url\":\"https:\\\/\\\/jornalbeirario.com.br\\\/portal\\\/\",\"name\":\"JORNAL BEIRA RIO\",\"description\":\"\",\"publisher\":{\"@id\":\"https:\\\/\\\/jornalbeirario.com.br\\\/portal\\\/#organization\"},\"potentialAction\":[{\"@type\":\"SearchAction\",\"target\":{\"@type\":\"EntryPoint\",\"urlTemplate\":\"https:\\\/\\\/jornalbeirario.com.br\\\/portal\\\/?s={search_term_string}\"},\"query-input\":{\"@type\":\"PropertyValueSpecification\",\"valueRequired\":true,\"valueName\":\"search_term_string\"}}],\"inLanguage\":\"pt-BR\"},{\"@type\":\"Organization\",\"@id\":\"https:\\\/\\\/jornalbeirario.com.br\\\/portal\\\/#organization\",\"name\":\"JORNAL BEIRA RIO\",\"url\":\"https:\\\/\\\/jornalbeirario.com.br\\\/portal\\\/\",\"logo\":{\"@type\":\"ImageObject\",\"inLanguage\":\"pt-BR\",\"@id\":\"https:\\\/\\\/jornalbeirario.com.br\\\/portal\\\/#\\\/schema\\\/logo\\\/image\\\/\",\"url\":\"https:\\\/\\\/jornalbeirario.com.br\\\/portal\\\/wp-content\\\/uploads\\\/2017\\\/09\\\/BEIRA-RIO_logo600.png\",\"contentUrl\":\"https:\\\/\\\/jornalbeirario.com.br\\\/portal\\\/wp-content\\\/uploads\\\/2017\\\/09\\\/BEIRA-RIO_logo600.png\",\"width\":650,\"height\":108,\"caption\":\"JORNAL BEIRA RIO\"},\"image\":{\"@id\":\"https:\\\/\\\/jornalbeirario.com.br\\\/portal\\\/#\\\/schema\\\/logo\\\/image\\\/\"}},{\"@type\":\"Person\",\"@id\":\"https:\\\/\\\/jornalbeirario.com.br\\\/portal\\\/#\\\/schema\\\/person\\\/c6c423e4c2465d2a9233f6539173e7c1\",\"name\":\"Jornal BEIRA-RIO\",\"image\":{\"@type\":\"ImageObject\",\"inLanguage\":\"pt-BR\",\"@id\":\"https:\\\/\\\/jornalbeirario.com.br\\\/portal\\\/wp-content\\\/uploads\\\/2023\\\/10\\\/logojbr1.jpg\",\"url\":\"https:\\\/\\\/jornalbeirario.com.br\\\/portal\\\/wp-content\\\/uploads\\\/2023\\\/10\\\/logojbr1.jpg\",\"contentUrl\":\"https:\\\/\\\/jornalbeirario.com.br\\\/portal\\\/wp-content\\\/uploads\\\/2023\\\/10\\\/logojbr1.jpg\",\"caption\":\"Jornal BEIRA-RIO\"},\"url\":\"https:\\\/\\\/jornalbeirario.com.br\\\/portal\\\/?author=1\"}]}<\/script>\n<!-- \/ Yoast SEO plugin. -->","yoast_head_json":{"title":"La\u00eds Amaral - JORNAL BEIRA RIO","robots":{"index":"index","follow":"follow","max-snippet":"max-snippet:-1","max-image-preview":"max-image-preview:large","max-video-preview":"max-video-preview:-1"},"canonical":"https:\/\/jornalbeirario.com.br\/portal\/?p=20884","og_locale":"pt_BR","og_type":"article","og_title":"La\u00eds Amaral - JORNAL BEIRA RIO","og_description":"Neruda, a cacha\u00e7a e os amigos Antes de sair para o trabalho na segunda-feira, como sempre, agitei meu ritual di\u00e1rio de higiene matinal, incluindo","og_url":"https:\/\/jornalbeirario.com.br\/portal\/?p=20884","og_site_name":"JORNAL BEIRA RIO","article_published_time":"2014-04-11T10:22:28+00:00","author":"Jornal BEIRA-RIO","twitter_card":"summary_large_image","twitter_misc":{"Escrito por":"Jornal BEIRA-RIO","Est. tempo de leitura":"4 minutos"},"schema":{"@context":"https:\/\/schema.org","@graph":[{"@type":"Article","@id":"https:\/\/jornalbeirario.com.br\/portal\/?p=20884#article","isPartOf":{"@id":"https:\/\/jornalbeirario.com.br\/portal\/?p=20884"},"author":{"name":"Jornal BEIRA-RIO","@id":"https:\/\/jornalbeirario.com.br\/portal\/#\/schema\/person\/c6c423e4c2465d2a9233f6539173e7c1"},"headline":"La\u00eds Amaral","datePublished":"2014-04-11T10:22:28+00:00","mainEntityOfPage":{"@id":"https:\/\/jornalbeirario.com.br\/portal\/?p=20884"},"wordCount":816,"commentCount":0,"publisher":{"@id":"https:\/\/jornalbeirario.com.br\/portal\/#organization"},"articleSection":["Social"],"inLanguage":"pt-BR","potentialAction":[{"@type":"CommentAction","name":"Comment","target":["https:\/\/jornalbeirario.com.br\/portal\/?p=20884#respond"]}]},{"@type":"WebPage","@id":"https:\/\/jornalbeirario.com.br\/portal\/?p=20884","url":"https:\/\/jornalbeirario.com.br\/portal\/?p=20884","name":"La\u00eds Amaral - JORNAL BEIRA RIO","isPartOf":{"@id":"https:\/\/jornalbeirario.com.br\/portal\/#website"},"datePublished":"2014-04-11T10:22:28+00:00","breadcrumb":{"@id":"https:\/\/jornalbeirario.com.br\/portal\/?p=20884#breadcrumb"},"inLanguage":"pt-BR","potentialAction":[{"@type":"ReadAction","target":["https:\/\/jornalbeirario.com.br\/portal\/?p=20884"]}]},{"@type":"BreadcrumbList","@id":"https:\/\/jornalbeirario.com.br\/portal\/?p=20884#breadcrumb","itemListElement":[{"@type":"ListItem","position":1,"name":"Home","item":"https:\/\/jornalbeirario.com.br\/portal"},{"@type":"ListItem","position":2,"name":"La\u00eds Amaral"}]},{"@type":"WebSite","@id":"https:\/\/jornalbeirario.com.br\/portal\/#website","url":"https:\/\/jornalbeirario.com.br\/portal\/","name":"JORNAL BEIRA RIO","description":"","publisher":{"@id":"https:\/\/jornalbeirario.com.br\/portal\/#organization"},"potentialAction":[{"@type":"SearchAction","target":{"@type":"EntryPoint","urlTemplate":"https:\/\/jornalbeirario.com.br\/portal\/?s={search_term_string}"},"query-input":{"@type":"PropertyValueSpecification","valueRequired":true,"valueName":"search_term_string"}}],"inLanguage":"pt-BR"},{"@type":"Organization","@id":"https:\/\/jornalbeirario.com.br\/portal\/#organization","name":"JORNAL BEIRA RIO","url":"https:\/\/jornalbeirario.com.br\/portal\/","logo":{"@type":"ImageObject","inLanguage":"pt-BR","@id":"https:\/\/jornalbeirario.com.br\/portal\/#\/schema\/logo\/image\/","url":"https:\/\/jornalbeirario.com.br\/portal\/wp-content\/uploads\/2017\/09\/BEIRA-RIO_logo600.png","contentUrl":"https:\/\/jornalbeirario.com.br\/portal\/wp-content\/uploads\/2017\/09\/BEIRA-RIO_logo600.png","width":650,"height":108,"caption":"JORNAL BEIRA RIO"},"image":{"@id":"https:\/\/jornalbeirario.com.br\/portal\/#\/schema\/logo\/image\/"}},{"@type":"Person","@id":"https:\/\/jornalbeirario.com.br\/portal\/#\/schema\/person\/c6c423e4c2465d2a9233f6539173e7c1","name":"Jornal BEIRA-RIO","image":{"@type":"ImageObject","inLanguage":"pt-BR","@id":"https:\/\/jornalbeirario.com.br\/portal\/wp-content\/uploads\/2023\/10\/logojbr1.jpg","url":"https:\/\/jornalbeirario.com.br\/portal\/wp-content\/uploads\/2023\/10\/logojbr1.jpg","contentUrl":"https:\/\/jornalbeirario.com.br\/portal\/wp-content\/uploads\/2023\/10\/logojbr1.jpg","caption":"Jornal BEIRA-RIO"},"url":"https:\/\/jornalbeirario.com.br\/portal\/?author=1"}]}},"_links":{"self":[{"href":"https:\/\/jornalbeirario.com.br\/portal\/index.php?rest_route=\/wp\/v2\/posts\/20884","targetHints":{"allow":["GET"]}}],"collection":[{"href":"https:\/\/jornalbeirario.com.br\/portal\/index.php?rest_route=\/wp\/v2\/posts"}],"about":[{"href":"https:\/\/jornalbeirario.com.br\/portal\/index.php?rest_route=\/wp\/v2\/types\/post"}],"author":[{"embeddable":true,"href":"https:\/\/jornalbeirario.com.br\/portal\/index.php?rest_route=\/wp\/v2\/users\/1"}],"replies":[{"embeddable":true,"href":"https:\/\/jornalbeirario.com.br\/portal\/index.php?rest_route=%2Fwp%2Fv2%2Fcomments&post=20884"}],"version-history":[{"count":2,"href":"https:\/\/jornalbeirario.com.br\/portal\/index.php?rest_route=\/wp\/v2\/posts\/20884\/revisions"}],"predecessor-version":[{"id":20886,"href":"https:\/\/jornalbeirario.com.br\/portal\/index.php?rest_route=\/wp\/v2\/posts\/20884\/revisions\/20886"}],"wp:attachment":[{"href":"https:\/\/jornalbeirario.com.br\/portal\/index.php?rest_route=%2Fwp%2Fv2%2Fmedia&parent=20884"}],"wp:term":[{"taxonomy":"category","embeddable":true,"href":"https:\/\/jornalbeirario.com.br\/portal\/index.php?rest_route=%2Fwp%2Fv2%2Fcategories&post=20884"},{"taxonomy":"post_tag","embeddable":true,"href":"https:\/\/jornalbeirario.com.br\/portal\/index.php?rest_route=%2Fwp%2Fv2%2Ftags&post=20884"}],"curies":[{"name":"wp","href":"https:\/\/api.w.org\/{rel}","templated":true}]}}