
{"id":20705,"date":"2014-04-04T10:34:48","date_gmt":"2014-04-04T10:34:48","guid":{"rendered":"http:\/\/jornalbeirario.com.br\/portal\/portal\/?p=20705"},"modified":"2014-04-04T10:34:48","modified_gmt":"2014-04-04T10:34:48","slug":"lais-amaral-41","status":"publish","type":"post","link":"https:\/\/jornalbeirario.com.br\/portal\/?p=20705","title":{"rendered":"La\u00eds Amaral"},"content":{"rendered":"<p style=\"text-align: justify;\"><strong>O Golpe n\u00e3o foi coisa somente de militares (1)<\/strong><br \/>\nFoi uma semana reveladora para muitos brasileiros. As v\u00e1rias manifesta\u00e7\u00f5es pela passagem dos 50 anos do golpe militar de 1964 proporcionaram an\u00e1lises, reflex\u00f5es e novas leituras sobre o fato que vai se consolidando como hist\u00f3ria. Depois do tanto que se viu, se ouviu e que se leu nesses \u00faltimos dias, acredito que nem o mais dos desinformados ou mal informados se arriscaria em chamar aquele desarranjo de revolu\u00e7\u00e3o. Fora, logicamente, os \u2018Bol\u00e7onaros\u2019 da vida e seus seguidores, que s\u00e3o convictos. Embora o cinismo em alguns momentos descortine sentimentos e inten\u00e7\u00f5es nada nobres. Ser direitista por convic\u00e7\u00e3o \u00e9 leg\u00edtimo. Ser golpista \u00e9 execr\u00e1vel. Muita gente agora entende que o que aconteceu foi um golpe civil-militar-midi\u00e1tico. Hoje tamb\u00e9m sabemos, via documentos revelados em Washington, que o presidente norte-americano da \u00e9poca, o democrata John Kennedy chegou a admitir a hip\u00f3tese de promover uma interven\u00e7\u00e3o militar em nosso pa\u00eds. Hoje poucos t\u00eam d\u00favida que o golpe foi muito menos para defender interesses nacionalistas do que para satisfazer aos interesses geopol\u00edticos da grande na\u00e7\u00e3o do norte com rela\u00e7\u00e3o ao Brasil e \u00e0 Am\u00e9rica Latina.<\/p>\n<p style=\"text-align: justify;\"><strong>O Golpe n\u00e3o foi coisa somente de militares (2)<\/strong><br \/>\nA m\u00eddia teve um papel fundamental no golpe ao envenenar e preparar a opini\u00e3o p\u00fablica (ou a parte da sociedade) para aquele 1\u00ba de abril. Sabemos, por exemplo, que Jo\u00e3o Goulart tinha quase 50% de aprova\u00e7\u00e3o da popula\u00e7\u00e3o segundo uma pesquisa do Ibope que foi omitida pela Imprensa. O povo apoiava Jango. Muita gente hoje sabe que quase 150 oficiais das tr\u00eas For\u00e7as foram colocados na Reserva pelo Ato Institucional n\u00ba 1, por n\u00e3o concordarem com o golpe e por defenderem a Constitui\u00e7\u00e3o ent\u00e3o em vigor. Tantos outros militares nacionalistas foram presos e at\u00e9 mortos. As For\u00e7as Armadas n\u00e3o eram monoliticamente favor\u00e1veis ao golpe. Hoje muita gente sabe disso. Hoje muita gente tamb\u00e9m sabe que uma parte do empresariado financiou as a\u00e7\u00f5es truculentas, vergonhosas e hediondas contra aqueles se opuseram \u00e0s ditaduras, daqui e em pa\u00edses vizinhos. Acredito que hoje muita gente tamb\u00e9m seja capaz de identificar a tentativa de forjar um \u2018repeteco\u2019 do que se viu h\u00e1 cinco d\u00e9cadas. A Grande M\u00eddia est\u00e1 a\u00ed reprisando sua sanha golpista. Omitem e distorcem informa\u00e7\u00f5es e a\u00e7\u00f5es do governo. Mentem e tentam ressuscitar esquisitices como a marcha da fam\u00edlia com Deus pela liberdade e o pavor, fora de moda, pelos comunistas. Mas se as mentiras de 50 anos n\u00e3o conseguem esconder o tamanho de suas pernas, muita gente tamb\u00e9m j\u00e1 percebe, como j\u00e1 disse um velho s\u00e1bio, que a hist\u00f3ria s\u00f3 se repete como farsa.<\/p>\n<p style=\"text-align: justify;\"><strong>TRIPA<\/strong><br \/>\n* Falando em 50 anos do golpe, a leitura dramatizada, \u2018Quando a Arte foi a Luta\u2019, realizada dia 31, no teatro do \u2018Espa\u00e7o Z\u2019 por artistas de Resende, sobre depoimentos de artistas que viveram a Ditadura Militar, foi uma bela iniciativa da Casa da Cultura. Um grande p\u00fablico, com gente de v\u00e1rias idades, compareceu. Embora a inten\u00e7\u00e3o fosse ficar no campo da arte dram\u00e1tica, com a proposta de debate feita por Z\u00e9 Leon, deu pra rolar um m\u00ednimo de reflex\u00e3o e choque de pontos de vista, e o car\u00e1ter pol\u00edtico do ato veio \u00e0 tona. Parab\u00e9ns a Anna Zelma, Andre Whately, M\u00f4nica Izidoro, Roberto Martini, Z\u00e9 Leon, Daniel Fortes, Arthur Vinciprova e Sym\u00e3o Francisco que interpretou o melhor dos depoimentos, o do cineasta Silvio Tendler. Parab\u00e9ns tamb\u00e9m a Lu Gast\u00e3o e \u00c2ngelo Tramezzino pela iniciativa. Valeu ! * O talentoso m\u00fasico Raphael Garrido estar\u00e1 se apresentando dia desses no teatro \u2018Caf\u00e9 Pequeno\u2019, no Leblon. Enquanto esse dia n\u00e3o chega, vai gastando as cordas numa agenda lotada: hoje, dia 4, se apresenta com seu Ph Trio no Caneco Zero Grau, amanh\u00e3 no Festival St. Patrick Day e no Emp\u00f3rio Penedo, dia 6, no Eskema Beer, em Resende, dia 10 no Bartho, cervejas especiais em Penedo e dia 12 no P\u00e9 de Canela (Penedo). Semana que vem falo mais * Hoje (dia 4) o Museu de Arte Moderna de Resende (MAM) realiza, abre \u00e0s 19h, a exposi\u00e7\u00e3o &#8216;Desenho e Pintura&#8217;, do artista Gelson Mallorca. Entrada franca. A mostra poder\u00e1 ser visitada de 7 de abril a 17 de maio, de segunda a sexta-feira, das 9 \u00e0s 17h. Mallorca estar\u00e1 presente \u00e0 abertura da exposi\u00e7\u00e3o * Carlinhos e Jurema Botafogo, esse H\u00fangaro n\u00e3o \u00e9 o Puskas, j\u00e1 falei. N\u00e3o sabe nada de bola, e ainda \u201ctreina\u201d um time med\u00edocre que tem uma diretoria de vira-latas que n\u00e3o consegue pagar em dia um elenco porcaria desses. Sem time, sem t\u00e9cnico e sem diretoria, resta a camisa gloriosa e a torcida apaixonada.<\/p>\n<p style=\"text-align: justify;\"><strong>ANIVERS\u00c1RIO<\/strong><br \/>\nDia 1\u00ba de abril inaugurou idade nova o Rui Paiva. No dia seguinte, mais tr\u00eas aniversariantes: Ricardo Piava, irm\u00e3o do Rui, Felipe, marido da nossa colega de trabalho Patr\u00edcia Soares e Kiko Besouchet, que deve estar de cabe\u00e7a inchada. Parab\u00e9ns e todas as felicidades do mundo a eles.<\/p>\n<p style=\"text-align: justify;\">\n","protected":false},"excerpt":{"rendered":"<p>O Golpe n\u00e3o foi coisa somente de militares (1) Foi uma semana reveladora para muitos brasileiros. As v\u00e1rias manifesta\u00e7\u00f5es pela passagem dos 50 anos<\/p>\n","protected":false},"author":1,"featured_media":0,"comment_status":"open","ping_status":"open","sticky":false,"template":"","format":"standard","meta":{"pmpro_default_level":"","footnotes":""},"categories":[13],"tags":[],"class_list":["post-20705","post","type-post","status-publish","format-standard","hentry","category-social","pmpro-has-access"],"yoast_head":"<!-- This site is optimized with the Yoast SEO plugin v27.4 - https:\/\/yoast.com\/product\/yoast-seo-wordpress\/ -->\n<title>La\u00eds Amaral - JORNAL BEIRA RIO<\/title>\n<meta name=\"robots\" content=\"index, follow, max-snippet:-1, max-image-preview:large, max-video-preview:-1\" \/>\n<link rel=\"canonical\" href=\"https:\/\/jornalbeirario.com.br\/portal\/?p=20705\" \/>\n<meta property=\"og:locale\" content=\"pt_BR\" \/>\n<meta property=\"og:type\" content=\"article\" \/>\n<meta property=\"og:title\" content=\"La\u00eds Amaral - JORNAL BEIRA RIO\" \/>\n<meta property=\"og:description\" content=\"O Golpe n\u00e3o foi coisa somente de militares (1) Foi uma semana reveladora para muitos brasileiros. As v\u00e1rias manifesta\u00e7\u00f5es pela passagem dos 50 anos\" \/>\n<meta property=\"og:url\" content=\"https:\/\/jornalbeirario.com.br\/portal\/?p=20705\" \/>\n<meta property=\"og:site_name\" content=\"JORNAL BEIRA RIO\" \/>\n<meta property=\"article:published_time\" content=\"2014-04-04T10:34:48+00:00\" \/>\n<meta name=\"author\" content=\"Jornal BEIRA-RIO\" \/>\n<meta name=\"twitter:card\" content=\"summary_large_image\" \/>\n<meta name=\"twitter:label1\" content=\"Escrito por\" \/>\n\t<meta name=\"twitter:data1\" content=\"Jornal BEIRA-RIO\" \/>\n\t<meta name=\"twitter:label2\" content=\"Est. tempo de leitura\" \/>\n\t<meta name=\"twitter:data2\" content=\"4 minutos\" \/>\n<script type=\"application\/ld+json\" class=\"yoast-schema-graph\">{\"@context\":\"https:\\\/\\\/schema.org\",\"@graph\":[{\"@type\":\"Article\",\"@id\":\"https:\\\/\\\/jornalbeirario.com.br\\\/portal\\\/?p=20705#article\",\"isPartOf\":{\"@id\":\"https:\\\/\\\/jornalbeirario.com.br\\\/portal\\\/?p=20705\"},\"author\":{\"name\":\"Jornal BEIRA-RIO\",\"@id\":\"https:\\\/\\\/jornalbeirario.com.br\\\/portal\\\/#\\\/schema\\\/person\\\/c6c423e4c2465d2a9233f6539173e7c1\"},\"headline\":\"La\u00eds Amaral\",\"datePublished\":\"2014-04-04T10:34:48+00:00\",\"mainEntityOfPage\":{\"@id\":\"https:\\\/\\\/jornalbeirario.com.br\\\/portal\\\/?p=20705\"},\"wordCount\":863,\"commentCount\":0,\"publisher\":{\"@id\":\"https:\\\/\\\/jornalbeirario.com.br\\\/portal\\\/#organization\"},\"articleSection\":[\"Social\"],\"inLanguage\":\"pt-BR\",\"potentialAction\":[{\"@type\":\"CommentAction\",\"name\":\"Comment\",\"target\":[\"https:\\\/\\\/jornalbeirario.com.br\\\/portal\\\/?p=20705#respond\"]}]},{\"@type\":\"WebPage\",\"@id\":\"https:\\\/\\\/jornalbeirario.com.br\\\/portal\\\/?p=20705\",\"url\":\"https:\\\/\\\/jornalbeirario.com.br\\\/portal\\\/?p=20705\",\"name\":\"La\u00eds Amaral - JORNAL BEIRA RIO\",\"isPartOf\":{\"@id\":\"https:\\\/\\\/jornalbeirario.com.br\\\/portal\\\/#website\"},\"datePublished\":\"2014-04-04T10:34:48+00:00\",\"breadcrumb\":{\"@id\":\"https:\\\/\\\/jornalbeirario.com.br\\\/portal\\\/?p=20705#breadcrumb\"},\"inLanguage\":\"pt-BR\",\"potentialAction\":[{\"@type\":\"ReadAction\",\"target\":[\"https:\\\/\\\/jornalbeirario.com.br\\\/portal\\\/?p=20705\"]}]},{\"@type\":\"BreadcrumbList\",\"@id\":\"https:\\\/\\\/jornalbeirario.com.br\\\/portal\\\/?p=20705#breadcrumb\",\"itemListElement\":[{\"@type\":\"ListItem\",\"position\":1,\"name\":\"Home\",\"item\":\"https:\\\/\\\/jornalbeirario.com.br\\\/portal\"},{\"@type\":\"ListItem\",\"position\":2,\"name\":\"La\u00eds Amaral\"}]},{\"@type\":\"WebSite\",\"@id\":\"https:\\\/\\\/jornalbeirario.com.br\\\/portal\\\/#website\",\"url\":\"https:\\\/\\\/jornalbeirario.com.br\\\/portal\\\/\",\"name\":\"JORNAL BEIRA RIO\",\"description\":\"\",\"publisher\":{\"@id\":\"https:\\\/\\\/jornalbeirario.com.br\\\/portal\\\/#organization\"},\"potentialAction\":[{\"@type\":\"SearchAction\",\"target\":{\"@type\":\"EntryPoint\",\"urlTemplate\":\"https:\\\/\\\/jornalbeirario.com.br\\\/portal\\\/?s={search_term_string}\"},\"query-input\":{\"@type\":\"PropertyValueSpecification\",\"valueRequired\":true,\"valueName\":\"search_term_string\"}}],\"inLanguage\":\"pt-BR\"},{\"@type\":\"Organization\",\"@id\":\"https:\\\/\\\/jornalbeirario.com.br\\\/portal\\\/#organization\",\"name\":\"JORNAL BEIRA RIO\",\"url\":\"https:\\\/\\\/jornalbeirario.com.br\\\/portal\\\/\",\"logo\":{\"@type\":\"ImageObject\",\"inLanguage\":\"pt-BR\",\"@id\":\"https:\\\/\\\/jornalbeirario.com.br\\\/portal\\\/#\\\/schema\\\/logo\\\/image\\\/\",\"url\":\"https:\\\/\\\/jornalbeirario.com.br\\\/portal\\\/wp-content\\\/uploads\\\/2017\\\/09\\\/BEIRA-RIO_logo600.png\",\"contentUrl\":\"https:\\\/\\\/jornalbeirario.com.br\\\/portal\\\/wp-content\\\/uploads\\\/2017\\\/09\\\/BEIRA-RIO_logo600.png\",\"width\":650,\"height\":108,\"caption\":\"JORNAL BEIRA RIO\"},\"image\":{\"@id\":\"https:\\\/\\\/jornalbeirario.com.br\\\/portal\\\/#\\\/schema\\\/logo\\\/image\\\/\"}},{\"@type\":\"Person\",\"@id\":\"https:\\\/\\\/jornalbeirario.com.br\\\/portal\\\/#\\\/schema\\\/person\\\/c6c423e4c2465d2a9233f6539173e7c1\",\"name\":\"Jornal BEIRA-RIO\",\"image\":{\"@type\":\"ImageObject\",\"inLanguage\":\"pt-BR\",\"@id\":\"https:\\\/\\\/jornalbeirario.com.br\\\/portal\\\/wp-content\\\/uploads\\\/2023\\\/10\\\/logojbr1.jpg\",\"url\":\"https:\\\/\\\/jornalbeirario.com.br\\\/portal\\\/wp-content\\\/uploads\\\/2023\\\/10\\\/logojbr1.jpg\",\"contentUrl\":\"https:\\\/\\\/jornalbeirario.com.br\\\/portal\\\/wp-content\\\/uploads\\\/2023\\\/10\\\/logojbr1.jpg\",\"caption\":\"Jornal BEIRA-RIO\"},\"url\":\"https:\\\/\\\/jornalbeirario.com.br\\\/portal\\\/?author=1\"}]}<\/script>\n<!-- \/ Yoast SEO plugin. -->","yoast_head_json":{"title":"La\u00eds Amaral - JORNAL BEIRA RIO","robots":{"index":"index","follow":"follow","max-snippet":"max-snippet:-1","max-image-preview":"max-image-preview:large","max-video-preview":"max-video-preview:-1"},"canonical":"https:\/\/jornalbeirario.com.br\/portal\/?p=20705","og_locale":"pt_BR","og_type":"article","og_title":"La\u00eds Amaral - JORNAL BEIRA RIO","og_description":"O Golpe n\u00e3o foi coisa somente de militares (1) Foi uma semana reveladora para muitos brasileiros. As v\u00e1rias manifesta\u00e7\u00f5es pela passagem dos 50 anos","og_url":"https:\/\/jornalbeirario.com.br\/portal\/?p=20705","og_site_name":"JORNAL BEIRA RIO","article_published_time":"2014-04-04T10:34:48+00:00","author":"Jornal BEIRA-RIO","twitter_card":"summary_large_image","twitter_misc":{"Escrito por":"Jornal BEIRA-RIO","Est. tempo de leitura":"4 minutos"},"schema":{"@context":"https:\/\/schema.org","@graph":[{"@type":"Article","@id":"https:\/\/jornalbeirario.com.br\/portal\/?p=20705#article","isPartOf":{"@id":"https:\/\/jornalbeirario.com.br\/portal\/?p=20705"},"author":{"name":"Jornal BEIRA-RIO","@id":"https:\/\/jornalbeirario.com.br\/portal\/#\/schema\/person\/c6c423e4c2465d2a9233f6539173e7c1"},"headline":"La\u00eds Amaral","datePublished":"2014-04-04T10:34:48+00:00","mainEntityOfPage":{"@id":"https:\/\/jornalbeirario.com.br\/portal\/?p=20705"},"wordCount":863,"commentCount":0,"publisher":{"@id":"https:\/\/jornalbeirario.com.br\/portal\/#organization"},"articleSection":["Social"],"inLanguage":"pt-BR","potentialAction":[{"@type":"CommentAction","name":"Comment","target":["https:\/\/jornalbeirario.com.br\/portal\/?p=20705#respond"]}]},{"@type":"WebPage","@id":"https:\/\/jornalbeirario.com.br\/portal\/?p=20705","url":"https:\/\/jornalbeirario.com.br\/portal\/?p=20705","name":"La\u00eds Amaral - JORNAL BEIRA RIO","isPartOf":{"@id":"https:\/\/jornalbeirario.com.br\/portal\/#website"},"datePublished":"2014-04-04T10:34:48+00:00","breadcrumb":{"@id":"https:\/\/jornalbeirario.com.br\/portal\/?p=20705#breadcrumb"},"inLanguage":"pt-BR","potentialAction":[{"@type":"ReadAction","target":["https:\/\/jornalbeirario.com.br\/portal\/?p=20705"]}]},{"@type":"BreadcrumbList","@id":"https:\/\/jornalbeirario.com.br\/portal\/?p=20705#breadcrumb","itemListElement":[{"@type":"ListItem","position":1,"name":"Home","item":"https:\/\/jornalbeirario.com.br\/portal"},{"@type":"ListItem","position":2,"name":"La\u00eds Amaral"}]},{"@type":"WebSite","@id":"https:\/\/jornalbeirario.com.br\/portal\/#website","url":"https:\/\/jornalbeirario.com.br\/portal\/","name":"JORNAL BEIRA RIO","description":"","publisher":{"@id":"https:\/\/jornalbeirario.com.br\/portal\/#organization"},"potentialAction":[{"@type":"SearchAction","target":{"@type":"EntryPoint","urlTemplate":"https:\/\/jornalbeirario.com.br\/portal\/?s={search_term_string}"},"query-input":{"@type":"PropertyValueSpecification","valueRequired":true,"valueName":"search_term_string"}}],"inLanguage":"pt-BR"},{"@type":"Organization","@id":"https:\/\/jornalbeirario.com.br\/portal\/#organization","name":"JORNAL BEIRA RIO","url":"https:\/\/jornalbeirario.com.br\/portal\/","logo":{"@type":"ImageObject","inLanguage":"pt-BR","@id":"https:\/\/jornalbeirario.com.br\/portal\/#\/schema\/logo\/image\/","url":"https:\/\/jornalbeirario.com.br\/portal\/wp-content\/uploads\/2017\/09\/BEIRA-RIO_logo600.png","contentUrl":"https:\/\/jornalbeirario.com.br\/portal\/wp-content\/uploads\/2017\/09\/BEIRA-RIO_logo600.png","width":650,"height":108,"caption":"JORNAL BEIRA RIO"},"image":{"@id":"https:\/\/jornalbeirario.com.br\/portal\/#\/schema\/logo\/image\/"}},{"@type":"Person","@id":"https:\/\/jornalbeirario.com.br\/portal\/#\/schema\/person\/c6c423e4c2465d2a9233f6539173e7c1","name":"Jornal BEIRA-RIO","image":{"@type":"ImageObject","inLanguage":"pt-BR","@id":"https:\/\/jornalbeirario.com.br\/portal\/wp-content\/uploads\/2023\/10\/logojbr1.jpg","url":"https:\/\/jornalbeirario.com.br\/portal\/wp-content\/uploads\/2023\/10\/logojbr1.jpg","contentUrl":"https:\/\/jornalbeirario.com.br\/portal\/wp-content\/uploads\/2023\/10\/logojbr1.jpg","caption":"Jornal BEIRA-RIO"},"url":"https:\/\/jornalbeirario.com.br\/portal\/?author=1"}]}},"_links":{"self":[{"href":"https:\/\/jornalbeirario.com.br\/portal\/index.php?rest_route=\/wp\/v2\/posts\/20705","targetHints":{"allow":["GET"]}}],"collection":[{"href":"https:\/\/jornalbeirario.com.br\/portal\/index.php?rest_route=\/wp\/v2\/posts"}],"about":[{"href":"https:\/\/jornalbeirario.com.br\/portal\/index.php?rest_route=\/wp\/v2\/types\/post"}],"author":[{"embeddable":true,"href":"https:\/\/jornalbeirario.com.br\/portal\/index.php?rest_route=\/wp\/v2\/users\/1"}],"replies":[{"embeddable":true,"href":"https:\/\/jornalbeirario.com.br\/portal\/index.php?rest_route=%2Fwp%2Fv2%2Fcomments&post=20705"}],"version-history":[{"count":2,"href":"https:\/\/jornalbeirario.com.br\/portal\/index.php?rest_route=\/wp\/v2\/posts\/20705\/revisions"}],"predecessor-version":[{"id":20756,"href":"https:\/\/jornalbeirario.com.br\/portal\/index.php?rest_route=\/wp\/v2\/posts\/20705\/revisions\/20756"}],"wp:attachment":[{"href":"https:\/\/jornalbeirario.com.br\/portal\/index.php?rest_route=%2Fwp%2Fv2%2Fmedia&parent=20705"}],"wp:term":[{"taxonomy":"category","embeddable":true,"href":"https:\/\/jornalbeirario.com.br\/portal\/index.php?rest_route=%2Fwp%2Fv2%2Fcategories&post=20705"},{"taxonomy":"post_tag","embeddable":true,"href":"https:\/\/jornalbeirario.com.br\/portal\/index.php?rest_route=%2Fwp%2Fv2%2Ftags&post=20705"}],"curies":[{"name":"wp","href":"https:\/\/api.w.org\/{rel}","templated":true}]}}