
{"id":20515,"date":"2014-03-28T09:52:44","date_gmt":"2014-03-28T09:52:44","guid":{"rendered":"http:\/\/jornalbeirario.com.br\/portal\/portal\/?p=20515"},"modified":"2014-03-28T09:52:44","modified_gmt":"2014-03-28T09:52:44","slug":"lais-amaral-40","status":"publish","type":"post","link":"https:\/\/jornalbeirario.com.br\/portal\/?p=20515","title":{"rendered":"La\u00eds Amaral"},"content":{"rendered":"<p style=\"text-align: justify;\"><strong>Globo, de aliado de primeira hora a arrependido oportunista<\/strong><br \/>\nNo dia 2 de abril de 1964, come\u00e7ava assim o editorial do jornal O Globo: \u201cVive a Na\u00e7\u00e3o dias gloriosos. Porque souberam unir-se todos os patriotas, independentemente de vincula\u00e7\u00f5es pol\u00edticas, simpatias ou opini\u00e3o sobre problemas isolados, para salvar o que \u00e9 essencial: a democracia, a lei e a ordem. Gra\u00e7as \u00e0 decis\u00e3o e ao hero\u00edsmo das For\u00e7as Armadas, que obedientes a seus chefes demonstraram a falta de vis\u00e3o dos que tentavam destruir a hierarquia e a disciplina, o Brasil livrou-se do Governo irrespons\u00e1vel, que insistia em arrast\u00e1-lo para rumos contr\u00e1rios \u00e0 sua voca\u00e7\u00e3o e tradi\u00e7\u00f5es\u201d. Cinco dias depois o mesmo Globo exercia seu papel de \u201cdedo duro\u201d publicando o manifesto assinado por artistas e intelectuais, o \u2018Comando dos Trabalhadores Intelectuais\u2019, que na vis\u00e3o do jornal, trabalharam ativamente para implantar o regime comunista no pa\u00eds. Na rela\u00e7\u00e3o constavam nomes como: Ferreira Gullar, Carlos Diegues, Arnaldo Jabour, Chico An\u00edsio, Paulo Francis, Tereza Rachel, Jorge Zahar, Oscar Niemeyer entre outros. O ir\u00f4nico \u00e9 que alguns desses nomes seriam mais tarde, ardorosos colaboradores das Organiza\u00e7\u00f5es Globo, como o boneco de ventr\u00edloquo, Arnaldo Jabour. No gancho do anivers\u00e1rio de 50 anos do golpe, (31 de mar\u00e7o ou 1\u00ba de abril?) e no esfor\u00e7o de se desvencilhar da pecha de colaborador do regime militar, O Globo publicou na edi\u00e7\u00e3o de domingo em seu Caderno de Cultura, o depoimento de alguns artistas sobre a influ\u00eancia daquele per\u00edodo na cultura nacional. Recentemente as organiza\u00e7\u00f5es da fam\u00edlia Marinho, externaram seu arrependimento em apoiar a ditadura, todos lembram. Na Tripa evento sobre tema em Resende.<\/p>\n<p style=\"text-align: justify;\"><strong>Conscientiza\u00e7\u00e3o sobre o Autismo neste s\u00e1bado em Resende<\/strong><br \/>\nDia 2 de abril, \u00e9 o Dia Mundial de Conscientiza\u00e7\u00e3o do Autismo. A Associa\u00e7\u00e3o de Pais e Amigos dos Autistas de Resende estar\u00e1 na manh\u00e3 deste s\u00e1bado, dia 29, no Cal\u00e7ad\u00e3o de Campos El\u00edseos, divulgando informa\u00e7\u00f5es e orienta\u00e7\u00f5es sobre o autismo. Haver\u00e1 algod\u00e3o doce e pipoca para a crian\u00e7ada. Tr\u00eas destacados pontos centrais da cidade ser\u00e3o iluminados de azul pela passagem da data: o Monumento \u00e0 B\u00edblia (junto ao Mercado Popular na Pra\u00e7a da Conc\u00f3rdia), a Pra\u00e7a do Trenzinho e o Espa\u00e7o Z (como acontecer\u00e1 com o Cristo Redentor, no Rio e em outras partes do pa\u00eds). O Autismo, informa a doutora \u00c2ngela Merice Almeida Santo, \u00e9 uma s\u00edndrome comportamental e se caracteriza por dificuldade do processamento das informa\u00e7\u00f5es com preju\u00edzo cognitivo\/intelectual em alguns casos. S\u00e3o pelo menos tr\u00eas os sintomas: altera\u00e7\u00e3o da linguagem, altera\u00e7\u00e3o da sociabilidade e altera\u00e7\u00e3o do comportamento com atividades repetitivas, movimentos repetitivos. O diagn\u00f3stico \u00e9 clinico e n\u00e3o h\u00e1 exames. O tratamento deve ser realizado por equipe multidisciplinar: m\u00e9dico, fonoaudi\u00f3loga, psicoterapeuta, terapeuta ocupacional e pedagogos. Quando a gente conhece, fica mais f\u00e1cil colaborar e ser solid\u00e1rio.<\/p>\n<p style=\"text-align: justify;\"><strong>TRIPA<\/strong><br \/>\n* A Casa da Cultura Macedo Miranda, n\u00e3o quer deixar passar em branco a data anticomemorativa do golpe militar, e estimulando uma reflex\u00e3o sobre essa \u201cp\u00e1gina infeliz de nossa hist\u00f3ria\u201d, promove na Segunda, dia 31, no \u2018Espa\u00e7o Z\u2019, o evento \u201cQuando a Arte foi \u00e0 Luta\u201d. Na ocasi\u00e3o artistas e pessoas ligadas \u00e0 cultura em Resende far\u00e3o leitura dramatizada dos depoimentos publicados no Globo. Andr\u00e9 Whately vai ler o depoimento de Roberto Farias; M\u00f4nica Izidoro, o de Betty Faria; Anna Zelma, o de Fernanda Montenegro; Daniel Fortes, o de Z\u00e9 Celso Martinez Corr\u00eaa; Roberto Martini l\u00ea o de Tom Z\u00e9; Z\u00e9 Leon l\u00ea o de Lauro Cesar Muniz; Arthur Vinciprova o de Gilberto Braga e Sym\u00e3o Francisco o de Silvio Tendler. O espet\u00e1culo come\u00e7a \u00e0s 20 horas com entrada franca. Vale conferir &#8230; e nunca esquecer * O original\u00edssimo musical infantil &#8220;Sambinha&#8221; ser\u00e1 apresentado no Teatro do Col\u00e9gio Salesiano nos dias 4 e 5 de abril. A pe\u00e7a tem em seu repert\u00f3rio diversas can\u00e7\u00f5es de sambistas que fizeram e fazem parte da hist\u00f3ria do samba, entre eles Z\u00e9 Ketti, Cartola, Donga e Dona Ivone Lara. O musical estreou no \u2018Oi Futuro Ipanema\u2019 em junho do ano passado e est\u00e1 indicado a quatro categorias do Pr\u00eamio Zilka Sallaberry (Texto, Dire\u00e7\u00e3o, M\u00fasica e Cen\u00e1rio). Ta\u00ed uma \u00f3tima pedida para desintoxicar as mentes infantis, que foram bombardeadas nesses dias carnavalescos com tantos lepo-lepos da vida. O hor\u00e1rio dos espet\u00e1culos (sexta e s\u00e1bado) \u00e9 o das 16 horas. A bilheteria estar\u00e1 aberta para a venda de ingressos nos dias 2, 3 e 4 de abril (quarta, quinta e sexta-feira) &#8211; de 13h \u00e0s 17h na biblioteca do Col\u00e9gio Salesiano e no dia 5 &#8211; s\u00e1bado &#8211; na bilheteria do Teatro do Col\u00e9gio Salesiano, de 15h \u00e0s 17h. Como diz Nelson Sargento: o Samba, agoniza mas n\u00e3o morre. Beleza !! * S\u00f4nia Nogueira foi homenageada nessa quarta, como uma das mulheres do samba. Parab\u00e9ns e um beij\u00e3o de todos os Crust\u00e1ceos.<\/p>\n<p style=\"text-align: justify;\"><strong>ANIVERSARIOS<\/strong><br \/>\nUm grupo de amigos inaugurou idade nova nessa quarta-feira, dia 26: Magda Arbex, Alile Cuoco, Vladimir Ramos, Tande Vieira, Leandro Resende, o Murilo N\u00f3brega (neto do Cl\u00e1udio e da Ana) e os g\u00eameos Luis Cl\u00e1udio Herm\u00f3genes e Fl\u00e1vio Collistet. Na quinta, a Bellinha fez um ano ontem (dia 27) mas comemora neste s\u00e1bado. Parab\u00e9ns e todas as felicidades do mundo a essa turma maravilhosa.<\/p>\n","protected":false},"excerpt":{"rendered":"<p>Globo, de aliado de primeira hora a arrependido oportunista No dia 2 de abril de 1964, come\u00e7ava assim o editorial do jornal O Globo:<\/p>\n","protected":false},"author":1,"featured_media":0,"comment_status":"open","ping_status":"open","sticky":false,"template":"","format":"standard","meta":{"pmpro_default_level":"","footnotes":""},"categories":[13],"tags":[],"class_list":["post-20515","post","type-post","status-publish","format-standard","hentry","category-social","pmpro-has-access"],"yoast_head":"<!-- This site is optimized with the Yoast SEO plugin v27.4 - https:\/\/yoast.com\/product\/yoast-seo-wordpress\/ -->\n<title>La\u00eds Amaral - JORNAL BEIRA RIO<\/title>\n<meta name=\"robots\" content=\"index, follow, max-snippet:-1, max-image-preview:large, max-video-preview:-1\" \/>\n<link rel=\"canonical\" href=\"https:\/\/jornalbeirario.com.br\/portal\/?p=20515\" \/>\n<meta property=\"og:locale\" content=\"pt_BR\" \/>\n<meta property=\"og:type\" content=\"article\" \/>\n<meta property=\"og:title\" content=\"La\u00eds Amaral - JORNAL BEIRA RIO\" \/>\n<meta property=\"og:description\" content=\"Globo, de aliado de primeira hora a arrependido oportunista No dia 2 de abril de 1964, come\u00e7ava assim o editorial do jornal O Globo:\" \/>\n<meta property=\"og:url\" content=\"https:\/\/jornalbeirario.com.br\/portal\/?p=20515\" \/>\n<meta property=\"og:site_name\" content=\"JORNAL BEIRA RIO\" \/>\n<meta property=\"article:published_time\" content=\"2014-03-28T09:52:44+00:00\" \/>\n<meta name=\"author\" content=\"Jornal BEIRA-RIO\" \/>\n<meta name=\"twitter:card\" content=\"summary_large_image\" \/>\n<meta name=\"twitter:label1\" content=\"Escrito por\" \/>\n\t<meta name=\"twitter:data1\" content=\"Jornal BEIRA-RIO\" \/>\n\t<meta name=\"twitter:label2\" content=\"Est. tempo de leitura\" \/>\n\t<meta name=\"twitter:data2\" content=\"5 minutos\" \/>\n<script type=\"application\/ld+json\" class=\"yoast-schema-graph\">{\"@context\":\"https:\\\/\\\/schema.org\",\"@graph\":[{\"@type\":\"Article\",\"@id\":\"https:\\\/\\\/jornalbeirario.com.br\\\/portal\\\/?p=20515#article\",\"isPartOf\":{\"@id\":\"https:\\\/\\\/jornalbeirario.com.br\\\/portal\\\/?p=20515\"},\"author\":{\"name\":\"Jornal BEIRA-RIO\",\"@id\":\"https:\\\/\\\/jornalbeirario.com.br\\\/portal\\\/#\\\/schema\\\/person\\\/c6c423e4c2465d2a9233f6539173e7c1\"},\"headline\":\"La\u00eds Amaral\",\"datePublished\":\"2014-03-28T09:52:44+00:00\",\"mainEntityOfPage\":{\"@id\":\"https:\\\/\\\/jornalbeirario.com.br\\\/portal\\\/?p=20515\"},\"wordCount\":919,\"commentCount\":0,\"publisher\":{\"@id\":\"https:\\\/\\\/jornalbeirario.com.br\\\/portal\\\/#organization\"},\"articleSection\":[\"Social\"],\"inLanguage\":\"pt-BR\",\"potentialAction\":[{\"@type\":\"CommentAction\",\"name\":\"Comment\",\"target\":[\"https:\\\/\\\/jornalbeirario.com.br\\\/portal\\\/?p=20515#respond\"]}]},{\"@type\":\"WebPage\",\"@id\":\"https:\\\/\\\/jornalbeirario.com.br\\\/portal\\\/?p=20515\",\"url\":\"https:\\\/\\\/jornalbeirario.com.br\\\/portal\\\/?p=20515\",\"name\":\"La\u00eds Amaral - JORNAL BEIRA RIO\",\"isPartOf\":{\"@id\":\"https:\\\/\\\/jornalbeirario.com.br\\\/portal\\\/#website\"},\"datePublished\":\"2014-03-28T09:52:44+00:00\",\"breadcrumb\":{\"@id\":\"https:\\\/\\\/jornalbeirario.com.br\\\/portal\\\/?p=20515#breadcrumb\"},\"inLanguage\":\"pt-BR\",\"potentialAction\":[{\"@type\":\"ReadAction\",\"target\":[\"https:\\\/\\\/jornalbeirario.com.br\\\/portal\\\/?p=20515\"]}]},{\"@type\":\"BreadcrumbList\",\"@id\":\"https:\\\/\\\/jornalbeirario.com.br\\\/portal\\\/?p=20515#breadcrumb\",\"itemListElement\":[{\"@type\":\"ListItem\",\"position\":1,\"name\":\"Home\",\"item\":\"https:\\\/\\\/jornalbeirario.com.br\\\/portal\"},{\"@type\":\"ListItem\",\"position\":2,\"name\":\"La\u00eds Amaral\"}]},{\"@type\":\"WebSite\",\"@id\":\"https:\\\/\\\/jornalbeirario.com.br\\\/portal\\\/#website\",\"url\":\"https:\\\/\\\/jornalbeirario.com.br\\\/portal\\\/\",\"name\":\"JORNAL BEIRA RIO\",\"description\":\"\",\"publisher\":{\"@id\":\"https:\\\/\\\/jornalbeirario.com.br\\\/portal\\\/#organization\"},\"potentialAction\":[{\"@type\":\"SearchAction\",\"target\":{\"@type\":\"EntryPoint\",\"urlTemplate\":\"https:\\\/\\\/jornalbeirario.com.br\\\/portal\\\/?s={search_term_string}\"},\"query-input\":{\"@type\":\"PropertyValueSpecification\",\"valueRequired\":true,\"valueName\":\"search_term_string\"}}],\"inLanguage\":\"pt-BR\"},{\"@type\":\"Organization\",\"@id\":\"https:\\\/\\\/jornalbeirario.com.br\\\/portal\\\/#organization\",\"name\":\"JORNAL BEIRA RIO\",\"url\":\"https:\\\/\\\/jornalbeirario.com.br\\\/portal\\\/\",\"logo\":{\"@type\":\"ImageObject\",\"inLanguage\":\"pt-BR\",\"@id\":\"https:\\\/\\\/jornalbeirario.com.br\\\/portal\\\/#\\\/schema\\\/logo\\\/image\\\/\",\"url\":\"https:\\\/\\\/jornalbeirario.com.br\\\/portal\\\/wp-content\\\/uploads\\\/2017\\\/09\\\/BEIRA-RIO_logo600.png\",\"contentUrl\":\"https:\\\/\\\/jornalbeirario.com.br\\\/portal\\\/wp-content\\\/uploads\\\/2017\\\/09\\\/BEIRA-RIO_logo600.png\",\"width\":650,\"height\":108,\"caption\":\"JORNAL BEIRA RIO\"},\"image\":{\"@id\":\"https:\\\/\\\/jornalbeirario.com.br\\\/portal\\\/#\\\/schema\\\/logo\\\/image\\\/\"}},{\"@type\":\"Person\",\"@id\":\"https:\\\/\\\/jornalbeirario.com.br\\\/portal\\\/#\\\/schema\\\/person\\\/c6c423e4c2465d2a9233f6539173e7c1\",\"name\":\"Jornal BEIRA-RIO\",\"image\":{\"@type\":\"ImageObject\",\"inLanguage\":\"pt-BR\",\"@id\":\"https:\\\/\\\/jornalbeirario.com.br\\\/portal\\\/wp-content\\\/uploads\\\/2023\\\/10\\\/logojbr1.jpg\",\"url\":\"https:\\\/\\\/jornalbeirario.com.br\\\/portal\\\/wp-content\\\/uploads\\\/2023\\\/10\\\/logojbr1.jpg\",\"contentUrl\":\"https:\\\/\\\/jornalbeirario.com.br\\\/portal\\\/wp-content\\\/uploads\\\/2023\\\/10\\\/logojbr1.jpg\",\"caption\":\"Jornal BEIRA-RIO\"},\"url\":\"https:\\\/\\\/jornalbeirario.com.br\\\/portal\\\/?author=1\"}]}<\/script>\n<!-- \/ Yoast SEO plugin. -->","yoast_head_json":{"title":"La\u00eds Amaral - JORNAL BEIRA RIO","robots":{"index":"index","follow":"follow","max-snippet":"max-snippet:-1","max-image-preview":"max-image-preview:large","max-video-preview":"max-video-preview:-1"},"canonical":"https:\/\/jornalbeirario.com.br\/portal\/?p=20515","og_locale":"pt_BR","og_type":"article","og_title":"La\u00eds Amaral - JORNAL BEIRA RIO","og_description":"Globo, de aliado de primeira hora a arrependido oportunista No dia 2 de abril de 1964, come\u00e7ava assim o editorial do jornal O Globo:","og_url":"https:\/\/jornalbeirario.com.br\/portal\/?p=20515","og_site_name":"JORNAL BEIRA RIO","article_published_time":"2014-03-28T09:52:44+00:00","author":"Jornal BEIRA-RIO","twitter_card":"summary_large_image","twitter_misc":{"Escrito por":"Jornal BEIRA-RIO","Est. tempo de leitura":"5 minutos"},"schema":{"@context":"https:\/\/schema.org","@graph":[{"@type":"Article","@id":"https:\/\/jornalbeirario.com.br\/portal\/?p=20515#article","isPartOf":{"@id":"https:\/\/jornalbeirario.com.br\/portal\/?p=20515"},"author":{"name":"Jornal BEIRA-RIO","@id":"https:\/\/jornalbeirario.com.br\/portal\/#\/schema\/person\/c6c423e4c2465d2a9233f6539173e7c1"},"headline":"La\u00eds Amaral","datePublished":"2014-03-28T09:52:44+00:00","mainEntityOfPage":{"@id":"https:\/\/jornalbeirario.com.br\/portal\/?p=20515"},"wordCount":919,"commentCount":0,"publisher":{"@id":"https:\/\/jornalbeirario.com.br\/portal\/#organization"},"articleSection":["Social"],"inLanguage":"pt-BR","potentialAction":[{"@type":"CommentAction","name":"Comment","target":["https:\/\/jornalbeirario.com.br\/portal\/?p=20515#respond"]}]},{"@type":"WebPage","@id":"https:\/\/jornalbeirario.com.br\/portal\/?p=20515","url":"https:\/\/jornalbeirario.com.br\/portal\/?p=20515","name":"La\u00eds Amaral - JORNAL BEIRA RIO","isPartOf":{"@id":"https:\/\/jornalbeirario.com.br\/portal\/#website"},"datePublished":"2014-03-28T09:52:44+00:00","breadcrumb":{"@id":"https:\/\/jornalbeirario.com.br\/portal\/?p=20515#breadcrumb"},"inLanguage":"pt-BR","potentialAction":[{"@type":"ReadAction","target":["https:\/\/jornalbeirario.com.br\/portal\/?p=20515"]}]},{"@type":"BreadcrumbList","@id":"https:\/\/jornalbeirario.com.br\/portal\/?p=20515#breadcrumb","itemListElement":[{"@type":"ListItem","position":1,"name":"Home","item":"https:\/\/jornalbeirario.com.br\/portal"},{"@type":"ListItem","position":2,"name":"La\u00eds Amaral"}]},{"@type":"WebSite","@id":"https:\/\/jornalbeirario.com.br\/portal\/#website","url":"https:\/\/jornalbeirario.com.br\/portal\/","name":"JORNAL BEIRA RIO","description":"","publisher":{"@id":"https:\/\/jornalbeirario.com.br\/portal\/#organization"},"potentialAction":[{"@type":"SearchAction","target":{"@type":"EntryPoint","urlTemplate":"https:\/\/jornalbeirario.com.br\/portal\/?s={search_term_string}"},"query-input":{"@type":"PropertyValueSpecification","valueRequired":true,"valueName":"search_term_string"}}],"inLanguage":"pt-BR"},{"@type":"Organization","@id":"https:\/\/jornalbeirario.com.br\/portal\/#organization","name":"JORNAL BEIRA RIO","url":"https:\/\/jornalbeirario.com.br\/portal\/","logo":{"@type":"ImageObject","inLanguage":"pt-BR","@id":"https:\/\/jornalbeirario.com.br\/portal\/#\/schema\/logo\/image\/","url":"https:\/\/jornalbeirario.com.br\/portal\/wp-content\/uploads\/2017\/09\/BEIRA-RIO_logo600.png","contentUrl":"https:\/\/jornalbeirario.com.br\/portal\/wp-content\/uploads\/2017\/09\/BEIRA-RIO_logo600.png","width":650,"height":108,"caption":"JORNAL BEIRA RIO"},"image":{"@id":"https:\/\/jornalbeirario.com.br\/portal\/#\/schema\/logo\/image\/"}},{"@type":"Person","@id":"https:\/\/jornalbeirario.com.br\/portal\/#\/schema\/person\/c6c423e4c2465d2a9233f6539173e7c1","name":"Jornal BEIRA-RIO","image":{"@type":"ImageObject","inLanguage":"pt-BR","@id":"https:\/\/jornalbeirario.com.br\/portal\/wp-content\/uploads\/2023\/10\/logojbr1.jpg","url":"https:\/\/jornalbeirario.com.br\/portal\/wp-content\/uploads\/2023\/10\/logojbr1.jpg","contentUrl":"https:\/\/jornalbeirario.com.br\/portal\/wp-content\/uploads\/2023\/10\/logojbr1.jpg","caption":"Jornal BEIRA-RIO"},"url":"https:\/\/jornalbeirario.com.br\/portal\/?author=1"}]}},"_links":{"self":[{"href":"https:\/\/jornalbeirario.com.br\/portal\/index.php?rest_route=\/wp\/v2\/posts\/20515","targetHints":{"allow":["GET"]}}],"collection":[{"href":"https:\/\/jornalbeirario.com.br\/portal\/index.php?rest_route=\/wp\/v2\/posts"}],"about":[{"href":"https:\/\/jornalbeirario.com.br\/portal\/index.php?rest_route=\/wp\/v2\/types\/post"}],"author":[{"embeddable":true,"href":"https:\/\/jornalbeirario.com.br\/portal\/index.php?rest_route=\/wp\/v2\/users\/1"}],"replies":[{"embeddable":true,"href":"https:\/\/jornalbeirario.com.br\/portal\/index.php?rest_route=%2Fwp%2Fv2%2Fcomments&post=20515"}],"version-history":[{"count":1,"href":"https:\/\/jornalbeirario.com.br\/portal\/index.php?rest_route=\/wp\/v2\/posts\/20515\/revisions"}],"predecessor-version":[{"id":20516,"href":"https:\/\/jornalbeirario.com.br\/portal\/index.php?rest_route=\/wp\/v2\/posts\/20515\/revisions\/20516"}],"wp:attachment":[{"href":"https:\/\/jornalbeirario.com.br\/portal\/index.php?rest_route=%2Fwp%2Fv2%2Fmedia&parent=20515"}],"wp:term":[{"taxonomy":"category","embeddable":true,"href":"https:\/\/jornalbeirario.com.br\/portal\/index.php?rest_route=%2Fwp%2Fv2%2Fcategories&post=20515"},{"taxonomy":"post_tag","embeddable":true,"href":"https:\/\/jornalbeirario.com.br\/portal\/index.php?rest_route=%2Fwp%2Fv2%2Ftags&post=20515"}],"curies":[{"name":"wp","href":"https:\/\/api.w.org\/{rel}","templated":true}]}}