
{"id":20510,"date":"2014-03-28T09:47:53","date_gmt":"2014-03-28T09:47:53","guid":{"rendered":"http:\/\/jornalbeirario.com.br\/portal\/portal\/?p=20510"},"modified":"2014-03-28T09:48:27","modified_gmt":"2014-03-28T09:48:27","slug":"beira-rio-completa-17-anos","status":"publish","type":"post","link":"https:\/\/jornalbeirario.com.br\/portal\/?p=20510","title":{"rendered":"BEIRA-RIO completa 17 anos!"},"content":{"rendered":"<p style=\"text-align: justify;\">Nesta sexta, dia 28 de mar\u00e7o, o jornal BEIRA-RIO completa 17 anos de exist\u00eancia e resist\u00eancia. Resist\u00eancia, inclusive ao que acredito, ser o fim do jornalismo tradicional e que um dia pensei ser um grande instrumento de transforma\u00e7\u00e3o, para melhor, de qualquer sociedade. De certa forma, ainda acredito no jornalismo que pratico e que est\u00e1 muito pr\u00f3ximo da extin\u00e7\u00e3o. Extin\u00e7\u00e3o no que tange ao conte\u00fado e \u00e0 forma. Na d\u00e9cada de 80 do s\u00e9culo passado, quando comecei a estudar Jornalismo, incentivada pelo ambiente de trabalho \u2013 o antigo e bom Jornal do Brasil \u2013 nem de longe podia imaginar a evolu\u00e7\u00e3o tecnol\u00f3gica que passamos nas \u00faltimas d\u00e9cadas e nem quanto os objetivos do interesse p\u00fablico ficariam irrelevantes. O pr\u00f3prio JB, o primeiro a se render \u2013 n\u00e3o teve muitas op\u00e7\u00f5es depois de vendido \u2013 \u00e0s novas tecnologias teve na nova forma, sem d\u00favida, o conte\u00fado colocado em segundo plano. Hoje, nem tanto. \u00c9 a acomoda\u00e7\u00e3o que o mercado obriga que profissionais e leitores se adaptem, mas tamb\u00e9m abre muitas possibilidades de intera\u00e7\u00e3o e participa\u00e7\u00e3o.<\/p>\n<p style=\"text-align: justify;\">O jornalismo no mundo digital \u00e9 uma realidade, ainda que exista um campo a ser melhor compreendido n\u00e3o apenas por quem produz e difunde informa\u00e7\u00e3o, mas tamb\u00e9m por quem a consome. Hoje, o grande impasse dos sites jornal\u00edsticos \u00e9 definir se cobra ou n\u00e3o por conte\u00fado do usu\u00e1rio da internet, mas existem outras quest\u00f5es, a meu ver mais importantes. A quest\u00e3o hoje, e que ao completar 17 anos de JBR fica mais clara, refere-se \u00e0 transforma\u00e7\u00e3o do jornalismo muito bem definida por uma editora inglesa, a subeditora do The Guardian, Katherine Viner: \u201cNa realidade, o digital representa uma enorme mudan\u00e7a conceitual, uma mudan\u00e7a sociol\u00f3gica, uma bomba de fragmenta\u00e7\u00e3o explodindo quem somos, como \u00e9 organizado o nosso mundo, como nos vemos, como vivemos. N\u00f3s estamos bem no meio dessa mudan\u00e7a e, \u00e0s vezes, t\u00e3o perto que fica dif\u00edcil enxergarmos. Mas \u00e9 muito profundo e vem acontecendo a uma velocidade quase inacredit\u00e1vel\u201d.<\/p>\n<p style=\"text-align: justify;\">Pois \u00e9, estamos vivendo talvez, o fim dos meios de massa, que ali\u00e1s deram muito poder para alguns grupos para uma nova era mais plural e participativa. Gosto disso e vou investir nisso.<\/p>\n<p style=\"text-align: justify;\">O jornal BEIRA-RIO est\u00e1 reformulando o site (www.jornalbeirario.com.br) e a partir desta data ganha novo status, inclusive comercializando espa\u00e7os. Veja s\u00f3, o site do jornal existe desde 2008 e, durante todo este per\u00edodo, nunca vendemos qualquer espa\u00e7o. Foi uma op\u00e7\u00e3o da dire\u00e7\u00e3o do jornal ou talvez uma resist\u00eancia \u2013 confesso &#8211; que agora n\u00e3o cabe mais. E mesmo tendo algumas mat\u00e9rias exclusivas de assinantes o n\u00famero de acessos ao site do JBR tem sido surpreendente, e claro, isto nos motivou a investir muito mais a partir de 2014.<\/p>\n<p style=\"text-align: justify;\">N\u00e3o se trata apenas do n\u00famero de acessos, mas tamb\u00e9m o tempo que o leitor fica no site. Uma m\u00e9dia de 11 minutos, o que \u00e9 considerado muito bom para sites jornal\u00edsticos. Da\u00ed, o desafio que agora enfrentamos: fazer jornalismo aberto. Trabalhar com os fatos de que, muitas vezes, o leitor sabe mais do que a mat\u00e9ria apresenta e diz isso imediatamente ao ler, encarar os erros como processo de reconstru\u00e7\u00e3o da informa\u00e7\u00e3o e n\u00e3o apenas como retifica\u00e7\u00e3o, admitir a participa\u00e7\u00e3o dos leitores na constru\u00e7\u00e3o de fatos, principalmente os temporais, e permitir a abertura total do conte\u00fado do site, al\u00e9m \u00e9 claro de sair em campo para buscar de patrocinadores que valorizem a marca e a credibilidade conquistadas.<\/p>\n<p style=\"text-align: justify;\">O BEIRA-RIO cresceu, s\u00e3o 17 anos e come\u00e7a a ganhar uma nova forma. Uma nova forma que j\u00e1 me ganhou e portanto, agora come\u00e7a a migrar com muito mais for\u00e7a seus leitores para o mundo digital. Mundo mais veloz, mais interativo e inteiro e isto n\u00e3o significa o fim das mat\u00e9rias investigativas, mas com a certeza que o modelo de investiga\u00e7\u00e3o hoje tamb\u00e9m sofre transforma\u00e7\u00e3o e passa pelo mundo digital. Do contr\u00e1rio, qual a finalidade da abertura das informa\u00e7\u00f5es e dados p\u00fablicos, outra luta que me engajei por acreditar que este \u00e9 o caminho mais plural e de oportunidades coletivas que temos nos \u00faltimos anos. Realmente vivemos uma revolu\u00e7\u00e3o tecnol\u00f3gica e viva esta tecnologia que nos permite reaprender como produzir e difundir informa\u00e7\u00f5es a partir deste novo contexto. Na verdade, estamos formando este novo paradigma da comunica\u00e7\u00e3o que percebo \u00e9 cada mais urgente sua compreens\u00e3o. Vivemos esta semana a aprova\u00e7\u00e3o, na C\u00e2mara, do Marco Civil da Internet cujo objetivo maior \u00e9 facilitar o acesso para todos; foi constru\u00eddo (o pro<br \/>\njeto de lei) com a participa\u00e7\u00e3o popular e de internautas, tramitou tr\u00eas anos e finalmente foi aprovado e com uma vit\u00f3ria que considero uma das mais importantes, que todos possam ter acesso ao conte\u00fado que trafega na net, ou seja, as operadoras n\u00e3o poder\u00e3o limitar ou cobrar em novos planos por isso. Ou seja, as operadoras de telecomunica\u00e7\u00e3o s\u00e3o contr\u00e1rias a esse princ\u00edpio da neutralidade, porque, sem ele, poderiam cobrar por pacotes de conte\u00fado. Por exemplo, um plano s\u00f3 para acessar e-mail e redes sociais poderia custar R$ 20, enquanto um pacote que inclua o uso de Skype poderia chegar a R$ 50. Entendeu? Por isso tem tanta campanha contra. Contra os interesses que v\u00e3o contra o usu\u00e1rio, n\u00f3s. Mas este \u00e9 outro assunto. O fato \u00e9 que a net faz parte da nossa vida, cada dia mais, e nos proporcionar mais que informa\u00e7\u00e3o, nos proporciona a possibilidade de checar rapidamente a veracidade, fonte e fidedignidade das informa\u00e7\u00f5es; compartilhar ou n\u00e3o a informa\u00e7\u00e3o que consideramos importante para a constru\u00e7\u00e3o que queremos em nossa sociedade. Basta saber apenas o que realmente queremos, mas isto tamb\u00e9m \u00e9 outro assunto.<\/p>\n<p style=\"text-align: justify;\">O BEIRA-RIO canta parab\u00e9ns neste dia 28 e se orgulha de ter nascido na cidade de Resende (para Resende e cidades vizinhas) e ter contribu\u00eddo muito ao longo destes 17 anos para a transforma\u00e7\u00e3o de uma sociedade que sabe reconhece e confia em nosso trabalho. N\u00e3o \u00e0 toa estamos aqui. O BEIRA-RIO come\u00e7a uma nova fase de maior intera\u00e7\u00e3o com seu leitor e aprofundando alguns assuntos como meio ambiente, economia e claro, pol\u00edtica. Vamos que vamos, que o caminho \u00e9 longo, a luta \u00e9 \u00e1rdua, mas os resultados, os que colhemos nesses anos, nos d\u00e3o certeza de afirmar, que sempre vale a pena.<\/p>\n<p style=\"text-align: justify;\">No domingo dia 30 tem o BEIRA-RIO de Portas Abertas, quando recebemos os amigos e leitores para um cafezinho. Neste pr\u00f3ximo, com sabor de parab\u00e9ns pra voc\u00ea! At\u00e9 l\u00e1!<\/p>\n<p style=\"text-align: justify;\">Ana L\u00facia<br \/>\neditora do jornal BEIRA-RIO<br \/>\nanalucia@jornalbeirario.com.br<\/p>\n","protected":false},"excerpt":{"rendered":"<p>Nesta sexta, dia 28 de mar\u00e7o, o jornal BEIRA-RIO completa 17 anos de exist\u00eancia e resist\u00eancia. Resist\u00eancia, inclusive ao que acredito, ser o fim<\/p>\n","protected":false},"author":1,"featured_media":0,"comment_status":"open","ping_status":"open","sticky":false,"template":"","format":"standard","meta":{"pmpro_default_level":"","footnotes":""},"categories":[8],"tags":[],"class_list":["post-20510","post","type-post","status-publish","format-standard","hentry","category-opiniao","pmpro-has-access"],"yoast_head":"<!-- This site is optimized with the Yoast SEO plugin v27.4 - https:\/\/yoast.com\/product\/yoast-seo-wordpress\/ -->\n<title>BEIRA-RIO completa 17 anos! - JORNAL BEIRA RIO<\/title>\n<meta name=\"robots\" content=\"index, follow, max-snippet:-1, max-image-preview:large, max-video-preview:-1\" \/>\n<link rel=\"canonical\" href=\"https:\/\/jornalbeirario.com.br\/portal\/?p=20510\" \/>\n<meta property=\"og:locale\" content=\"pt_BR\" \/>\n<meta property=\"og:type\" content=\"article\" \/>\n<meta property=\"og:title\" content=\"BEIRA-RIO completa 17 anos! - JORNAL BEIRA RIO\" \/>\n<meta property=\"og:description\" content=\"Nesta sexta, dia 28 de mar\u00e7o, o jornal BEIRA-RIO completa 17 anos de exist\u00eancia e resist\u00eancia. Resist\u00eancia, inclusive ao que acredito, ser o fim\" \/>\n<meta property=\"og:url\" content=\"https:\/\/jornalbeirario.com.br\/portal\/?p=20510\" \/>\n<meta property=\"og:site_name\" content=\"JORNAL BEIRA RIO\" \/>\n<meta property=\"article:published_time\" content=\"2014-03-28T09:47:53+00:00\" \/>\n<meta property=\"article:modified_time\" content=\"2014-03-28T09:48:27+00:00\" \/>\n<meta name=\"author\" content=\"Jornal BEIRA-RIO\" \/>\n<meta name=\"twitter:card\" content=\"summary_large_image\" \/>\n<meta name=\"twitter:label1\" content=\"Escrito por\" \/>\n\t<meta name=\"twitter:data1\" content=\"Jornal BEIRA-RIO\" \/>\n\t<meta name=\"twitter:label2\" content=\"Est. tempo de leitura\" \/>\n\t<meta name=\"twitter:data2\" content=\"6 minutos\" \/>\n<script type=\"application\/ld+json\" class=\"yoast-schema-graph\">{\"@context\":\"https:\\\/\\\/schema.org\",\"@graph\":[{\"@type\":\"Article\",\"@id\":\"https:\\\/\\\/jornalbeirario.com.br\\\/portal\\\/?p=20510#article\",\"isPartOf\":{\"@id\":\"https:\\\/\\\/jornalbeirario.com.br\\\/portal\\\/?p=20510\"},\"author\":{\"name\":\"Jornal BEIRA-RIO\",\"@id\":\"https:\\\/\\\/jornalbeirario.com.br\\\/portal\\\/#\\\/schema\\\/person\\\/c6c423e4c2465d2a9233f6539173e7c1\"},\"headline\":\"BEIRA-RIO completa 17 anos!\",\"datePublished\":\"2014-03-28T09:47:53+00:00\",\"dateModified\":\"2014-03-28T09:48:27+00:00\",\"mainEntityOfPage\":{\"@id\":\"https:\\\/\\\/jornalbeirario.com.br\\\/portal\\\/?p=20510\"},\"wordCount\":1149,\"commentCount\":1,\"publisher\":{\"@id\":\"https:\\\/\\\/jornalbeirario.com.br\\\/portal\\\/#organization\"},\"articleSection\":[\"Opini\u00e3o\"],\"inLanguage\":\"pt-BR\",\"potentialAction\":[{\"@type\":\"CommentAction\",\"name\":\"Comment\",\"target\":[\"https:\\\/\\\/jornalbeirario.com.br\\\/portal\\\/?p=20510#respond\"]}]},{\"@type\":\"WebPage\",\"@id\":\"https:\\\/\\\/jornalbeirario.com.br\\\/portal\\\/?p=20510\",\"url\":\"https:\\\/\\\/jornalbeirario.com.br\\\/portal\\\/?p=20510\",\"name\":\"BEIRA-RIO completa 17 anos! - JORNAL BEIRA RIO\",\"isPartOf\":{\"@id\":\"https:\\\/\\\/jornalbeirario.com.br\\\/portal\\\/#website\"},\"datePublished\":\"2014-03-28T09:47:53+00:00\",\"dateModified\":\"2014-03-28T09:48:27+00:00\",\"breadcrumb\":{\"@id\":\"https:\\\/\\\/jornalbeirario.com.br\\\/portal\\\/?p=20510#breadcrumb\"},\"inLanguage\":\"pt-BR\",\"potentialAction\":[{\"@type\":\"ReadAction\",\"target\":[\"https:\\\/\\\/jornalbeirario.com.br\\\/portal\\\/?p=20510\"]}]},{\"@type\":\"BreadcrumbList\",\"@id\":\"https:\\\/\\\/jornalbeirario.com.br\\\/portal\\\/?p=20510#breadcrumb\",\"itemListElement\":[{\"@type\":\"ListItem\",\"position\":1,\"name\":\"Home\",\"item\":\"https:\\\/\\\/jornalbeirario.com.br\\\/portal\"},{\"@type\":\"ListItem\",\"position\":2,\"name\":\"BEIRA-RIO completa 17 anos!\"}]},{\"@type\":\"WebSite\",\"@id\":\"https:\\\/\\\/jornalbeirario.com.br\\\/portal\\\/#website\",\"url\":\"https:\\\/\\\/jornalbeirario.com.br\\\/portal\\\/\",\"name\":\"JORNAL BEIRA RIO\",\"description\":\"\",\"publisher\":{\"@id\":\"https:\\\/\\\/jornalbeirario.com.br\\\/portal\\\/#organization\"},\"potentialAction\":[{\"@type\":\"SearchAction\",\"target\":{\"@type\":\"EntryPoint\",\"urlTemplate\":\"https:\\\/\\\/jornalbeirario.com.br\\\/portal\\\/?s={search_term_string}\"},\"query-input\":{\"@type\":\"PropertyValueSpecification\",\"valueRequired\":true,\"valueName\":\"search_term_string\"}}],\"inLanguage\":\"pt-BR\"},{\"@type\":\"Organization\",\"@id\":\"https:\\\/\\\/jornalbeirario.com.br\\\/portal\\\/#organization\",\"name\":\"JORNAL BEIRA RIO\",\"url\":\"https:\\\/\\\/jornalbeirario.com.br\\\/portal\\\/\",\"logo\":{\"@type\":\"ImageObject\",\"inLanguage\":\"pt-BR\",\"@id\":\"https:\\\/\\\/jornalbeirario.com.br\\\/portal\\\/#\\\/schema\\\/logo\\\/image\\\/\",\"url\":\"https:\\\/\\\/jornalbeirario.com.br\\\/portal\\\/wp-content\\\/uploads\\\/2017\\\/09\\\/BEIRA-RIO_logo600.png\",\"contentUrl\":\"https:\\\/\\\/jornalbeirario.com.br\\\/portal\\\/wp-content\\\/uploads\\\/2017\\\/09\\\/BEIRA-RIO_logo600.png\",\"width\":650,\"height\":108,\"caption\":\"JORNAL BEIRA RIO\"},\"image\":{\"@id\":\"https:\\\/\\\/jornalbeirario.com.br\\\/portal\\\/#\\\/schema\\\/logo\\\/image\\\/\"}},{\"@type\":\"Person\",\"@id\":\"https:\\\/\\\/jornalbeirario.com.br\\\/portal\\\/#\\\/schema\\\/person\\\/c6c423e4c2465d2a9233f6539173e7c1\",\"name\":\"Jornal BEIRA-RIO\",\"image\":{\"@type\":\"ImageObject\",\"inLanguage\":\"pt-BR\",\"@id\":\"https:\\\/\\\/jornalbeirario.com.br\\\/portal\\\/wp-content\\\/uploads\\\/2023\\\/10\\\/logojbr1.jpg\",\"url\":\"https:\\\/\\\/jornalbeirario.com.br\\\/portal\\\/wp-content\\\/uploads\\\/2023\\\/10\\\/logojbr1.jpg\",\"contentUrl\":\"https:\\\/\\\/jornalbeirario.com.br\\\/portal\\\/wp-content\\\/uploads\\\/2023\\\/10\\\/logojbr1.jpg\",\"caption\":\"Jornal BEIRA-RIO\"},\"url\":\"https:\\\/\\\/jornalbeirario.com.br\\\/portal\\\/?author=1\"}]}<\/script>\n<!-- \/ Yoast SEO plugin. -->","yoast_head_json":{"title":"BEIRA-RIO completa 17 anos! - JORNAL BEIRA RIO","robots":{"index":"index","follow":"follow","max-snippet":"max-snippet:-1","max-image-preview":"max-image-preview:large","max-video-preview":"max-video-preview:-1"},"canonical":"https:\/\/jornalbeirario.com.br\/portal\/?p=20510","og_locale":"pt_BR","og_type":"article","og_title":"BEIRA-RIO completa 17 anos! - JORNAL BEIRA RIO","og_description":"Nesta sexta, dia 28 de mar\u00e7o, o jornal BEIRA-RIO completa 17 anos de exist\u00eancia e resist\u00eancia. Resist\u00eancia, inclusive ao que acredito, ser o fim","og_url":"https:\/\/jornalbeirario.com.br\/portal\/?p=20510","og_site_name":"JORNAL BEIRA RIO","article_published_time":"2014-03-28T09:47:53+00:00","article_modified_time":"2014-03-28T09:48:27+00:00","author":"Jornal BEIRA-RIO","twitter_card":"summary_large_image","twitter_misc":{"Escrito por":"Jornal BEIRA-RIO","Est. tempo de leitura":"6 minutos"},"schema":{"@context":"https:\/\/schema.org","@graph":[{"@type":"Article","@id":"https:\/\/jornalbeirario.com.br\/portal\/?p=20510#article","isPartOf":{"@id":"https:\/\/jornalbeirario.com.br\/portal\/?p=20510"},"author":{"name":"Jornal BEIRA-RIO","@id":"https:\/\/jornalbeirario.com.br\/portal\/#\/schema\/person\/c6c423e4c2465d2a9233f6539173e7c1"},"headline":"BEIRA-RIO completa 17 anos!","datePublished":"2014-03-28T09:47:53+00:00","dateModified":"2014-03-28T09:48:27+00:00","mainEntityOfPage":{"@id":"https:\/\/jornalbeirario.com.br\/portal\/?p=20510"},"wordCount":1149,"commentCount":1,"publisher":{"@id":"https:\/\/jornalbeirario.com.br\/portal\/#organization"},"articleSection":["Opini\u00e3o"],"inLanguage":"pt-BR","potentialAction":[{"@type":"CommentAction","name":"Comment","target":["https:\/\/jornalbeirario.com.br\/portal\/?p=20510#respond"]}]},{"@type":"WebPage","@id":"https:\/\/jornalbeirario.com.br\/portal\/?p=20510","url":"https:\/\/jornalbeirario.com.br\/portal\/?p=20510","name":"BEIRA-RIO completa 17 anos! - JORNAL BEIRA RIO","isPartOf":{"@id":"https:\/\/jornalbeirario.com.br\/portal\/#website"},"datePublished":"2014-03-28T09:47:53+00:00","dateModified":"2014-03-28T09:48:27+00:00","breadcrumb":{"@id":"https:\/\/jornalbeirario.com.br\/portal\/?p=20510#breadcrumb"},"inLanguage":"pt-BR","potentialAction":[{"@type":"ReadAction","target":["https:\/\/jornalbeirario.com.br\/portal\/?p=20510"]}]},{"@type":"BreadcrumbList","@id":"https:\/\/jornalbeirario.com.br\/portal\/?p=20510#breadcrumb","itemListElement":[{"@type":"ListItem","position":1,"name":"Home","item":"https:\/\/jornalbeirario.com.br\/portal"},{"@type":"ListItem","position":2,"name":"BEIRA-RIO completa 17 anos!"}]},{"@type":"WebSite","@id":"https:\/\/jornalbeirario.com.br\/portal\/#website","url":"https:\/\/jornalbeirario.com.br\/portal\/","name":"JORNAL BEIRA RIO","description":"","publisher":{"@id":"https:\/\/jornalbeirario.com.br\/portal\/#organization"},"potentialAction":[{"@type":"SearchAction","target":{"@type":"EntryPoint","urlTemplate":"https:\/\/jornalbeirario.com.br\/portal\/?s={search_term_string}"},"query-input":{"@type":"PropertyValueSpecification","valueRequired":true,"valueName":"search_term_string"}}],"inLanguage":"pt-BR"},{"@type":"Organization","@id":"https:\/\/jornalbeirario.com.br\/portal\/#organization","name":"JORNAL BEIRA RIO","url":"https:\/\/jornalbeirario.com.br\/portal\/","logo":{"@type":"ImageObject","inLanguage":"pt-BR","@id":"https:\/\/jornalbeirario.com.br\/portal\/#\/schema\/logo\/image\/","url":"https:\/\/jornalbeirario.com.br\/portal\/wp-content\/uploads\/2017\/09\/BEIRA-RIO_logo600.png","contentUrl":"https:\/\/jornalbeirario.com.br\/portal\/wp-content\/uploads\/2017\/09\/BEIRA-RIO_logo600.png","width":650,"height":108,"caption":"JORNAL BEIRA RIO"},"image":{"@id":"https:\/\/jornalbeirario.com.br\/portal\/#\/schema\/logo\/image\/"}},{"@type":"Person","@id":"https:\/\/jornalbeirario.com.br\/portal\/#\/schema\/person\/c6c423e4c2465d2a9233f6539173e7c1","name":"Jornal BEIRA-RIO","image":{"@type":"ImageObject","inLanguage":"pt-BR","@id":"https:\/\/jornalbeirario.com.br\/portal\/wp-content\/uploads\/2023\/10\/logojbr1.jpg","url":"https:\/\/jornalbeirario.com.br\/portal\/wp-content\/uploads\/2023\/10\/logojbr1.jpg","contentUrl":"https:\/\/jornalbeirario.com.br\/portal\/wp-content\/uploads\/2023\/10\/logojbr1.jpg","caption":"Jornal BEIRA-RIO"},"url":"https:\/\/jornalbeirario.com.br\/portal\/?author=1"}]}},"_links":{"self":[{"href":"https:\/\/jornalbeirario.com.br\/portal\/index.php?rest_route=\/wp\/v2\/posts\/20510","targetHints":{"allow":["GET"]}}],"collection":[{"href":"https:\/\/jornalbeirario.com.br\/portal\/index.php?rest_route=\/wp\/v2\/posts"}],"about":[{"href":"https:\/\/jornalbeirario.com.br\/portal\/index.php?rest_route=\/wp\/v2\/types\/post"}],"author":[{"embeddable":true,"href":"https:\/\/jornalbeirario.com.br\/portal\/index.php?rest_route=\/wp\/v2\/users\/1"}],"replies":[{"embeddable":true,"href":"https:\/\/jornalbeirario.com.br\/portal\/index.php?rest_route=%2Fwp%2Fv2%2Fcomments&post=20510"}],"version-history":[{"count":2,"href":"https:\/\/jornalbeirario.com.br\/portal\/index.php?rest_route=\/wp\/v2\/posts\/20510\/revisions"}],"predecessor-version":[{"id":20512,"href":"https:\/\/jornalbeirario.com.br\/portal\/index.php?rest_route=\/wp\/v2\/posts\/20510\/revisions\/20512"}],"wp:attachment":[{"href":"https:\/\/jornalbeirario.com.br\/portal\/index.php?rest_route=%2Fwp%2Fv2%2Fmedia&parent=20510"}],"wp:term":[{"taxonomy":"category","embeddable":true,"href":"https:\/\/jornalbeirario.com.br\/portal\/index.php?rest_route=%2Fwp%2Fv2%2Fcategories&post=20510"},{"taxonomy":"post_tag","embeddable":true,"href":"https:\/\/jornalbeirario.com.br\/portal\/index.php?rest_route=%2Fwp%2Fv2%2Ftags&post=20510"}],"curies":[{"name":"wp","href":"https:\/\/api.w.org\/{rel}","templated":true}]}}