
{"id":20354,"date":"2014-03-21T12:21:25","date_gmt":"2014-03-21T12:21:25","guid":{"rendered":"http:\/\/jornalbeirario.com.br\/portal\/portal\/?p=20354"},"modified":"2014-03-21T12:21:54","modified_gmt":"2014-03-21T12:21:54","slug":"20354","status":"publish","type":"post","link":"https:\/\/jornalbeirario.com.br\/portal\/?p=20354","title":{"rendered":"Cartas e E-mails"},"content":{"rendered":"<p style=\"text-align: justify;\">Prezada Editora,<br \/>\nNo dia 14 de mar\u00e7o, foi inaugurada a IBR-LAM &#8211; Lamina\u00e7\u00e3o de Metais Ltda (IBRAME), que produzir\u00e1 inicialmente 70 mil toneladas de cobre por ano de vergalh\u00f5es, podendo chegar a 100 mil. Estar\u00e3o presentes autoridades como o Vice-Presidente da Rep\u00fablica, Michel Temer, o Governador S\u00e9rgio Cabral, o Vice-Governador, Luiz Fernando de Souza, o Prefeito Yp\u00ea entre outros.<br \/>\nO Secret\u00e1rio Denilson Sampaio afirma que \u201cdesde o in\u00edcio, a empresa se mostrou parceira da Prefeitura e da comunidade, o que auxiliar\u00e1 a administra\u00e7\u00e3o municipal na realiza\u00e7\u00e3o de projetos importantes para a cidade\u201d, pois pretende doar \u00e0 Prefeitura, um terreno para a constru\u00e7\u00e3o de um deck para observa\u00e7\u00e3o de p\u00e1ssaros e um centro de capacita\u00e7\u00e3o.<br \/>\nO governo tamb\u00e9m afirma que a empresa utilizar\u00e1 \u201cum sistema industrial desenvolvido e aperfei\u00e7oado na It\u00e1lia, e que permitir\u00e1 que a fabrica\u00e7\u00e3o n\u00e3o emita res\u00edduos poluidores na atmosfera. Vinte por cento do total investido na implanta\u00e7\u00e3o da f\u00e1brica foi utilizado para garantir este padr\u00e3o internacional de produ\u00e7\u00e3o.\u201d<br \/>\nEnt\u00e3o devemos ficar todos contentes, pois o \u201cnosso querido governo\u201d cuida do nosso bem estar e do desenvolvimento de Itatiaia. Ser\u00e1?<br \/>\nComo dizem os \u201cantigos (digo isso, por que em geral, essas autoridades detestam tudo que n\u00e3o se pare\u00e7a com a tal \u201cmodernidade\u201d que defendem), s\u00e1bios em sua experi\u00eancia, devemos ficar com nosso \u201cdesconfi\u00f4metro sempre ligado\u201d quando se trata de propaganda de governo. A realidade \u00e9 sempre muito diferente do que eles divulgam.<br \/>\nO governo diz que a empresa \u00e9 PARCEIRA, que AUXILIAR\u00c1 a administra\u00e7\u00e3o e a comunidade DOANDO deck para observa\u00e7\u00e3o de p\u00e1ssaros, centro de capacita\u00e7\u00e3o, que N\u00c3O POLUIR\u00c1 por que utilizar\u00e1 um sistema industrial de padr\u00e3o internacional. Como assim? Quem auxilia, quem ajuda quem? N\u00e3o ser\u00e1 o contr\u00e1rio? Devemos ficar satisfeitos e ter como principal assunto qual BBB ir\u00e1 para o pared\u00e3o?<br \/>\nSobre a quest\u00e3o da a polui\u00e7\u00e3o, j\u00e1 observamos o in\u00edcio da destrui\u00e7\u00e3o das turfeiras, condi\u00e7\u00e3o essencial para a preserva\u00e7\u00e3o de diversas esp\u00e9cies e especialmente dos p\u00e1ssaros que as utilizam para recarregarem suas energias em sua viagem migrat\u00f3ria. A estrada constru\u00edda, com uma rapidez \u201cnunca antes vista na hist\u00f3ria de Itatiaia\u201d j\u00e1 destruiu parte de uma delas, o que certamente deve ter tamb\u00e9m ocorrido na constru\u00e7\u00e3o dos \u201cgalp\u00f5es em frente a Hyundai e a P &amp; G. Quem acompanhou\/acompanha a lutados bravos resendenses para a preserva\u00e7\u00e3o das lagoas e turfeiras por ocasi\u00e3o da constru\u00e7\u00e3o da Nissan, sabe do que estou falando.<br \/>\nHouve estudo de impacto ambiental?<br \/>\n\u201cN\u00c3O DEVEMOS FICAR NA PROPAGANDA DO DESENVOLVIMENTISMO\u201d deputado Marcelo Freixo<br \/>\nAntes, devo esclarecer que n\u00e3o sou contr\u00e1rio \u00e0 vinda de ind\u00fastrias, mas \u00e9 \u00f3bvio que temos que estar atentos para os limites e impacto socioambiental que isso provoca.<br \/>\nOutro aspecto \u00e9 a propaganda do governo nos passando a ideia de que essas empresas e empres\u00e1rios s\u00e3o muito generosos, desapegados sempre dispostos a ajudar nossa querida cidade. N\u00e3o \u00e9 bem assim, ou melhor, \u00e9 exatamente o contr\u00e1rio.<br \/>\nDurante o debate sobre o projeto para a instala\u00e7\u00e3o da Jaguar Land Rover realizado na sess\u00f5es da ALERJ (Assembleia Legislativa do Estado), em dezembro de 2013, o deputado Marcelo Freixo fez pronunciamentos muito esclarecedores sobre esse tema. Quem ainda n\u00e3o assistiu os v\u00eddeos deve conferir.<br \/>\nwww.youtube.com\/watch?v=MdbOQEFPAGs<br \/>\nwww.youtube.com\/watch?v=L_0cO_WdMOg<br \/>\nVeja alguns itens \u201cpacote de bondades\u201d dos governos Cabral\/Pez\u00e3o para os empres\u00e1rios destacados pelo deputado:<br \/>\n&#8211; DOA\u00c7\u00c3O de terreno pela Codin (Companhia de Desenvolvimento industrial do Estado do Rio de Janeiro) que, se confirmado, equivale a tr\u00eas est\u00e1dios do Maracan\u00e3, que depois poder\u00e1 ser VENDIDO em todo ou em parte pela empresa. Essa \u00e9 a mesma \u201cempresa\u201d que retirou v\u00e1rias fam\u00edlias agricultoras de S\u00e3o Jo\u00e3o da Barra;<br \/>\n&#8211; Dispensa de garantia de pagamento de empr\u00e9stimo;<br \/>\n&#8211; N\u00e3o teve estudo de impacto ambiental;<br \/>\n&#8211; \u201cSer\u00e3o os empregos mais caros do planeta\u201d: investimento de 750 milh\u00f5es de reais gerando 400 empregos ao custo de 1,87 milh\u00f5es cada.<br \/>\nMas para ficar ainda melhor para os empres\u00e1rios, ainda existe a t\u00e3o badalada LEI MUNICIPAL PRODEMI, aprovada em junho de 2009, que tanto as \u201cnossas autoridades\u201d se enchem de orgulho para dizer que \u00e9 a principal respons\u00e1vel para o \u201cboom econ\u00f4mico\u201d da cidade e o diferencial sobre as nossas cidades vizinhas \u201cconcorrentes\u2019.<br \/>\n\u00c9 outro \u201cpacote de bondades\u201d do governo Yp\u00ea que garante:<br \/>\n&#8211; Isen\u00e7\u00e3o sobre diversas taxas como localiza\u00e7\u00e3o e verifica\u00e7\u00e3o, expedi\u00e7\u00e3o de alvar\u00e1, taxa fiscaliza\u00e7\u00e3o de concess\u00e3o, de aprova\u00e7\u00e3o de projetos e amplia\u00e7\u00e3o de ind\u00fastria, isen\u00e7\u00e3o de ITBI entre outros.<br \/>\n&#8211; Isen\u00e7\u00e3o de IPTU podendo chegar a 50%, 80% e at\u00e9 95%;<br \/>\n&#8211; Leasing Imobili\u00e1rio Loca\u00e7\u00e3o: subsidio (ajuda, socorro, aux\u00edlio, apoio monet\u00e1rio governamental) que tendo como base o valor adicionado pela empresa e o incremento do ICMS, a prefeitura pode devolver \u00e0s empresas 75% do incremento e at\u00e9 100% do subs\u00eddio. A Prefeitura de Itatiaia devolvendo at\u00e9 mesmo o que houve de arrecada\u00e7\u00e3o.<br \/>\nEsse governo \u201cDilma\/Cabral\/Pez\u00e3o\/Yp\u00ea \u00e9 ou n\u00e3o \u00e9 uma \u201cm\u00e3e\u201d para os empres\u00e1rios?<br \/>\nMuito se debate sobre a Bolsa Fam\u00edlia: sua import\u00e2ncia para tirar fam\u00edlias da situa\u00e7\u00e3o de mis\u00e9ria, sobre a depend\u00eancia e comodismo que acaba gerando em muitas fam\u00edlias, sobre a conveni\u00eancia eleitoral para os governos que tem um projeto oficial de doa\u00e7\u00e3o, de compra de votos disfar\u00e7ado, etc. Mas isso \u00e9 assunto para outra ocasi\u00e3o.<br \/>\nO que eu quero chamar aten\u00e7\u00e3o da \u00e9 a \u201cBOLSA FAM\u00cdLIA\u201d dos EMPRES\u00c1RIOS, esta sim, que transfere bilh\u00f5es de reais p\u00fablicos para encher os bolsos dos ricos. Se fizermos uma compara\u00e7\u00e3o sobre os valores destinados a uma e outra \u201cbolsa\u201d veremos a grande disparidade existente.<br \/>\nQuer dizer, o Prefeito Yp\u00ea concede isen\u00e7\u00e3o de IPTU para as empresas enquanto aumentou em mais de 100% para os trabalhadores dessa cidade? Devolve para esses empres\u00e1rios o pouco que a Prefeitura conseguiu arrecadar?<br \/>\nIsso \u00e9 um \u201cPROJETO DE PROGRESSO, DESENVOLVIMENTO OU SAQUEAMENTO DO DINHEIRO P\u00daBLICO PARA O CAPITAL PRIVADO?\u201d<br \/>\n\u201cItatiaia \u00e9 a cidade do futuro?\u201d Mas qual futuro? E Itatiaia \u201csua voca\u00e7\u00e3o tur\u00edstica\u201d? Qualidade de vida?<br \/>\nQuando falamos ou sonhamos com o futuro \u00e9 natural relacionar com coisas boas que queremos, de melhoria de nossa qualidade de vida&#8230;<br \/>\nSer\u00e1 que o presente garantir\u00e1 isso?<br \/>\nContinua&#8230;<br \/>\nProf. Adriano<br \/>\nPSOL ITATIAIA<\/p>\n<p>Senhora Editora,<br \/>\nNesta \u00faltima ter\u00e7a, 17, tivemos mais um confronto da sociedade civil de Resende contra os interesses em transformar a CACHOEIRA DA FUMA\u00c7A em hidroel\u00e9trica. Lutamos contra isso h\u00e1 quase trinta anos e sabemos que esta n\u00e3o foi a \u00faltima batalha. Outras vir\u00e3o. Na reuni\u00e3o realizada na sede da Ag\u00eancia do Vale do Para\u00edba (AGEVAP) vivemos um fato inusitado: a sociedade civil, o poder executivo e uma representante do legislativo, remando todos na mesma dire\u00e7\u00e3o, ou seja: contra a constru\u00e7\u00e3o da hidroel\u00e9trica no Rio Preto.<br \/>\nA \u00fanica representante do legislativo presente \u00e0 reuni\u00e3o tem liga\u00e7\u00f5es afetivas com a regi\u00e3o da Fuma\u00e7a, o que n\u00e3o tira o seu m\u00e9rito. H\u00e1 outros vereadores que tamb\u00e9m t\u00eam esta liga\u00e7\u00e3o e nem apareceram. Pol\u00edtico sem mandato, s\u00f3 havia o Dr. Julianelli. Mesmo considerando o brilhantismo das argumenta\u00e7\u00f5es de todos os membros do Conselho do Meio Ambiente de Resende, l\u00e1 presentes, n\u00e3o tenho como n\u00e3o destacar a presen\u00e7a do Dr. Julianelli.<br \/>\nO Dr. Julianelli cumpriu um brilhante mandato como vereador de Resende, sendo uma voz quase solit\u00e1ria contra os desmandos do atual governo municipal. Agora, mesmo sem mandato, a sua luta por uma Resende decente continua. Vejo-o participando do Comit\u00ea Pela Transpar\u00eancia. Vejo-o nas reuni\u00f5es do Conselho do Meio Ambiente de Resende, entre outros.\u00a0 Onde h\u00e1 um ato ou fato relevante para o interesse de Resende, l\u00e1 est\u00e1 o Dr. Julianelli. Que bom seria que todos, ou pelo menos alguns dos nossos atuais dirigentes pol\u00edticos, que recebem sal\u00e1rio para isso, tivessem o mesmo desempenho e a mesma dedica\u00e7\u00e3o do Dr. Julianelli para com o seu munic\u00edpio. Parab\u00e9ns, Dr. Julianelli.<br \/>\nEliel de Assis Queiroz<br \/>\nPresidente do Comit\u00ea Pela Transpar\u00eancia de Resende<\/p>\n","protected":false},"excerpt":{"rendered":"<p>Prezada Editora, No dia 14 de mar\u00e7o, foi inaugurada a IBR-LAM &#8211; Lamina\u00e7\u00e3o de Metais Ltda (IBRAME), que produzir\u00e1 inicialmente 70 mil toneladas de<\/p>\n","protected":false},"author":1,"featured_media":0,"comment_status":"open","ping_status":"open","sticky":false,"template":"","format":"standard","meta":{"pmpro_default_level":"","footnotes":"","_members_access_role":[],"_members_access_error":""},"categories":[8],"tags":[],"class_list":["post-20354","post","type-post","status-publish","format-standard","hentry","category-opiniao","pmpro-has-access"],"yoast_head":"<!-- This site is optimized with the Yoast SEO plugin v28.4 - https:\/\/yoast.com\/product\/yoast-seo-wordpress\/ -->\n<title>Cartas e E-mails - JORNAL BEIRA RIO<\/title>\n<meta name=\"robots\" content=\"index, follow, max-snippet:-1, max-image-preview:large, max-video-preview:-1\" \/>\n<link rel=\"canonical\" href=\"https:\/\/jornalbeirario.com.br\/portal\/?p=20354\" \/>\n<meta property=\"og:locale\" content=\"pt_BR\" \/>\n<meta property=\"og:type\" content=\"article\" \/>\n<meta property=\"og:title\" content=\"Cartas e E-mails - JORNAL BEIRA RIO\" \/>\n<meta property=\"og:description\" content=\"Prezada Editora, No dia 14 de mar\u00e7o, foi inaugurada a IBR-LAM &#8211; Lamina\u00e7\u00e3o de Metais Ltda (IBRAME), que produzir\u00e1 inicialmente 70 mil toneladas de\" \/>\n<meta property=\"og:url\" content=\"https:\/\/jornalbeirario.com.br\/portal\/?p=20354\" \/>\n<meta property=\"og:site_name\" content=\"JORNAL BEIRA RIO\" \/>\n<meta property=\"article:published_time\" content=\"2014-03-21T12:21:25+00:00\" \/>\n<meta property=\"article:modified_time\" content=\"2014-03-21T12:21:54+00:00\" \/>\n<meta name=\"author\" content=\"Jornal BEIRA-RIO\" \/>\n<meta name=\"twitter:card\" content=\"summary_large_image\" \/>\n<meta name=\"twitter:label1\" content=\"Escrito por\" \/>\n\t<meta name=\"twitter:data1\" content=\"Jornal BEIRA-RIO\" \/>\n\t<meta name=\"twitter:label2\" content=\"Est. tempo de leitura\" \/>\n\t<meta name=\"twitter:data2\" content=\"7 minutos\" \/>\n<script type=\"application\/ld+json\" class=\"yoast-schema-graph\">{\"@context\":\"https:\\\/\\\/schema.org\",\"@graph\":[{\"@type\":\"Article\",\"@id\":\"https:\\\/\\\/jornalbeirario.com.br\\\/portal\\\/?p=20354#article\",\"isPartOf\":{\"@id\":\"https:\\\/\\\/jornalbeirario.com.br\\\/portal\\\/?p=20354\"},\"author\":{\"name\":\"Jornal BEIRA-RIO\",\"@id\":\"https:\\\/\\\/jornalbeirario.com.br\\\/portal\\\/#\\\/schema\\\/person\\\/c6c423e4c2465d2a9233f6539173e7c1\"},\"headline\":\"Cartas e E-mails\",\"datePublished\":\"2014-03-21T12:21:25+00:00\",\"dateModified\":\"2014-03-21T12:21:54+00:00\",\"mainEntityOfPage\":{\"@id\":\"https:\\\/\\\/jornalbeirario.com.br\\\/portal\\\/?p=20354\"},\"wordCount\":1418,\"commentCount\":0,\"publisher\":{\"@id\":\"https:\\\/\\\/jornalbeirario.com.br\\\/portal\\\/#organization\"},\"articleSection\":[\"Opini\u00e3o\"],\"inLanguage\":\"pt-BR\",\"potentialAction\":[{\"@type\":\"CommentAction\",\"name\":\"Comment\",\"target\":[\"https:\\\/\\\/jornalbeirario.com.br\\\/portal\\\/?p=20354#respond\"]}]},{\"@type\":\"WebPage\",\"@id\":\"https:\\\/\\\/jornalbeirario.com.br\\\/portal\\\/?p=20354\",\"url\":\"https:\\\/\\\/jornalbeirario.com.br\\\/portal\\\/?p=20354\",\"name\":\"Cartas e E-mails - JORNAL BEIRA RIO\",\"isPartOf\":{\"@id\":\"https:\\\/\\\/jornalbeirario.com.br\\\/portal\\\/#website\"},\"datePublished\":\"2014-03-21T12:21:25+00:00\",\"dateModified\":\"2014-03-21T12:21:54+00:00\",\"breadcrumb\":{\"@id\":\"https:\\\/\\\/jornalbeirario.com.br\\\/portal\\\/?p=20354#breadcrumb\"},\"inLanguage\":\"pt-BR\",\"potentialAction\":[{\"@type\":\"ReadAction\",\"target\":[\"https:\\\/\\\/jornalbeirario.com.br\\\/portal\\\/?p=20354\"]}]},{\"@type\":\"BreadcrumbList\",\"@id\":\"https:\\\/\\\/jornalbeirario.com.br\\\/portal\\\/?p=20354#breadcrumb\",\"itemListElement\":[{\"@type\":\"ListItem\",\"position\":1,\"name\":\"Home\",\"item\":\"https:\\\/\\\/jornalbeirario.com.br\\\/portal\"},{\"@type\":\"ListItem\",\"position\":2,\"name\":\"Cartas e E-mails\"}]},{\"@type\":\"WebSite\",\"@id\":\"https:\\\/\\\/jornalbeirario.com.br\\\/portal\\\/#website\",\"url\":\"https:\\\/\\\/jornalbeirario.com.br\\\/portal\\\/\",\"name\":\"JORNAL BEIRA RIO\",\"description\":\"\",\"publisher\":{\"@id\":\"https:\\\/\\\/jornalbeirario.com.br\\\/portal\\\/#organization\"},\"potentialAction\":[{\"@type\":\"SearchAction\",\"target\":{\"@type\":\"EntryPoint\",\"urlTemplate\":\"https:\\\/\\\/jornalbeirario.com.br\\\/portal\\\/?s={search_term_string}\"},\"query-input\":{\"@type\":\"PropertyValueSpecification\",\"valueRequired\":true,\"valueName\":\"search_term_string\"}}],\"inLanguage\":\"pt-BR\"},{\"@type\":\"Organization\",\"@id\":\"https:\\\/\\\/jornalbeirario.com.br\\\/portal\\\/#organization\",\"name\":\"JORNAL BEIRA RIO\",\"url\":\"https:\\\/\\\/jornalbeirario.com.br\\\/portal\\\/\",\"logo\":{\"@type\":\"ImageObject\",\"inLanguage\":\"pt-BR\",\"@id\":\"https:\\\/\\\/jornalbeirario.com.br\\\/portal\\\/#\\\/schema\\\/logo\\\/image\\\/\",\"url\":\"https:\\\/\\\/jornalbeirario.com.br\\\/portal\\\/wp-content\\\/uploads\\\/2017\\\/09\\\/BEIRA-RIO_logo600.png\",\"contentUrl\":\"https:\\\/\\\/jornalbeirario.com.br\\\/portal\\\/wp-content\\\/uploads\\\/2017\\\/09\\\/BEIRA-RIO_logo600.png\",\"width\":650,\"height\":108,\"caption\":\"JORNAL BEIRA RIO\"},\"image\":{\"@id\":\"https:\\\/\\\/jornalbeirario.com.br\\\/portal\\\/#\\\/schema\\\/logo\\\/image\\\/\"}},{\"@type\":\"Person\",\"@id\":\"https:\\\/\\\/jornalbeirario.com.br\\\/portal\\\/#\\\/schema\\\/person\\\/c6c423e4c2465d2a9233f6539173e7c1\",\"name\":\"Jornal BEIRA-RIO\",\"image\":{\"@type\":\"ImageObject\",\"inLanguage\":\"pt-BR\",\"@id\":\"https:\\\/\\\/jornalbeirario.com.br\\\/portal\\\/wp-content\\\/uploads\\\/2023\\\/10\\\/logojbr1.jpg\",\"url\":\"https:\\\/\\\/jornalbeirario.com.br\\\/portal\\\/wp-content\\\/uploads\\\/2023\\\/10\\\/logojbr1.jpg\",\"contentUrl\":\"https:\\\/\\\/jornalbeirario.com.br\\\/portal\\\/wp-content\\\/uploads\\\/2023\\\/10\\\/logojbr1.jpg\",\"caption\":\"Jornal BEIRA-RIO\"},\"url\":\"https:\\\/\\\/jornalbeirario.com.br\\\/portal\\\/?author=1\"}]}<\/script>\n<!-- \/ Yoast SEO plugin. -->","yoast_head_json":{"title":"Cartas e E-mails - JORNAL BEIRA RIO","robots":{"index":"index","follow":"follow","max-snippet":"max-snippet:-1","max-image-preview":"max-image-preview:large","max-video-preview":"max-video-preview:-1"},"canonical":"https:\/\/jornalbeirario.com.br\/portal\/?p=20354","og_locale":"pt_BR","og_type":"article","og_title":"Cartas e E-mails - JORNAL BEIRA RIO","og_description":"Prezada Editora, No dia 14 de mar\u00e7o, foi inaugurada a IBR-LAM &#8211; Lamina\u00e7\u00e3o de Metais Ltda (IBRAME), que produzir\u00e1 inicialmente 70 mil toneladas de","og_url":"https:\/\/jornalbeirario.com.br\/portal\/?p=20354","og_site_name":"JORNAL BEIRA RIO","article_published_time":"2014-03-21T12:21:25+00:00","article_modified_time":"2014-03-21T12:21:54+00:00","author":"Jornal BEIRA-RIO","twitter_card":"summary_large_image","twitter_misc":{"Escrito por":"Jornal BEIRA-RIO","Est. tempo de leitura":"7 minutos"},"schema":{"@context":"https:\/\/schema.org","@graph":[{"@type":"Article","@id":"https:\/\/jornalbeirario.com.br\/portal\/?p=20354#article","isPartOf":{"@id":"https:\/\/jornalbeirario.com.br\/portal\/?p=20354"},"author":{"name":"Jornal BEIRA-RIO","@id":"https:\/\/jornalbeirario.com.br\/portal\/#\/schema\/person\/c6c423e4c2465d2a9233f6539173e7c1"},"headline":"Cartas e E-mails","datePublished":"2014-03-21T12:21:25+00:00","dateModified":"2014-03-21T12:21:54+00:00","mainEntityOfPage":{"@id":"https:\/\/jornalbeirario.com.br\/portal\/?p=20354"},"wordCount":1418,"commentCount":0,"publisher":{"@id":"https:\/\/jornalbeirario.com.br\/portal\/#organization"},"articleSection":["Opini\u00e3o"],"inLanguage":"pt-BR","potentialAction":[{"@type":"CommentAction","name":"Comment","target":["https:\/\/jornalbeirario.com.br\/portal\/?p=20354#respond"]}]},{"@type":"WebPage","@id":"https:\/\/jornalbeirario.com.br\/portal\/?p=20354","url":"https:\/\/jornalbeirario.com.br\/portal\/?p=20354","name":"Cartas e E-mails - JORNAL BEIRA RIO","isPartOf":{"@id":"https:\/\/jornalbeirario.com.br\/portal\/#website"},"datePublished":"2014-03-21T12:21:25+00:00","dateModified":"2014-03-21T12:21:54+00:00","breadcrumb":{"@id":"https:\/\/jornalbeirario.com.br\/portal\/?p=20354#breadcrumb"},"inLanguage":"pt-BR","potentialAction":[{"@type":"ReadAction","target":["https:\/\/jornalbeirario.com.br\/portal\/?p=20354"]}]},{"@type":"BreadcrumbList","@id":"https:\/\/jornalbeirario.com.br\/portal\/?p=20354#breadcrumb","itemListElement":[{"@type":"ListItem","position":1,"name":"Home","item":"https:\/\/jornalbeirario.com.br\/portal"},{"@type":"ListItem","position":2,"name":"Cartas e E-mails"}]},{"@type":"WebSite","@id":"https:\/\/jornalbeirario.com.br\/portal\/#website","url":"https:\/\/jornalbeirario.com.br\/portal\/","name":"JORNAL BEIRA RIO","description":"","publisher":{"@id":"https:\/\/jornalbeirario.com.br\/portal\/#organization"},"potentialAction":[{"@type":"SearchAction","target":{"@type":"EntryPoint","urlTemplate":"https:\/\/jornalbeirario.com.br\/portal\/?s={search_term_string}"},"query-input":{"@type":"PropertyValueSpecification","valueRequired":true,"valueName":"search_term_string"}}],"inLanguage":"pt-BR"},{"@type":"Organization","@id":"https:\/\/jornalbeirario.com.br\/portal\/#organization","name":"JORNAL BEIRA RIO","url":"https:\/\/jornalbeirario.com.br\/portal\/","logo":{"@type":"ImageObject","inLanguage":"pt-BR","@id":"https:\/\/jornalbeirario.com.br\/portal\/#\/schema\/logo\/image\/","url":"https:\/\/jornalbeirario.com.br\/portal\/wp-content\/uploads\/2017\/09\/BEIRA-RIO_logo600.png","contentUrl":"https:\/\/jornalbeirario.com.br\/portal\/wp-content\/uploads\/2017\/09\/BEIRA-RIO_logo600.png","width":650,"height":108,"caption":"JORNAL BEIRA RIO"},"image":{"@id":"https:\/\/jornalbeirario.com.br\/portal\/#\/schema\/logo\/image\/"}},{"@type":"Person","@id":"https:\/\/jornalbeirario.com.br\/portal\/#\/schema\/person\/c6c423e4c2465d2a9233f6539173e7c1","name":"Jornal BEIRA-RIO","image":{"@type":"ImageObject","inLanguage":"pt-BR","@id":"https:\/\/jornalbeirario.com.br\/portal\/wp-content\/uploads\/2023\/10\/logojbr1.jpg","url":"https:\/\/jornalbeirario.com.br\/portal\/wp-content\/uploads\/2023\/10\/logojbr1.jpg","contentUrl":"https:\/\/jornalbeirario.com.br\/portal\/wp-content\/uploads\/2023\/10\/logojbr1.jpg","caption":"Jornal BEIRA-RIO"},"url":"https:\/\/jornalbeirario.com.br\/portal\/?author=1"}]}},"_links":{"self":[{"href":"https:\/\/jornalbeirario.com.br\/portal\/index.php?rest_route=\/wp\/v2\/posts\/20354","targetHints":{"allow":["GET"]}}],"collection":[{"href":"https:\/\/jornalbeirario.com.br\/portal\/index.php?rest_route=\/wp\/v2\/posts"}],"about":[{"href":"https:\/\/jornalbeirario.com.br\/portal\/index.php?rest_route=\/wp\/v2\/types\/post"}],"author":[{"embeddable":true,"href":"https:\/\/jornalbeirario.com.br\/portal\/index.php?rest_route=\/wp\/v2\/users\/1"}],"replies":[{"embeddable":true,"href":"https:\/\/jornalbeirario.com.br\/portal\/index.php?rest_route=%2Fwp%2Fv2%2Fcomments&post=20354"}],"version-history":[{"count":2,"href":"https:\/\/jornalbeirario.com.br\/portal\/index.php?rest_route=\/wp\/v2\/posts\/20354\/revisions"}],"predecessor-version":[{"id":20356,"href":"https:\/\/jornalbeirario.com.br\/portal\/index.php?rest_route=\/wp\/v2\/posts\/20354\/revisions\/20356"}],"wp:attachment":[{"href":"https:\/\/jornalbeirario.com.br\/portal\/index.php?rest_route=%2Fwp%2Fv2%2Fmedia&parent=20354"}],"wp:term":[{"taxonomy":"category","embeddable":true,"href":"https:\/\/jornalbeirario.com.br\/portal\/index.php?rest_route=%2Fwp%2Fv2%2Fcategories&post=20354"},{"taxonomy":"post_tag","embeddable":true,"href":"https:\/\/jornalbeirario.com.br\/portal\/index.php?rest_route=%2Fwp%2Fv2%2Ftags&post=20354"}],"curies":[{"name":"wp","href":"https:\/\/api.w.org\/{rel}","templated":true}]}}