
{"id":20178,"date":"2014-03-14T11:57:48","date_gmt":"2014-03-14T11:57:48","guid":{"rendered":"http:\/\/jornalbeirario.com.br\/portal\/portal\/?p=20178"},"modified":"2014-03-14T11:57:48","modified_gmt":"2014-03-14T11:57:48","slug":"lais-amaral-38","status":"publish","type":"post","link":"https:\/\/jornalbeirario.com.br\/portal\/?p=20178","title":{"rendered":"La\u00eds Amaral"},"content":{"rendered":"<p style=\"text-align: justify;\"><strong>Vin\u00edcius de Moraes via Andr\u00e9 Whately apresenta: Ive Seixas<\/strong><br \/>\nS\u00e1bado assisti no Jazz Village, a mais uma edi\u00e7\u00e3o do espet\u00e1culo \u201cVin\u00edcius de Moraes \u00e9&#8230;demais\u201d, do Andr\u00e9 Whately. Gosto da m\u00fasica, da poesia e da levada do espet\u00e1culo. E foram v\u00e1rias as forma\u00e7\u00f5es que presenciei com m\u00fasicos e int\u00e9rpretes diferentes sob a batuta do Andr\u00e9. E todos bons. Ocuparam o palco nesse s\u00e1bado, o bom Adriano Moranga, na percuss\u00e3o, em substitui\u00e7\u00e3o a Luis Lima (Jap\u00e3o), que vers\u00e1til e talentoso, dessa vez foi o violonista \u2013 posto normalmente ocupado por Thiago Zaidan. Uma tarefa complicada, mas cumprida com efici\u00eancia. E a grande novidade da vez, foi a int\u00e9rprete, que debutou em Vin\u00edcius, a cantora, compositora e ex-roqueira, Ive Seixas. Uma inc\u00f3gnita em que Andr\u00e9 resolveu apostar suas fichas. E valeu muito. Ive agradou em cheio. N\u00e3o destoou das grandes cantoras e cantores que passaram e ainda est\u00e3o no espet\u00e1culo. Encantou com um jeito minimalista, econ\u00f4mico nos gestos e uma interpreta\u00e7\u00e3o sincera e cheia de personalidade. A menina mostrou parte do impec\u00e1vel patrim\u00f4nio musical do poeta com seus parceiros geniais (Tom, Baden, Lyra e Toquinho), de forma descomplicada, mas sem perder a emo\u00e7\u00e3o. A plateia aprovou entusiasmada. Ive fez parte daquele todo, sem aparecer mais, nem menos, que a obra. Vin\u00edcius de Moraes tinha a mania de impulsionar novos talentos. Parece que continua o mesmo. Valeu !!!<\/p>\n<p><strong>Domingo \u00e9 dia de eleger o novo Conselho Tutelar<\/strong><br \/>\nDomingo, dia 16, tem elei\u00e7\u00e3o para o Conselho Tutelar de Resende. Pra quem n\u00e3o sabe o CT, cuida dos direitos da crian\u00e7a e do adolescente e por lei, todo munic\u00edpio tem que ter o seu. Resende tem conselho desde sempre, mas s\u00f3 recentemente seus membros s\u00e3o eleitos de forma direta (tamb\u00e9m por for\u00e7a de lei). Todo cidad\u00e3o que vota no munic\u00edpio est\u00e1 apto a ir \u00e0s urnas domingo. A rela\u00e7\u00e3o dos concorrentes estar\u00e1 exposta nas se\u00e7\u00f5es de vota\u00e7\u00e3o. A elei\u00e7\u00e3o vai das 8h \u00e0s 17h. N\u00e3o \u00e9 obrigat\u00f3rio votar, mas por uma quest\u00e3o de participa\u00e7\u00e3o na vida do munic\u00edpio, todos aptos deveriam participar. Destaque-se, que a publicidade desse pleito foi p\u00edfia. As se\u00e7\u00f5es de vota\u00e7\u00e3o est\u00e3o distribu\u00eddas em dez locais. Os eleitores que votam na 31\u00aa Zona Eleitoral ter\u00e3o se\u00e7\u00f5es nos seguintes locais: Escolas Noel de Carvalho, Sagrado Cora\u00e7\u00e3o e Col\u00e9gio Get\u00falio Vargas. Quem vota na 198\u00aa Zona Eleitoral tem se\u00e7\u00f5es nos Col\u00e9gios Olavo Bilac, Roberto Silveira, Jardim das Ac\u00e1cias, Augusto de Carvalho, Itelvina Carneiro, Antonio Quirino e Moacir Coelho. Escolha seu conselheiro e vote.<\/p>\n<p><strong>TRIPA<\/strong><br \/>\n* O Centro Cultural Visconde de Mau\u00e1, tocado pela M\u00e1rcia Patroc\u00ednio promove hoje (dia 14), a partir das 19h, em sua sede, na Aldeia dos Imigrantes na Vila de Mau\u00e1, um encontro sobre cinema e cultura com o ator Joel Barcellos. Al\u00e9m de conversar com o artista, os presentes poder\u00e3o assistir trechos de suas participa\u00e7\u00f5es no cinema brasileiro, que foram muitos e marcantes, entre eles, \u2018Cinco Vezes Favela\u2019 e \u2018Terra em Transe. A entrada \u00e9 de gra\u00e7a * O Parque Arqueol\u00f3gico e Ambiental de S\u00e3o Jo\u00e3o Marcos, localizado em Rio Claro e que j\u00e1 recebeu\u00a0 o pr\u00eamio nacional Rodrigo Melo Franco de Andrade em 2011 concedido pelo Minc\/Iphan, foi agora indicado para o Pr\u00eamio de Cultura do Governo do Rio de Janeiro 2012\/2013. Reconhecimento ao projeto para a cultura fluminense. Beleza !! * Neste final de semana, dias 14, 15 e 16 sempre \u00e0s 20 horas, no \u2018Espa\u00e7o Z\u2019, o grupo G\u00eanesis L2 apresenta o espet\u00e1culo \u201cEsquetes\u201d, de Leandro Resende. O espet\u00e1culo conta com seis esquetes e jogos de improviso. Resultado da oficina de teatro ministrada por Resende no Espa\u00e7o do Saber * Falando em Ive Seixas, a menina estar\u00e1 hoje, dia 14, em Copacabana na altura do Posto 4, com seu chap\u00e9u e seu viol\u00e3o. \u00c0 noite se apresenta no quiosque Coisa Carioca, convidada da cantora Carla Guelys. Dia 22 ela estar\u00e1 em Barra do Pira\u00ed com sua \u2018Andorinha S\u00f3\u2019, no \u201cGrito do Rock\u201d. Curta Ive Seixas no dueto com Thiago Elni\u00f1o. Confira:\u00a0 http:\/\/youtu.be\/RWCDYO5FkCc.\u00a0 * \u2018Carlinhos Botafogo\u2019, meu amigo, nunca pensei que fosse sentir saudade do Oswaldo de Oliveira. Esse H\u00fangaro n\u00e3o \u00e9 mesmo o Puskas. Menos pior que, somos l\u00edder da chave &#8211; mas com muito sofrimento e cheio de companhia.<\/p>\n<p><strong>ANIVERSARIOS<\/strong><br \/>\nN\u00e3o vou deixar passar, dia 22 de fevereiro, completou idade redonda a minha xar\u00e1 La\u00eds, m\u00e3e do Marcinho Whately. Um superbeijo pra ela. Ontem, dia 13, aniversariou uma pessoa muito querida em Resende, o \u2018Preto Velho\u2019, Claudionor Rosa. Dia 28 de fevereiro nasceu o Lucca, filho do H\u00e9lio Moura e da Luciane. O guri nasceu com 3 quilos 720 gramas e com 50 cm de comprimento. No pr\u00f3ximo dia 22, completa um aninho de idade, a gracinha da Annelise. O convite veio dentro de um ovo, foi o mais original que j\u00e1 recebi. A festinha ser\u00e1 na ARBR \u00e0s 17 horas com a turma da Galinha Pintadinha. Parab\u00e9ns e todas as felicidades do mundo a essa turma maravilhosa.<\/p>\n","protected":false},"excerpt":{"rendered":"<p>Vin\u00edcius de Moraes via Andr\u00e9 Whately apresenta: Ive Seixas S\u00e1bado assisti no Jazz Village, a mais uma edi\u00e7\u00e3o do espet\u00e1culo \u201cVin\u00edcius de Moraes \u00e9&#8230;demais\u201d,<\/p>\n","protected":false},"author":1,"featured_media":0,"comment_status":"open","ping_status":"open","sticky":false,"template":"","format":"standard","meta":{"pmpro_default_level":"","footnotes":""},"categories":[13],"tags":[],"class_list":["post-20178","post","type-post","status-publish","format-standard","hentry","category-social","pmpro-has-access"],"yoast_head":"<!-- This site is optimized with the Yoast SEO plugin v27.4 - https:\/\/yoast.com\/product\/yoast-seo-wordpress\/ -->\n<title>La\u00eds Amaral - JORNAL BEIRA RIO<\/title>\n<meta name=\"robots\" content=\"index, follow, max-snippet:-1, max-image-preview:large, max-video-preview:-1\" \/>\n<link rel=\"canonical\" href=\"https:\/\/jornalbeirario.com.br\/portal\/?p=20178\" \/>\n<meta property=\"og:locale\" content=\"pt_BR\" \/>\n<meta property=\"og:type\" content=\"article\" \/>\n<meta property=\"og:title\" content=\"La\u00eds Amaral - JORNAL BEIRA RIO\" \/>\n<meta property=\"og:description\" content=\"Vin\u00edcius de Moraes via Andr\u00e9 Whately apresenta: Ive Seixas S\u00e1bado assisti no Jazz Village, a mais uma edi\u00e7\u00e3o do espet\u00e1culo \u201cVin\u00edcius de Moraes \u00e9&#8230;demais\u201d,\" \/>\n<meta property=\"og:url\" content=\"https:\/\/jornalbeirario.com.br\/portal\/?p=20178\" \/>\n<meta property=\"og:site_name\" content=\"JORNAL BEIRA RIO\" \/>\n<meta property=\"article:published_time\" content=\"2014-03-14T11:57:48+00:00\" \/>\n<meta name=\"author\" content=\"Jornal BEIRA-RIO\" \/>\n<meta name=\"twitter:card\" content=\"summary_large_image\" \/>\n<meta name=\"twitter:label1\" content=\"Escrito por\" \/>\n\t<meta name=\"twitter:data1\" content=\"Jornal BEIRA-RIO\" \/>\n\t<meta name=\"twitter:label2\" content=\"Est. tempo de leitura\" \/>\n\t<meta name=\"twitter:data2\" content=\"4 minutos\" \/>\n<script type=\"application\/ld+json\" class=\"yoast-schema-graph\">{\"@context\":\"https:\\\/\\\/schema.org\",\"@graph\":[{\"@type\":\"Article\",\"@id\":\"https:\\\/\\\/jornalbeirario.com.br\\\/portal\\\/?p=20178#article\",\"isPartOf\":{\"@id\":\"https:\\\/\\\/jornalbeirario.com.br\\\/portal\\\/?p=20178\"},\"author\":{\"name\":\"Jornal BEIRA-RIO\",\"@id\":\"https:\\\/\\\/jornalbeirario.com.br\\\/portal\\\/#\\\/schema\\\/person\\\/c6c423e4c2465d2a9233f6539173e7c1\"},\"headline\":\"La\u00eds Amaral\",\"datePublished\":\"2014-03-14T11:57:48+00:00\",\"mainEntityOfPage\":{\"@id\":\"https:\\\/\\\/jornalbeirario.com.br\\\/portal\\\/?p=20178\"},\"wordCount\":873,\"commentCount\":0,\"publisher\":{\"@id\":\"https:\\\/\\\/jornalbeirario.com.br\\\/portal\\\/#organization\"},\"articleSection\":[\"Social\"],\"inLanguage\":\"pt-BR\",\"potentialAction\":[{\"@type\":\"CommentAction\",\"name\":\"Comment\",\"target\":[\"https:\\\/\\\/jornalbeirario.com.br\\\/portal\\\/?p=20178#respond\"]}]},{\"@type\":\"WebPage\",\"@id\":\"https:\\\/\\\/jornalbeirario.com.br\\\/portal\\\/?p=20178\",\"url\":\"https:\\\/\\\/jornalbeirario.com.br\\\/portal\\\/?p=20178\",\"name\":\"La\u00eds Amaral - JORNAL BEIRA RIO\",\"isPartOf\":{\"@id\":\"https:\\\/\\\/jornalbeirario.com.br\\\/portal\\\/#website\"},\"datePublished\":\"2014-03-14T11:57:48+00:00\",\"breadcrumb\":{\"@id\":\"https:\\\/\\\/jornalbeirario.com.br\\\/portal\\\/?p=20178#breadcrumb\"},\"inLanguage\":\"pt-BR\",\"potentialAction\":[{\"@type\":\"ReadAction\",\"target\":[\"https:\\\/\\\/jornalbeirario.com.br\\\/portal\\\/?p=20178\"]}]},{\"@type\":\"BreadcrumbList\",\"@id\":\"https:\\\/\\\/jornalbeirario.com.br\\\/portal\\\/?p=20178#breadcrumb\",\"itemListElement\":[{\"@type\":\"ListItem\",\"position\":1,\"name\":\"Home\",\"item\":\"https:\\\/\\\/jornalbeirario.com.br\\\/portal\"},{\"@type\":\"ListItem\",\"position\":2,\"name\":\"La\u00eds Amaral\"}]},{\"@type\":\"WebSite\",\"@id\":\"https:\\\/\\\/jornalbeirario.com.br\\\/portal\\\/#website\",\"url\":\"https:\\\/\\\/jornalbeirario.com.br\\\/portal\\\/\",\"name\":\"JORNAL BEIRA RIO\",\"description\":\"\",\"publisher\":{\"@id\":\"https:\\\/\\\/jornalbeirario.com.br\\\/portal\\\/#organization\"},\"potentialAction\":[{\"@type\":\"SearchAction\",\"target\":{\"@type\":\"EntryPoint\",\"urlTemplate\":\"https:\\\/\\\/jornalbeirario.com.br\\\/portal\\\/?s={search_term_string}\"},\"query-input\":{\"@type\":\"PropertyValueSpecification\",\"valueRequired\":true,\"valueName\":\"search_term_string\"}}],\"inLanguage\":\"pt-BR\"},{\"@type\":\"Organization\",\"@id\":\"https:\\\/\\\/jornalbeirario.com.br\\\/portal\\\/#organization\",\"name\":\"JORNAL BEIRA RIO\",\"url\":\"https:\\\/\\\/jornalbeirario.com.br\\\/portal\\\/\",\"logo\":{\"@type\":\"ImageObject\",\"inLanguage\":\"pt-BR\",\"@id\":\"https:\\\/\\\/jornalbeirario.com.br\\\/portal\\\/#\\\/schema\\\/logo\\\/image\\\/\",\"url\":\"https:\\\/\\\/jornalbeirario.com.br\\\/portal\\\/wp-content\\\/uploads\\\/2017\\\/09\\\/BEIRA-RIO_logo600.png\",\"contentUrl\":\"https:\\\/\\\/jornalbeirario.com.br\\\/portal\\\/wp-content\\\/uploads\\\/2017\\\/09\\\/BEIRA-RIO_logo600.png\",\"width\":650,\"height\":108,\"caption\":\"JORNAL BEIRA RIO\"},\"image\":{\"@id\":\"https:\\\/\\\/jornalbeirario.com.br\\\/portal\\\/#\\\/schema\\\/logo\\\/image\\\/\"}},{\"@type\":\"Person\",\"@id\":\"https:\\\/\\\/jornalbeirario.com.br\\\/portal\\\/#\\\/schema\\\/person\\\/c6c423e4c2465d2a9233f6539173e7c1\",\"name\":\"Jornal BEIRA-RIO\",\"image\":{\"@type\":\"ImageObject\",\"inLanguage\":\"pt-BR\",\"@id\":\"https:\\\/\\\/jornalbeirario.com.br\\\/portal\\\/wp-content\\\/uploads\\\/2023\\\/10\\\/logojbr1.jpg\",\"url\":\"https:\\\/\\\/jornalbeirario.com.br\\\/portal\\\/wp-content\\\/uploads\\\/2023\\\/10\\\/logojbr1.jpg\",\"contentUrl\":\"https:\\\/\\\/jornalbeirario.com.br\\\/portal\\\/wp-content\\\/uploads\\\/2023\\\/10\\\/logojbr1.jpg\",\"caption\":\"Jornal BEIRA-RIO\"},\"url\":\"https:\\\/\\\/jornalbeirario.com.br\\\/portal\\\/?author=1\"}]}<\/script>\n<!-- \/ Yoast SEO plugin. -->","yoast_head_json":{"title":"La\u00eds Amaral - JORNAL BEIRA RIO","robots":{"index":"index","follow":"follow","max-snippet":"max-snippet:-1","max-image-preview":"max-image-preview:large","max-video-preview":"max-video-preview:-1"},"canonical":"https:\/\/jornalbeirario.com.br\/portal\/?p=20178","og_locale":"pt_BR","og_type":"article","og_title":"La\u00eds Amaral - JORNAL BEIRA RIO","og_description":"Vin\u00edcius de Moraes via Andr\u00e9 Whately apresenta: Ive Seixas S\u00e1bado assisti no Jazz Village, a mais uma edi\u00e7\u00e3o do espet\u00e1culo \u201cVin\u00edcius de Moraes \u00e9&#8230;demais\u201d,","og_url":"https:\/\/jornalbeirario.com.br\/portal\/?p=20178","og_site_name":"JORNAL BEIRA RIO","article_published_time":"2014-03-14T11:57:48+00:00","author":"Jornal BEIRA-RIO","twitter_card":"summary_large_image","twitter_misc":{"Escrito por":"Jornal BEIRA-RIO","Est. tempo de leitura":"4 minutos"},"schema":{"@context":"https:\/\/schema.org","@graph":[{"@type":"Article","@id":"https:\/\/jornalbeirario.com.br\/portal\/?p=20178#article","isPartOf":{"@id":"https:\/\/jornalbeirario.com.br\/portal\/?p=20178"},"author":{"name":"Jornal BEIRA-RIO","@id":"https:\/\/jornalbeirario.com.br\/portal\/#\/schema\/person\/c6c423e4c2465d2a9233f6539173e7c1"},"headline":"La\u00eds Amaral","datePublished":"2014-03-14T11:57:48+00:00","mainEntityOfPage":{"@id":"https:\/\/jornalbeirario.com.br\/portal\/?p=20178"},"wordCount":873,"commentCount":0,"publisher":{"@id":"https:\/\/jornalbeirario.com.br\/portal\/#organization"},"articleSection":["Social"],"inLanguage":"pt-BR","potentialAction":[{"@type":"CommentAction","name":"Comment","target":["https:\/\/jornalbeirario.com.br\/portal\/?p=20178#respond"]}]},{"@type":"WebPage","@id":"https:\/\/jornalbeirario.com.br\/portal\/?p=20178","url":"https:\/\/jornalbeirario.com.br\/portal\/?p=20178","name":"La\u00eds Amaral - JORNAL BEIRA RIO","isPartOf":{"@id":"https:\/\/jornalbeirario.com.br\/portal\/#website"},"datePublished":"2014-03-14T11:57:48+00:00","breadcrumb":{"@id":"https:\/\/jornalbeirario.com.br\/portal\/?p=20178#breadcrumb"},"inLanguage":"pt-BR","potentialAction":[{"@type":"ReadAction","target":["https:\/\/jornalbeirario.com.br\/portal\/?p=20178"]}]},{"@type":"BreadcrumbList","@id":"https:\/\/jornalbeirario.com.br\/portal\/?p=20178#breadcrumb","itemListElement":[{"@type":"ListItem","position":1,"name":"Home","item":"https:\/\/jornalbeirario.com.br\/portal"},{"@type":"ListItem","position":2,"name":"La\u00eds Amaral"}]},{"@type":"WebSite","@id":"https:\/\/jornalbeirario.com.br\/portal\/#website","url":"https:\/\/jornalbeirario.com.br\/portal\/","name":"JORNAL BEIRA RIO","description":"","publisher":{"@id":"https:\/\/jornalbeirario.com.br\/portal\/#organization"},"potentialAction":[{"@type":"SearchAction","target":{"@type":"EntryPoint","urlTemplate":"https:\/\/jornalbeirario.com.br\/portal\/?s={search_term_string}"},"query-input":{"@type":"PropertyValueSpecification","valueRequired":true,"valueName":"search_term_string"}}],"inLanguage":"pt-BR"},{"@type":"Organization","@id":"https:\/\/jornalbeirario.com.br\/portal\/#organization","name":"JORNAL BEIRA RIO","url":"https:\/\/jornalbeirario.com.br\/portal\/","logo":{"@type":"ImageObject","inLanguage":"pt-BR","@id":"https:\/\/jornalbeirario.com.br\/portal\/#\/schema\/logo\/image\/","url":"https:\/\/jornalbeirario.com.br\/portal\/wp-content\/uploads\/2017\/09\/BEIRA-RIO_logo600.png","contentUrl":"https:\/\/jornalbeirario.com.br\/portal\/wp-content\/uploads\/2017\/09\/BEIRA-RIO_logo600.png","width":650,"height":108,"caption":"JORNAL BEIRA RIO"},"image":{"@id":"https:\/\/jornalbeirario.com.br\/portal\/#\/schema\/logo\/image\/"}},{"@type":"Person","@id":"https:\/\/jornalbeirario.com.br\/portal\/#\/schema\/person\/c6c423e4c2465d2a9233f6539173e7c1","name":"Jornal BEIRA-RIO","image":{"@type":"ImageObject","inLanguage":"pt-BR","@id":"https:\/\/jornalbeirario.com.br\/portal\/wp-content\/uploads\/2023\/10\/logojbr1.jpg","url":"https:\/\/jornalbeirario.com.br\/portal\/wp-content\/uploads\/2023\/10\/logojbr1.jpg","contentUrl":"https:\/\/jornalbeirario.com.br\/portal\/wp-content\/uploads\/2023\/10\/logojbr1.jpg","caption":"Jornal BEIRA-RIO"},"url":"https:\/\/jornalbeirario.com.br\/portal\/?author=1"}]}},"_links":{"self":[{"href":"https:\/\/jornalbeirario.com.br\/portal\/index.php?rest_route=\/wp\/v2\/posts\/20178","targetHints":{"allow":["GET"]}}],"collection":[{"href":"https:\/\/jornalbeirario.com.br\/portal\/index.php?rest_route=\/wp\/v2\/posts"}],"about":[{"href":"https:\/\/jornalbeirario.com.br\/portal\/index.php?rest_route=\/wp\/v2\/types\/post"}],"author":[{"embeddable":true,"href":"https:\/\/jornalbeirario.com.br\/portal\/index.php?rest_route=\/wp\/v2\/users\/1"}],"replies":[{"embeddable":true,"href":"https:\/\/jornalbeirario.com.br\/portal\/index.php?rest_route=%2Fwp%2Fv2%2Fcomments&post=20178"}],"version-history":[{"count":1,"href":"https:\/\/jornalbeirario.com.br\/portal\/index.php?rest_route=\/wp\/v2\/posts\/20178\/revisions"}],"predecessor-version":[{"id":20179,"href":"https:\/\/jornalbeirario.com.br\/portal\/index.php?rest_route=\/wp\/v2\/posts\/20178\/revisions\/20179"}],"wp:attachment":[{"href":"https:\/\/jornalbeirario.com.br\/portal\/index.php?rest_route=%2Fwp%2Fv2%2Fmedia&parent=20178"}],"wp:term":[{"taxonomy":"category","embeddable":true,"href":"https:\/\/jornalbeirario.com.br\/portal\/index.php?rest_route=%2Fwp%2Fv2%2Fcategories&post=20178"},{"taxonomy":"post_tag","embeddable":true,"href":"https:\/\/jornalbeirario.com.br\/portal\/index.php?rest_route=%2Fwp%2Fv2%2Ftags&post=20178"}],"curies":[{"name":"wp","href":"https:\/\/api.w.org\/{rel}","templated":true}]}}