
{"id":19780,"date":"2014-02-28T10:11:14","date_gmt":"2014-02-28T10:11:14","guid":{"rendered":"http:\/\/jornalbeirario.com.br\/portal\/portal\/?p=19780"},"modified":"2014-02-28T10:11:14","modified_gmt":"2014-02-28T10:11:14","slug":"lais-amaral-36","status":"publish","type":"post","link":"https:\/\/jornalbeirario.com.br\/portal\/?p=19780","title":{"rendered":"La\u00eds Amaral"},"content":{"rendered":"<p style=\"text-align: justify;\"><strong>Bloco das Piranhas tamb\u00e9m ser\u00e1 na beira rio<\/strong><br \/>\nNa segunda-feira de Carnaval, dia 3, o tradicional Bloco das Piranhas toma conta da cidade com a irrever\u00eancia e a anima\u00e7\u00e3o de costume. Mais uma vez a concentra\u00e7\u00e3o ser\u00e1 em frente \u00e0 Cer\u00e2mica (Manejo), a partir das 16 horas, com trio el\u00e9trico e DJ. Dali o cortejo da \u2018piranhada\u2019 segue para a Avenida Rita Ferreira da Rocha (beira rio) para o grande baile. Diferente dos quatro \u00faltimos anos, quando o bloco seguia para o Parque de Exposi\u00e7\u00f5es. A organiza\u00e7\u00e3o da folia acha melhor a beira rio que estar\u00e1 preparada com toda a estrutura para receber as \u2018piranhas\u2019. E o forte do Carnaval de Resende estar\u00e1 concentrado na Avenida mesmo. No s\u00e1bado desfilam a partir das 21 horas, os blocos de embalo: \u2018Arrast\u00e3o do Surubi\u2019, \u2018Bloco da Vila Ara\u00fajo\u2019, \u2018N\u00e3o empurra que \u00e9 pior\u2019 e \u2018Bloco da Baixa da Olaria\u2019 (nessa ordem). No domingo v\u00e3o para a Avenida, tamb\u00e9m a partir das 21 horas os blocos mais encorpados, os antigos os blocos de enredo. Quem abre o desfile \u00e9 o Rancho Carnavalesco Chuveiro de Prata, que n\u00e3o concorre e a seguir, pela ordem: \u2018Unidos da Vila Vicentina\u2019, \u2018Imp\u00e9rio da Nova Liberdade\u2019 e \u2018Unidos do Grande Para\u00edso\u2019. Na ter\u00e7a-feira gorda tem bail\u00e3o de Carnaval a partir das 20 horas com as bandas \u2018\u00caxtase\u2019 e \u2018Com Prazer\u2019 e mais DJ Batata. O pessoal do \u2018Resende, saudades daquele tempo\u2019 promove bailes na ARBR domingo e ter\u00e7a \u00e0s 22h. S\u00e1bado tem o bloco \u2018Banho \u00e9 Luxo\u2019, na Pra\u00e7a Oliveira Botelho. E mais: Engenheiro Passos, Fuma\u00e7a, Vargem Grande e Bagagem (Bloco Baga\u00e7o da Bagagem). Surubi, Para\u00edso (Bloco Trem das Onze e Bloco do Sereno), matin\u00ea no Parque das \u00c1guas, etc. Na quarta-feira de Cinzas, a apura\u00e7\u00e3o do desfile dos blocos, \u00e0s 19 horas no \u2018Espa\u00e7o Z\u2019. Ufa!!<\/p>\n<p style=\"text-align: justify;\"><strong>\u2018Crust\u00e1ceos\u2019 &#8211; melhor a cada ano &#8211; faz seus agradecimentos<\/strong><br \/>\nEm nome do Bloco Et\u00edlico Carnavalesco Crust\u00e1ceos da Mangua\u00e7a, agrade\u00e7o aos colaboradores do maior e mais animado evento pr\u00e9-carnavalesco de Resende, o desfile do nosso bloco em Campos El\u00edseos, s\u00e1bado passado. A Pra\u00e7a da Bandeira ficou pequena para tanta gente e tanta alegria e o fecho com chave de ouro com o pessoal da Imp\u00e9rio Serrano foi show de bola. E o sucesso se deve h\u00e1 muita gente. Agradecimentos \u00e0 Prefeitura, via Superintencia da Eventos, Guarda Municipal, Superintendencia de Transporte e Transito, Divis\u00e3o de Postura. Agradecimento \u00e0 Policia Militar, \u00e0 empresa Multilimp Saneamento pelo banho de mangueira nos foli\u00f5es, \u00e0 empresa respons\u00e1vel pela cobran\u00e7a de estacionamento na cidade, aos patrocinadores das camisetas, ao Cesar Simpl\u00edcio que apoiou a Sirizada, aos bares \u2018Recanto dos Amigos\u2019, \u2018Bar do Edinho\u2019, \u2018Rei dos Salgadinhos\u2019, \u2018Bar do Fritz\u2019, antigo Bichacho e Lanchonete Mineira por estarem abertos e receberem bem o bloco. Aos moradores do bairro, desculpas pelo barulho e aos taxistas da Rua Nilo Pe\u00e7anha, nossos eternos agradecimentos e nossas desculpas por mais esse estorvo. Agradecimentos tamb\u00e9m a todos os santos de plant\u00e3o. Ano que vem tem mais. Sempre um s\u00e1bado antes do Carnaval. Estamos combinados.<\/p>\n<p style=\"text-align: justify;\"><strong>TRIPA<\/strong><br \/>\n* Um Off Carnaval da melhor qualidade: A cantora e atriz Sanny Alves, que recentemente arrasou no Jazz Village, em Penedo, em dois shows com o virtuose Cl\u00e1udio Menandro, volta ao palco do Village na ter\u00e7a-feira de Carnaval \u00e0s 22 para mais um showza\u00e7o. Nos dias 7 e 8 a menina se apresenta no Restaurante Terra da Luz, em Maring\u00e1 de Minas * Dia 27 de mar\u00e7o, ser\u00e1 gravada uma nova vers\u00e3o do hino de Resende. A atual grava\u00e7\u00e3o na voz do saudoso cantor Jorge Goulart data da d\u00e9cada de 1950. A nova vers\u00e3o ter\u00e1 a banda sinf\u00f4nica da Aman e os corais \u2018Arte e Emo\u00e7\u00e3o\u2019 e \u2018Resencanto\u2019* Depois desse tsunami carnavalesco dois assuntos ser\u00e3o comentados aqui na coluna: a pe\u00e7a \u2018Voce pode ser um assassino\u2019 e a m\u00fasica no anivers\u00e1rio da padaria do M\u00e1rcio * Bombou nessa ter\u00e7a-feira, dia 25, no \u2018Espa\u00e7o Z\u2019 o Grito de Carnaval da 3\u00aa Idade, com Marchinhas e muita anima\u00e7\u00e3o. A m\u00fasica ficou por conta dos m\u00fasicos Custodinho, Jo\u00e3o Viana, Vitor, \u2018Dentinho\u2019 e outros. Tamb\u00e9m prestigiou o baile o Coral da Escola de M\u00fasica Maestro Aniceto Senna, com a regente Alile Cuoco * Na mesma noite, no teatro do Col\u00e9gio Salesiano, foi realizado o \u201cPr\u00eamio Melhores do Esporte\u201d, organizado pela Secretaria Municipal de Esportes, que contou com a presen\u00e7a de estrelas do mundo do esporte como o campe\u00e3o ol\u00edmpico de v\u00f4lei, Nalbert e a resendense Maria Elisa. Um dos eventos mais elogiados nos \u00faltimos tempos. \u201cImpec\u00e1vel\u201d e \u201cde alto n\u00edvel\u201d, foram as express\u00f5es mais ouvidas para definir a festa * Crust\u00e1ceos da Mangua\u00e7a, Kibeleza, Trem das Onze e outros blocos que surgirem, tem encontro marcado em Campos El\u00edseos, no dia 7 de fevereiro de 2015, um s\u00e1bado antes do Carnaval, para mais uma edi\u00e7\u00e3o do pr\u00e9-carnavalesco mais animado, feliz e seguro da regi\u00e3o. \u00c9 Carnaval na veia. At\u00e9 l\u00e1 mo\u00e7ada!! * Sugest\u00e3o pra aturar o calor\u00e3o: ta\u00e7a (s) de Chandon Passion com dois cubos de gelo. Al\u00f4 Didi!!!<\/p>\n<p style=\"text-align: justify;\"><strong>ANIVERS\u00c1RIOS<\/strong><br \/>\nA Let\u00edcia, filha de Juliana e neta de Solange Marinato, soprou velinhas dia 22, s\u00e1bado passado. Nessa quarta, dia 26, foi a vez da Katia Oliveira, nossa amiga \u2018Katita\u2019 inaugurar idade nova. Comemorou com fam\u00edlia e amigos. E amanh\u00e3, s\u00e1bado de Carnaval, dia 1\u00ba de mar\u00e7o, fica mais experiente o meu colega de trabalho, Arnaldo de Lima. Parab\u00e9ns e todas as felicidades do mundo a eles.<\/p>\n<p style=\"text-align: justify;\">\n","protected":false},"excerpt":{"rendered":"<p>Bloco das Piranhas tamb\u00e9m ser\u00e1 na beira rio Na segunda-feira de Carnaval, dia 3, o tradicional Bloco das Piranhas toma conta da cidade com<\/p>\n","protected":false},"author":1,"featured_media":0,"comment_status":"open","ping_status":"open","sticky":false,"template":"","format":"standard","meta":{"pmpro_default_level":"","footnotes":""},"categories":[13],"tags":[],"class_list":["post-19780","post","type-post","status-publish","format-standard","hentry","category-social","pmpro-has-access"],"yoast_head":"<!-- This site is optimized with the Yoast SEO plugin v27.4 - https:\/\/yoast.com\/product\/yoast-seo-wordpress\/ -->\n<title>La\u00eds Amaral - JORNAL BEIRA RIO<\/title>\n<meta name=\"robots\" content=\"index, follow, max-snippet:-1, max-image-preview:large, max-video-preview:-1\" \/>\n<link rel=\"canonical\" href=\"https:\/\/jornalbeirario.com.br\/portal\/?p=19780\" \/>\n<meta property=\"og:locale\" content=\"pt_BR\" \/>\n<meta property=\"og:type\" content=\"article\" \/>\n<meta property=\"og:title\" content=\"La\u00eds Amaral - JORNAL BEIRA RIO\" \/>\n<meta property=\"og:description\" content=\"Bloco das Piranhas tamb\u00e9m ser\u00e1 na beira rio Na segunda-feira de Carnaval, dia 3, o tradicional Bloco das Piranhas toma conta da cidade com\" \/>\n<meta property=\"og:url\" content=\"https:\/\/jornalbeirario.com.br\/portal\/?p=19780\" \/>\n<meta property=\"og:site_name\" content=\"JORNAL BEIRA RIO\" \/>\n<meta property=\"article:published_time\" content=\"2014-02-28T10:11:14+00:00\" \/>\n<meta name=\"author\" content=\"Jornal BEIRA-RIO\" \/>\n<meta name=\"twitter:card\" content=\"summary_large_image\" \/>\n<meta name=\"twitter:label1\" content=\"Escrito por\" \/>\n\t<meta name=\"twitter:data1\" content=\"Jornal BEIRA-RIO\" \/>\n\t<meta name=\"twitter:label2\" content=\"Est. tempo de leitura\" \/>\n\t<meta name=\"twitter:data2\" content=\"5 minutos\" \/>\n<script type=\"application\/ld+json\" class=\"yoast-schema-graph\">{\"@context\":\"https:\\\/\\\/schema.org\",\"@graph\":[{\"@type\":\"Article\",\"@id\":\"https:\\\/\\\/jornalbeirario.com.br\\\/portal\\\/?p=19780#article\",\"isPartOf\":{\"@id\":\"https:\\\/\\\/jornalbeirario.com.br\\\/portal\\\/?p=19780\"},\"author\":{\"name\":\"Jornal BEIRA-RIO\",\"@id\":\"https:\\\/\\\/jornalbeirario.com.br\\\/portal\\\/#\\\/schema\\\/person\\\/c6c423e4c2465d2a9233f6539173e7c1\"},\"headline\":\"La\u00eds Amaral\",\"datePublished\":\"2014-02-28T10:11:14+00:00\",\"mainEntityOfPage\":{\"@id\":\"https:\\\/\\\/jornalbeirario.com.br\\\/portal\\\/?p=19780\"},\"wordCount\":958,\"commentCount\":0,\"publisher\":{\"@id\":\"https:\\\/\\\/jornalbeirario.com.br\\\/portal\\\/#organization\"},\"articleSection\":[\"Social\"],\"inLanguage\":\"pt-BR\",\"potentialAction\":[{\"@type\":\"CommentAction\",\"name\":\"Comment\",\"target\":[\"https:\\\/\\\/jornalbeirario.com.br\\\/portal\\\/?p=19780#respond\"]}]},{\"@type\":\"WebPage\",\"@id\":\"https:\\\/\\\/jornalbeirario.com.br\\\/portal\\\/?p=19780\",\"url\":\"https:\\\/\\\/jornalbeirario.com.br\\\/portal\\\/?p=19780\",\"name\":\"La\u00eds Amaral - JORNAL BEIRA RIO\",\"isPartOf\":{\"@id\":\"https:\\\/\\\/jornalbeirario.com.br\\\/portal\\\/#website\"},\"datePublished\":\"2014-02-28T10:11:14+00:00\",\"breadcrumb\":{\"@id\":\"https:\\\/\\\/jornalbeirario.com.br\\\/portal\\\/?p=19780#breadcrumb\"},\"inLanguage\":\"pt-BR\",\"potentialAction\":[{\"@type\":\"ReadAction\",\"target\":[\"https:\\\/\\\/jornalbeirario.com.br\\\/portal\\\/?p=19780\"]}]},{\"@type\":\"BreadcrumbList\",\"@id\":\"https:\\\/\\\/jornalbeirario.com.br\\\/portal\\\/?p=19780#breadcrumb\",\"itemListElement\":[{\"@type\":\"ListItem\",\"position\":1,\"name\":\"Home\",\"item\":\"https:\\\/\\\/jornalbeirario.com.br\\\/portal\"},{\"@type\":\"ListItem\",\"position\":2,\"name\":\"La\u00eds Amaral\"}]},{\"@type\":\"WebSite\",\"@id\":\"https:\\\/\\\/jornalbeirario.com.br\\\/portal\\\/#website\",\"url\":\"https:\\\/\\\/jornalbeirario.com.br\\\/portal\\\/\",\"name\":\"JORNAL BEIRA RIO\",\"description\":\"\",\"publisher\":{\"@id\":\"https:\\\/\\\/jornalbeirario.com.br\\\/portal\\\/#organization\"},\"potentialAction\":[{\"@type\":\"SearchAction\",\"target\":{\"@type\":\"EntryPoint\",\"urlTemplate\":\"https:\\\/\\\/jornalbeirario.com.br\\\/portal\\\/?s={search_term_string}\"},\"query-input\":{\"@type\":\"PropertyValueSpecification\",\"valueRequired\":true,\"valueName\":\"search_term_string\"}}],\"inLanguage\":\"pt-BR\"},{\"@type\":\"Organization\",\"@id\":\"https:\\\/\\\/jornalbeirario.com.br\\\/portal\\\/#organization\",\"name\":\"JORNAL BEIRA RIO\",\"url\":\"https:\\\/\\\/jornalbeirario.com.br\\\/portal\\\/\",\"logo\":{\"@type\":\"ImageObject\",\"inLanguage\":\"pt-BR\",\"@id\":\"https:\\\/\\\/jornalbeirario.com.br\\\/portal\\\/#\\\/schema\\\/logo\\\/image\\\/\",\"url\":\"https:\\\/\\\/jornalbeirario.com.br\\\/portal\\\/wp-content\\\/uploads\\\/2017\\\/09\\\/BEIRA-RIO_logo600.png\",\"contentUrl\":\"https:\\\/\\\/jornalbeirario.com.br\\\/portal\\\/wp-content\\\/uploads\\\/2017\\\/09\\\/BEIRA-RIO_logo600.png\",\"width\":650,\"height\":108,\"caption\":\"JORNAL BEIRA RIO\"},\"image\":{\"@id\":\"https:\\\/\\\/jornalbeirario.com.br\\\/portal\\\/#\\\/schema\\\/logo\\\/image\\\/\"}},{\"@type\":\"Person\",\"@id\":\"https:\\\/\\\/jornalbeirario.com.br\\\/portal\\\/#\\\/schema\\\/person\\\/c6c423e4c2465d2a9233f6539173e7c1\",\"name\":\"Jornal BEIRA-RIO\",\"image\":{\"@type\":\"ImageObject\",\"inLanguage\":\"pt-BR\",\"@id\":\"https:\\\/\\\/jornalbeirario.com.br\\\/portal\\\/wp-content\\\/uploads\\\/2023\\\/10\\\/logojbr1.jpg\",\"url\":\"https:\\\/\\\/jornalbeirario.com.br\\\/portal\\\/wp-content\\\/uploads\\\/2023\\\/10\\\/logojbr1.jpg\",\"contentUrl\":\"https:\\\/\\\/jornalbeirario.com.br\\\/portal\\\/wp-content\\\/uploads\\\/2023\\\/10\\\/logojbr1.jpg\",\"caption\":\"Jornal BEIRA-RIO\"},\"url\":\"https:\\\/\\\/jornalbeirario.com.br\\\/portal\\\/?author=1\"}]}<\/script>\n<!-- \/ Yoast SEO plugin. -->","yoast_head_json":{"title":"La\u00eds Amaral - JORNAL BEIRA RIO","robots":{"index":"index","follow":"follow","max-snippet":"max-snippet:-1","max-image-preview":"max-image-preview:large","max-video-preview":"max-video-preview:-1"},"canonical":"https:\/\/jornalbeirario.com.br\/portal\/?p=19780","og_locale":"pt_BR","og_type":"article","og_title":"La\u00eds Amaral - JORNAL BEIRA RIO","og_description":"Bloco das Piranhas tamb\u00e9m ser\u00e1 na beira rio Na segunda-feira de Carnaval, dia 3, o tradicional Bloco das Piranhas toma conta da cidade com","og_url":"https:\/\/jornalbeirario.com.br\/portal\/?p=19780","og_site_name":"JORNAL BEIRA RIO","article_published_time":"2014-02-28T10:11:14+00:00","author":"Jornal BEIRA-RIO","twitter_card":"summary_large_image","twitter_misc":{"Escrito por":"Jornal BEIRA-RIO","Est. tempo de leitura":"5 minutos"},"schema":{"@context":"https:\/\/schema.org","@graph":[{"@type":"Article","@id":"https:\/\/jornalbeirario.com.br\/portal\/?p=19780#article","isPartOf":{"@id":"https:\/\/jornalbeirario.com.br\/portal\/?p=19780"},"author":{"name":"Jornal BEIRA-RIO","@id":"https:\/\/jornalbeirario.com.br\/portal\/#\/schema\/person\/c6c423e4c2465d2a9233f6539173e7c1"},"headline":"La\u00eds Amaral","datePublished":"2014-02-28T10:11:14+00:00","mainEntityOfPage":{"@id":"https:\/\/jornalbeirario.com.br\/portal\/?p=19780"},"wordCount":958,"commentCount":0,"publisher":{"@id":"https:\/\/jornalbeirario.com.br\/portal\/#organization"},"articleSection":["Social"],"inLanguage":"pt-BR","potentialAction":[{"@type":"CommentAction","name":"Comment","target":["https:\/\/jornalbeirario.com.br\/portal\/?p=19780#respond"]}]},{"@type":"WebPage","@id":"https:\/\/jornalbeirario.com.br\/portal\/?p=19780","url":"https:\/\/jornalbeirario.com.br\/portal\/?p=19780","name":"La\u00eds Amaral - JORNAL BEIRA RIO","isPartOf":{"@id":"https:\/\/jornalbeirario.com.br\/portal\/#website"},"datePublished":"2014-02-28T10:11:14+00:00","breadcrumb":{"@id":"https:\/\/jornalbeirario.com.br\/portal\/?p=19780#breadcrumb"},"inLanguage":"pt-BR","potentialAction":[{"@type":"ReadAction","target":["https:\/\/jornalbeirario.com.br\/portal\/?p=19780"]}]},{"@type":"BreadcrumbList","@id":"https:\/\/jornalbeirario.com.br\/portal\/?p=19780#breadcrumb","itemListElement":[{"@type":"ListItem","position":1,"name":"Home","item":"https:\/\/jornalbeirario.com.br\/portal"},{"@type":"ListItem","position":2,"name":"La\u00eds Amaral"}]},{"@type":"WebSite","@id":"https:\/\/jornalbeirario.com.br\/portal\/#website","url":"https:\/\/jornalbeirario.com.br\/portal\/","name":"JORNAL BEIRA RIO","description":"","publisher":{"@id":"https:\/\/jornalbeirario.com.br\/portal\/#organization"},"potentialAction":[{"@type":"SearchAction","target":{"@type":"EntryPoint","urlTemplate":"https:\/\/jornalbeirario.com.br\/portal\/?s={search_term_string}"},"query-input":{"@type":"PropertyValueSpecification","valueRequired":true,"valueName":"search_term_string"}}],"inLanguage":"pt-BR"},{"@type":"Organization","@id":"https:\/\/jornalbeirario.com.br\/portal\/#organization","name":"JORNAL BEIRA RIO","url":"https:\/\/jornalbeirario.com.br\/portal\/","logo":{"@type":"ImageObject","inLanguage":"pt-BR","@id":"https:\/\/jornalbeirario.com.br\/portal\/#\/schema\/logo\/image\/","url":"https:\/\/jornalbeirario.com.br\/portal\/wp-content\/uploads\/2017\/09\/BEIRA-RIO_logo600.png","contentUrl":"https:\/\/jornalbeirario.com.br\/portal\/wp-content\/uploads\/2017\/09\/BEIRA-RIO_logo600.png","width":650,"height":108,"caption":"JORNAL BEIRA RIO"},"image":{"@id":"https:\/\/jornalbeirario.com.br\/portal\/#\/schema\/logo\/image\/"}},{"@type":"Person","@id":"https:\/\/jornalbeirario.com.br\/portal\/#\/schema\/person\/c6c423e4c2465d2a9233f6539173e7c1","name":"Jornal BEIRA-RIO","image":{"@type":"ImageObject","inLanguage":"pt-BR","@id":"https:\/\/jornalbeirario.com.br\/portal\/wp-content\/uploads\/2023\/10\/logojbr1.jpg","url":"https:\/\/jornalbeirario.com.br\/portal\/wp-content\/uploads\/2023\/10\/logojbr1.jpg","contentUrl":"https:\/\/jornalbeirario.com.br\/portal\/wp-content\/uploads\/2023\/10\/logojbr1.jpg","caption":"Jornal BEIRA-RIO"},"url":"https:\/\/jornalbeirario.com.br\/portal\/?author=1"}]}},"_links":{"self":[{"href":"https:\/\/jornalbeirario.com.br\/portal\/index.php?rest_route=\/wp\/v2\/posts\/19780","targetHints":{"allow":["GET"]}}],"collection":[{"href":"https:\/\/jornalbeirario.com.br\/portal\/index.php?rest_route=\/wp\/v2\/posts"}],"about":[{"href":"https:\/\/jornalbeirario.com.br\/portal\/index.php?rest_route=\/wp\/v2\/types\/post"}],"author":[{"embeddable":true,"href":"https:\/\/jornalbeirario.com.br\/portal\/index.php?rest_route=\/wp\/v2\/users\/1"}],"replies":[{"embeddable":true,"href":"https:\/\/jornalbeirario.com.br\/portal\/index.php?rest_route=%2Fwp%2Fv2%2Fcomments&post=19780"}],"version-history":[{"count":1,"href":"https:\/\/jornalbeirario.com.br\/portal\/index.php?rest_route=\/wp\/v2\/posts\/19780\/revisions"}],"predecessor-version":[{"id":19781,"href":"https:\/\/jornalbeirario.com.br\/portal\/index.php?rest_route=\/wp\/v2\/posts\/19780\/revisions\/19781"}],"wp:attachment":[{"href":"https:\/\/jornalbeirario.com.br\/portal\/index.php?rest_route=%2Fwp%2Fv2%2Fmedia&parent=19780"}],"wp:term":[{"taxonomy":"category","embeddable":true,"href":"https:\/\/jornalbeirario.com.br\/portal\/index.php?rest_route=%2Fwp%2Fv2%2Fcategories&post=19780"},{"taxonomy":"post_tag","embeddable":true,"href":"https:\/\/jornalbeirario.com.br\/portal\/index.php?rest_route=%2Fwp%2Fv2%2Ftags&post=19780"}],"curies":[{"name":"wp","href":"https:\/\/api.w.org\/{rel}","templated":true}]}}