
{"id":19753,"date":"2014-02-28T09:24:15","date_gmt":"2014-02-28T09:24:15","guid":{"rendered":"http:\/\/jornalbeirario.com.br\/portal\/portal\/?p=19753"},"modified":"2014-02-28T09:24:15","modified_gmt":"2014-02-28T09:24:15","slug":"caso-de-policia-65","status":"publish","type":"post","link":"https:\/\/jornalbeirario.com.br\/portal\/?p=19753","title":{"rendered":"Caso de Pol\u00edcia"},"content":{"rendered":"<p style=\"text-align: justify;\">COLIS\u00c3O moto e carro. O sushiman William de Almeida Silva, de 26 anos, se feriu em uma colis\u00e3o entre uma moto e um carro na tarde do dia 23, no ret\u00e3o da Rodovia Presidente Dutra. O mec\u00e2nico Ces\u00e1rio Jorge Ferreira, de 58 anos, se feriu em um acidente semelhante na manh\u00e3 do dia 24, no bairro Cidade Alegria. Eles foram atendidos no Hospital de Emerg\u00eancia de Resende.<\/p>\n<p style=\"text-align: justify;\">BATIDA carro e muro. O ajudante de pedreiro Carlos Magno da Silva, de 23 anos, bateu com o carro de um amigo, um Chevette branco de ano 1986 em um muro do bairro Vila Julieta. O acidente aconteceu no dia 23 e Carlos Magno foi atendido por uma ambul\u00e2ncia e encaminhado ao Hospital de Emerg\u00eancia de Resende. No momento da batida, ele apresentava sinais de embriaguez e, por isso, ap\u00f3s ter sido hospitalizado, foi submetido a um teste de baf\u00f4metro que deu positivo, por ter 0,36mg de \u00e1lcool por litro em seu sangue. Ele foi preso em flagrante por conduzir ve\u00edculo automotor alcoolizado. J\u00e1 o comerciante Eus\u00e9bio da Silva Cataldo, de 43 anos, se feriu ap\u00f3s ter atravessado um canteiro e batido de frente com um muro na entrada de Resende, na tarde do dia 25. Ele tamb\u00e9m foi atendido no Hospital de Emerg\u00eancia.<\/p>\n<p style=\"text-align: justify;\">CHOQUE bicicleta e carro. Sandra Bento de Oliveira, de 33 anos, sofreu uma colis\u00e3o entre bicicleta e carro, no bairro Liberdade, na noite do dia 23. Na manh\u00e3 do dia 26 o mec\u00e2nico Granciano de Abreu Diniz, de 23, se feriu em um acidente semelhante no bairro Itapuca. Ambos foram atendidos no Hospital de Emerg\u00eancia de Resende.<\/p>\n<p style=\"text-align: justify;\">QUEDA. Um estudante de 15 anos se feriu ap\u00f3s cair em uma cachoeira no distrito de Bulh\u00f5es, no final da tarde do dia 23. Na mesma tarde, o empres\u00e1rio Jeferson Henrique Alves de Souza, de 18 anos, caiu de sua moto na rua em que mora, no bairro Alvorada. Ele foi atendido no Hospital de Emerg\u00eancia. Na manh\u00e3 do dia 24 o ajudante de pedreiro Michael Silva de Lima, caiu de moto pr\u00f3ximo \u00e0 sua casa, em Engenheiro Passos. O aut\u00f4nomo Eduardo Vieira Carvalho, de 25 anos, caiu de moto na madrugada do dia 25 no bairro Jambeiro I, em Penedo. Um estudante de 17 anos caiu de moto na tarde do mesmo dia, mas perto de casa, em Visconde de Mau\u00e1. Raquel Amanda da Silva, de 21 anos, caiu de moto perto de casa, em Porto Real, na noite do dia 25. O motoboy Douglas Benevenuto Correa de Almeida, de 23 anos, caiu de moto no bairro Novo Surubi, na manh\u00e3 do dia 26. Todos foram atendidos no Hospital de Emerg\u00eancia de Resende.<\/p>\n<p style=\"text-align: justify;\">APREENDIDO. Um adolescente de 15 anos foi apreendido na manh\u00e3 do dia 21 ao tentar roubar um telefone celular no valor de R$ 600 da atendente Lara Maria Gomes dos Reis, de 20 anos, no bairro Campos El\u00edseos. A tentativa de roubo aconteceu na loja em que ela trabalha, mas a mulher foi socorrida por dois militares da Aman (Academia Militar das Agulhas Negras), Fabio Jos\u00e9 Nascimento Domingues e Phelipe Menezes Maia, ambos de 23 anos, que passavam pelo local e ajudaram a deter o adolescente at\u00e9 a chegada da Pol\u00edcia Militar.<\/p>\n<p style=\"text-align: justify;\">ROUBO a estabelecimento comercial. A comerci\u00e1ria Luciana Tavares de Melo Lopes, de 42 anos, foi v\u00edtima de um assalto na padaria onde trabalha, na noite do dia 21. Um homem alto, magro, negro, sem barba ou bigode e aparentando cerca de 21 anos entrou na padaria com uma sacola preta, de onde tirou uma arma semelhante a um fuzil e anunciou o assalto. Ele levou R$ 400 e fugiu a p\u00e9 em dire\u00e7\u00e3o a um col\u00e9gio estadual. Segundo a comerci\u00e1ria, a Avenida das Mangueiras, para onde o assaltante teria ido tem c\u00e2meras de monitoramento. Por isso, a Pol\u00edcia Civil, que confeccionou o registro, pediu com urg\u00eancia para ter acesso ao conte\u00fado das c\u00e2meras. O homem vestia uma camisa azul, vermelha e branca em que estava escrito \u201cOlimp\u00edadas da Aman\u201d, uma bermuda vermelha e chinelos.<\/p>\n<p style=\"text-align: justify;\">FURTO a sal\u00e3o comunit\u00e1rio. O sal\u00e3o comunit\u00e1rio da Comunidade S\u00e3o Crist\u00f3v\u00e3o no bairro Morada da Montanha foi furtado na madrugada do dia 22. Segundo a professora Lidiane Guimar\u00e3es de Medeiros, de 56 anos, arrombaram uma porta de vidro e levaram a caixa de som da igreja. Ao ser acionada, a Pol\u00edcia Militar conseguiu encontrar a caixa em um matagal pr\u00f3ximo ao sal\u00e3o, mas houve atos de vandalismo inclusive com danos aos objetos sacros da igreja. A per\u00edcia foi acionada para ir ao local.<\/p>\n<p>FURTO em resid\u00eancia. A representante comercial Zuleide Bezerra Bahia , de 61 anos, teve eletrodom\u00e9sticos furtados de sua casa no Campo Belo, Parque Embaixador, na noite do dia 20. Ela afirmou que mora em S\u00e3o Paulo e que um vizinho de nome Maur\u00edcio teria ligado informando que sua casa havia sido arrombada. Foram levados um liquidificador e um espremedor de laranjas, cada um no valor de R$ 120. Tamb\u00e9m no dia 20, o jardineiro Carlos Alberto da Silva Barbosa, de 41 anos, teve seu celular furtado dentro de casa no final da tarde, no bairro Nova Liberdade. Ele afirma ter deixado seu Nextel no quarto e mais tarde, ao procur\u00e1-lo, n\u00e3o o encontrou mais.<\/p>\n<p style=\"text-align: justify;\">FURTOS. A aut\u00f4noma Gizelle da Silva Maia, de 36 anos, estacionou uma motoneta preta no bairro S\u00e3o Caetano, na tarde do dia 21 e voltou no dia 22 para peg\u00e1-la. Ao chegar, no entanto, viu que a placa da moto, que est\u00e1 em nome de Douglas Durval Prado, havia desaparecido. Na manh\u00e3 do dia 22, em Campos El\u00edseos, a estudante Hort\u00eancia Silva Nogueira, de 22 anos, teve furtados R$ 30, uma carteira de habilita\u00e7\u00e3o e um cart\u00e3o de d\u00e9bito Bradesco Mastercard. Ela n\u00e3o soube dizer como aconteceu o furto da mesma forma que Alexander Klaus Castro de Lacerda, de 43 anos, que foi furtado no mesmo dia e no mesmo bairro, mas no in\u00edcio da noite. Dele foram levados R$ 33, uma carteira de habilita\u00e7\u00e3o e o registro de licenciamento de sua moto Honda Biz Cinza.<\/p>\n<p style=\"text-align: justify;\">MORTE ap\u00f3s queda. A aposentada Virginia Roza Custodio, de 73 anos, morreu na manh\u00e3 do dia 21 ap\u00f3s ter ca\u00eddo da escada de sua casa, na noite da v\u00e9spera, no bairro Para\u00edso. O genro de Virg\u00ednia, o tamb\u00e9m aposentado Jos\u00e9 Cerqueira Campos, de 60 anos, afirmou que a sogra chegou a ser hospitalizada no Hospital de Emerg\u00eancia e encaminhada para o Hospital da Unimed, mas n\u00e3o resistiu aos ferimentos e morreu.<\/p>\n<p style=\"text-align: justify;\">ESTELIONATO. A servidora p\u00fablica C\u00e1ssia Vasques Carvalho, de 29 anos, recebeu um telefonema em seu celular na tarde do dia 22 de um homem dizendo ser seu primo Eduardo e que estava com toda a fam\u00edlia preso em uma oficina na Rodovia Presidente Dutra, pr\u00f3ximo a Queluz (SP), ap\u00f3s ser carro ter quebrado. Na liga\u00e7\u00e3o, o suposto primo teria dito que o mec\u00e2nico n\u00e3o aceitava nem cheque e nem cart\u00e3o de cr\u00e9dito e que por isso precisava que C\u00e1ssia fizesse uma transfer\u00eancia no valor de R$ 2.500. Ela fez a transfer\u00eancia e, mais tarde, o suposto primo teria pedido uma nova transfer\u00eancia, desta vez no valor de R$ 2 mil para comprar pe\u00e7as para o conserto do carro, e foi novamente atendido. A ag\u00eancia das contas em que foram realizados os dep\u00f3sitos fica em Campo Grande, no estado do Mato Grosso do Sul.<\/p>\n<p style=\"text-align: justify;\">APREENS\u00c3O de moto. Uma moto foi apreendida na noite do dia 22, no bairro Para\u00edso, por estar com o chassi adulterado. O padeiro Luis Felipe Louren\u00e7o de Oliveira, de 19 anos, afirmou ter comprado a Honda CG Titan preta do namorado da m\u00e3e, de nome Andr\u00e9, horas antes da apreens\u00e3o. Em troca, ele afirmou ter dado seu aparelho de som, no valor de R$ 1 mil. Na documenta\u00e7\u00e3o da moto, no entanto, ela consta como vermelha e, por isso, o ve\u00edculo foi apreendido.<\/p>\n<p style=\"text-align: justify;\">LES\u00c3O por arma branca. Um estudante de 17 anos deu uma facada no padrasto, de 31 anos, em casa, no bairro Alto dos Passos, na noite do dia 22. F\u00e1bio Domingues teria agredido a m\u00e3e do adolescente que \u00e9 auxiliar de servi\u00e7os gerais e, ao tentar defend\u00ea-la, o estudante feriu o padrasto com a faca. Tanto o padrasto quanto a m\u00e3e do jovem que havia tido ferimentos leves, foram atendidos no Hospital de Emerg\u00eancia. A tia, Vanda Maria da Silva uma dona de casa de 48 anos que tamb\u00e9m estava na casa no momento da briga, passou mal com a confus\u00e3o, infartou e morreu.<\/p>\n<p style=\"text-align: justify;\">ENCONTRADO. O corpo do estudante Rychardeson Telles Rodrigues Cabral, de 18 anos, foi encontrado na Represa do Funil pelo Corpo de Bombeiros Militares (CBM), na manh\u00e3 do dia 23. Ele havia se afogado na v\u00e9spera, dia 22, quando nadava com amigos no clube N\u00e1utico. O pai do estudante, o porteiro Roberto Carlos Tavares Cabral, de 45 anos, esteve no local e fez o reconhecimento do corpo do jovem.<\/p>\n<p style=\"text-align: justify;\">FERIDA. A diarista Terezinha Maria de Oliveira Silva, de 60 anos, se feriu ap\u00f3s a porta de um \u00f4nibus se fechar com seu bra\u00e7o no meio, na manh\u00e3 do dia 24. Ela foi atendida no Hospital de Emerg\u00eancia. N\u00e3o foi divulgada a empresa de \u00f4nibus em que o acidente aconteceu.<\/p>\n<p style=\"text-align: justify;\">ATROPELADO. O auxiliar administrativo Renato Ribeiro Monteiro, de 25 anos, foi atropelado em frente ao pr\u00e9dio da Prefeitura de Resende, no bairro Jardim Jalisco, na tarde do dia 24. Ele foi encaminhado para o Hospital de Emerg\u00eancia. O balconista Joaquim Deli Pires, de 56 anos, foi atropelado em Arape\u00ed, no dia 24, mas deu entrada no Hospital de Emerg\u00eancia na manh\u00e3 do dia 26.<\/p>\n<p style=\"text-align: justify;\">CANINO. Dois policiais militares sofreram um ataque canino no in\u00edcio da noite do dia 25. Gilberto Leite Leal, de 38 anos, e Sidnei Anselmo, de 39, estavam na Baixada Olaria quando se feriram. Os dois foram encaminhados para o Hospital de Emerg\u00eancia de Resende.<\/p>\n","protected":false},"excerpt":{"rendered":"<p>COLIS\u00c3O moto e carro. O sushiman William de Almeida Silva, de 26 anos, se feriu em uma colis\u00e3o entre uma moto e um carro<\/p>\n","protected":false},"author":1,"featured_media":0,"comment_status":"open","ping_status":"open","sticky":false,"template":"","format":"standard","meta":{"pmpro_default_level":"","footnotes":"","_members_access_role":[],"_members_access_error":""},"categories":[10],"tags":[],"class_list":["post-19753","post","type-post","status-publish","format-standard","hentry","category-policia","pmpro-has-access"],"yoast_head":"<!-- This site is optimized with the Yoast SEO plugin v28.4 - https:\/\/yoast.com\/product\/yoast-seo-wordpress\/ -->\n<title>Caso de Pol\u00edcia - JORNAL BEIRA RIO<\/title>\n<meta name=\"robots\" content=\"index, follow, max-snippet:-1, max-image-preview:large, max-video-preview:-1\" \/>\n<link rel=\"canonical\" href=\"https:\/\/jornalbeirario.com.br\/portal\/?p=19753\" \/>\n<meta property=\"og:locale\" content=\"pt_BR\" \/>\n<meta property=\"og:type\" content=\"article\" \/>\n<meta property=\"og:title\" content=\"Caso de Pol\u00edcia - JORNAL BEIRA RIO\" \/>\n<meta property=\"og:description\" content=\"COLIS\u00c3O moto e carro. O sushiman William de Almeida Silva, de 26 anos, se feriu em uma colis\u00e3o entre uma moto e um carro\" \/>\n<meta property=\"og:url\" content=\"https:\/\/jornalbeirario.com.br\/portal\/?p=19753\" \/>\n<meta property=\"og:site_name\" content=\"JORNAL BEIRA RIO\" \/>\n<meta property=\"article:published_time\" content=\"2014-02-28T09:24:15+00:00\" \/>\n<meta name=\"author\" content=\"Jornal BEIRA-RIO\" \/>\n<meta name=\"twitter:card\" content=\"summary_large_image\" \/>\n<meta name=\"twitter:label1\" content=\"Escrito por\" \/>\n\t<meta name=\"twitter:data1\" content=\"Jornal BEIRA-RIO\" \/>\n\t<meta name=\"twitter:label2\" content=\"Est. tempo de leitura\" \/>\n\t<meta name=\"twitter:data2\" content=\"8 minutos\" \/>\n<script type=\"application\/ld+json\" class=\"yoast-schema-graph\">{\"@context\":\"https:\\\/\\\/schema.org\",\"@graph\":[{\"@type\":\"Article\",\"@id\":\"https:\\\/\\\/jornalbeirario.com.br\\\/portal\\\/?p=19753#article\",\"isPartOf\":{\"@id\":\"https:\\\/\\\/jornalbeirario.com.br\\\/portal\\\/?p=19753\"},\"author\":{\"name\":\"Jornal BEIRA-RIO\",\"@id\":\"https:\\\/\\\/jornalbeirario.com.br\\\/portal\\\/#\\\/schema\\\/person\\\/c6c423e4c2465d2a9233f6539173e7c1\"},\"headline\":\"Caso de Pol\u00edcia\",\"datePublished\":\"2014-02-28T09:24:15+00:00\",\"mainEntityOfPage\":{\"@id\":\"https:\\\/\\\/jornalbeirario.com.br\\\/portal\\\/?p=19753\"},\"wordCount\":1674,\"commentCount\":0,\"publisher\":{\"@id\":\"https:\\\/\\\/jornalbeirario.com.br\\\/portal\\\/#organization\"},\"articleSection\":[\"Pol\u00edcia\"],\"inLanguage\":\"pt-BR\",\"potentialAction\":[{\"@type\":\"CommentAction\",\"name\":\"Comment\",\"target\":[\"https:\\\/\\\/jornalbeirario.com.br\\\/portal\\\/?p=19753#respond\"]}]},{\"@type\":\"WebPage\",\"@id\":\"https:\\\/\\\/jornalbeirario.com.br\\\/portal\\\/?p=19753\",\"url\":\"https:\\\/\\\/jornalbeirario.com.br\\\/portal\\\/?p=19753\",\"name\":\"Caso de Pol\u00edcia - JORNAL BEIRA RIO\",\"isPartOf\":{\"@id\":\"https:\\\/\\\/jornalbeirario.com.br\\\/portal\\\/#website\"},\"datePublished\":\"2014-02-28T09:24:15+00:00\",\"breadcrumb\":{\"@id\":\"https:\\\/\\\/jornalbeirario.com.br\\\/portal\\\/?p=19753#breadcrumb\"},\"inLanguage\":\"pt-BR\",\"potentialAction\":[{\"@type\":\"ReadAction\",\"target\":[\"https:\\\/\\\/jornalbeirario.com.br\\\/portal\\\/?p=19753\"]}]},{\"@type\":\"BreadcrumbList\",\"@id\":\"https:\\\/\\\/jornalbeirario.com.br\\\/portal\\\/?p=19753#breadcrumb\",\"itemListElement\":[{\"@type\":\"ListItem\",\"position\":1,\"name\":\"Home\",\"item\":\"https:\\\/\\\/jornalbeirario.com.br\\\/portal\"},{\"@type\":\"ListItem\",\"position\":2,\"name\":\"Caso de Pol\u00edcia\"}]},{\"@type\":\"WebSite\",\"@id\":\"https:\\\/\\\/jornalbeirario.com.br\\\/portal\\\/#website\",\"url\":\"https:\\\/\\\/jornalbeirario.com.br\\\/portal\\\/\",\"name\":\"JORNAL BEIRA RIO\",\"description\":\"\",\"publisher\":{\"@id\":\"https:\\\/\\\/jornalbeirario.com.br\\\/portal\\\/#organization\"},\"potentialAction\":[{\"@type\":\"SearchAction\",\"target\":{\"@type\":\"EntryPoint\",\"urlTemplate\":\"https:\\\/\\\/jornalbeirario.com.br\\\/portal\\\/?s={search_term_string}\"},\"query-input\":{\"@type\":\"PropertyValueSpecification\",\"valueRequired\":true,\"valueName\":\"search_term_string\"}}],\"inLanguage\":\"pt-BR\"},{\"@type\":\"Organization\",\"@id\":\"https:\\\/\\\/jornalbeirario.com.br\\\/portal\\\/#organization\",\"name\":\"JORNAL BEIRA RIO\",\"url\":\"https:\\\/\\\/jornalbeirario.com.br\\\/portal\\\/\",\"logo\":{\"@type\":\"ImageObject\",\"inLanguage\":\"pt-BR\",\"@id\":\"https:\\\/\\\/jornalbeirario.com.br\\\/portal\\\/#\\\/schema\\\/logo\\\/image\\\/\",\"url\":\"https:\\\/\\\/jornalbeirario.com.br\\\/portal\\\/wp-content\\\/uploads\\\/2017\\\/09\\\/BEIRA-RIO_logo600.png\",\"contentUrl\":\"https:\\\/\\\/jornalbeirario.com.br\\\/portal\\\/wp-content\\\/uploads\\\/2017\\\/09\\\/BEIRA-RIO_logo600.png\",\"width\":650,\"height\":108,\"caption\":\"JORNAL BEIRA RIO\"},\"image\":{\"@id\":\"https:\\\/\\\/jornalbeirario.com.br\\\/portal\\\/#\\\/schema\\\/logo\\\/image\\\/\"}},{\"@type\":\"Person\",\"@id\":\"https:\\\/\\\/jornalbeirario.com.br\\\/portal\\\/#\\\/schema\\\/person\\\/c6c423e4c2465d2a9233f6539173e7c1\",\"name\":\"Jornal BEIRA-RIO\",\"image\":{\"@type\":\"ImageObject\",\"inLanguage\":\"pt-BR\",\"@id\":\"https:\\\/\\\/jornalbeirario.com.br\\\/portal\\\/wp-content\\\/uploads\\\/2023\\\/10\\\/logojbr1.jpg\",\"url\":\"https:\\\/\\\/jornalbeirario.com.br\\\/portal\\\/wp-content\\\/uploads\\\/2023\\\/10\\\/logojbr1.jpg\",\"contentUrl\":\"https:\\\/\\\/jornalbeirario.com.br\\\/portal\\\/wp-content\\\/uploads\\\/2023\\\/10\\\/logojbr1.jpg\",\"caption\":\"Jornal BEIRA-RIO\"},\"url\":\"https:\\\/\\\/jornalbeirario.com.br\\\/portal\\\/?author=1\"}]}<\/script>\n<!-- \/ Yoast SEO plugin. -->","yoast_head_json":{"title":"Caso de Pol\u00edcia - JORNAL BEIRA RIO","robots":{"index":"index","follow":"follow","max-snippet":"max-snippet:-1","max-image-preview":"max-image-preview:large","max-video-preview":"max-video-preview:-1"},"canonical":"https:\/\/jornalbeirario.com.br\/portal\/?p=19753","og_locale":"pt_BR","og_type":"article","og_title":"Caso de Pol\u00edcia - JORNAL BEIRA RIO","og_description":"COLIS\u00c3O moto e carro. O sushiman William de Almeida Silva, de 26 anos, se feriu em uma colis\u00e3o entre uma moto e um carro","og_url":"https:\/\/jornalbeirario.com.br\/portal\/?p=19753","og_site_name":"JORNAL BEIRA RIO","article_published_time":"2014-02-28T09:24:15+00:00","author":"Jornal BEIRA-RIO","twitter_card":"summary_large_image","twitter_misc":{"Escrito por":"Jornal BEIRA-RIO","Est. tempo de leitura":"8 minutos"},"schema":{"@context":"https:\/\/schema.org","@graph":[{"@type":"Article","@id":"https:\/\/jornalbeirario.com.br\/portal\/?p=19753#article","isPartOf":{"@id":"https:\/\/jornalbeirario.com.br\/portal\/?p=19753"},"author":{"name":"Jornal BEIRA-RIO","@id":"https:\/\/jornalbeirario.com.br\/portal\/#\/schema\/person\/c6c423e4c2465d2a9233f6539173e7c1"},"headline":"Caso de Pol\u00edcia","datePublished":"2014-02-28T09:24:15+00:00","mainEntityOfPage":{"@id":"https:\/\/jornalbeirario.com.br\/portal\/?p=19753"},"wordCount":1674,"commentCount":0,"publisher":{"@id":"https:\/\/jornalbeirario.com.br\/portal\/#organization"},"articleSection":["Pol\u00edcia"],"inLanguage":"pt-BR","potentialAction":[{"@type":"CommentAction","name":"Comment","target":["https:\/\/jornalbeirario.com.br\/portal\/?p=19753#respond"]}]},{"@type":"WebPage","@id":"https:\/\/jornalbeirario.com.br\/portal\/?p=19753","url":"https:\/\/jornalbeirario.com.br\/portal\/?p=19753","name":"Caso de Pol\u00edcia - JORNAL BEIRA RIO","isPartOf":{"@id":"https:\/\/jornalbeirario.com.br\/portal\/#website"},"datePublished":"2014-02-28T09:24:15+00:00","breadcrumb":{"@id":"https:\/\/jornalbeirario.com.br\/portal\/?p=19753#breadcrumb"},"inLanguage":"pt-BR","potentialAction":[{"@type":"ReadAction","target":["https:\/\/jornalbeirario.com.br\/portal\/?p=19753"]}]},{"@type":"BreadcrumbList","@id":"https:\/\/jornalbeirario.com.br\/portal\/?p=19753#breadcrumb","itemListElement":[{"@type":"ListItem","position":1,"name":"Home","item":"https:\/\/jornalbeirario.com.br\/portal"},{"@type":"ListItem","position":2,"name":"Caso de Pol\u00edcia"}]},{"@type":"WebSite","@id":"https:\/\/jornalbeirario.com.br\/portal\/#website","url":"https:\/\/jornalbeirario.com.br\/portal\/","name":"JORNAL BEIRA RIO","description":"","publisher":{"@id":"https:\/\/jornalbeirario.com.br\/portal\/#organization"},"potentialAction":[{"@type":"SearchAction","target":{"@type":"EntryPoint","urlTemplate":"https:\/\/jornalbeirario.com.br\/portal\/?s={search_term_string}"},"query-input":{"@type":"PropertyValueSpecification","valueRequired":true,"valueName":"search_term_string"}}],"inLanguage":"pt-BR"},{"@type":"Organization","@id":"https:\/\/jornalbeirario.com.br\/portal\/#organization","name":"JORNAL BEIRA RIO","url":"https:\/\/jornalbeirario.com.br\/portal\/","logo":{"@type":"ImageObject","inLanguage":"pt-BR","@id":"https:\/\/jornalbeirario.com.br\/portal\/#\/schema\/logo\/image\/","url":"https:\/\/jornalbeirario.com.br\/portal\/wp-content\/uploads\/2017\/09\/BEIRA-RIO_logo600.png","contentUrl":"https:\/\/jornalbeirario.com.br\/portal\/wp-content\/uploads\/2017\/09\/BEIRA-RIO_logo600.png","width":650,"height":108,"caption":"JORNAL BEIRA RIO"},"image":{"@id":"https:\/\/jornalbeirario.com.br\/portal\/#\/schema\/logo\/image\/"}},{"@type":"Person","@id":"https:\/\/jornalbeirario.com.br\/portal\/#\/schema\/person\/c6c423e4c2465d2a9233f6539173e7c1","name":"Jornal BEIRA-RIO","image":{"@type":"ImageObject","inLanguage":"pt-BR","@id":"https:\/\/jornalbeirario.com.br\/portal\/wp-content\/uploads\/2023\/10\/logojbr1.jpg","url":"https:\/\/jornalbeirario.com.br\/portal\/wp-content\/uploads\/2023\/10\/logojbr1.jpg","contentUrl":"https:\/\/jornalbeirario.com.br\/portal\/wp-content\/uploads\/2023\/10\/logojbr1.jpg","caption":"Jornal BEIRA-RIO"},"url":"https:\/\/jornalbeirario.com.br\/portal\/?author=1"}]}},"_links":{"self":[{"href":"https:\/\/jornalbeirario.com.br\/portal\/index.php?rest_route=\/wp\/v2\/posts\/19753","targetHints":{"allow":["GET"]}}],"collection":[{"href":"https:\/\/jornalbeirario.com.br\/portal\/index.php?rest_route=\/wp\/v2\/posts"}],"about":[{"href":"https:\/\/jornalbeirario.com.br\/portal\/index.php?rest_route=\/wp\/v2\/types\/post"}],"author":[{"embeddable":true,"href":"https:\/\/jornalbeirario.com.br\/portal\/index.php?rest_route=\/wp\/v2\/users\/1"}],"replies":[{"embeddable":true,"href":"https:\/\/jornalbeirario.com.br\/portal\/index.php?rest_route=%2Fwp%2Fv2%2Fcomments&post=19753"}],"version-history":[{"count":1,"href":"https:\/\/jornalbeirario.com.br\/portal\/index.php?rest_route=\/wp\/v2\/posts\/19753\/revisions"}],"predecessor-version":[{"id":19754,"href":"https:\/\/jornalbeirario.com.br\/portal\/index.php?rest_route=\/wp\/v2\/posts\/19753\/revisions\/19754"}],"wp:attachment":[{"href":"https:\/\/jornalbeirario.com.br\/portal\/index.php?rest_route=%2Fwp%2Fv2%2Fmedia&parent=19753"}],"wp:term":[{"taxonomy":"category","embeddable":true,"href":"https:\/\/jornalbeirario.com.br\/portal\/index.php?rest_route=%2Fwp%2Fv2%2Fcategories&post=19753"},{"taxonomy":"post_tag","embeddable":true,"href":"https:\/\/jornalbeirario.com.br\/portal\/index.php?rest_route=%2Fwp%2Fv2%2Ftags&post=19753"}],"curies":[{"name":"wp","href":"https:\/\/api.w.org\/{rel}","templated":true}]}}