
{"id":19571,"date":"2014-02-21T11:46:01","date_gmt":"2014-02-21T11:46:01","guid":{"rendered":"http:\/\/jornalbeirario.com.br\/portal\/portal\/?p=19571"},"modified":"2014-02-21T11:46:01","modified_gmt":"2014-02-21T11:46:01","slug":"lais-amaral-35","status":"publish","type":"post","link":"https:\/\/jornalbeirario.com.br\/portal\/?p=19571","title":{"rendered":"La\u00eds Amaral"},"content":{"rendered":"<p style=\"text-align: justify;\"><strong>Crust\u00e1ceos da Mangua\u00e7a, Kibeleza e Imp\u00e9rio Serrano neste s\u00e1bado no Cal\u00e7ad\u00e3o de Campos El\u00edseos<\/strong>\u00a0\u00a0\u00a0\ufffd<br \/>\nAmanh\u00e3, dia 22, vai se repetir o que vem acontecendo em Campos El\u00edseos h\u00e1 13 anos: um s\u00e1bado antes do Carnaval, o Bloco Et\u00edlico Carnavalesco Crust\u00e1ceos da Mangua\u00e7a vai para as ruas. A concentra\u00e7\u00e3o ser\u00e1 \u00e0s 13 horas no Cal\u00e7ad\u00e3o, em frente \u00e0 Caixa Econ\u00f4mica (os foli\u00f5es mais animados saem com o bloco ao meio dia de frente ao Bar Recanto dos Amigos &#8211; Catarino, depois param no Bar do Edinho). \u00c9 s\u00f3 chegar, de fantasia ou n\u00e3o. Nesses 13 anos o\u00a0 Crust\u00e1ceos deu cria, e pelo segundo ano ter\u00e1 a companhia do \u201cKibeleza\u201d, bloco que faz concentra\u00e7\u00e3o pr\u00f3ximo ao Bar do Ribamar, no Jardim Jalisco. Os dois blocos v\u00e3o se encontrar em Campos El\u00edseos consagrando definitivamente o maior evento Pr\u00e9-carnavalesco de Resende e a alegria \u201csem cordas\u201d dos blocos de rua. \u00c9 a anarquia saud\u00e1vel do Carnaval, brincar por brincar. Como o \u2018Crust\u00e1ceos\u2019 agora faz parte do calend\u00e1rio carnavalesco da cidade, conta com apoio da Prefeitura, via Superintend\u00eancia de Eventos e Funda\u00e7\u00e3o Casa da Cultura Macedo Miranda, que est\u00e3o trazendo para encerramento do desfile do bloco, um grupo de componentes da escola de samba Imp\u00e9rio Serrano, um luxo. Uma novidade a mais: l\u00e1 pelas 11 horas, no in\u00edcio do Cal\u00e7ad\u00e3o, junto \u00e0 Ponte Velha, haver\u00e1 um desfile de c\u00e3es fantasiados. Um concurso promovido por um petshop da cidade.<\/p>\n<p style=\"text-align: justify;\"><strong>A Rosaine vai estar por a\u00ed<\/strong><br \/>\nUm grupo de compenente do Crust\u00e1ceos vai homenagear a saudosa Rosaine Pereira, desfilando com camisetas com o rosto da nossa amiga que nos deixou recentemente. \u00c9 o primeiro Carnaval sem ela, que sempre ajudava imprimindo e distribindo as letras da m\u00fasica do bloco. Abaixo a marchinha deste ano para n\u00e3o perder a tradi\u00e7\u00e3o. A Rosaine gostaria, com certeza:<\/p>\n<p style=\"text-align: justify;\"><strong>Convoca o Mangua\u00e7a, Felip\u00e3o !!<\/strong><\/p>\n<p style=\"text-align: justify;\">ESSE ANO VAI TER COPO\u00a0\u00a0\ufffd<br \/>\nESSE ANO \u00c9 SELE\u00c7\u00c3O\u00a0\u00a0\u00a0\u00a0\u00a0\u00a0\u00a0\ufffd<br \/>\nA GALERA ERGUE A TA\u00c7A\u00a0\u00a0\ufffd<br \/>\nOUTRA TA\u00c7A\u00a0\u00a0\u00a0\u00a0\u00a0\u00a0\u00a0\u00a0\u00a0\u00a0\u00a0\u00a0\u00a0\u00a0\u00a0\u00a0\u00a0\u00a0\u00a0\u00a0\u00a0\ufffd<br \/>\nMAIS UM CHOPP NA PRESS\u00c3O<\/p>\n<p style=\"text-align: justify;\">N\u00c3O TEM OSCAR, NEM TEM NEYMAR<br \/>\nO NOSSO CRAQUE BATE BOLA AT\u00c9 NO MAR<br \/>\nCHUTA COM AS OITO<br \/>\n\u00d4 FELIP\u00c3O !<br \/>\nCONVOCA ELE O MANGUA\u00c7A \u00c9 SELE\u00c7\u00c3O !<\/p>\n<p style=\"text-align: justify;\">\u00c3O, \u00c3O, \u00c3O O MANGUA\u00c7A \u00c9 SELE\u00c7\u00c3O<br \/>\n\u00c3O, \u00c3O, \u00c3O O MANGUA\u00c7A \u00c9 SELE\u00c7\u00c3O<br \/>\n\u00c3O, \u00c3O, \u00c3O O MANGUA\u00c7A \u00c9 SELE\u00c7\u00c3O<br \/>\n\u00c3O, \u00c3O, \u00c3O O MANGUA\u00c7A \u00c9 SELE\u00c7\u00c3O<\/p>\n<p style=\"text-align: justify;\"><strong>TRIPA<\/strong><br \/>\n* Hoje \u00e0s 20 horas na ARBR, acontece a elei\u00e7\u00e3o de Rei e Rainha do Carnaval de Resende. Entrada franca * Segue at\u00e9 domingo, dia 23, no Espa\u00e7o \u2018Z\u2019 a com\u00e9dia policial \u201cVoc\u00ea pode ser um Assassino\u201d, de Alfonso Paso, com o grupo \u2018Os Tarja Preta\u2019 e dire\u00e7\u00e3o de Ana Zelma. No elenco: Azeitona, Diego Linx, Felipe Nogueira, J\u00falio Pires, Luiz Fernando, M\u00f4nica Izidoro, Patr\u00edcia Jupety e Priscila Andrade. Muito legal. \u00c0s 20 horas * Na pr\u00f3xima ter\u00e7a-feira, dia 25, no \u201cEspa\u00e7o \u2018Z\u2019\u201d acontece um recital e grito de carnaval com \u00eanfase para as marchinhas e sauda\u00e7\u00e3o aos sambistas j\u00e1 falecidos. Participa\u00e7\u00e3o especial do Coral da Professora Alile Cuoco, da Escola de M\u00fasica Maestro Aniceto Senna e do Coral Resencanto. Local:com \u2018Espa\u00e7o Z\u2019, \u00e0s 19 horas. Mais uma bola\u00e7\u00e3o do Claudionor Rosa e do Rancho chuveiro de Prata com apoio da Funda\u00e7\u00e3o Casa da Cultura Macedo Miranda * Tamb\u00e9m no dia 25 a partir de 19h30min., Ive Seixas, a \u2018Andorinha\u2019 divide o palco com o rapper Thiago Elni\u00f1o no Teatro Gacems, em Volta Redonda. Ive estar\u00e1 acompanhada por Felipe Mendon\u00e7a no contrabaixo ac\u00fastico e Mestre Andr\u00e9, na bateria. Ive interpretar\u00e1 seus sucessos, entre eles, a graciosa \u2018Andorinha, S\u00f3\u2019 * Que a torcida do Flamengo me perdoe, tenho muitos amigos rubro-negros e eles n\u00e3o tem culpa, mas o que aconteceu no jogo com o Vasco domingo passado, eu nunca vi. Dizer que foi lance pol\u00eamico \u00e9 piada, foi muito claro. Tamb\u00e9m n\u00e3o foi erro de arbitragem. Na minha opini\u00e3o aquilo foi manipula\u00e7\u00e3o de resultado, o tal auxiliar deveria ser interrogado pela Policia Federal. Que falta faz um Jo\u00e3o Saldanha na cr\u00f4nica esportiva brasileira * E viva a Liga dos Campe\u00f5es da Europa !<\/p>\n<p style=\"text-align: justify;\"><strong>ANIVERS\u00c1RIOS<\/strong><br \/>\nNessa quarta, dia 19, inauguraram idade nova o Ma\u00e9rcio e o Z\u00e9 Botafogo. Ontem, dia 20, mudaram de idade o Matheus, filho do Ma\u00e9rcio e da Nazar\u00e9. Hoje, sexta, dia 21, entra no time dos sexisagen\u00e1rios, o mais rabugento dono de bar da cidade, o nosso amigo C\u00e9rgio (com \u2018C\u2019). Amanh\u00e3, dia 22, sopra velinhas a Carla, telefonista da Casa da Cultura. Parab\u00e9ns e todas as felicidades do mundo a eles.<\/p>\n","protected":false},"excerpt":{"rendered":"<p>Crust\u00e1ceos da Mangua\u00e7a, Kibeleza e Imp\u00e9rio Serrano neste s\u00e1bado no Cal\u00e7ad\u00e3o de Campos El\u00edseos\u00a0\u00a0\u00a0\ufffd Amanh\u00e3, dia 22, vai se repetir o que vem acontecendo<\/p>\n","protected":false},"author":1,"featured_media":0,"comment_status":"open","ping_status":"open","sticky":false,"template":"","format":"standard","meta":{"pmpro_default_level":"","footnotes":""},"categories":[13],"tags":[],"class_list":["post-19571","post","type-post","status-publish","format-standard","hentry","category-social","pmpro-has-access"],"yoast_head":"<!-- This site is optimized with the Yoast SEO plugin v27.4 - https:\/\/yoast.com\/product\/yoast-seo-wordpress\/ -->\n<title>La\u00eds Amaral - JORNAL BEIRA RIO<\/title>\n<meta name=\"robots\" content=\"index, follow, max-snippet:-1, max-image-preview:large, max-video-preview:-1\" \/>\n<link rel=\"canonical\" href=\"https:\/\/jornalbeirario.com.br\/portal\/?p=19571\" \/>\n<meta property=\"og:locale\" content=\"pt_BR\" \/>\n<meta property=\"og:type\" content=\"article\" \/>\n<meta property=\"og:title\" content=\"La\u00eds Amaral - JORNAL BEIRA RIO\" \/>\n<meta property=\"og:description\" content=\"Crust\u00e1ceos da Mangua\u00e7a, Kibeleza e Imp\u00e9rio Serrano neste s\u00e1bado no Cal\u00e7ad\u00e3o de Campos El\u00edseos\u00a0\u00a0\u00a0\ufffd Amanh\u00e3, dia 22, vai se repetir o que vem acontecendo\" \/>\n<meta property=\"og:url\" content=\"https:\/\/jornalbeirario.com.br\/portal\/?p=19571\" \/>\n<meta property=\"og:site_name\" content=\"JORNAL BEIRA RIO\" \/>\n<meta property=\"article:published_time\" content=\"2014-02-21T11:46:01+00:00\" \/>\n<meta name=\"author\" content=\"Jornal BEIRA-RIO\" \/>\n<meta name=\"twitter:card\" content=\"summary_large_image\" \/>\n<meta name=\"twitter:label1\" content=\"Escrito por\" \/>\n\t<meta name=\"twitter:data1\" content=\"Jornal BEIRA-RIO\" \/>\n\t<meta name=\"twitter:label2\" content=\"Est. tempo de leitura\" \/>\n\t<meta name=\"twitter:data2\" content=\"4 minutos\" \/>\n<script type=\"application\/ld+json\" class=\"yoast-schema-graph\">{\"@context\":\"https:\\\/\\\/schema.org\",\"@graph\":[{\"@type\":\"Article\",\"@id\":\"https:\\\/\\\/jornalbeirario.com.br\\\/portal\\\/?p=19571#article\",\"isPartOf\":{\"@id\":\"https:\\\/\\\/jornalbeirario.com.br\\\/portal\\\/?p=19571\"},\"author\":{\"name\":\"Jornal BEIRA-RIO\",\"@id\":\"https:\\\/\\\/jornalbeirario.com.br\\\/portal\\\/#\\\/schema\\\/person\\\/c6c423e4c2465d2a9233f6539173e7c1\"},\"headline\":\"La\u00eds Amaral\",\"datePublished\":\"2014-02-21T11:46:01+00:00\",\"mainEntityOfPage\":{\"@id\":\"https:\\\/\\\/jornalbeirario.com.br\\\/portal\\\/?p=19571\"},\"wordCount\":793,\"commentCount\":0,\"publisher\":{\"@id\":\"https:\\\/\\\/jornalbeirario.com.br\\\/portal\\\/#organization\"},\"articleSection\":[\"Social\"],\"inLanguage\":\"pt-BR\",\"potentialAction\":[{\"@type\":\"CommentAction\",\"name\":\"Comment\",\"target\":[\"https:\\\/\\\/jornalbeirario.com.br\\\/portal\\\/?p=19571#respond\"]}]},{\"@type\":\"WebPage\",\"@id\":\"https:\\\/\\\/jornalbeirario.com.br\\\/portal\\\/?p=19571\",\"url\":\"https:\\\/\\\/jornalbeirario.com.br\\\/portal\\\/?p=19571\",\"name\":\"La\u00eds Amaral - JORNAL BEIRA RIO\",\"isPartOf\":{\"@id\":\"https:\\\/\\\/jornalbeirario.com.br\\\/portal\\\/#website\"},\"datePublished\":\"2014-02-21T11:46:01+00:00\",\"breadcrumb\":{\"@id\":\"https:\\\/\\\/jornalbeirario.com.br\\\/portal\\\/?p=19571#breadcrumb\"},\"inLanguage\":\"pt-BR\",\"potentialAction\":[{\"@type\":\"ReadAction\",\"target\":[\"https:\\\/\\\/jornalbeirario.com.br\\\/portal\\\/?p=19571\"]}]},{\"@type\":\"BreadcrumbList\",\"@id\":\"https:\\\/\\\/jornalbeirario.com.br\\\/portal\\\/?p=19571#breadcrumb\",\"itemListElement\":[{\"@type\":\"ListItem\",\"position\":1,\"name\":\"Home\",\"item\":\"https:\\\/\\\/jornalbeirario.com.br\\\/portal\"},{\"@type\":\"ListItem\",\"position\":2,\"name\":\"La\u00eds Amaral\"}]},{\"@type\":\"WebSite\",\"@id\":\"https:\\\/\\\/jornalbeirario.com.br\\\/portal\\\/#website\",\"url\":\"https:\\\/\\\/jornalbeirario.com.br\\\/portal\\\/\",\"name\":\"JORNAL BEIRA RIO\",\"description\":\"\",\"publisher\":{\"@id\":\"https:\\\/\\\/jornalbeirario.com.br\\\/portal\\\/#organization\"},\"potentialAction\":[{\"@type\":\"SearchAction\",\"target\":{\"@type\":\"EntryPoint\",\"urlTemplate\":\"https:\\\/\\\/jornalbeirario.com.br\\\/portal\\\/?s={search_term_string}\"},\"query-input\":{\"@type\":\"PropertyValueSpecification\",\"valueRequired\":true,\"valueName\":\"search_term_string\"}}],\"inLanguage\":\"pt-BR\"},{\"@type\":\"Organization\",\"@id\":\"https:\\\/\\\/jornalbeirario.com.br\\\/portal\\\/#organization\",\"name\":\"JORNAL BEIRA RIO\",\"url\":\"https:\\\/\\\/jornalbeirario.com.br\\\/portal\\\/\",\"logo\":{\"@type\":\"ImageObject\",\"inLanguage\":\"pt-BR\",\"@id\":\"https:\\\/\\\/jornalbeirario.com.br\\\/portal\\\/#\\\/schema\\\/logo\\\/image\\\/\",\"url\":\"https:\\\/\\\/jornalbeirario.com.br\\\/portal\\\/wp-content\\\/uploads\\\/2017\\\/09\\\/BEIRA-RIO_logo600.png\",\"contentUrl\":\"https:\\\/\\\/jornalbeirario.com.br\\\/portal\\\/wp-content\\\/uploads\\\/2017\\\/09\\\/BEIRA-RIO_logo600.png\",\"width\":650,\"height\":108,\"caption\":\"JORNAL BEIRA RIO\"},\"image\":{\"@id\":\"https:\\\/\\\/jornalbeirario.com.br\\\/portal\\\/#\\\/schema\\\/logo\\\/image\\\/\"}},{\"@type\":\"Person\",\"@id\":\"https:\\\/\\\/jornalbeirario.com.br\\\/portal\\\/#\\\/schema\\\/person\\\/c6c423e4c2465d2a9233f6539173e7c1\",\"name\":\"Jornal BEIRA-RIO\",\"image\":{\"@type\":\"ImageObject\",\"inLanguage\":\"pt-BR\",\"@id\":\"https:\\\/\\\/jornalbeirario.com.br\\\/portal\\\/wp-content\\\/uploads\\\/2023\\\/10\\\/logojbr1.jpg\",\"url\":\"https:\\\/\\\/jornalbeirario.com.br\\\/portal\\\/wp-content\\\/uploads\\\/2023\\\/10\\\/logojbr1.jpg\",\"contentUrl\":\"https:\\\/\\\/jornalbeirario.com.br\\\/portal\\\/wp-content\\\/uploads\\\/2023\\\/10\\\/logojbr1.jpg\",\"caption\":\"Jornal BEIRA-RIO\"},\"url\":\"https:\\\/\\\/jornalbeirario.com.br\\\/portal\\\/?author=1\"}]}<\/script>\n<!-- \/ Yoast SEO plugin. -->","yoast_head_json":{"title":"La\u00eds Amaral - JORNAL BEIRA RIO","robots":{"index":"index","follow":"follow","max-snippet":"max-snippet:-1","max-image-preview":"max-image-preview:large","max-video-preview":"max-video-preview:-1"},"canonical":"https:\/\/jornalbeirario.com.br\/portal\/?p=19571","og_locale":"pt_BR","og_type":"article","og_title":"La\u00eds Amaral - JORNAL BEIRA RIO","og_description":"Crust\u00e1ceos da Mangua\u00e7a, Kibeleza e Imp\u00e9rio Serrano neste s\u00e1bado no Cal\u00e7ad\u00e3o de Campos El\u00edseos\u00a0\u00a0\u00a0\ufffd Amanh\u00e3, dia 22, vai se repetir o que vem acontecendo","og_url":"https:\/\/jornalbeirario.com.br\/portal\/?p=19571","og_site_name":"JORNAL BEIRA RIO","article_published_time":"2014-02-21T11:46:01+00:00","author":"Jornal BEIRA-RIO","twitter_card":"summary_large_image","twitter_misc":{"Escrito por":"Jornal BEIRA-RIO","Est. tempo de leitura":"4 minutos"},"schema":{"@context":"https:\/\/schema.org","@graph":[{"@type":"Article","@id":"https:\/\/jornalbeirario.com.br\/portal\/?p=19571#article","isPartOf":{"@id":"https:\/\/jornalbeirario.com.br\/portal\/?p=19571"},"author":{"name":"Jornal BEIRA-RIO","@id":"https:\/\/jornalbeirario.com.br\/portal\/#\/schema\/person\/c6c423e4c2465d2a9233f6539173e7c1"},"headline":"La\u00eds Amaral","datePublished":"2014-02-21T11:46:01+00:00","mainEntityOfPage":{"@id":"https:\/\/jornalbeirario.com.br\/portal\/?p=19571"},"wordCount":793,"commentCount":0,"publisher":{"@id":"https:\/\/jornalbeirario.com.br\/portal\/#organization"},"articleSection":["Social"],"inLanguage":"pt-BR","potentialAction":[{"@type":"CommentAction","name":"Comment","target":["https:\/\/jornalbeirario.com.br\/portal\/?p=19571#respond"]}]},{"@type":"WebPage","@id":"https:\/\/jornalbeirario.com.br\/portal\/?p=19571","url":"https:\/\/jornalbeirario.com.br\/portal\/?p=19571","name":"La\u00eds Amaral - JORNAL BEIRA RIO","isPartOf":{"@id":"https:\/\/jornalbeirario.com.br\/portal\/#website"},"datePublished":"2014-02-21T11:46:01+00:00","breadcrumb":{"@id":"https:\/\/jornalbeirario.com.br\/portal\/?p=19571#breadcrumb"},"inLanguage":"pt-BR","potentialAction":[{"@type":"ReadAction","target":["https:\/\/jornalbeirario.com.br\/portal\/?p=19571"]}]},{"@type":"BreadcrumbList","@id":"https:\/\/jornalbeirario.com.br\/portal\/?p=19571#breadcrumb","itemListElement":[{"@type":"ListItem","position":1,"name":"Home","item":"https:\/\/jornalbeirario.com.br\/portal"},{"@type":"ListItem","position":2,"name":"La\u00eds Amaral"}]},{"@type":"WebSite","@id":"https:\/\/jornalbeirario.com.br\/portal\/#website","url":"https:\/\/jornalbeirario.com.br\/portal\/","name":"JORNAL BEIRA RIO","description":"","publisher":{"@id":"https:\/\/jornalbeirario.com.br\/portal\/#organization"},"potentialAction":[{"@type":"SearchAction","target":{"@type":"EntryPoint","urlTemplate":"https:\/\/jornalbeirario.com.br\/portal\/?s={search_term_string}"},"query-input":{"@type":"PropertyValueSpecification","valueRequired":true,"valueName":"search_term_string"}}],"inLanguage":"pt-BR"},{"@type":"Organization","@id":"https:\/\/jornalbeirario.com.br\/portal\/#organization","name":"JORNAL BEIRA RIO","url":"https:\/\/jornalbeirario.com.br\/portal\/","logo":{"@type":"ImageObject","inLanguage":"pt-BR","@id":"https:\/\/jornalbeirario.com.br\/portal\/#\/schema\/logo\/image\/","url":"https:\/\/jornalbeirario.com.br\/portal\/wp-content\/uploads\/2017\/09\/BEIRA-RIO_logo600.png","contentUrl":"https:\/\/jornalbeirario.com.br\/portal\/wp-content\/uploads\/2017\/09\/BEIRA-RIO_logo600.png","width":650,"height":108,"caption":"JORNAL BEIRA RIO"},"image":{"@id":"https:\/\/jornalbeirario.com.br\/portal\/#\/schema\/logo\/image\/"}},{"@type":"Person","@id":"https:\/\/jornalbeirario.com.br\/portal\/#\/schema\/person\/c6c423e4c2465d2a9233f6539173e7c1","name":"Jornal BEIRA-RIO","image":{"@type":"ImageObject","inLanguage":"pt-BR","@id":"https:\/\/jornalbeirario.com.br\/portal\/wp-content\/uploads\/2023\/10\/logojbr1.jpg","url":"https:\/\/jornalbeirario.com.br\/portal\/wp-content\/uploads\/2023\/10\/logojbr1.jpg","contentUrl":"https:\/\/jornalbeirario.com.br\/portal\/wp-content\/uploads\/2023\/10\/logojbr1.jpg","caption":"Jornal BEIRA-RIO"},"url":"https:\/\/jornalbeirario.com.br\/portal\/?author=1"}]}},"_links":{"self":[{"href":"https:\/\/jornalbeirario.com.br\/portal\/index.php?rest_route=\/wp\/v2\/posts\/19571","targetHints":{"allow":["GET"]}}],"collection":[{"href":"https:\/\/jornalbeirario.com.br\/portal\/index.php?rest_route=\/wp\/v2\/posts"}],"about":[{"href":"https:\/\/jornalbeirario.com.br\/portal\/index.php?rest_route=\/wp\/v2\/types\/post"}],"author":[{"embeddable":true,"href":"https:\/\/jornalbeirario.com.br\/portal\/index.php?rest_route=\/wp\/v2\/users\/1"}],"replies":[{"embeddable":true,"href":"https:\/\/jornalbeirario.com.br\/portal\/index.php?rest_route=%2Fwp%2Fv2%2Fcomments&post=19571"}],"version-history":[{"count":2,"href":"https:\/\/jornalbeirario.com.br\/portal\/index.php?rest_route=\/wp\/v2\/posts\/19571\/revisions"}],"predecessor-version":[{"id":19601,"href":"https:\/\/jornalbeirario.com.br\/portal\/index.php?rest_route=\/wp\/v2\/posts\/19571\/revisions\/19601"}],"wp:attachment":[{"href":"https:\/\/jornalbeirario.com.br\/portal\/index.php?rest_route=%2Fwp%2Fv2%2Fmedia&parent=19571"}],"wp:term":[{"taxonomy":"category","embeddable":true,"href":"https:\/\/jornalbeirario.com.br\/portal\/index.php?rest_route=%2Fwp%2Fv2%2Fcategories&post=19571"},{"taxonomy":"post_tag","embeddable":true,"href":"https:\/\/jornalbeirario.com.br\/portal\/index.php?rest_route=%2Fwp%2Fv2%2Ftags&post=19571"}],"curies":[{"name":"wp","href":"https:\/\/api.w.org\/{rel}","templated":true}]}}