
{"id":19567,"date":"2014-02-21T11:44:50","date_gmt":"2014-02-21T11:44:50","guid":{"rendered":"http:\/\/jornalbeirario.com.br\/portal\/portal\/?p=19567"},"modified":"2014-02-21T11:44:50","modified_gmt":"2014-02-21T11:44:50","slug":"cartas-e-e-mails-30","status":"publish","type":"post","link":"https:\/\/jornalbeirario.com.br\/portal\/?p=19567","title":{"rendered":"Cartas e E-mails"},"content":{"rendered":"<p style=\"text-align: justify;\">Para Jornal <strong>BEIRA-RIO<\/strong><br \/>\nA\/C: jornalista Ana L\u00facia,<br \/>\nPelo presente, solicitamos do Jornal Beira-Rio a publica\u00e7\u00e3o das seguintes corre\u00e7\u00f5es com rela\u00e7\u00e3o \u00e0s informa\u00e7\u00f5es publicadas na coluna \u201cAcredite Se Quiser\u201d, edi\u00e7\u00e3o n\u00famero 844.<br \/>\nEm nenhum momento, durante a sess\u00e3o ordin\u00e1ria do dia 13 de fevereiro pr\u00f3ximo passado, eu fiz qualquer tipo de solicita\u00e7\u00e3o ao primeiro secret\u00e1rio da mesa diretora da C\u00e2mara Municipal de Resende, vereador Tiago Forastieri, no sentido de que ele lesse com mais aten\u00e7\u00e3o as mat\u00e9rias em pauta.<br \/>\nNo meu entendimento, desde fevereiro do ano passado, quando come\u00e7aram as sess\u00f5es em plen\u00e1rio da atual legislatura, a leitura das proposi\u00e7\u00f5es tem sido satisfat\u00f3ria, e de f\u00e1cil entendimento por parte dos vereadores e do p\u00fablico. \u00c9 o que penso a respeito desse assunto.<br \/>\nCom rela\u00e7\u00e3o ao que o jornal classificou de \u201cdiscuss\u00e3o feia\u201d entre eu e o vereador Carlos Santa Rita, prefiro classificar o fato apenas como uma discord\u00e2ncia moment\u00e2nea, j\u00e1 plenamente superada.<br \/>\nO vereador em quest\u00e3o pretendia apresentar uma indica\u00e7\u00e3o visando \u00e0 realiza\u00e7\u00e3o de um servi\u00e7o para o bairro do Para\u00edso, mas eu j\u00e1 tinha feito a mesma proposi\u00e7\u00e3o, apenas com o texto diferente, em sess\u00f5es anteriores. Diante desta informa\u00e7\u00e3o, ele retirou prontamente seu pedido, numa atitude, diga-se de passagem, at\u00e9 mesmo louv\u00e1vel.<br \/>\nSem mais para o momento, subscrevo, apresentando os meus votos de estima e considera\u00e7\u00e3o.<br \/>\nAtenciosamente,<br \/>\nST\u00caNIO<br \/>\nVereador<br \/>\nNOTA DA EDITORA<br \/>\nA rep\u00f3rter do jornal <strong>BEIRA-RIO<\/strong> tem discernimento para interpretar as atitudes dos vereadores em plen\u00e1rio, ainda que haja discord\u00e2ncia sobre esta interpreta\u00e7\u00e3o. A coluna Acredite Se Quiser s\u00e3o notas opinativas e no caso em tela, n\u00e3o h\u00e1 corre\u00e7\u00e3o a ser feita. Aproveitando a participa\u00e7\u00e3o do vereador, este seman\u00e1rio gostaria do pronunciamento do mesmo sobre as den\u00fancias que realizou na C\u00e2mara sobre suspeitas de irregularidades em obras da Educa\u00e7\u00e3o da Prefeitura de Resende, ano passado, e que inclusive, foi capa deste jornal com tais den\u00fancias, mas que depois, se calou sem novo pronunciamento ou solicita\u00e7\u00f5es de retorno de nossas reportagens.<\/p>\n<p style=\"text-align: justify;\">Cara editora e caros leitores,<br \/>\nO ano de 2014 come\u00e7ou com muita expectativa, pela import\u00e2ncia que ele ter\u00e1 para toda sociedade brasileira. Um ano em que o mundo volta os olhos ao nosso pa\u00eds, aguardando nosso desempenho na recep\u00e7\u00e3o da Copa do Mundo. Futebol sim, mas com sa\u00fade e educa\u00e7\u00e3o de qualidade para todos.\u00a0 Mas tamb\u00e9m \u00e9 ano de elei\u00e7\u00e3o. Quer sim ou n\u00e3o, vamos \u00e0s urnas mais uma vez. Votar para deputados estaduais e federais, senador, governador e presidente da Rep\u00fablica. \u00c9 a democracia se afirmando em nosso pa\u00eds, ap\u00f3s 50 anos da \u201crevolu\u00e7\u00e3o\u201d.<br \/>\nO Brasil tem outra cara, ainda assim assistimos a manifesta\u00e7\u00f5es, como as de junho\/2013, que surpreenderam partidos, sindicatos e associa\u00e7\u00f5es, e contribu\u00edram para sacudir o senso comum e alertar os poderes do descaso em diversos setores. A \u201cdemocracia representativa\u201d sendo questionada em nome de maior participa\u00e7\u00e3o da sociedade.<br \/>\nO Brasil avan\u00e7ou, os institutos de pesquisa confirmam isto, apesar das tentativas de manipula\u00e7\u00e3o do momento. A taxa de desemprego reduziu drasticamente em 11 anos, obtendo uma redu\u00e7\u00e3o de quase sete por cento, fechando 2013 em menos de 5%.<br \/>\nEm nome da produ\u00e7\u00e3o, jovens s\u00e3o capacitados. ProUni e Sisu d\u00e3o a t\u00e3o sonhada oportunidade do Ensino Superior. No Pronatec \/ Programa Nacional do Ensino T\u00e9cnico, j\u00e1 s\u00e3o mais de 5,7 milh\u00f5es de inscritos em todo o pa\u00eds. O programa Minha Casa, Minha vida \u00e9 a certeza de moradia para o povo brasileiro, sendo que aqui na nossa cidade 900 unidades ser\u00e3o entregues. O Brasil Carinhoso, programa para atender a demanda das m\u00e3es que precisam deixar seu filho para o mercado de trabalho, j\u00e1 chegou a Resende. O pa\u00eds cresce a passos largos e a popula\u00e7\u00e3o pede cada vez mais. O programa Mais M\u00e9dicos, que hoje conta com mais de 6 mil m\u00e9dicos atendendo \u00e0 popula\u00e7\u00e3o mais distantes, foi um desafio com toda rea\u00e7\u00e3o da oposi\u00e7\u00e3o.<br \/>\nO Brasil foi submetido a uma coloniza\u00e7\u00e3o durante 322 anos, que em muitos casos adentrou o Imp\u00e9rio por quase toda a Rep\u00fablica, sem uma preocupa\u00e7\u00e3o com quest\u00f5es sociais. Foram anos de descasos com a popula\u00e7\u00e3o mais pobre. H\u00e1 muito o que fazer para garantir cidadania. Quero expressar meu apoio \u00e0s manifesta\u00e7\u00f5es, livres e democr\u00e1ticas, sem viol\u00eancias e manipula\u00e7\u00f5es. A melhor forma de Estado \u00e9 aquela em que o povo expressa seus desenhos e cobra por um rumo certo.<br \/>\nRog\u00e9rio Coutinho<br \/>\nSecret\u00e1rio Geral do Partido dos Trabalhadores de Resende<\/p>\n","protected":false},"excerpt":{"rendered":"<p>Para Jornal BEIRA-RIO A\/C: jornalista Ana L\u00facia, Pelo presente, solicitamos do Jornal Beira-Rio a publica\u00e7\u00e3o das seguintes corre\u00e7\u00f5es com rela\u00e7\u00e3o \u00e0s informa\u00e7\u00f5es publicadas na<\/p>\n","protected":false},"author":1,"featured_media":0,"comment_status":"open","ping_status":"open","sticky":false,"template":"","format":"standard","meta":{"pmpro_default_level":"","footnotes":"","_members_access_role":[],"_members_access_error":""},"categories":[8],"tags":[],"class_list":["post-19567","post","type-post","status-publish","format-standard","hentry","category-opiniao","pmpro-has-access"],"yoast_head":"<!-- This site is optimized with the Yoast SEO plugin v28.4 - https:\/\/yoast.com\/product\/yoast-seo-wordpress\/ -->\n<title>Cartas e E-mails - JORNAL BEIRA RIO<\/title>\n<meta name=\"robots\" content=\"index, follow, max-snippet:-1, max-image-preview:large, max-video-preview:-1\" \/>\n<link rel=\"canonical\" href=\"https:\/\/jornalbeirario.com.br\/portal\/?p=19567\" \/>\n<meta property=\"og:locale\" content=\"pt_BR\" \/>\n<meta property=\"og:type\" content=\"article\" \/>\n<meta property=\"og:title\" content=\"Cartas e E-mails - JORNAL BEIRA RIO\" \/>\n<meta property=\"og:description\" content=\"Para Jornal BEIRA-RIO A\/C: jornalista Ana L\u00facia, Pelo presente, solicitamos do Jornal Beira-Rio a publica\u00e7\u00e3o das seguintes corre\u00e7\u00f5es com rela\u00e7\u00e3o \u00e0s informa\u00e7\u00f5es publicadas na\" \/>\n<meta property=\"og:url\" content=\"https:\/\/jornalbeirario.com.br\/portal\/?p=19567\" \/>\n<meta property=\"og:site_name\" content=\"JORNAL BEIRA RIO\" \/>\n<meta property=\"article:published_time\" content=\"2014-02-21T11:44:50+00:00\" \/>\n<meta name=\"author\" content=\"Jornal BEIRA-RIO\" \/>\n<meta name=\"twitter:card\" content=\"summary_large_image\" \/>\n<meta name=\"twitter:label1\" content=\"Escrito por\" \/>\n\t<meta name=\"twitter:data1\" content=\"Jornal BEIRA-RIO\" \/>\n\t<meta name=\"twitter:label2\" content=\"Est. tempo de leitura\" \/>\n\t<meta name=\"twitter:data2\" content=\"4 minutos\" \/>\n<script type=\"application\/ld+json\" class=\"yoast-schema-graph\">{\"@context\":\"https:\\\/\\\/schema.org\",\"@graph\":[{\"@type\":\"Article\",\"@id\":\"https:\\\/\\\/jornalbeirario.com.br\\\/portal\\\/?p=19567#article\",\"isPartOf\":{\"@id\":\"https:\\\/\\\/jornalbeirario.com.br\\\/portal\\\/?p=19567\"},\"author\":{\"name\":\"Jornal BEIRA-RIO\",\"@id\":\"https:\\\/\\\/jornalbeirario.com.br\\\/portal\\\/#\\\/schema\\\/person\\\/c6c423e4c2465d2a9233f6539173e7c1\"},\"headline\":\"Cartas e E-mails\",\"datePublished\":\"2014-02-21T11:44:50+00:00\",\"mainEntityOfPage\":{\"@id\":\"https:\\\/\\\/jornalbeirario.com.br\\\/portal\\\/?p=19567\"},\"wordCount\":802,\"commentCount\":0,\"publisher\":{\"@id\":\"https:\\\/\\\/jornalbeirario.com.br\\\/portal\\\/#organization\"},\"articleSection\":[\"Opini\u00e3o\"],\"inLanguage\":\"pt-BR\",\"potentialAction\":[{\"@type\":\"CommentAction\",\"name\":\"Comment\",\"target\":[\"https:\\\/\\\/jornalbeirario.com.br\\\/portal\\\/?p=19567#respond\"]}]},{\"@type\":\"WebPage\",\"@id\":\"https:\\\/\\\/jornalbeirario.com.br\\\/portal\\\/?p=19567\",\"url\":\"https:\\\/\\\/jornalbeirario.com.br\\\/portal\\\/?p=19567\",\"name\":\"Cartas e E-mails - JORNAL BEIRA RIO\",\"isPartOf\":{\"@id\":\"https:\\\/\\\/jornalbeirario.com.br\\\/portal\\\/#website\"},\"datePublished\":\"2014-02-21T11:44:50+00:00\",\"breadcrumb\":{\"@id\":\"https:\\\/\\\/jornalbeirario.com.br\\\/portal\\\/?p=19567#breadcrumb\"},\"inLanguage\":\"pt-BR\",\"potentialAction\":[{\"@type\":\"ReadAction\",\"target\":[\"https:\\\/\\\/jornalbeirario.com.br\\\/portal\\\/?p=19567\"]}]},{\"@type\":\"BreadcrumbList\",\"@id\":\"https:\\\/\\\/jornalbeirario.com.br\\\/portal\\\/?p=19567#breadcrumb\",\"itemListElement\":[{\"@type\":\"ListItem\",\"position\":1,\"name\":\"Home\",\"item\":\"https:\\\/\\\/jornalbeirario.com.br\\\/portal\"},{\"@type\":\"ListItem\",\"position\":2,\"name\":\"Cartas e E-mails\"}]},{\"@type\":\"WebSite\",\"@id\":\"https:\\\/\\\/jornalbeirario.com.br\\\/portal\\\/#website\",\"url\":\"https:\\\/\\\/jornalbeirario.com.br\\\/portal\\\/\",\"name\":\"JORNAL BEIRA RIO\",\"description\":\"\",\"publisher\":{\"@id\":\"https:\\\/\\\/jornalbeirario.com.br\\\/portal\\\/#organization\"},\"potentialAction\":[{\"@type\":\"SearchAction\",\"target\":{\"@type\":\"EntryPoint\",\"urlTemplate\":\"https:\\\/\\\/jornalbeirario.com.br\\\/portal\\\/?s={search_term_string}\"},\"query-input\":{\"@type\":\"PropertyValueSpecification\",\"valueRequired\":true,\"valueName\":\"search_term_string\"}}],\"inLanguage\":\"pt-BR\"},{\"@type\":\"Organization\",\"@id\":\"https:\\\/\\\/jornalbeirario.com.br\\\/portal\\\/#organization\",\"name\":\"JORNAL BEIRA RIO\",\"url\":\"https:\\\/\\\/jornalbeirario.com.br\\\/portal\\\/\",\"logo\":{\"@type\":\"ImageObject\",\"inLanguage\":\"pt-BR\",\"@id\":\"https:\\\/\\\/jornalbeirario.com.br\\\/portal\\\/#\\\/schema\\\/logo\\\/image\\\/\",\"url\":\"https:\\\/\\\/jornalbeirario.com.br\\\/portal\\\/wp-content\\\/uploads\\\/2017\\\/09\\\/BEIRA-RIO_logo600.png\",\"contentUrl\":\"https:\\\/\\\/jornalbeirario.com.br\\\/portal\\\/wp-content\\\/uploads\\\/2017\\\/09\\\/BEIRA-RIO_logo600.png\",\"width\":650,\"height\":108,\"caption\":\"JORNAL BEIRA RIO\"},\"image\":{\"@id\":\"https:\\\/\\\/jornalbeirario.com.br\\\/portal\\\/#\\\/schema\\\/logo\\\/image\\\/\"}},{\"@type\":\"Person\",\"@id\":\"https:\\\/\\\/jornalbeirario.com.br\\\/portal\\\/#\\\/schema\\\/person\\\/c6c423e4c2465d2a9233f6539173e7c1\",\"name\":\"Jornal BEIRA-RIO\",\"image\":{\"@type\":\"ImageObject\",\"inLanguage\":\"pt-BR\",\"@id\":\"https:\\\/\\\/jornalbeirario.com.br\\\/portal\\\/wp-content\\\/uploads\\\/2023\\\/10\\\/logojbr1.jpg\",\"url\":\"https:\\\/\\\/jornalbeirario.com.br\\\/portal\\\/wp-content\\\/uploads\\\/2023\\\/10\\\/logojbr1.jpg\",\"contentUrl\":\"https:\\\/\\\/jornalbeirario.com.br\\\/portal\\\/wp-content\\\/uploads\\\/2023\\\/10\\\/logojbr1.jpg\",\"caption\":\"Jornal BEIRA-RIO\"},\"url\":\"https:\\\/\\\/jornalbeirario.com.br\\\/portal\\\/?author=1\"}]}<\/script>\n<!-- \/ Yoast SEO plugin. -->","yoast_head_json":{"title":"Cartas e E-mails - JORNAL BEIRA RIO","robots":{"index":"index","follow":"follow","max-snippet":"max-snippet:-1","max-image-preview":"max-image-preview:large","max-video-preview":"max-video-preview:-1"},"canonical":"https:\/\/jornalbeirario.com.br\/portal\/?p=19567","og_locale":"pt_BR","og_type":"article","og_title":"Cartas e E-mails - JORNAL BEIRA RIO","og_description":"Para Jornal BEIRA-RIO A\/C: jornalista Ana L\u00facia, Pelo presente, solicitamos do Jornal Beira-Rio a publica\u00e7\u00e3o das seguintes corre\u00e7\u00f5es com rela\u00e7\u00e3o \u00e0s informa\u00e7\u00f5es publicadas na","og_url":"https:\/\/jornalbeirario.com.br\/portal\/?p=19567","og_site_name":"JORNAL BEIRA RIO","article_published_time":"2014-02-21T11:44:50+00:00","author":"Jornal BEIRA-RIO","twitter_card":"summary_large_image","twitter_misc":{"Escrito por":"Jornal BEIRA-RIO","Est. tempo de leitura":"4 minutos"},"schema":{"@context":"https:\/\/schema.org","@graph":[{"@type":"Article","@id":"https:\/\/jornalbeirario.com.br\/portal\/?p=19567#article","isPartOf":{"@id":"https:\/\/jornalbeirario.com.br\/portal\/?p=19567"},"author":{"name":"Jornal BEIRA-RIO","@id":"https:\/\/jornalbeirario.com.br\/portal\/#\/schema\/person\/c6c423e4c2465d2a9233f6539173e7c1"},"headline":"Cartas e E-mails","datePublished":"2014-02-21T11:44:50+00:00","mainEntityOfPage":{"@id":"https:\/\/jornalbeirario.com.br\/portal\/?p=19567"},"wordCount":802,"commentCount":0,"publisher":{"@id":"https:\/\/jornalbeirario.com.br\/portal\/#organization"},"articleSection":["Opini\u00e3o"],"inLanguage":"pt-BR","potentialAction":[{"@type":"CommentAction","name":"Comment","target":["https:\/\/jornalbeirario.com.br\/portal\/?p=19567#respond"]}]},{"@type":"WebPage","@id":"https:\/\/jornalbeirario.com.br\/portal\/?p=19567","url":"https:\/\/jornalbeirario.com.br\/portal\/?p=19567","name":"Cartas e E-mails - JORNAL BEIRA RIO","isPartOf":{"@id":"https:\/\/jornalbeirario.com.br\/portal\/#website"},"datePublished":"2014-02-21T11:44:50+00:00","breadcrumb":{"@id":"https:\/\/jornalbeirario.com.br\/portal\/?p=19567#breadcrumb"},"inLanguage":"pt-BR","potentialAction":[{"@type":"ReadAction","target":["https:\/\/jornalbeirario.com.br\/portal\/?p=19567"]}]},{"@type":"BreadcrumbList","@id":"https:\/\/jornalbeirario.com.br\/portal\/?p=19567#breadcrumb","itemListElement":[{"@type":"ListItem","position":1,"name":"Home","item":"https:\/\/jornalbeirario.com.br\/portal"},{"@type":"ListItem","position":2,"name":"Cartas e E-mails"}]},{"@type":"WebSite","@id":"https:\/\/jornalbeirario.com.br\/portal\/#website","url":"https:\/\/jornalbeirario.com.br\/portal\/","name":"JORNAL BEIRA RIO","description":"","publisher":{"@id":"https:\/\/jornalbeirario.com.br\/portal\/#organization"},"potentialAction":[{"@type":"SearchAction","target":{"@type":"EntryPoint","urlTemplate":"https:\/\/jornalbeirario.com.br\/portal\/?s={search_term_string}"},"query-input":{"@type":"PropertyValueSpecification","valueRequired":true,"valueName":"search_term_string"}}],"inLanguage":"pt-BR"},{"@type":"Organization","@id":"https:\/\/jornalbeirario.com.br\/portal\/#organization","name":"JORNAL BEIRA RIO","url":"https:\/\/jornalbeirario.com.br\/portal\/","logo":{"@type":"ImageObject","inLanguage":"pt-BR","@id":"https:\/\/jornalbeirario.com.br\/portal\/#\/schema\/logo\/image\/","url":"https:\/\/jornalbeirario.com.br\/portal\/wp-content\/uploads\/2017\/09\/BEIRA-RIO_logo600.png","contentUrl":"https:\/\/jornalbeirario.com.br\/portal\/wp-content\/uploads\/2017\/09\/BEIRA-RIO_logo600.png","width":650,"height":108,"caption":"JORNAL BEIRA RIO"},"image":{"@id":"https:\/\/jornalbeirario.com.br\/portal\/#\/schema\/logo\/image\/"}},{"@type":"Person","@id":"https:\/\/jornalbeirario.com.br\/portal\/#\/schema\/person\/c6c423e4c2465d2a9233f6539173e7c1","name":"Jornal BEIRA-RIO","image":{"@type":"ImageObject","inLanguage":"pt-BR","@id":"https:\/\/jornalbeirario.com.br\/portal\/wp-content\/uploads\/2023\/10\/logojbr1.jpg","url":"https:\/\/jornalbeirario.com.br\/portal\/wp-content\/uploads\/2023\/10\/logojbr1.jpg","contentUrl":"https:\/\/jornalbeirario.com.br\/portal\/wp-content\/uploads\/2023\/10\/logojbr1.jpg","caption":"Jornal BEIRA-RIO"},"url":"https:\/\/jornalbeirario.com.br\/portal\/?author=1"}]}},"_links":{"self":[{"href":"https:\/\/jornalbeirario.com.br\/portal\/index.php?rest_route=\/wp\/v2\/posts\/19567","targetHints":{"allow":["GET"]}}],"collection":[{"href":"https:\/\/jornalbeirario.com.br\/portal\/index.php?rest_route=\/wp\/v2\/posts"}],"about":[{"href":"https:\/\/jornalbeirario.com.br\/portal\/index.php?rest_route=\/wp\/v2\/types\/post"}],"author":[{"embeddable":true,"href":"https:\/\/jornalbeirario.com.br\/portal\/index.php?rest_route=\/wp\/v2\/users\/1"}],"replies":[{"embeddable":true,"href":"https:\/\/jornalbeirario.com.br\/portal\/index.php?rest_route=%2Fwp%2Fv2%2Fcomments&post=19567"}],"version-history":[{"count":2,"href":"https:\/\/jornalbeirario.com.br\/portal\/index.php?rest_route=\/wp\/v2\/posts\/19567\/revisions"}],"predecessor-version":[{"id":19600,"href":"https:\/\/jornalbeirario.com.br\/portal\/index.php?rest_route=\/wp\/v2\/posts\/19567\/revisions\/19600"}],"wp:attachment":[{"href":"https:\/\/jornalbeirario.com.br\/portal\/index.php?rest_route=%2Fwp%2Fv2%2Fmedia&parent=19567"}],"wp:term":[{"taxonomy":"category","embeddable":true,"href":"https:\/\/jornalbeirario.com.br\/portal\/index.php?rest_route=%2Fwp%2Fv2%2Fcategories&post=19567"},{"taxonomy":"post_tag","embeddable":true,"href":"https:\/\/jornalbeirario.com.br\/portal\/index.php?rest_route=%2Fwp%2Fv2%2Ftags&post=19567"}],"curies":[{"name":"wp","href":"https:\/\/api.w.org\/{rel}","templated":true}]}}