
{"id":1931,"date":"2012-11-09T11:37:02","date_gmt":"2012-11-09T11:37:02","guid":{"rendered":"http:\/\/jornalbeirario.com.br\/portal\/portal\/?p=1931"},"modified":"2012-11-09T11:37:02","modified_gmt":"2012-11-09T11:37:02","slug":"lais-amaral-3","status":"publish","type":"post","link":"https:\/\/jornalbeirario.com.br\/portal\/?p=1931","title":{"rendered":"La\u00eds Amaral"},"content":{"rendered":"<p>A premia\u00e7\u00e3o dos Destaques da Cultura neste 2012<br \/>\nAmanh\u00e3, s\u00e1bado (dia 10), acontece a grande noite da cultura de Resende. \u00c9 a entrega do \u2018Pr\u00eamio Macedo Miranda\u2019 para os destaques culturais do ano. A festa come\u00e7a \u00e0s 20 horas no \u2018Espa\u00e7o Z\u2019. A iniciativa \u00e9 da Prefeitura de Resende por meio da Funda\u00e7\u00e3o Casa da Cultura Macedo Miranda. A premia\u00e7\u00e3o acontece todos os anos na semana em que se comemora o Dia da Cultura (5 de Novembro). Os dez destaques escolhidos pela pr\u00f3pria Funda\u00e7\u00e3o Casa da Cultura Macedo Miranda s\u00e3o os seguintes: Jorge Brito (Artes Pl\u00e1sticas), Exposi\u00e7\u00e3o \u201cUma Pedra no caminho\u201d, do Centro Cultural Visconde de Mau\u00e1 (Fotografia), Coral do Visconde (M\u00fasica), Cust\u00f3dio do Acordeom (Arte Popular), Clayton Conservani (Audiovisual), Arthur Rozas (Dan\u00e7a), Osmar Nonato (Literatura), Hotel Leme (Patrim\u00f4nio Hist\u00f3rico), Leandro Resende (Teatro), Acyr Oliveira (Especial \u2013 pelas a\u00e7\u00f5es culturais na Aman). Parab\u00e9ns aos agraciados deste ano.<\/p>\n<p>A mulher mais bonita n\u00e3o \u00e9 um mulher\u00e3o<br \/>\nA mulher mais bonita de Resende n\u00e3o \u00e9 t\u00e3o alta e nem tem excessos de mat\u00e9ria em partes estrat\u00e9gicas do corpo, itens que costumam moldar o padr\u00e3o ditado pela sociedade de consumo para o que chamam \u201cmulher\u00e3o\u201d. N\u00e3o. Ela \u00e9 tipo mignon. Talvez menos de um metro e setenta. Cabelos castanhos. Uma menina. Embora tenha, seguramente mais de 25 anos, se colocar um vestido de baile e sair valsando, ningu\u00e9m duvidar\u00e1 que esteja debutando. Escrevo isso porque at\u00e9 algumas amigas, curiosas, n\u00e3o raro me perguntam: \u201cAfinal, quem \u00e9 esse mulher\u00e3o misterioso ?\u201d. N\u00e3o posso dizer. Ela desconhece minha intromiss\u00e3o. Presumo. E n\u00e3o vou al\u00e9m das m\u00edseras dicas que respingo nessas notas. Ela \u00e9 discreta. \u00c0s vezes mais s\u00e9ria que discreta at\u00e9. O que n\u00e3o empana em nada a beleza hel\u00eanica. E foi s\u00e9ria que a revi na quinta-feira da semana passada no restaurante de costume. Sem os elegantes saltos altos, sua marca registrada e sim, uma rasteirinha preta, para mostrar que \u00e9 humana tamb\u00e9m. Os cabelos arremessados para traz e para o alto, num rabo de cavalo modernoso. Um vestidinho cinza azulado com estampa de cora\u00e7\u00f5es em preto (azul marinho ?). Ignorou-me. Acho que n\u00e3o estou mais na sua lista de conhecidos. Pagou e saiu com o casal que a acompanhara no almo\u00e7o. A mulher mais bonita de Resende, mais que s\u00e9ria, parecia tomada de alguma preocupa\u00e7\u00e3o. O cenho levemente franzido, como a querer macular o belo desenho do rosto. A tola \u201cpreocupa\u00e7\u00e3o\u201d n\u00e3o conseguiu seu intento. E l\u00e1 se foi, no bailar do vestido num movimento pendular. Uma bela mulher. Uma menina. N\u00e3o um \u201cmulher\u00e3o\u201d.<\/p>\n<p>TRIPA<br \/>\n* Eu e dona Dayse (m\u00e3e do meu amigo Ernani) gostamos muito do filme\u00a0 \u201cGonzaga, de pai para filho&#8221;, de Breno Silveira. A encontrei na sa\u00edda da primeira sess\u00e3o, segunda-feira. Eu fui na seguinte. Dona Dayse estava mexida com o filme. O mesmo aconteceria comigo cerca de duas horas depois quando sa\u00ed da sala 3 do Resende Shopping. A m\u00fasica de Luiz Gonzaga \u00e9 um dos ingredientes que ajudou a construir meu gosto e minha paix\u00e3o pela MPB. S\u00f3 por a\u00ed j\u00e1 bastaria o filme. Mas tem tamb\u00e9m Gonzaguinha e uma hist\u00f3ria bem costurada num roteiro que usou as duas biografias de forma bem legal. Belo e emocionante filme. Vale conferir, mesmo * Os resultados do So\u00e7aite Quarent\u00e3o: Pelada 2 x 0 Brameiros, Alambari 3 x 2 S\u00edtio e Casa da Lua 3 x 0 Ipiranga. A 4\u00aa rodada ter\u00e1 neste domingo: Sitio x Brameiros (8:30h), Ipiranga x Pelada (10h) e Casa da Lua x Alambari (11:15h) * O Baile do pessoal do \u201cResende, saudades daquele tempo\u201d, s\u00e1bado passado no Gssan, bombou. Foi o maior sucesso. Parab\u00e9ns aos organizadores * A cidade ganha a partir de amanh\u00e3, pistas de boliche, mais uma sala de cinema, magazines, restaurantes, lanchonetes, fastfoods de marca e muito mais. \u00c9 que amanh\u00e3, dia 10, ser\u00e1 entregue \u00e0 popula\u00e7\u00e3o a obra de amplia\u00e7\u00e3o do Resende Shopping * O prestigiado grupo cover \u2018Beatles Forever\u2019, se apresenta amanh\u00e3 em Resende, no Teatro do Col\u00e9gio Salesiano, \u00e0s 21 horas. Depois de rodar pelo Brasil, inclusive participando da \u00faltima Virada Cultural em S\u00e3o Paulo.\u00a0 Ingressos \u00e0 venda antecipadamente em algumas lojas do com\u00e9rcio local * Tamb\u00e9m neste s\u00e1bado, dia 10, acontece o tradicional Bazar de Natal, das 9h \u00e0s 19h no Montese Tower Hotel. \u00c9 o j\u00e1 conhecido Caf\u00e9 com Artesanato. Uma exposi\u00e7\u00e3o e venda do que h\u00e1 de melhor em artesanato de qualidade. Bom para presentes nessa \u00e9poca, informa minha a organizadora do evento, Sonia Rodrigues. Entrada franca.<\/p>\n<p>ANIVERS\u00c1RIOS<br \/>\nDia 31 de outubro, no \u2018Dia do Saci\u2019, mudou de idade o meu amigo Carlos Alberto, que trabalha no edif\u00edcio Itatiaia, no bairro Comercial. E quem soprou velinhas na Sexta, dia 2, foram as belas J\u00f4 e Luma Farizel, respectivamente m\u00e3e e filha. E na ter\u00e7a, dia 6, inaugurou idade nova a simpatia da Marina Schneider, filha do meu amigo, o Dr. Maur\u00edcio Schneider. E na mesma data,\u00a0 um especial\u00edssimo anivers\u00e1rio de tr\u00eas meses. Foi o Arthur, filho da Vanessa e do Andr\u00e9. Motivo de muita \u2018baba\u00e7\u00e3o\u2019 por parte das corujonas Vilma (av\u00f3) e Suzana (madrinha). Parab\u00e9ns e todas as felicidades do mundo a essa turma boa.<\/p>\n","protected":false},"excerpt":{"rendered":"<p>A premia\u00e7\u00e3o dos Destaques da Cultura neste 2012 Amanh\u00e3, s\u00e1bado (dia 10), acontece a grande noite da cultura de Resende. \u00c9 a entrega do<\/p>\n","protected":false},"author":1,"featured_media":0,"comment_status":"open","ping_status":"open","sticky":false,"template":"","format":"standard","meta":{"pmpro_default_level":"","footnotes":"","_members_access_role":[],"_members_access_error":""},"categories":[13],"tags":[],"class_list":["post-1931","post","type-post","status-publish","format-standard","hentry","category-social","pmpro-has-access"],"yoast_head":"<!-- This site is optimized with the Yoast SEO plugin v28.4 - https:\/\/yoast.com\/product\/yoast-seo-wordpress\/ -->\n<title>La\u00eds Amaral - JORNAL BEIRA RIO<\/title>\n<meta name=\"robots\" content=\"index, follow, max-snippet:-1, max-image-preview:large, max-video-preview:-1\" \/>\n<link rel=\"canonical\" href=\"https:\/\/jornalbeirario.com.br\/portal\/?p=1931\" \/>\n<meta property=\"og:locale\" content=\"pt_BR\" \/>\n<meta property=\"og:type\" content=\"article\" \/>\n<meta property=\"og:title\" content=\"La\u00eds Amaral - JORNAL BEIRA RIO\" \/>\n<meta property=\"og:description\" content=\"A premia\u00e7\u00e3o dos Destaques da Cultura neste 2012 Amanh\u00e3, s\u00e1bado (dia 10), acontece a grande noite da cultura de Resende. \u00c9 a entrega do\" \/>\n<meta property=\"og:url\" content=\"https:\/\/jornalbeirario.com.br\/portal\/?p=1931\" \/>\n<meta property=\"og:site_name\" content=\"JORNAL BEIRA RIO\" \/>\n<meta property=\"article:published_time\" content=\"2012-11-09T11:37:02+00:00\" \/>\n<meta name=\"author\" content=\"Jornal BEIRA-RIO\" \/>\n<meta name=\"twitter:card\" content=\"summary_large_image\" \/>\n<meta name=\"twitter:label1\" content=\"Escrito por\" \/>\n\t<meta name=\"twitter:data1\" content=\"Jornal BEIRA-RIO\" \/>\n\t<meta name=\"twitter:label2\" content=\"Est. tempo de leitura\" \/>\n\t<meta name=\"twitter:data2\" content=\"4 minutos\" \/>\n<script type=\"application\/ld+json\" class=\"yoast-schema-graph\">{\"@context\":\"https:\\\/\\\/schema.org\",\"@graph\":[{\"@type\":\"Article\",\"@id\":\"https:\\\/\\\/jornalbeirario.com.br\\\/portal\\\/?p=1931#article\",\"isPartOf\":{\"@id\":\"https:\\\/\\\/jornalbeirario.com.br\\\/portal\\\/?p=1931\"},\"author\":{\"name\":\"Jornal BEIRA-RIO\",\"@id\":\"https:\\\/\\\/jornalbeirario.com.br\\\/portal\\\/#\\\/schema\\\/person\\\/c6c423e4c2465d2a9233f6539173e7c1\"},\"headline\":\"La\u00eds Amaral\",\"datePublished\":\"2012-11-09T11:37:02+00:00\",\"mainEntityOfPage\":{\"@id\":\"https:\\\/\\\/jornalbeirario.com.br\\\/portal\\\/?p=1931\"},\"wordCount\":891,\"commentCount\":1,\"publisher\":{\"@id\":\"https:\\\/\\\/jornalbeirario.com.br\\\/portal\\\/#organization\"},\"articleSection\":[\"Social\"],\"inLanguage\":\"pt-BR\",\"potentialAction\":[{\"@type\":\"CommentAction\",\"name\":\"Comment\",\"target\":[\"https:\\\/\\\/jornalbeirario.com.br\\\/portal\\\/?p=1931#respond\"]}]},{\"@type\":\"WebPage\",\"@id\":\"https:\\\/\\\/jornalbeirario.com.br\\\/portal\\\/?p=1931\",\"url\":\"https:\\\/\\\/jornalbeirario.com.br\\\/portal\\\/?p=1931\",\"name\":\"La\u00eds Amaral - JORNAL BEIRA RIO\",\"isPartOf\":{\"@id\":\"https:\\\/\\\/jornalbeirario.com.br\\\/portal\\\/#website\"},\"datePublished\":\"2012-11-09T11:37:02+00:00\",\"breadcrumb\":{\"@id\":\"https:\\\/\\\/jornalbeirario.com.br\\\/portal\\\/?p=1931#breadcrumb\"},\"inLanguage\":\"pt-BR\",\"potentialAction\":[{\"@type\":\"ReadAction\",\"target\":[\"https:\\\/\\\/jornalbeirario.com.br\\\/portal\\\/?p=1931\"]}]},{\"@type\":\"BreadcrumbList\",\"@id\":\"https:\\\/\\\/jornalbeirario.com.br\\\/portal\\\/?p=1931#breadcrumb\",\"itemListElement\":[{\"@type\":\"ListItem\",\"position\":1,\"name\":\"Home\",\"item\":\"https:\\\/\\\/jornalbeirario.com.br\\\/portal\"},{\"@type\":\"ListItem\",\"position\":2,\"name\":\"La\u00eds Amaral\"}]},{\"@type\":\"WebSite\",\"@id\":\"https:\\\/\\\/jornalbeirario.com.br\\\/portal\\\/#website\",\"url\":\"https:\\\/\\\/jornalbeirario.com.br\\\/portal\\\/\",\"name\":\"JORNAL BEIRA RIO\",\"description\":\"\",\"publisher\":{\"@id\":\"https:\\\/\\\/jornalbeirario.com.br\\\/portal\\\/#organization\"},\"potentialAction\":[{\"@type\":\"SearchAction\",\"target\":{\"@type\":\"EntryPoint\",\"urlTemplate\":\"https:\\\/\\\/jornalbeirario.com.br\\\/portal\\\/?s={search_term_string}\"},\"query-input\":{\"@type\":\"PropertyValueSpecification\",\"valueRequired\":true,\"valueName\":\"search_term_string\"}}],\"inLanguage\":\"pt-BR\"},{\"@type\":\"Organization\",\"@id\":\"https:\\\/\\\/jornalbeirario.com.br\\\/portal\\\/#organization\",\"name\":\"JORNAL BEIRA RIO\",\"url\":\"https:\\\/\\\/jornalbeirario.com.br\\\/portal\\\/\",\"logo\":{\"@type\":\"ImageObject\",\"inLanguage\":\"pt-BR\",\"@id\":\"https:\\\/\\\/jornalbeirario.com.br\\\/portal\\\/#\\\/schema\\\/logo\\\/image\\\/\",\"url\":\"https:\\\/\\\/jornalbeirario.com.br\\\/portal\\\/wp-content\\\/uploads\\\/2017\\\/09\\\/BEIRA-RIO_logo600.png\",\"contentUrl\":\"https:\\\/\\\/jornalbeirario.com.br\\\/portal\\\/wp-content\\\/uploads\\\/2017\\\/09\\\/BEIRA-RIO_logo600.png\",\"width\":650,\"height\":108,\"caption\":\"JORNAL BEIRA RIO\"},\"image\":{\"@id\":\"https:\\\/\\\/jornalbeirario.com.br\\\/portal\\\/#\\\/schema\\\/logo\\\/image\\\/\"}},{\"@type\":\"Person\",\"@id\":\"https:\\\/\\\/jornalbeirario.com.br\\\/portal\\\/#\\\/schema\\\/person\\\/c6c423e4c2465d2a9233f6539173e7c1\",\"name\":\"Jornal BEIRA-RIO\",\"image\":{\"@type\":\"ImageObject\",\"inLanguage\":\"pt-BR\",\"@id\":\"https:\\\/\\\/jornalbeirario.com.br\\\/portal\\\/wp-content\\\/uploads\\\/2023\\\/10\\\/logojbr1.jpg\",\"url\":\"https:\\\/\\\/jornalbeirario.com.br\\\/portal\\\/wp-content\\\/uploads\\\/2023\\\/10\\\/logojbr1.jpg\",\"contentUrl\":\"https:\\\/\\\/jornalbeirario.com.br\\\/portal\\\/wp-content\\\/uploads\\\/2023\\\/10\\\/logojbr1.jpg\",\"caption\":\"Jornal BEIRA-RIO\"},\"url\":\"https:\\\/\\\/jornalbeirario.com.br\\\/portal\\\/?author=1\"}]}<\/script>\n<!-- \/ Yoast SEO plugin. -->","yoast_head_json":{"title":"La\u00eds Amaral - JORNAL BEIRA RIO","robots":{"index":"index","follow":"follow","max-snippet":"max-snippet:-1","max-image-preview":"max-image-preview:large","max-video-preview":"max-video-preview:-1"},"canonical":"https:\/\/jornalbeirario.com.br\/portal\/?p=1931","og_locale":"pt_BR","og_type":"article","og_title":"La\u00eds Amaral - JORNAL BEIRA RIO","og_description":"A premia\u00e7\u00e3o dos Destaques da Cultura neste 2012 Amanh\u00e3, s\u00e1bado (dia 10), acontece a grande noite da cultura de Resende. \u00c9 a entrega do","og_url":"https:\/\/jornalbeirario.com.br\/portal\/?p=1931","og_site_name":"JORNAL BEIRA RIO","article_published_time":"2012-11-09T11:37:02+00:00","author":"Jornal BEIRA-RIO","twitter_card":"summary_large_image","twitter_misc":{"Escrito por":"Jornal BEIRA-RIO","Est. tempo de leitura":"4 minutos"},"schema":{"@context":"https:\/\/schema.org","@graph":[{"@type":"Article","@id":"https:\/\/jornalbeirario.com.br\/portal\/?p=1931#article","isPartOf":{"@id":"https:\/\/jornalbeirario.com.br\/portal\/?p=1931"},"author":{"name":"Jornal BEIRA-RIO","@id":"https:\/\/jornalbeirario.com.br\/portal\/#\/schema\/person\/c6c423e4c2465d2a9233f6539173e7c1"},"headline":"La\u00eds Amaral","datePublished":"2012-11-09T11:37:02+00:00","mainEntityOfPage":{"@id":"https:\/\/jornalbeirario.com.br\/portal\/?p=1931"},"wordCount":891,"commentCount":1,"publisher":{"@id":"https:\/\/jornalbeirario.com.br\/portal\/#organization"},"articleSection":["Social"],"inLanguage":"pt-BR","potentialAction":[{"@type":"CommentAction","name":"Comment","target":["https:\/\/jornalbeirario.com.br\/portal\/?p=1931#respond"]}]},{"@type":"WebPage","@id":"https:\/\/jornalbeirario.com.br\/portal\/?p=1931","url":"https:\/\/jornalbeirario.com.br\/portal\/?p=1931","name":"La\u00eds Amaral - JORNAL BEIRA RIO","isPartOf":{"@id":"https:\/\/jornalbeirario.com.br\/portal\/#website"},"datePublished":"2012-11-09T11:37:02+00:00","breadcrumb":{"@id":"https:\/\/jornalbeirario.com.br\/portal\/?p=1931#breadcrumb"},"inLanguage":"pt-BR","potentialAction":[{"@type":"ReadAction","target":["https:\/\/jornalbeirario.com.br\/portal\/?p=1931"]}]},{"@type":"BreadcrumbList","@id":"https:\/\/jornalbeirario.com.br\/portal\/?p=1931#breadcrumb","itemListElement":[{"@type":"ListItem","position":1,"name":"Home","item":"https:\/\/jornalbeirario.com.br\/portal"},{"@type":"ListItem","position":2,"name":"La\u00eds Amaral"}]},{"@type":"WebSite","@id":"https:\/\/jornalbeirario.com.br\/portal\/#website","url":"https:\/\/jornalbeirario.com.br\/portal\/","name":"JORNAL BEIRA RIO","description":"","publisher":{"@id":"https:\/\/jornalbeirario.com.br\/portal\/#organization"},"potentialAction":[{"@type":"SearchAction","target":{"@type":"EntryPoint","urlTemplate":"https:\/\/jornalbeirario.com.br\/portal\/?s={search_term_string}"},"query-input":{"@type":"PropertyValueSpecification","valueRequired":true,"valueName":"search_term_string"}}],"inLanguage":"pt-BR"},{"@type":"Organization","@id":"https:\/\/jornalbeirario.com.br\/portal\/#organization","name":"JORNAL BEIRA RIO","url":"https:\/\/jornalbeirario.com.br\/portal\/","logo":{"@type":"ImageObject","inLanguage":"pt-BR","@id":"https:\/\/jornalbeirario.com.br\/portal\/#\/schema\/logo\/image\/","url":"https:\/\/jornalbeirario.com.br\/portal\/wp-content\/uploads\/2017\/09\/BEIRA-RIO_logo600.png","contentUrl":"https:\/\/jornalbeirario.com.br\/portal\/wp-content\/uploads\/2017\/09\/BEIRA-RIO_logo600.png","width":650,"height":108,"caption":"JORNAL BEIRA RIO"},"image":{"@id":"https:\/\/jornalbeirario.com.br\/portal\/#\/schema\/logo\/image\/"}},{"@type":"Person","@id":"https:\/\/jornalbeirario.com.br\/portal\/#\/schema\/person\/c6c423e4c2465d2a9233f6539173e7c1","name":"Jornal BEIRA-RIO","image":{"@type":"ImageObject","inLanguage":"pt-BR","@id":"https:\/\/jornalbeirario.com.br\/portal\/wp-content\/uploads\/2023\/10\/logojbr1.jpg","url":"https:\/\/jornalbeirario.com.br\/portal\/wp-content\/uploads\/2023\/10\/logojbr1.jpg","contentUrl":"https:\/\/jornalbeirario.com.br\/portal\/wp-content\/uploads\/2023\/10\/logojbr1.jpg","caption":"Jornal BEIRA-RIO"},"url":"https:\/\/jornalbeirario.com.br\/portal\/?author=1"}]}},"_links":{"self":[{"href":"https:\/\/jornalbeirario.com.br\/portal\/index.php?rest_route=\/wp\/v2\/posts\/1931","targetHints":{"allow":["GET"]}}],"collection":[{"href":"https:\/\/jornalbeirario.com.br\/portal\/index.php?rest_route=\/wp\/v2\/posts"}],"about":[{"href":"https:\/\/jornalbeirario.com.br\/portal\/index.php?rest_route=\/wp\/v2\/types\/post"}],"author":[{"embeddable":true,"href":"https:\/\/jornalbeirario.com.br\/portal\/index.php?rest_route=\/wp\/v2\/users\/1"}],"replies":[{"embeddable":true,"href":"https:\/\/jornalbeirario.com.br\/portal\/index.php?rest_route=%2Fwp%2Fv2%2Fcomments&post=1931"}],"version-history":[{"count":1,"href":"https:\/\/jornalbeirario.com.br\/portal\/index.php?rest_route=\/wp\/v2\/posts\/1931\/revisions"}],"predecessor-version":[{"id":1932,"href":"https:\/\/jornalbeirario.com.br\/portal\/index.php?rest_route=\/wp\/v2\/posts\/1931\/revisions\/1932"}],"wp:attachment":[{"href":"https:\/\/jornalbeirario.com.br\/portal\/index.php?rest_route=%2Fwp%2Fv2%2Fmedia&parent=1931"}],"wp:term":[{"taxonomy":"category","embeddable":true,"href":"https:\/\/jornalbeirario.com.br\/portal\/index.php?rest_route=%2Fwp%2Fv2%2Fcategories&post=1931"},{"taxonomy":"post_tag","embeddable":true,"href":"https:\/\/jornalbeirario.com.br\/portal\/index.php?rest_route=%2Fwp%2Fv2%2Ftags&post=1931"}],"curies":[{"name":"wp","href":"https:\/\/api.w.org\/{rel}","templated":true}]}}