
{"id":19241,"date":"2014-02-07T10:54:00","date_gmt":"2014-02-07T10:54:00","guid":{"rendered":"http:\/\/jornalbeirario.com.br\/portal\/portal\/?p=19241"},"modified":"2014-02-07T10:54:00","modified_gmt":"2014-02-07T10:54:00","slug":"social-lais-amaral-28","status":"publish","type":"post","link":"https:\/\/jornalbeirario.com.br\/portal\/?p=19241","title":{"rendered":"SOCIAL LA\u00cdS AMARAL"},"content":{"rendered":"<p style=\"text-align: justify;\">Elei\u00e7\u00e3o no Para\u00edso e para o Conselho Tutelar agitam a vida<br \/>\nEsse curt\u00edssimo ano de 2014 (Carnaval mais tarde, Copa do Mundo, elei\u00e7\u00e3o presidencial, etc.) ser\u00e1 ainda mais curto em\u00a0 Resende. Duas elei\u00e7\u00f5es de car\u00e1ter comunit\u00e1rio est\u00e3o elevando o n\u00edvel de tens\u00e3o e mexendo com o emocional de muita gente na cidade. A primeira \u00e9 a elei\u00e7\u00e3o para a Associa\u00e7\u00e3o de Moradores do Bairro Para\u00edso, um dos mais tradicionais e populosos bairros de Resende. Duas chapas est\u00e3o inscritas para concorrer ao pleito que est\u00e1 marcado para o dia 16 de fevereiro. Muita gente envolvida nas campanhas o que lembra as disputas para vereador. Placas, adesivos em carros, bate-boca nas esquinas e bares, etc. Clima eleitoral pra valer. A elei\u00e7\u00e3o ser\u00e1 no Parque Para\u00edso das 9h \u00e0s 17h e a idade m\u00ednima para votar \u00e9 de 16 anos. A outra elei\u00e7\u00e3o vai definir o novo Conselho Tutelar. O processo seletivo come\u00e7ou nessa quarta-feira, dia 5, com uma sess\u00e3o de estudos. A prova de aferi\u00e7\u00e3o de conhecimentos espec\u00edficos sobre o Estatuto da Crian\u00e7a e do Adolescente ser\u00e1 neste domingo, dia 9, das 8h \u00e0s 12h, no Centro da Juventude. A elei\u00e7\u00e3o est\u00e1 marcada para o dia 17 de mar\u00e7o em locais a serem divulgados. Mais informa\u00e7\u00f5es\u00a0 pelo telefone 3360-9812.<\/p>\n<p>Fim de um ciclo na Lanchonete Mineira<br \/>\nJo\u00e3o e Z\u00e9 Careca est\u00e3o deixando a Lanchone Mineira, que fica ali na Pra\u00e7a da Bandeira, (entre a antiga Cooperativa de Leite e as Lojas Cem) em Campos El\u00edseos. O local foi vendido mas vai continuar sendo bar (para al\u00edvio geral de Z\u00e9 M\u00e1rio, Marinho, Bispo, Telmo, Armando Jorge, Robson Monteiro, Wanderley, Dr. Mendon\u00e7a, Mauro Galinha, Aldair, Paulo Cabrita e mais algumas dezenas de fieis frequentadores). A \u2018Mineira\u2019,\u00a0 al\u00e9m de tradicional ponto de encontro de amigos foi um dos ber\u00e7os do Bloco Et\u00edlico Carnavalesco Crust\u00e1ceos da Mangua\u00e7a (o outro foi o Rei dos Salgadinhos) e serviu nos \u00faltimos 13 Carnavais como uma esp\u00e9cie de base de apoio do bloco. Ter\u00e7a \u00e0 noite um churrasco reuniu grande n\u00famero de frequentadores e amigos para o \u201cBotafora\u201d. Presente tamb\u00e9m a nova comandante do bar. Segundo informou o Z\u00e9 Careca, o melhor queijo minas da cidade continuar\u00e1 sendo vendido no local. N\u00e3o deve mudar muita coisa. Fica a lembran\u00e7a das goza\u00e7\u00f5es e pegadinhas do Jo\u00e3o e a camaradagem do Z\u00e9. E claro, o al\u00edvio pelo ponto n\u00e3o ser transformado em mais uma farm\u00e1cia ou coisa que o valha<\/p>\n<p>TRIPA<br \/>\n* O \u2018Preto Velho\u2019 Caludionor Rosa abriu nessa segunda-feira uma exposi\u00e7\u00e3o carnavalesca na Casa da Cultura. A mostra re\u00fane fotos e camisetas de Escolas de Samba e outras agremia\u00e7\u00f5es carnavalescas. Tamb\u00e9m foi lembrado o cantor Jo\u00e3o Goulart, que no Carnaval de 2012 foi homenageado em Resende. Goulart, cantor consagrado em todo o pa\u00eds e sucesso nos anos 50 e 60 \u00e9 o int\u00e9rprete do Hino de Resende, faleceu em 2012, um m\u00eas depois da homenagem. Tamb\u00e9m na Casa da Cultura, mais precisamente no Museu da Imagem e do Som, comandado pelo Gui, uma exposi\u00e7\u00e3o com capas de LPs (vinil) com os sambas enredo das Escolas de Samba do Rio de Janeiro * Falando em Hino de Resende, ele dever\u00e1 ganhar uma nova grava\u00e7\u00e3o este ano. Quem informou foi o presidente da Casa da Cultura, \u00c2ngelo Tramezzino * A cantora e compositora Ive Seixa, se apresenta hoje (dia 7) e amanh\u00e3, no Rio de Janeiro com o seu show \u2018Andorinha S\u00f3\u2019 (voz, viol\u00e3o e chap\u00e9u no ch\u00e3o) em dois pontos da cidade: Lapa e Penha. Hoje (Sexta) a menina canta \u00e0s 21 horas no CaipiHostel, na Avenida Gomes Freire, 373, Lapa. A entrada \u00e9 franca. Amanh\u00e3 o show ser\u00e1 mais cedo, \u00e0s 13 horas, no Festival Sufr\u00e1gio Feminino (Arena Carioca Dicr\u00f3), na Penha * Disputando cabe\u00e7a com cabe\u00e7a o t\u00edtulo de \u201cComent\u00e1rios mais idiotas entre os \u00e2ncoras da TV\u201d, uma tal de Sherazade do SBT e a Ana n\u00e3o sei das quantas, do Bom Dia Brasil, da Globo. \u00c9 duro ouvir as meninas. Falam pouco e n\u00e3o dizem\u00a0 nada.<\/p>\n<p>ANIVERS\u00c1RIOS<br \/>\nTer\u00e7a-feira (4) ficaram mais experientes os amigos Aldair Cardoso de Almeida e Sonia Rodrigues. Na Quarta (5) soprou velinhas a Cidinha Dias. Hoje (dia 7) inauguram idade nova o Fernando Henrique Soares e a Ana L\u00facia Corr\u00eaa de Souza, a brava editora deste BEIRA-RIO. Amanh\u00e3 (8), recebem os \u2018parab\u00e9ns\u2019 a Renata B\u00fchler e o Luiz Major. No domingo, dia 9, mudam de idade a amiga Francine Viana, o Luis Cl\u00e1udio de Moraes e o Braz Almeida. Parab\u00e9ns e todas as felicidades do mundo a eles.<\/p>\n","protected":false},"excerpt":{"rendered":"<p>Elei\u00e7\u00e3o no Para\u00edso e para o Conselho Tutelar agitam a vida Esse curt\u00edssimo ano de 2014 (Carnaval mais tarde, Copa do Mundo, elei\u00e7\u00e3o presidencial,<\/p>\n","protected":false},"author":1,"featured_media":0,"comment_status":"open","ping_status":"open","sticky":false,"template":"","format":"standard","meta":{"pmpro_default_level":"","footnotes":""},"categories":[13],"tags":[],"class_list":["post-19241","post","type-post","status-publish","format-standard","hentry","category-social","pmpro-has-access"],"yoast_head":"<!-- This site is optimized with the Yoast SEO plugin v27.4 - https:\/\/yoast.com\/product\/yoast-seo-wordpress\/ -->\n<title>SOCIAL LA\u00cdS AMARAL - JORNAL BEIRA RIO<\/title>\n<meta name=\"robots\" content=\"index, follow, max-snippet:-1, max-image-preview:large, max-video-preview:-1\" \/>\n<link rel=\"canonical\" href=\"https:\/\/jornalbeirario.com.br\/portal\/?p=19241\" \/>\n<meta property=\"og:locale\" content=\"pt_BR\" \/>\n<meta property=\"og:type\" content=\"article\" \/>\n<meta property=\"og:title\" content=\"SOCIAL LA\u00cdS AMARAL - JORNAL BEIRA RIO\" \/>\n<meta property=\"og:description\" content=\"Elei\u00e7\u00e3o no Para\u00edso e para o Conselho Tutelar agitam a vida Esse curt\u00edssimo ano de 2014 (Carnaval mais tarde, Copa do Mundo, elei\u00e7\u00e3o presidencial,\" \/>\n<meta property=\"og:url\" content=\"https:\/\/jornalbeirario.com.br\/portal\/?p=19241\" \/>\n<meta property=\"og:site_name\" content=\"JORNAL BEIRA RIO\" \/>\n<meta property=\"article:published_time\" content=\"2014-02-07T10:54:00+00:00\" \/>\n<meta name=\"author\" content=\"Jornal BEIRA-RIO\" \/>\n<meta name=\"twitter:card\" content=\"summary_large_image\" \/>\n<meta name=\"twitter:label1\" content=\"Escrito por\" \/>\n\t<meta name=\"twitter:data1\" content=\"Jornal BEIRA-RIO\" \/>\n\t<meta name=\"twitter:label2\" content=\"Est. tempo de leitura\" \/>\n\t<meta name=\"twitter:data2\" content=\"4 minutos\" \/>\n<script type=\"application\/ld+json\" class=\"yoast-schema-graph\">{\"@context\":\"https:\\\/\\\/schema.org\",\"@graph\":[{\"@type\":\"Article\",\"@id\":\"https:\\\/\\\/jornalbeirario.com.br\\\/portal\\\/?p=19241#article\",\"isPartOf\":{\"@id\":\"https:\\\/\\\/jornalbeirario.com.br\\\/portal\\\/?p=19241\"},\"author\":{\"name\":\"Jornal BEIRA-RIO\",\"@id\":\"https:\\\/\\\/jornalbeirario.com.br\\\/portal\\\/#\\\/schema\\\/person\\\/c6c423e4c2465d2a9233f6539173e7c1\"},\"headline\":\"SOCIAL LA\u00cdS AMARAL\",\"datePublished\":\"2014-02-07T10:54:00+00:00\",\"mainEntityOfPage\":{\"@id\":\"https:\\\/\\\/jornalbeirario.com.br\\\/portal\\\/?p=19241\"},\"wordCount\":795,\"commentCount\":0,\"publisher\":{\"@id\":\"https:\\\/\\\/jornalbeirario.com.br\\\/portal\\\/#organization\"},\"articleSection\":[\"Social\"],\"inLanguage\":\"pt-BR\",\"potentialAction\":[{\"@type\":\"CommentAction\",\"name\":\"Comment\",\"target\":[\"https:\\\/\\\/jornalbeirario.com.br\\\/portal\\\/?p=19241#respond\"]}]},{\"@type\":\"WebPage\",\"@id\":\"https:\\\/\\\/jornalbeirario.com.br\\\/portal\\\/?p=19241\",\"url\":\"https:\\\/\\\/jornalbeirario.com.br\\\/portal\\\/?p=19241\",\"name\":\"SOCIAL LA\u00cdS AMARAL - JORNAL BEIRA RIO\",\"isPartOf\":{\"@id\":\"https:\\\/\\\/jornalbeirario.com.br\\\/portal\\\/#website\"},\"datePublished\":\"2014-02-07T10:54:00+00:00\",\"breadcrumb\":{\"@id\":\"https:\\\/\\\/jornalbeirario.com.br\\\/portal\\\/?p=19241#breadcrumb\"},\"inLanguage\":\"pt-BR\",\"potentialAction\":[{\"@type\":\"ReadAction\",\"target\":[\"https:\\\/\\\/jornalbeirario.com.br\\\/portal\\\/?p=19241\"]}]},{\"@type\":\"BreadcrumbList\",\"@id\":\"https:\\\/\\\/jornalbeirario.com.br\\\/portal\\\/?p=19241#breadcrumb\",\"itemListElement\":[{\"@type\":\"ListItem\",\"position\":1,\"name\":\"Home\",\"item\":\"https:\\\/\\\/jornalbeirario.com.br\\\/portal\"},{\"@type\":\"ListItem\",\"position\":2,\"name\":\"SOCIAL LA\u00cdS AMARAL\"}]},{\"@type\":\"WebSite\",\"@id\":\"https:\\\/\\\/jornalbeirario.com.br\\\/portal\\\/#website\",\"url\":\"https:\\\/\\\/jornalbeirario.com.br\\\/portal\\\/\",\"name\":\"JORNAL BEIRA RIO\",\"description\":\"\",\"publisher\":{\"@id\":\"https:\\\/\\\/jornalbeirario.com.br\\\/portal\\\/#organization\"},\"potentialAction\":[{\"@type\":\"SearchAction\",\"target\":{\"@type\":\"EntryPoint\",\"urlTemplate\":\"https:\\\/\\\/jornalbeirario.com.br\\\/portal\\\/?s={search_term_string}\"},\"query-input\":{\"@type\":\"PropertyValueSpecification\",\"valueRequired\":true,\"valueName\":\"search_term_string\"}}],\"inLanguage\":\"pt-BR\"},{\"@type\":\"Organization\",\"@id\":\"https:\\\/\\\/jornalbeirario.com.br\\\/portal\\\/#organization\",\"name\":\"JORNAL BEIRA RIO\",\"url\":\"https:\\\/\\\/jornalbeirario.com.br\\\/portal\\\/\",\"logo\":{\"@type\":\"ImageObject\",\"inLanguage\":\"pt-BR\",\"@id\":\"https:\\\/\\\/jornalbeirario.com.br\\\/portal\\\/#\\\/schema\\\/logo\\\/image\\\/\",\"url\":\"https:\\\/\\\/jornalbeirario.com.br\\\/portal\\\/wp-content\\\/uploads\\\/2017\\\/09\\\/BEIRA-RIO_logo600.png\",\"contentUrl\":\"https:\\\/\\\/jornalbeirario.com.br\\\/portal\\\/wp-content\\\/uploads\\\/2017\\\/09\\\/BEIRA-RIO_logo600.png\",\"width\":650,\"height\":108,\"caption\":\"JORNAL BEIRA RIO\"},\"image\":{\"@id\":\"https:\\\/\\\/jornalbeirario.com.br\\\/portal\\\/#\\\/schema\\\/logo\\\/image\\\/\"}},{\"@type\":\"Person\",\"@id\":\"https:\\\/\\\/jornalbeirario.com.br\\\/portal\\\/#\\\/schema\\\/person\\\/c6c423e4c2465d2a9233f6539173e7c1\",\"name\":\"Jornal BEIRA-RIO\",\"image\":{\"@type\":\"ImageObject\",\"inLanguage\":\"pt-BR\",\"@id\":\"https:\\\/\\\/jornalbeirario.com.br\\\/portal\\\/wp-content\\\/uploads\\\/2023\\\/10\\\/logojbr1.jpg\",\"url\":\"https:\\\/\\\/jornalbeirario.com.br\\\/portal\\\/wp-content\\\/uploads\\\/2023\\\/10\\\/logojbr1.jpg\",\"contentUrl\":\"https:\\\/\\\/jornalbeirario.com.br\\\/portal\\\/wp-content\\\/uploads\\\/2023\\\/10\\\/logojbr1.jpg\",\"caption\":\"Jornal BEIRA-RIO\"},\"url\":\"https:\\\/\\\/jornalbeirario.com.br\\\/portal\\\/?author=1\"}]}<\/script>\n<!-- \/ Yoast SEO plugin. -->","yoast_head_json":{"title":"SOCIAL LA\u00cdS AMARAL - JORNAL BEIRA RIO","robots":{"index":"index","follow":"follow","max-snippet":"max-snippet:-1","max-image-preview":"max-image-preview:large","max-video-preview":"max-video-preview:-1"},"canonical":"https:\/\/jornalbeirario.com.br\/portal\/?p=19241","og_locale":"pt_BR","og_type":"article","og_title":"SOCIAL LA\u00cdS AMARAL - JORNAL BEIRA RIO","og_description":"Elei\u00e7\u00e3o no Para\u00edso e para o Conselho Tutelar agitam a vida Esse curt\u00edssimo ano de 2014 (Carnaval mais tarde, Copa do Mundo, elei\u00e7\u00e3o presidencial,","og_url":"https:\/\/jornalbeirario.com.br\/portal\/?p=19241","og_site_name":"JORNAL BEIRA RIO","article_published_time":"2014-02-07T10:54:00+00:00","author":"Jornal BEIRA-RIO","twitter_card":"summary_large_image","twitter_misc":{"Escrito por":"Jornal BEIRA-RIO","Est. tempo de leitura":"4 minutos"},"schema":{"@context":"https:\/\/schema.org","@graph":[{"@type":"Article","@id":"https:\/\/jornalbeirario.com.br\/portal\/?p=19241#article","isPartOf":{"@id":"https:\/\/jornalbeirario.com.br\/portal\/?p=19241"},"author":{"name":"Jornal BEIRA-RIO","@id":"https:\/\/jornalbeirario.com.br\/portal\/#\/schema\/person\/c6c423e4c2465d2a9233f6539173e7c1"},"headline":"SOCIAL LA\u00cdS AMARAL","datePublished":"2014-02-07T10:54:00+00:00","mainEntityOfPage":{"@id":"https:\/\/jornalbeirario.com.br\/portal\/?p=19241"},"wordCount":795,"commentCount":0,"publisher":{"@id":"https:\/\/jornalbeirario.com.br\/portal\/#organization"},"articleSection":["Social"],"inLanguage":"pt-BR","potentialAction":[{"@type":"CommentAction","name":"Comment","target":["https:\/\/jornalbeirario.com.br\/portal\/?p=19241#respond"]}]},{"@type":"WebPage","@id":"https:\/\/jornalbeirario.com.br\/portal\/?p=19241","url":"https:\/\/jornalbeirario.com.br\/portal\/?p=19241","name":"SOCIAL LA\u00cdS AMARAL - JORNAL BEIRA RIO","isPartOf":{"@id":"https:\/\/jornalbeirario.com.br\/portal\/#website"},"datePublished":"2014-02-07T10:54:00+00:00","breadcrumb":{"@id":"https:\/\/jornalbeirario.com.br\/portal\/?p=19241#breadcrumb"},"inLanguage":"pt-BR","potentialAction":[{"@type":"ReadAction","target":["https:\/\/jornalbeirario.com.br\/portal\/?p=19241"]}]},{"@type":"BreadcrumbList","@id":"https:\/\/jornalbeirario.com.br\/portal\/?p=19241#breadcrumb","itemListElement":[{"@type":"ListItem","position":1,"name":"Home","item":"https:\/\/jornalbeirario.com.br\/portal"},{"@type":"ListItem","position":2,"name":"SOCIAL LA\u00cdS AMARAL"}]},{"@type":"WebSite","@id":"https:\/\/jornalbeirario.com.br\/portal\/#website","url":"https:\/\/jornalbeirario.com.br\/portal\/","name":"JORNAL BEIRA RIO","description":"","publisher":{"@id":"https:\/\/jornalbeirario.com.br\/portal\/#organization"},"potentialAction":[{"@type":"SearchAction","target":{"@type":"EntryPoint","urlTemplate":"https:\/\/jornalbeirario.com.br\/portal\/?s={search_term_string}"},"query-input":{"@type":"PropertyValueSpecification","valueRequired":true,"valueName":"search_term_string"}}],"inLanguage":"pt-BR"},{"@type":"Organization","@id":"https:\/\/jornalbeirario.com.br\/portal\/#organization","name":"JORNAL BEIRA RIO","url":"https:\/\/jornalbeirario.com.br\/portal\/","logo":{"@type":"ImageObject","inLanguage":"pt-BR","@id":"https:\/\/jornalbeirario.com.br\/portal\/#\/schema\/logo\/image\/","url":"https:\/\/jornalbeirario.com.br\/portal\/wp-content\/uploads\/2017\/09\/BEIRA-RIO_logo600.png","contentUrl":"https:\/\/jornalbeirario.com.br\/portal\/wp-content\/uploads\/2017\/09\/BEIRA-RIO_logo600.png","width":650,"height":108,"caption":"JORNAL BEIRA RIO"},"image":{"@id":"https:\/\/jornalbeirario.com.br\/portal\/#\/schema\/logo\/image\/"}},{"@type":"Person","@id":"https:\/\/jornalbeirario.com.br\/portal\/#\/schema\/person\/c6c423e4c2465d2a9233f6539173e7c1","name":"Jornal BEIRA-RIO","image":{"@type":"ImageObject","inLanguage":"pt-BR","@id":"https:\/\/jornalbeirario.com.br\/portal\/wp-content\/uploads\/2023\/10\/logojbr1.jpg","url":"https:\/\/jornalbeirario.com.br\/portal\/wp-content\/uploads\/2023\/10\/logojbr1.jpg","contentUrl":"https:\/\/jornalbeirario.com.br\/portal\/wp-content\/uploads\/2023\/10\/logojbr1.jpg","caption":"Jornal BEIRA-RIO"},"url":"https:\/\/jornalbeirario.com.br\/portal\/?author=1"}]}},"_links":{"self":[{"href":"https:\/\/jornalbeirario.com.br\/portal\/index.php?rest_route=\/wp\/v2\/posts\/19241","targetHints":{"allow":["GET"]}}],"collection":[{"href":"https:\/\/jornalbeirario.com.br\/portal\/index.php?rest_route=\/wp\/v2\/posts"}],"about":[{"href":"https:\/\/jornalbeirario.com.br\/portal\/index.php?rest_route=\/wp\/v2\/types\/post"}],"author":[{"embeddable":true,"href":"https:\/\/jornalbeirario.com.br\/portal\/index.php?rest_route=\/wp\/v2\/users\/1"}],"replies":[{"embeddable":true,"href":"https:\/\/jornalbeirario.com.br\/portal\/index.php?rest_route=%2Fwp%2Fv2%2Fcomments&post=19241"}],"version-history":[{"count":1,"href":"https:\/\/jornalbeirario.com.br\/portal\/index.php?rest_route=\/wp\/v2\/posts\/19241\/revisions"}],"predecessor-version":[{"id":19242,"href":"https:\/\/jornalbeirario.com.br\/portal\/index.php?rest_route=\/wp\/v2\/posts\/19241\/revisions\/19242"}],"wp:attachment":[{"href":"https:\/\/jornalbeirario.com.br\/portal\/index.php?rest_route=%2Fwp%2Fv2%2Fmedia&parent=19241"}],"wp:term":[{"taxonomy":"category","embeddable":true,"href":"https:\/\/jornalbeirario.com.br\/portal\/index.php?rest_route=%2Fwp%2Fv2%2Fcategories&post=19241"},{"taxonomy":"post_tag","embeddable":true,"href":"https:\/\/jornalbeirario.com.br\/portal\/index.php?rest_route=%2Fwp%2Fv2%2Ftags&post=19241"}],"curies":[{"name":"wp","href":"https:\/\/api.w.org\/{rel}","templated":true}]}}