
{"id":19065,"date":"2014-01-31T11:45:20","date_gmt":"2014-01-31T11:45:20","guid":{"rendered":"http:\/\/jornalbeirario.com.br\/portal\/portal\/?p=19065"},"modified":"2014-01-31T11:45:20","modified_gmt":"2014-01-31T11:45:20","slug":"lais-amaral-33","status":"publish","type":"post","link":"https:\/\/jornalbeirario.com.br\/portal\/?p=19065","title":{"rendered":"La\u00eds Amaral"},"content":{"rendered":"<p style=\"text-align: justify;\"><strong>O acidente na Linha Amarela e o buraco do f\u00edsico ingl\u00eas<\/strong><br \/>\nO papel em branco \u00e9 assustador (nos dias de hoje \u00e9 a tela em branco). Esse quase axiom\u00e1tico fantasma na vida de quem tem a obriga\u00e7\u00e3o de escrever regularmente \u00e9 tamb\u00e9m um desafio permanente. Por vezes nos tornamos escafandristas de n\u00f3s mesmos ou sa\u00edmos por a\u00ed a abrir as janelas do cotidiano. Queria falar que ainda me impressiona a cena do caminh\u00e3o com a ca\u00e7amba suspensa como que um barco singrando a Linha Amarela com sua sinistra vela (barbatana?) erguida sem que algum motorista vizinho se dispusesse a avisar o motorista. Ou avisaram, e ele t\u00e3o absorto com os dramas di\u00e1rios, n\u00e3o percebeu? Ou quem sabe ainda, falava ao celular? Ou estaria preocupado com a nova afirma\u00e7\u00e3o do f\u00edsico brit\u00e2nico Stephen Hawking de que os Buracos Negros n\u00e3o existem? Tudo pode, at\u00e9 a reflex\u00e3o sobre uma patrulhada do \u2018politicamente correto\u2019 que censuraria o conhecido e reconhecido nome dessa anomalia sideral, que passaria a ser chamada de Buraco Afrodescendente. Sabe-se l\u00e1?! Mas como uma coisa puxa outra, esse neg\u00f3cio de Buraco Negro puxou minha insana curiosidade para o personagem Chico Poceiro (sem os SS de posse) que vem estimulando Ricardo Ferrugem a produzir um document\u00e1rio. Afinal, \u00e9 lenda ou o sujeito existiu? Existiu, Ricardo j\u00e1 sabe. Quanto \u00e0s atividades a ele atribu\u00eddas, ainda paira uma n\u00e9voa de mist\u00e9rio, como no caso do \u2018Buraco Negro\u2019 do Hawking. O fen\u00f4meno tem mesmo a capacidade de sugar tudo, inclusive a luz e as informa\u00e7\u00f5es? Pra onde vai tudo isso? \u00c9 Mr. Hawking, permita-me discordar do senhor. Os \u2018Buracos Negros\u2019 existem, sim. \u00c0quelas vidas que foram sugadas para o nada nessa ter\u00e7a-feira, certamente por um reles acaso, comprovam isso. Mas por que a dor de quem ficou n\u00e3o foi sugada tamb\u00e9m? Vamos aguardar a pr\u00f3xima edi\u00e7\u00e3o de alguma revista cient\u00edfica.<\/p>\n<p style=\"text-align: justify;\"><strong>Agenda pr\u00e9-carnavalesca<\/strong><br \/>\nPra ningu\u00e9m esquecer: dia 15 de fevereiro \u00e0s 13 horas, a tradicional Sirizada do \u2018Bloco Et\u00edlico Carnavalesco Crust\u00e1ceos da Mangua\u00e7a\u2019, na Pra\u00e7a da Bandeira, em Campos El\u00edseos. \u00c9 siri de gra\u00e7a pra quem chegar. No dia 21, elei\u00e7\u00e3o de Rei e Rainha do Carnaval, na ARBR \u00e0s 20 horas. Dia 22, o glorioso desfile do Crust\u00e1ceos da Mangua\u00e7a. Saindo do Catarino (Recanto dos Amigos) \u00e0s 12 horas, passando pelo Bar do Edinho e concentra\u00e7\u00e3o para o desfile \u00e0s 13 horas em frente \u00e0 Caixa Econ\u00f4mica, no Cal\u00e7ad\u00e3o de Campos El\u00edseos. No mesmo dia desfilam o Maracatu e o Bloco Quibeleza. Encerramento com bateria da Imp\u00e9rio Serrano. Vai ser show.<\/p>\n<p style=\"text-align: justify;\"><strong>TRIPA<\/strong><br \/>\n* Meu amigo Jo\u00e3o Saboia, \u00e9 um cara que considero um inventor de modas. T\u00e1 sempre com alguma ideia na cabe\u00e7a e umas outras tantas nas m\u00e3os. Foi o primeiro a produzir um v\u00eddeo do Crust\u00e1ceos da Mangua\u00e7a. Foi dele tamb\u00e9m o nome dado ao \u2018Projeto Cercanias\u2019 e um milheiro de outras inven\u00e7\u00f5es. Agora est\u00e1 projetando uma incurs\u00e3o pioneira pela geografia de onde ser\u00e1 a Estrada do Contorno em Resende. Dia desses a coisa acontece e com certeza estar\u00e1 registrada em foto e filme e zanzando pelos facebooks e imprensa local. \u00c9 aguardar * Jos\u00e9 Sim\u00e3o: \u201cOposi\u00e7\u00e3o quer que Dilma na pr\u00f3xima viagem durma num camping e coma no quilo\u201d * A educa\u00e7\u00e3o infantil em Resende est\u00e1 para marcar mais um tento este ano. A prefeitura, em parceria com o Instituto Nissan, iniciou as obras de constru\u00e7\u00e3o do Centro Educacional da Primeira Inf\u00e2ncia \u2013 na Rua Sarquis Jos\u00e9 Sarquis, no Jardim Jalisco, junto ao Parque das \u00c1guas. O prazo de entrega \u00e9 de seis meses. A creche ter\u00e1 capacidade para atender at\u00e9 170 crian\u00e7as, com idade entre tr\u00eas meses e seis anos * Prepara\u00e7\u00e3o do Carnaval em Resende seguindo dentro dos conformes. Blocos dos bairros aceitaram a proposta de unirem for\u00e7as para fazer uma festa mais bonita. Os blocos ser\u00e3o Vicentina, Liberdade e Nova Liberdade, Para\u00edso e Alto dos Passos. O desfile das quatro agremia\u00e7\u00f5es ser\u00e1 no domingo com a abertura feita pelo \u2018Rancho Carnavalesco Chuveiro de Prata\u2019. No s\u00e1bado desfilam os blocos de embalo: N\u00e3o empurra que \u00e9 pior (Cidade Alegria), Vila Ara\u00fajo, Baixada da Olaria e Arrast\u00e3o do Surubi * Botafolgada organizando excurs\u00e3o para o Maraca no dia 5 de fevereiro para o segundo jogo da Libertadores. Os invejosos est\u00e3o dizendo que vai dar para lotar meia Kombi.<\/p>\n<p style=\"text-align: justify;\"><strong>ANIVERS\u00c1RIO<\/strong><br \/>\nSegunda-feira, dia 27, mudou de idade o Paulo Ticom, filho do Betinho e irm\u00e3o da Maria Elisa do v\u00f4lei. No dia 28, inauguraram idade nova o meu amigo Carlos Eduardo (Dudu), que \u00e9 atendente no Buteco, a Mayra Cristina e o Henrique Fernandes. Na quarta (29) foi a vez do amigo Jo\u00e3o Saboia ficar mais experiente. Ontem, dia 30, soprou velinhas a empres\u00e1ria mais irrequieta de Resende, a Romana Diniz Lamin. Hoje (31) aniversaria o jovem cineasta Edgar Freitas. Amanh\u00e3 (01) recebem os \u2018parab\u00e9ns\u2019 o Fl\u00e1vio Silva (por que a banda parou?) e a Sylvie Ramos. E no domingo, contam mais um ano de vida a botafoguense Mary Dutra e a Cleri Eduardo. Parab\u00e9ns e todas as felicidades do mundo a eles.<\/p>\n","protected":false},"excerpt":{"rendered":"<p>O acidente na Linha Amarela e o buraco do f\u00edsico ingl\u00eas O papel em branco \u00e9 assustador (nos dias de hoje \u00e9 a tela<\/p>\n","protected":false},"author":1,"featured_media":0,"comment_status":"open","ping_status":"open","sticky":false,"template":"","format":"standard","meta":{"pmpro_default_level":"","footnotes":""},"categories":[13],"tags":[],"class_list":["post-19065","post","type-post","status-publish","format-standard","hentry","category-social","pmpro-has-access"],"yoast_head":"<!-- This site is optimized with the Yoast SEO plugin v27.4 - https:\/\/yoast.com\/product\/yoast-seo-wordpress\/ -->\n<title>La\u00eds Amaral - JORNAL BEIRA RIO<\/title>\n<meta name=\"robots\" content=\"index, follow, max-snippet:-1, max-image-preview:large, max-video-preview:-1\" \/>\n<link rel=\"canonical\" href=\"https:\/\/jornalbeirario.com.br\/portal\/?p=19065\" \/>\n<meta property=\"og:locale\" content=\"pt_BR\" \/>\n<meta property=\"og:type\" content=\"article\" \/>\n<meta property=\"og:title\" content=\"La\u00eds Amaral - JORNAL BEIRA RIO\" \/>\n<meta property=\"og:description\" content=\"O acidente na Linha Amarela e o buraco do f\u00edsico ingl\u00eas O papel em branco \u00e9 assustador (nos dias de hoje \u00e9 a tela\" \/>\n<meta property=\"og:url\" content=\"https:\/\/jornalbeirario.com.br\/portal\/?p=19065\" \/>\n<meta property=\"og:site_name\" content=\"JORNAL BEIRA RIO\" \/>\n<meta property=\"article:published_time\" content=\"2014-01-31T11:45:20+00:00\" \/>\n<meta name=\"author\" content=\"Jornal BEIRA-RIO\" \/>\n<meta name=\"twitter:card\" content=\"summary_large_image\" \/>\n<meta name=\"twitter:label1\" content=\"Escrito por\" \/>\n\t<meta name=\"twitter:data1\" content=\"Jornal BEIRA-RIO\" \/>\n\t<meta name=\"twitter:label2\" content=\"Est. tempo de leitura\" \/>\n\t<meta name=\"twitter:data2\" content=\"4 minutos\" \/>\n<script type=\"application\/ld+json\" class=\"yoast-schema-graph\">{\"@context\":\"https:\\\/\\\/schema.org\",\"@graph\":[{\"@type\":\"Article\",\"@id\":\"https:\\\/\\\/jornalbeirario.com.br\\\/portal\\\/?p=19065#article\",\"isPartOf\":{\"@id\":\"https:\\\/\\\/jornalbeirario.com.br\\\/portal\\\/?p=19065\"},\"author\":{\"name\":\"Jornal BEIRA-RIO\",\"@id\":\"https:\\\/\\\/jornalbeirario.com.br\\\/portal\\\/#\\\/schema\\\/person\\\/c6c423e4c2465d2a9233f6539173e7c1\"},\"headline\":\"La\u00eds Amaral\",\"datePublished\":\"2014-01-31T11:45:20+00:00\",\"mainEntityOfPage\":{\"@id\":\"https:\\\/\\\/jornalbeirario.com.br\\\/portal\\\/?p=19065\"},\"wordCount\":884,\"commentCount\":0,\"publisher\":{\"@id\":\"https:\\\/\\\/jornalbeirario.com.br\\\/portal\\\/#organization\"},\"articleSection\":[\"Social\"],\"inLanguage\":\"pt-BR\",\"potentialAction\":[{\"@type\":\"CommentAction\",\"name\":\"Comment\",\"target\":[\"https:\\\/\\\/jornalbeirario.com.br\\\/portal\\\/?p=19065#respond\"]}]},{\"@type\":\"WebPage\",\"@id\":\"https:\\\/\\\/jornalbeirario.com.br\\\/portal\\\/?p=19065\",\"url\":\"https:\\\/\\\/jornalbeirario.com.br\\\/portal\\\/?p=19065\",\"name\":\"La\u00eds Amaral - JORNAL BEIRA RIO\",\"isPartOf\":{\"@id\":\"https:\\\/\\\/jornalbeirario.com.br\\\/portal\\\/#website\"},\"datePublished\":\"2014-01-31T11:45:20+00:00\",\"breadcrumb\":{\"@id\":\"https:\\\/\\\/jornalbeirario.com.br\\\/portal\\\/?p=19065#breadcrumb\"},\"inLanguage\":\"pt-BR\",\"potentialAction\":[{\"@type\":\"ReadAction\",\"target\":[\"https:\\\/\\\/jornalbeirario.com.br\\\/portal\\\/?p=19065\"]}]},{\"@type\":\"BreadcrumbList\",\"@id\":\"https:\\\/\\\/jornalbeirario.com.br\\\/portal\\\/?p=19065#breadcrumb\",\"itemListElement\":[{\"@type\":\"ListItem\",\"position\":1,\"name\":\"Home\",\"item\":\"https:\\\/\\\/jornalbeirario.com.br\\\/portal\"},{\"@type\":\"ListItem\",\"position\":2,\"name\":\"La\u00eds Amaral\"}]},{\"@type\":\"WebSite\",\"@id\":\"https:\\\/\\\/jornalbeirario.com.br\\\/portal\\\/#website\",\"url\":\"https:\\\/\\\/jornalbeirario.com.br\\\/portal\\\/\",\"name\":\"JORNAL BEIRA RIO\",\"description\":\"\",\"publisher\":{\"@id\":\"https:\\\/\\\/jornalbeirario.com.br\\\/portal\\\/#organization\"},\"potentialAction\":[{\"@type\":\"SearchAction\",\"target\":{\"@type\":\"EntryPoint\",\"urlTemplate\":\"https:\\\/\\\/jornalbeirario.com.br\\\/portal\\\/?s={search_term_string}\"},\"query-input\":{\"@type\":\"PropertyValueSpecification\",\"valueRequired\":true,\"valueName\":\"search_term_string\"}}],\"inLanguage\":\"pt-BR\"},{\"@type\":\"Organization\",\"@id\":\"https:\\\/\\\/jornalbeirario.com.br\\\/portal\\\/#organization\",\"name\":\"JORNAL BEIRA RIO\",\"url\":\"https:\\\/\\\/jornalbeirario.com.br\\\/portal\\\/\",\"logo\":{\"@type\":\"ImageObject\",\"inLanguage\":\"pt-BR\",\"@id\":\"https:\\\/\\\/jornalbeirario.com.br\\\/portal\\\/#\\\/schema\\\/logo\\\/image\\\/\",\"url\":\"https:\\\/\\\/jornalbeirario.com.br\\\/portal\\\/wp-content\\\/uploads\\\/2017\\\/09\\\/BEIRA-RIO_logo600.png\",\"contentUrl\":\"https:\\\/\\\/jornalbeirario.com.br\\\/portal\\\/wp-content\\\/uploads\\\/2017\\\/09\\\/BEIRA-RIO_logo600.png\",\"width\":650,\"height\":108,\"caption\":\"JORNAL BEIRA RIO\"},\"image\":{\"@id\":\"https:\\\/\\\/jornalbeirario.com.br\\\/portal\\\/#\\\/schema\\\/logo\\\/image\\\/\"}},{\"@type\":\"Person\",\"@id\":\"https:\\\/\\\/jornalbeirario.com.br\\\/portal\\\/#\\\/schema\\\/person\\\/c6c423e4c2465d2a9233f6539173e7c1\",\"name\":\"Jornal BEIRA-RIO\",\"image\":{\"@type\":\"ImageObject\",\"inLanguage\":\"pt-BR\",\"@id\":\"https:\\\/\\\/jornalbeirario.com.br\\\/portal\\\/wp-content\\\/uploads\\\/2023\\\/10\\\/logojbr1.jpg\",\"url\":\"https:\\\/\\\/jornalbeirario.com.br\\\/portal\\\/wp-content\\\/uploads\\\/2023\\\/10\\\/logojbr1.jpg\",\"contentUrl\":\"https:\\\/\\\/jornalbeirario.com.br\\\/portal\\\/wp-content\\\/uploads\\\/2023\\\/10\\\/logojbr1.jpg\",\"caption\":\"Jornal BEIRA-RIO\"},\"url\":\"https:\\\/\\\/jornalbeirario.com.br\\\/portal\\\/?author=1\"}]}<\/script>\n<!-- \/ Yoast SEO plugin. -->","yoast_head_json":{"title":"La\u00eds Amaral - JORNAL BEIRA RIO","robots":{"index":"index","follow":"follow","max-snippet":"max-snippet:-1","max-image-preview":"max-image-preview:large","max-video-preview":"max-video-preview:-1"},"canonical":"https:\/\/jornalbeirario.com.br\/portal\/?p=19065","og_locale":"pt_BR","og_type":"article","og_title":"La\u00eds Amaral - JORNAL BEIRA RIO","og_description":"O acidente na Linha Amarela e o buraco do f\u00edsico ingl\u00eas O papel em branco \u00e9 assustador (nos dias de hoje \u00e9 a tela","og_url":"https:\/\/jornalbeirario.com.br\/portal\/?p=19065","og_site_name":"JORNAL BEIRA RIO","article_published_time":"2014-01-31T11:45:20+00:00","author":"Jornal BEIRA-RIO","twitter_card":"summary_large_image","twitter_misc":{"Escrito por":"Jornal BEIRA-RIO","Est. tempo de leitura":"4 minutos"},"schema":{"@context":"https:\/\/schema.org","@graph":[{"@type":"Article","@id":"https:\/\/jornalbeirario.com.br\/portal\/?p=19065#article","isPartOf":{"@id":"https:\/\/jornalbeirario.com.br\/portal\/?p=19065"},"author":{"name":"Jornal BEIRA-RIO","@id":"https:\/\/jornalbeirario.com.br\/portal\/#\/schema\/person\/c6c423e4c2465d2a9233f6539173e7c1"},"headline":"La\u00eds Amaral","datePublished":"2014-01-31T11:45:20+00:00","mainEntityOfPage":{"@id":"https:\/\/jornalbeirario.com.br\/portal\/?p=19065"},"wordCount":884,"commentCount":0,"publisher":{"@id":"https:\/\/jornalbeirario.com.br\/portal\/#organization"},"articleSection":["Social"],"inLanguage":"pt-BR","potentialAction":[{"@type":"CommentAction","name":"Comment","target":["https:\/\/jornalbeirario.com.br\/portal\/?p=19065#respond"]}]},{"@type":"WebPage","@id":"https:\/\/jornalbeirario.com.br\/portal\/?p=19065","url":"https:\/\/jornalbeirario.com.br\/portal\/?p=19065","name":"La\u00eds Amaral - JORNAL BEIRA RIO","isPartOf":{"@id":"https:\/\/jornalbeirario.com.br\/portal\/#website"},"datePublished":"2014-01-31T11:45:20+00:00","breadcrumb":{"@id":"https:\/\/jornalbeirario.com.br\/portal\/?p=19065#breadcrumb"},"inLanguage":"pt-BR","potentialAction":[{"@type":"ReadAction","target":["https:\/\/jornalbeirario.com.br\/portal\/?p=19065"]}]},{"@type":"BreadcrumbList","@id":"https:\/\/jornalbeirario.com.br\/portal\/?p=19065#breadcrumb","itemListElement":[{"@type":"ListItem","position":1,"name":"Home","item":"https:\/\/jornalbeirario.com.br\/portal"},{"@type":"ListItem","position":2,"name":"La\u00eds Amaral"}]},{"@type":"WebSite","@id":"https:\/\/jornalbeirario.com.br\/portal\/#website","url":"https:\/\/jornalbeirario.com.br\/portal\/","name":"JORNAL BEIRA RIO","description":"","publisher":{"@id":"https:\/\/jornalbeirario.com.br\/portal\/#organization"},"potentialAction":[{"@type":"SearchAction","target":{"@type":"EntryPoint","urlTemplate":"https:\/\/jornalbeirario.com.br\/portal\/?s={search_term_string}"},"query-input":{"@type":"PropertyValueSpecification","valueRequired":true,"valueName":"search_term_string"}}],"inLanguage":"pt-BR"},{"@type":"Organization","@id":"https:\/\/jornalbeirario.com.br\/portal\/#organization","name":"JORNAL BEIRA RIO","url":"https:\/\/jornalbeirario.com.br\/portal\/","logo":{"@type":"ImageObject","inLanguage":"pt-BR","@id":"https:\/\/jornalbeirario.com.br\/portal\/#\/schema\/logo\/image\/","url":"https:\/\/jornalbeirario.com.br\/portal\/wp-content\/uploads\/2017\/09\/BEIRA-RIO_logo600.png","contentUrl":"https:\/\/jornalbeirario.com.br\/portal\/wp-content\/uploads\/2017\/09\/BEIRA-RIO_logo600.png","width":650,"height":108,"caption":"JORNAL BEIRA RIO"},"image":{"@id":"https:\/\/jornalbeirario.com.br\/portal\/#\/schema\/logo\/image\/"}},{"@type":"Person","@id":"https:\/\/jornalbeirario.com.br\/portal\/#\/schema\/person\/c6c423e4c2465d2a9233f6539173e7c1","name":"Jornal BEIRA-RIO","image":{"@type":"ImageObject","inLanguage":"pt-BR","@id":"https:\/\/jornalbeirario.com.br\/portal\/wp-content\/uploads\/2023\/10\/logojbr1.jpg","url":"https:\/\/jornalbeirario.com.br\/portal\/wp-content\/uploads\/2023\/10\/logojbr1.jpg","contentUrl":"https:\/\/jornalbeirario.com.br\/portal\/wp-content\/uploads\/2023\/10\/logojbr1.jpg","caption":"Jornal BEIRA-RIO"},"url":"https:\/\/jornalbeirario.com.br\/portal\/?author=1"}]}},"_links":{"self":[{"href":"https:\/\/jornalbeirario.com.br\/portal\/index.php?rest_route=\/wp\/v2\/posts\/19065","targetHints":{"allow":["GET"]}}],"collection":[{"href":"https:\/\/jornalbeirario.com.br\/portal\/index.php?rest_route=\/wp\/v2\/posts"}],"about":[{"href":"https:\/\/jornalbeirario.com.br\/portal\/index.php?rest_route=\/wp\/v2\/types\/post"}],"author":[{"embeddable":true,"href":"https:\/\/jornalbeirario.com.br\/portal\/index.php?rest_route=\/wp\/v2\/users\/1"}],"replies":[{"embeddable":true,"href":"https:\/\/jornalbeirario.com.br\/portal\/index.php?rest_route=%2Fwp%2Fv2%2Fcomments&post=19065"}],"version-history":[{"count":1,"href":"https:\/\/jornalbeirario.com.br\/portal\/index.php?rest_route=\/wp\/v2\/posts\/19065\/revisions"}],"predecessor-version":[{"id":19066,"href":"https:\/\/jornalbeirario.com.br\/portal\/index.php?rest_route=\/wp\/v2\/posts\/19065\/revisions\/19066"}],"wp:attachment":[{"href":"https:\/\/jornalbeirario.com.br\/portal\/index.php?rest_route=%2Fwp%2Fv2%2Fmedia&parent=19065"}],"wp:term":[{"taxonomy":"category","embeddable":true,"href":"https:\/\/jornalbeirario.com.br\/portal\/index.php?rest_route=%2Fwp%2Fv2%2Fcategories&post=19065"},{"taxonomy":"post_tag","embeddable":true,"href":"https:\/\/jornalbeirario.com.br\/portal\/index.php?rest_route=%2Fwp%2Fv2%2Ftags&post=19065"}],"curies":[{"name":"wp","href":"https:\/\/api.w.org\/{rel}","templated":true}]}}