
{"id":18866,"date":"2014-01-24T13:28:29","date_gmt":"2014-01-24T13:28:29","guid":{"rendered":"http:\/\/jornalbeirario.com.br\/portal\/portal\/?p=18866"},"modified":"2014-01-24T13:35:05","modified_gmt":"2014-01-24T13:35:05","slug":"18866","status":"publish","type":"post","link":"https:\/\/jornalbeirario.com.br\/portal\/?p=18866","title":{"rendered":"Porto Real promove exposi\u00e7\u00e3o de arte do CAPS"},"content":{"rendered":"<p style=\"text-align: justify;\"><a href=\"https:\/\/jornalbeirario.com.br\/portal\/wp-content\/uploads\/2014\/01\/Saude-61.jpg\"><img loading=\"lazy\" decoding=\"async\" class=\"alignleft size-medium wp-image-18868\" title=\"Saude 6\" src=\"https:\/\/jornalbeirario.com.br\/portal\/wp-content\/uploads\/2014\/01\/Saude-61-300x196.jpg\" alt=\"\" width=\"300\" height=\"196\" srcset=\"https:\/\/jornalbeirario.com.br\/portal\/wp-content\/uploads\/2014\/01\/Saude-61-300x196.jpg 300w, https:\/\/jornalbeirario.com.br\/portal\/wp-content\/uploads\/2014\/01\/Saude-61.jpg 640w\" sizes=\"auto, (max-width: 300px) 100vw, 300px\" \/><\/a>\u201cApaixonados por artesanato\u201d. Esse \u00e9 o tema da exposi\u00e7\u00e3o que a secretaria de Sa\u00fade de Porto Real promove no pr\u00f3ximo dia 3, das 7h \u00e0s 16h, no Horto Municipal. Durante a feira, ser\u00e3o expostos cerca de 200 trabalhos art\u00edsticos, entre pinturas em tela e tecido, bordados e fuxicos, todos realizados por 20 pacientes do CAPS.<\/p>\n<p style=\"text-align: justify;\">A respons\u00e1vel pelo projeto, Simone Barros, \u00a0relata que esta n\u00e3o \u00e9 uma tarefa f\u00e1cil. \u201c\u00c9 necess\u00e1rio ter o perfil adequado para o trabalho, muitos deles t\u00eam um comportamento diferente a cada dia. \u00c9 preciso muito carinho, dedica\u00e7\u00e3o e paci\u00eancia\u201d, diz. Os pre\u00e7os das obras ser\u00e3o dados pelo espectador, custando a partir de R$25.<\/p>\n<p style=\"text-align: justify;\">Para Alc\u00eddia Santos, 50 anos, casada h\u00e1 31 anos e av\u00f3 de cinco netos, o melhor \u00e9 passar o tempo. \u201cEu pinto, bordo e fa\u00e7o bijuteria. Meu tempo passa e enxergam meu talento\u201d, orgulha-se. As duas s\u00e3o pacientes do CAPS h\u00e1 quase 10 anos.<\/p>\n<p style=\"text-align: justify;\">Uma vez por semana a equipe, formada por um psiquiatra, quatro psic\u00f3logos, um assistente social, um terapeuta ocupacional e de dois estagi\u00e1rios de psicologia, al\u00e9m da equipe de apoio e administrativa, se re\u00fane com os pacientes para que definam o planejamento das atividades. Eles realizam passeios, almo\u00e7os, lanches, comemoram anivers\u00e1rios, dentre outras atividades.<\/p>\n<p style=\"text-align: justify;\">O coordenador do Programa de Sa\u00fade Mental, Manoel Guilherme Soos, afirma que \u00e9 essa atividade \u00e9 parte do projeto terap\u00eautico: \u201cN\u00e3o \u00e9 apenas uma exposi\u00e7\u00e3o. Isso \u00e9 parte do tratamento. Tudo \u00e9 registrado em ata e existe presta\u00e7\u00e3o de contas. Eles ficam satisfeitos, pois veem que s\u00e3o capazes de produzir, restauram a pr\u00f3pria qualidade de vida. Eles ficam conscientes de valores sociais, como a import\u00e2ncia do trabalho e da integra\u00e7\u00e3o entre as pessoas\u201d, explica o psic\u00f3logo.<\/p>\n<p style=\"text-align: justify;\">Al\u00e9m de pacientes com transtornos mentais, o CAPS atende usu\u00e1rios de \u00e1lcool e drogas. \u201c\u00c9 de extrema import\u00e2ncia essa valoriza\u00e7\u00e3o pessoal. A popula\u00e7\u00e3o precisa estar ciente que h\u00e1 talentos no CAPS\u201d, afirma a subsecret\u00e1ria de Sa\u00fade, Vanila Rocha.<\/p>\n<p style=\"text-align: justify;\">O CAPS <em>Sonho Real<\/em> abrange a regi\u00e3o formada pelos munic\u00edpios de Quatis e Porto Real e atende cerca de 40 usu\u00e1rios por dia. S\u00e3o 194 pacientes cadastrados. \u201cS\u00e3o realizadas visitas domiciliares e h\u00e1 assist\u00eancia a pacientes internados no Hospital S\u00e3o Francisco de Assis, que possui dois leitos exclusivos para pacientes do CAPS\u201d, destaca a prefeita Cida.<\/p>\n<p style=\"text-align: justify;\">PMPR<\/p>\n","protected":false},"excerpt":{"rendered":"<p>\u201cApaixonados por artesanato\u201d. Esse \u00e9 o tema da exposi\u00e7\u00e3o que a secretaria de Sa\u00fade de Porto Real promove no pr\u00f3ximo dia 3, das 7h<\/p>\n","protected":false},"author":1,"featured_media":18869,"comment_status":"open","ping_status":"open","sticky":false,"template":"","format":"standard","meta":{"pmpro_default_level":"","footnotes":"","_members_access_role":[],"_members_access_error":""},"categories":[5],"tags":[155],"class_list":["post-18866","post","type-post","status-publish","format-standard","has-post-thumbnail","hentry","category-cultura","tag-dehoraemhora","pmpro-has-access"],"yoast_head":"<!-- This site is optimized with the Yoast SEO plugin v28.4 - https:\/\/yoast.com\/product\/yoast-seo-wordpress\/ -->\n<title>Porto Real promove exposi\u00e7\u00e3o de arte do CAPS - JORNAL BEIRA RIO<\/title>\n<meta name=\"robots\" content=\"index, follow, max-snippet:-1, max-image-preview:large, max-video-preview:-1\" \/>\n<link rel=\"canonical\" href=\"https:\/\/jornalbeirario.com.br\/portal\/?p=18866\" \/>\n<meta property=\"og:locale\" content=\"pt_BR\" \/>\n<meta property=\"og:type\" content=\"article\" \/>\n<meta property=\"og:title\" content=\"Porto Real promove exposi\u00e7\u00e3o de arte do CAPS - JORNAL BEIRA RIO\" \/>\n<meta property=\"og:description\" content=\"\u201cApaixonados por artesanato\u201d. Esse \u00e9 o tema da exposi\u00e7\u00e3o que a secretaria de Sa\u00fade de Porto Real promove no pr\u00f3ximo dia 3, das 7h\" \/>\n<meta property=\"og:url\" content=\"https:\/\/jornalbeirario.com.br\/portal\/?p=18866\" \/>\n<meta property=\"og:site_name\" content=\"JORNAL BEIRA RIO\" \/>\n<meta property=\"article:published_time\" content=\"2014-01-24T13:28:29+00:00\" \/>\n<meta property=\"article:modified_time\" content=\"2014-01-24T13:35:05+00:00\" \/>\n<meta property=\"og:image\" content=\"https:\/\/jornalbeirario.com.br\/portal\/wp-content\/uploads\/2014\/01\/Saude-62.jpg\" \/>\n\t<meta property=\"og:image:width\" content=\"640\" \/>\n\t<meta property=\"og:image:height\" content=\"420\" \/>\n\t<meta property=\"og:image:type\" content=\"image\/jpeg\" \/>\n<meta name=\"author\" content=\"Jornal BEIRA-RIO\" \/>\n<meta name=\"twitter:card\" content=\"summary_large_image\" \/>\n<meta name=\"twitter:label1\" content=\"Escrito por\" \/>\n\t<meta name=\"twitter:data1\" content=\"Jornal BEIRA-RIO\" \/>\n\t<meta name=\"twitter:label2\" content=\"Est. tempo de leitura\" \/>\n\t<meta name=\"twitter:data2\" content=\"2 minutos\" \/>\n<script type=\"application\/ld+json\" class=\"yoast-schema-graph\">{\"@context\":\"https:\\\/\\\/schema.org\",\"@graph\":[{\"@type\":\"Article\",\"@id\":\"https:\\\/\\\/jornalbeirario.com.br\\\/portal\\\/?p=18866#article\",\"isPartOf\":{\"@id\":\"https:\\\/\\\/jornalbeirario.com.br\\\/portal\\\/?p=18866\"},\"author\":{\"name\":\"Jornal BEIRA-RIO\",\"@id\":\"https:\\\/\\\/jornalbeirario.com.br\\\/portal\\\/#\\\/schema\\\/person\\\/c6c423e4c2465d2a9233f6539173e7c1\"},\"headline\":\"Porto Real promove exposi\u00e7\u00e3o de arte do CAPS\",\"datePublished\":\"2014-01-24T13:28:29+00:00\",\"dateModified\":\"2014-01-24T13:35:05+00:00\",\"mainEntityOfPage\":{\"@id\":\"https:\\\/\\\/jornalbeirario.com.br\\\/portal\\\/?p=18866\"},\"wordCount\":413,\"commentCount\":0,\"publisher\":{\"@id\":\"https:\\\/\\\/jornalbeirario.com.br\\\/portal\\\/#organization\"},\"image\":{\"@id\":\"https:\\\/\\\/jornalbeirario.com.br\\\/portal\\\/?p=18866#primaryimage\"},\"thumbnailUrl\":\"https:\\\/\\\/jornalbeirario.com.br\\\/portal\\\/wp-content\\\/uploads\\\/2014\\\/01\\\/Saude-62.jpg\",\"keywords\":[\"dehoraemhora\"],\"articleSection\":[\"Cultura\"],\"inLanguage\":\"pt-BR\",\"potentialAction\":[{\"@type\":\"CommentAction\",\"name\":\"Comment\",\"target\":[\"https:\\\/\\\/jornalbeirario.com.br\\\/portal\\\/?p=18866#respond\"]}]},{\"@type\":\"WebPage\",\"@id\":\"https:\\\/\\\/jornalbeirario.com.br\\\/portal\\\/?p=18866\",\"url\":\"https:\\\/\\\/jornalbeirario.com.br\\\/portal\\\/?p=18866\",\"name\":\"Porto Real promove exposi\u00e7\u00e3o de arte do CAPS - JORNAL BEIRA RIO\",\"isPartOf\":{\"@id\":\"https:\\\/\\\/jornalbeirario.com.br\\\/portal\\\/#website\"},\"primaryImageOfPage\":{\"@id\":\"https:\\\/\\\/jornalbeirario.com.br\\\/portal\\\/?p=18866#primaryimage\"},\"image\":{\"@id\":\"https:\\\/\\\/jornalbeirario.com.br\\\/portal\\\/?p=18866#primaryimage\"},\"thumbnailUrl\":\"https:\\\/\\\/jornalbeirario.com.br\\\/portal\\\/wp-content\\\/uploads\\\/2014\\\/01\\\/Saude-62.jpg\",\"datePublished\":\"2014-01-24T13:28:29+00:00\",\"dateModified\":\"2014-01-24T13:35:05+00:00\",\"breadcrumb\":{\"@id\":\"https:\\\/\\\/jornalbeirario.com.br\\\/portal\\\/?p=18866#breadcrumb\"},\"inLanguage\":\"pt-BR\",\"potentialAction\":[{\"@type\":\"ReadAction\",\"target\":[\"https:\\\/\\\/jornalbeirario.com.br\\\/portal\\\/?p=18866\"]}]},{\"@type\":\"ImageObject\",\"inLanguage\":\"pt-BR\",\"@id\":\"https:\\\/\\\/jornalbeirario.com.br\\\/portal\\\/?p=18866#primaryimage\",\"url\":\"https:\\\/\\\/jornalbeirario.com.br\\\/portal\\\/wp-content\\\/uploads\\\/2014\\\/01\\\/Saude-62.jpg\",\"contentUrl\":\"https:\\\/\\\/jornalbeirario.com.br\\\/portal\\\/wp-content\\\/uploads\\\/2014\\\/01\\\/Saude-62.jpg\",\"width\":\"640\",\"height\":\"420\"},{\"@type\":\"BreadcrumbList\",\"@id\":\"https:\\\/\\\/jornalbeirario.com.br\\\/portal\\\/?p=18866#breadcrumb\",\"itemListElement\":[{\"@type\":\"ListItem\",\"position\":1,\"name\":\"Home\",\"item\":\"https:\\\/\\\/jornalbeirario.com.br\\\/portal\"},{\"@type\":\"ListItem\",\"position\":2,\"name\":\"Porto Real promove exposi\u00e7\u00e3o de arte do CAPS\"}]},{\"@type\":\"WebSite\",\"@id\":\"https:\\\/\\\/jornalbeirario.com.br\\\/portal\\\/#website\",\"url\":\"https:\\\/\\\/jornalbeirario.com.br\\\/portal\\\/\",\"name\":\"JORNAL BEIRA RIO\",\"description\":\"\",\"publisher\":{\"@id\":\"https:\\\/\\\/jornalbeirario.com.br\\\/portal\\\/#organization\"},\"potentialAction\":[{\"@type\":\"SearchAction\",\"target\":{\"@type\":\"EntryPoint\",\"urlTemplate\":\"https:\\\/\\\/jornalbeirario.com.br\\\/portal\\\/?s={search_term_string}\"},\"query-input\":{\"@type\":\"PropertyValueSpecification\",\"valueRequired\":true,\"valueName\":\"search_term_string\"}}],\"inLanguage\":\"pt-BR\"},{\"@type\":\"Organization\",\"@id\":\"https:\\\/\\\/jornalbeirario.com.br\\\/portal\\\/#organization\",\"name\":\"JORNAL BEIRA RIO\",\"url\":\"https:\\\/\\\/jornalbeirario.com.br\\\/portal\\\/\",\"logo\":{\"@type\":\"ImageObject\",\"inLanguage\":\"pt-BR\",\"@id\":\"https:\\\/\\\/jornalbeirario.com.br\\\/portal\\\/#\\\/schema\\\/logo\\\/image\\\/\",\"url\":\"https:\\\/\\\/jornalbeirario.com.br\\\/portal\\\/wp-content\\\/uploads\\\/2017\\\/09\\\/BEIRA-RIO_logo600.png\",\"contentUrl\":\"https:\\\/\\\/jornalbeirario.com.br\\\/portal\\\/wp-content\\\/uploads\\\/2017\\\/09\\\/BEIRA-RIO_logo600.png\",\"width\":650,\"height\":108,\"caption\":\"JORNAL BEIRA RIO\"},\"image\":{\"@id\":\"https:\\\/\\\/jornalbeirario.com.br\\\/portal\\\/#\\\/schema\\\/logo\\\/image\\\/\"}},{\"@type\":\"Person\",\"@id\":\"https:\\\/\\\/jornalbeirario.com.br\\\/portal\\\/#\\\/schema\\\/person\\\/c6c423e4c2465d2a9233f6539173e7c1\",\"name\":\"Jornal BEIRA-RIO\",\"image\":{\"@type\":\"ImageObject\",\"inLanguage\":\"pt-BR\",\"@id\":\"https:\\\/\\\/jornalbeirario.com.br\\\/portal\\\/wp-content\\\/uploads\\\/2023\\\/10\\\/logojbr1.jpg\",\"url\":\"https:\\\/\\\/jornalbeirario.com.br\\\/portal\\\/wp-content\\\/uploads\\\/2023\\\/10\\\/logojbr1.jpg\",\"contentUrl\":\"https:\\\/\\\/jornalbeirario.com.br\\\/portal\\\/wp-content\\\/uploads\\\/2023\\\/10\\\/logojbr1.jpg\",\"caption\":\"Jornal BEIRA-RIO\"},\"url\":\"https:\\\/\\\/jornalbeirario.com.br\\\/portal\\\/?author=1\"}]}<\/script>\n<!-- \/ Yoast SEO plugin. -->","yoast_head_json":{"title":"Porto Real promove exposi\u00e7\u00e3o de arte do CAPS - JORNAL BEIRA RIO","robots":{"index":"index","follow":"follow","max-snippet":"max-snippet:-1","max-image-preview":"max-image-preview:large","max-video-preview":"max-video-preview:-1"},"canonical":"https:\/\/jornalbeirario.com.br\/portal\/?p=18866","og_locale":"pt_BR","og_type":"article","og_title":"Porto Real promove exposi\u00e7\u00e3o de arte do CAPS - JORNAL BEIRA RIO","og_description":"\u201cApaixonados por artesanato\u201d. Esse \u00e9 o tema da exposi\u00e7\u00e3o que a secretaria de Sa\u00fade de Porto Real promove no pr\u00f3ximo dia 3, das 7h","og_url":"https:\/\/jornalbeirario.com.br\/portal\/?p=18866","og_site_name":"JORNAL BEIRA RIO","article_published_time":"2014-01-24T13:28:29+00:00","article_modified_time":"2014-01-24T13:35:05+00:00","og_image":[{"width":640,"height":420,"url":"https:\/\/jornalbeirario.com.br\/portal\/wp-content\/uploads\/2014\/01\/Saude-62.jpg","type":"image\/jpeg"}],"author":"Jornal BEIRA-RIO","twitter_card":"summary_large_image","twitter_misc":{"Escrito por":"Jornal BEIRA-RIO","Est. tempo de leitura":"2 minutos"},"schema":{"@context":"https:\/\/schema.org","@graph":[{"@type":"Article","@id":"https:\/\/jornalbeirario.com.br\/portal\/?p=18866#article","isPartOf":{"@id":"https:\/\/jornalbeirario.com.br\/portal\/?p=18866"},"author":{"name":"Jornal BEIRA-RIO","@id":"https:\/\/jornalbeirario.com.br\/portal\/#\/schema\/person\/c6c423e4c2465d2a9233f6539173e7c1"},"headline":"Porto Real promove exposi\u00e7\u00e3o de arte do CAPS","datePublished":"2014-01-24T13:28:29+00:00","dateModified":"2014-01-24T13:35:05+00:00","mainEntityOfPage":{"@id":"https:\/\/jornalbeirario.com.br\/portal\/?p=18866"},"wordCount":413,"commentCount":0,"publisher":{"@id":"https:\/\/jornalbeirario.com.br\/portal\/#organization"},"image":{"@id":"https:\/\/jornalbeirario.com.br\/portal\/?p=18866#primaryimage"},"thumbnailUrl":"https:\/\/jornalbeirario.com.br\/portal\/wp-content\/uploads\/2014\/01\/Saude-62.jpg","keywords":["dehoraemhora"],"articleSection":["Cultura"],"inLanguage":"pt-BR","potentialAction":[{"@type":"CommentAction","name":"Comment","target":["https:\/\/jornalbeirario.com.br\/portal\/?p=18866#respond"]}]},{"@type":"WebPage","@id":"https:\/\/jornalbeirario.com.br\/portal\/?p=18866","url":"https:\/\/jornalbeirario.com.br\/portal\/?p=18866","name":"Porto Real promove exposi\u00e7\u00e3o de arte do CAPS - JORNAL BEIRA RIO","isPartOf":{"@id":"https:\/\/jornalbeirario.com.br\/portal\/#website"},"primaryImageOfPage":{"@id":"https:\/\/jornalbeirario.com.br\/portal\/?p=18866#primaryimage"},"image":{"@id":"https:\/\/jornalbeirario.com.br\/portal\/?p=18866#primaryimage"},"thumbnailUrl":"https:\/\/jornalbeirario.com.br\/portal\/wp-content\/uploads\/2014\/01\/Saude-62.jpg","datePublished":"2014-01-24T13:28:29+00:00","dateModified":"2014-01-24T13:35:05+00:00","breadcrumb":{"@id":"https:\/\/jornalbeirario.com.br\/portal\/?p=18866#breadcrumb"},"inLanguage":"pt-BR","potentialAction":[{"@type":"ReadAction","target":["https:\/\/jornalbeirario.com.br\/portal\/?p=18866"]}]},{"@type":"ImageObject","inLanguage":"pt-BR","@id":"https:\/\/jornalbeirario.com.br\/portal\/?p=18866#primaryimage","url":"https:\/\/jornalbeirario.com.br\/portal\/wp-content\/uploads\/2014\/01\/Saude-62.jpg","contentUrl":"https:\/\/jornalbeirario.com.br\/portal\/wp-content\/uploads\/2014\/01\/Saude-62.jpg","width":"640","height":"420"},{"@type":"BreadcrumbList","@id":"https:\/\/jornalbeirario.com.br\/portal\/?p=18866#breadcrumb","itemListElement":[{"@type":"ListItem","position":1,"name":"Home","item":"https:\/\/jornalbeirario.com.br\/portal"},{"@type":"ListItem","position":2,"name":"Porto Real promove exposi\u00e7\u00e3o de arte do CAPS"}]},{"@type":"WebSite","@id":"https:\/\/jornalbeirario.com.br\/portal\/#website","url":"https:\/\/jornalbeirario.com.br\/portal\/","name":"JORNAL BEIRA RIO","description":"","publisher":{"@id":"https:\/\/jornalbeirario.com.br\/portal\/#organization"},"potentialAction":[{"@type":"SearchAction","target":{"@type":"EntryPoint","urlTemplate":"https:\/\/jornalbeirario.com.br\/portal\/?s={search_term_string}"},"query-input":{"@type":"PropertyValueSpecification","valueRequired":true,"valueName":"search_term_string"}}],"inLanguage":"pt-BR"},{"@type":"Organization","@id":"https:\/\/jornalbeirario.com.br\/portal\/#organization","name":"JORNAL BEIRA RIO","url":"https:\/\/jornalbeirario.com.br\/portal\/","logo":{"@type":"ImageObject","inLanguage":"pt-BR","@id":"https:\/\/jornalbeirario.com.br\/portal\/#\/schema\/logo\/image\/","url":"https:\/\/jornalbeirario.com.br\/portal\/wp-content\/uploads\/2017\/09\/BEIRA-RIO_logo600.png","contentUrl":"https:\/\/jornalbeirario.com.br\/portal\/wp-content\/uploads\/2017\/09\/BEIRA-RIO_logo600.png","width":650,"height":108,"caption":"JORNAL BEIRA RIO"},"image":{"@id":"https:\/\/jornalbeirario.com.br\/portal\/#\/schema\/logo\/image\/"}},{"@type":"Person","@id":"https:\/\/jornalbeirario.com.br\/portal\/#\/schema\/person\/c6c423e4c2465d2a9233f6539173e7c1","name":"Jornal BEIRA-RIO","image":{"@type":"ImageObject","inLanguage":"pt-BR","@id":"https:\/\/jornalbeirario.com.br\/portal\/wp-content\/uploads\/2023\/10\/logojbr1.jpg","url":"https:\/\/jornalbeirario.com.br\/portal\/wp-content\/uploads\/2023\/10\/logojbr1.jpg","contentUrl":"https:\/\/jornalbeirario.com.br\/portal\/wp-content\/uploads\/2023\/10\/logojbr1.jpg","caption":"Jornal BEIRA-RIO"},"url":"https:\/\/jornalbeirario.com.br\/portal\/?author=1"}]}},"_links":{"self":[{"href":"https:\/\/jornalbeirario.com.br\/portal\/index.php?rest_route=\/wp\/v2\/posts\/18866","targetHints":{"allow":["GET"]}}],"collection":[{"href":"https:\/\/jornalbeirario.com.br\/portal\/index.php?rest_route=\/wp\/v2\/posts"}],"about":[{"href":"https:\/\/jornalbeirario.com.br\/portal\/index.php?rest_route=\/wp\/v2\/types\/post"}],"author":[{"embeddable":true,"href":"https:\/\/jornalbeirario.com.br\/portal\/index.php?rest_route=\/wp\/v2\/users\/1"}],"replies":[{"embeddable":true,"href":"https:\/\/jornalbeirario.com.br\/portal\/index.php?rest_route=%2Fwp%2Fv2%2Fcomments&post=18866"}],"version-history":[{"count":4,"href":"https:\/\/jornalbeirario.com.br\/portal\/index.php?rest_route=\/wp\/v2\/posts\/18866\/revisions"}],"predecessor-version":[{"id":18871,"href":"https:\/\/jornalbeirario.com.br\/portal\/index.php?rest_route=\/wp\/v2\/posts\/18866\/revisions\/18871"}],"wp:featuredmedia":[{"embeddable":true,"href":"https:\/\/jornalbeirario.com.br\/portal\/index.php?rest_route=\/wp\/v2\/media\/18869"}],"wp:attachment":[{"href":"https:\/\/jornalbeirario.com.br\/portal\/index.php?rest_route=%2Fwp%2Fv2%2Fmedia&parent=18866"}],"wp:term":[{"taxonomy":"category","embeddable":true,"href":"https:\/\/jornalbeirario.com.br\/portal\/index.php?rest_route=%2Fwp%2Fv2%2Fcategories&post=18866"},{"taxonomy":"post_tag","embeddable":true,"href":"https:\/\/jornalbeirario.com.br\/portal\/index.php?rest_route=%2Fwp%2Fv2%2Ftags&post=18866"}],"curies":[{"name":"wp","href":"https:\/\/api.w.org\/{rel}","templated":true}]}}