
{"id":18799,"date":"2014-01-23T14:38:27","date_gmt":"2014-01-23T14:38:27","guid":{"rendered":"http:\/\/jornalbeirario.com.br\/portal\/portal\/?p=18799"},"modified":"2014-01-23T14:38:27","modified_gmt":"2014-01-23T14:38:27","slug":"programas-sociais-com-inscricoes-abertas-em-porto-real","status":"publish","type":"post","link":"https:\/\/jornalbeirario.com.br\/portal\/?p=18799","title":{"rendered":"Programas sociais com inscri\u00e7\u00f5es abertas em porto Real"},"content":{"rendered":"<p style=\"text-align: justify;\"><a href=\"https:\/\/jornalbeirario.com.br\/portal\/wp-content\/uploads\/2014\/01\/A-Social-42.jpg\"><img loading=\"lazy\" decoding=\"async\" class=\"alignleft size-medium wp-image-18802\" title=\"A Social 4\" src=\"https:\/\/jornalbeirario.com.br\/portal\/wp-content\/uploads\/2014\/01\/A-Social-42-300x196.jpg\" alt=\"\" width=\"300\" height=\"196\" srcset=\"https:\/\/jornalbeirario.com.br\/portal\/wp-content\/uploads\/2014\/01\/A-Social-42-300x196.jpg 300w, https:\/\/jornalbeirario.com.br\/portal\/wp-content\/uploads\/2014\/01\/A-Social-42.jpg 640w\" sizes=\"auto, (max-width: 300px) 100vw, 300px\" \/><\/a>Os programas sociais oferecidos pelo munic\u00edpio de Porto Real est\u00e3o com inscri\u00e7\u00f5es abertas. O cadastramento ou recadastramento do Curumin; Sai da Rua Menino e Vem para o Circo; Nova Gera\u00e7\u00e3o da Melhor Idade; e Banda Musical de Porto Real, pode ser realizada na sede de cada programa.<\/p>\n<p style=\"text-align: justify;\">Atualmente a cidade conta com quatro programas sociais: o Curumin, que funciona em Bulh\u00f5es atendendo crian\u00e7as de tr\u00eas a seis anos de idade, e tem como proposta a socializa\u00e7\u00e3o e atividades recreativas como oficinas, coral, entre outras. O programa funciona das 8h \u00e0s 11h e das 13h \u00e0s 16 horas e disponibiliza 50 vagas para os usu\u00e1rios, sendo 28 j\u00e1 ocupadas at\u00e9 o momento. As aulas reiniciam dia 3 de fevereiro.<\/p>\n<p style=\"text-align: justify;\">Outro programa \u00e9 o Sai da Rua Menino e Vem para o Circo, que tem sua sede locada na E.M. Oswaldo Luiz Gomes (Ciep 487), no Freitas Soares, e atende crian\u00e7as de seis a 14 anos de idade. O programa tem como objetivo a socializa\u00e7\u00e3o do p\u00fablico alvo. O programa oferece aos jovens oficinas de arte circense, teatro, capoeira, coral e refor\u00e7o escolar. Inserido nesse programa ainda existe o Vem Dan\u00e7ar, que \u00e9 um espa\u00e7o destinado a dan\u00e7as hip hop e street dance. As atividades do programa retornam dia 3 de fevereiro, juntamente com as aulas da rede municipal de ensino.<\/p>\n<p style=\"text-align: justify;\">O munic\u00edpio ainda oferece o programa da Banda Musical de Porto Real, que funciona na sede do Clube Centro Real, situado no Jardim Real. A Banda recebe jovens de sete a 17 anos, de segunda a sexta-feira, para pratica de aulas te\u00f3ricas e pr\u00e1ticas de trompete, bumbo, prato, flauta, entre outros instrumentos. O programa n\u00e3o teve seu per\u00edodo de f\u00e9rias, portanto continua em funcionamento, das 8h \u00e0s 17 horas.<\/p>\n<p style=\"text-align: justify;\">Por fim o programa Nova Gera\u00e7\u00e3o da Melhor Idade, situado no bairro Freitas Soares, que \u00e9 voltado para pessoas de 60 anos ou mais. O programa tem capacidade para atender 200 idosos, com previs\u00e3o 80 novas vagas para este ano. O intuito do programa \u00e9 melhorar a qualidade de vida do p\u00fablico alvo com gin\u00e1sticas, coral, oficinas artesanais, aulas de dan\u00e7a e jogos diversos. As atividades ser\u00e3o retomadas no dia 5 de fevereiro.<\/p>\n<p style=\"text-align: justify;\">Os documentos necess\u00e1rios para cadastro ou renova\u00e7\u00e3o de cadastro s\u00e3o: RG, certid\u00e3o de nascimento, comprovante de resid\u00eancia e carteira de vacina\u00e7\u00e3o. No caso dos idosos do Nova Gera\u00e7\u00e3o da Melhor Idade que pretendem fazer os cursos de gin\u00e1stica, \u00e9 necess\u00e1ria a apresenta\u00e7\u00e3o de atestado m\u00e9dico.<\/p>\n<p style=\"text-align: justify;\">Fonte: PMPR<\/p>\n","protected":false},"excerpt":{"rendered":"<p>Os programas sociais oferecidos pelo munic\u00edpio de Porto Real est\u00e3o com inscri\u00e7\u00f5es abertas. O cadastramento ou recadastramento do Curumin; Sai da Rua Menino e<\/p>\n","protected":false},"author":1,"featured_media":18801,"comment_status":"open","ping_status":"open","sticky":false,"template":"","format":"standard","meta":{"pmpro_default_level":"","footnotes":""},"categories":[13],"tags":[155],"class_list":["post-18799","post","type-post","status-publish","format-standard","has-post-thumbnail","hentry","category-social","tag-dehoraemhora","pmpro-has-access"],"yoast_head":"<!-- This site is optimized with the Yoast SEO plugin v27.4 - https:\/\/yoast.com\/product\/yoast-seo-wordpress\/ -->\n<title>Programas sociais com inscri\u00e7\u00f5es abertas em porto Real - JORNAL BEIRA RIO<\/title>\n<meta name=\"robots\" content=\"index, follow, max-snippet:-1, max-image-preview:large, max-video-preview:-1\" \/>\n<link rel=\"canonical\" href=\"https:\/\/jornalbeirario.com.br\/portal\/?p=18799\" \/>\n<meta property=\"og:locale\" content=\"pt_BR\" \/>\n<meta property=\"og:type\" content=\"article\" \/>\n<meta property=\"og:title\" content=\"Programas sociais com inscri\u00e7\u00f5es abertas em porto Real - JORNAL BEIRA RIO\" \/>\n<meta property=\"og:description\" content=\"Os programas sociais oferecidos pelo munic\u00edpio de Porto Real est\u00e3o com inscri\u00e7\u00f5es abertas. O cadastramento ou recadastramento do Curumin; Sai da Rua Menino e\" \/>\n<meta property=\"og:url\" content=\"https:\/\/jornalbeirario.com.br\/portal\/?p=18799\" \/>\n<meta property=\"og:site_name\" content=\"JORNAL BEIRA RIO\" \/>\n<meta property=\"article:published_time\" content=\"2014-01-23T14:38:27+00:00\" \/>\n<meta property=\"og:image\" content=\"https:\/\/jornalbeirario.com.br\/portal\/wp-content\/uploads\/2014\/01\/A-Social-41.jpg\" \/>\n\t<meta property=\"og:image:width\" content=\"640\" \/>\n\t<meta property=\"og:image:height\" content=\"420\" \/>\n\t<meta property=\"og:image:type\" content=\"image\/jpeg\" \/>\n<meta name=\"author\" content=\"Jornal BEIRA-RIO\" \/>\n<meta name=\"twitter:card\" content=\"summary_large_image\" \/>\n<meta name=\"twitter:label1\" content=\"Escrito por\" \/>\n\t<meta name=\"twitter:data1\" content=\"Jornal BEIRA-RIO\" \/>\n\t<meta name=\"twitter:label2\" content=\"Est. tempo de leitura\" \/>\n\t<meta name=\"twitter:data2\" content=\"2 minutos\" \/>\n<script type=\"application\/ld+json\" class=\"yoast-schema-graph\">{\"@context\":\"https:\\\/\\\/schema.org\",\"@graph\":[{\"@type\":\"Article\",\"@id\":\"https:\\\/\\\/jornalbeirario.com.br\\\/portal\\\/?p=18799#article\",\"isPartOf\":{\"@id\":\"https:\\\/\\\/jornalbeirario.com.br\\\/portal\\\/?p=18799\"},\"author\":{\"name\":\"Jornal BEIRA-RIO\",\"@id\":\"https:\\\/\\\/jornalbeirario.com.br\\\/portal\\\/#\\\/schema\\\/person\\\/c6c423e4c2465d2a9233f6539173e7c1\"},\"headline\":\"Programas sociais com inscri\u00e7\u00f5es abertas em porto Real\",\"datePublished\":\"2014-01-23T14:38:27+00:00\",\"mainEntityOfPage\":{\"@id\":\"https:\\\/\\\/jornalbeirario.com.br\\\/portal\\\/?p=18799\"},\"wordCount\":439,\"commentCount\":0,\"publisher\":{\"@id\":\"https:\\\/\\\/jornalbeirario.com.br\\\/portal\\\/#organization\"},\"image\":{\"@id\":\"https:\\\/\\\/jornalbeirario.com.br\\\/portal\\\/?p=18799#primaryimage\"},\"thumbnailUrl\":\"https:\\\/\\\/jornalbeirario.com.br\\\/portal\\\/wp-content\\\/uploads\\\/2014\\\/01\\\/A-Social-41.jpg\",\"keywords\":[\"dehoraemhora\"],\"articleSection\":[\"Social\"],\"inLanguage\":\"pt-BR\",\"potentialAction\":[{\"@type\":\"CommentAction\",\"name\":\"Comment\",\"target\":[\"https:\\\/\\\/jornalbeirario.com.br\\\/portal\\\/?p=18799#respond\"]}]},{\"@type\":\"WebPage\",\"@id\":\"https:\\\/\\\/jornalbeirario.com.br\\\/portal\\\/?p=18799\",\"url\":\"https:\\\/\\\/jornalbeirario.com.br\\\/portal\\\/?p=18799\",\"name\":\"Programas sociais com inscri\u00e7\u00f5es abertas em porto Real - JORNAL BEIRA RIO\",\"isPartOf\":{\"@id\":\"https:\\\/\\\/jornalbeirario.com.br\\\/portal\\\/#website\"},\"primaryImageOfPage\":{\"@id\":\"https:\\\/\\\/jornalbeirario.com.br\\\/portal\\\/?p=18799#primaryimage\"},\"image\":{\"@id\":\"https:\\\/\\\/jornalbeirario.com.br\\\/portal\\\/?p=18799#primaryimage\"},\"thumbnailUrl\":\"https:\\\/\\\/jornalbeirario.com.br\\\/portal\\\/wp-content\\\/uploads\\\/2014\\\/01\\\/A-Social-41.jpg\",\"datePublished\":\"2014-01-23T14:38:27+00:00\",\"breadcrumb\":{\"@id\":\"https:\\\/\\\/jornalbeirario.com.br\\\/portal\\\/?p=18799#breadcrumb\"},\"inLanguage\":\"pt-BR\",\"potentialAction\":[{\"@type\":\"ReadAction\",\"target\":[\"https:\\\/\\\/jornalbeirario.com.br\\\/portal\\\/?p=18799\"]}]},{\"@type\":\"ImageObject\",\"inLanguage\":\"pt-BR\",\"@id\":\"https:\\\/\\\/jornalbeirario.com.br\\\/portal\\\/?p=18799#primaryimage\",\"url\":\"https:\\\/\\\/jornalbeirario.com.br\\\/portal\\\/wp-content\\\/uploads\\\/2014\\\/01\\\/A-Social-41.jpg\",\"contentUrl\":\"https:\\\/\\\/jornalbeirario.com.br\\\/portal\\\/wp-content\\\/uploads\\\/2014\\\/01\\\/A-Social-41.jpg\",\"width\":\"640\",\"height\":\"420\"},{\"@type\":\"BreadcrumbList\",\"@id\":\"https:\\\/\\\/jornalbeirario.com.br\\\/portal\\\/?p=18799#breadcrumb\",\"itemListElement\":[{\"@type\":\"ListItem\",\"position\":1,\"name\":\"Home\",\"item\":\"https:\\\/\\\/jornalbeirario.com.br\\\/portal\"},{\"@type\":\"ListItem\",\"position\":2,\"name\":\"Programas sociais com inscri\u00e7\u00f5es abertas em porto Real\"}]},{\"@type\":\"WebSite\",\"@id\":\"https:\\\/\\\/jornalbeirario.com.br\\\/portal\\\/#website\",\"url\":\"https:\\\/\\\/jornalbeirario.com.br\\\/portal\\\/\",\"name\":\"JORNAL BEIRA RIO\",\"description\":\"\",\"publisher\":{\"@id\":\"https:\\\/\\\/jornalbeirario.com.br\\\/portal\\\/#organization\"},\"potentialAction\":[{\"@type\":\"SearchAction\",\"target\":{\"@type\":\"EntryPoint\",\"urlTemplate\":\"https:\\\/\\\/jornalbeirario.com.br\\\/portal\\\/?s={search_term_string}\"},\"query-input\":{\"@type\":\"PropertyValueSpecification\",\"valueRequired\":true,\"valueName\":\"search_term_string\"}}],\"inLanguage\":\"pt-BR\"},{\"@type\":\"Organization\",\"@id\":\"https:\\\/\\\/jornalbeirario.com.br\\\/portal\\\/#organization\",\"name\":\"JORNAL BEIRA RIO\",\"url\":\"https:\\\/\\\/jornalbeirario.com.br\\\/portal\\\/\",\"logo\":{\"@type\":\"ImageObject\",\"inLanguage\":\"pt-BR\",\"@id\":\"https:\\\/\\\/jornalbeirario.com.br\\\/portal\\\/#\\\/schema\\\/logo\\\/image\\\/\",\"url\":\"https:\\\/\\\/jornalbeirario.com.br\\\/portal\\\/wp-content\\\/uploads\\\/2017\\\/09\\\/BEIRA-RIO_logo600.png\",\"contentUrl\":\"https:\\\/\\\/jornalbeirario.com.br\\\/portal\\\/wp-content\\\/uploads\\\/2017\\\/09\\\/BEIRA-RIO_logo600.png\",\"width\":650,\"height\":108,\"caption\":\"JORNAL BEIRA RIO\"},\"image\":{\"@id\":\"https:\\\/\\\/jornalbeirario.com.br\\\/portal\\\/#\\\/schema\\\/logo\\\/image\\\/\"}},{\"@type\":\"Person\",\"@id\":\"https:\\\/\\\/jornalbeirario.com.br\\\/portal\\\/#\\\/schema\\\/person\\\/c6c423e4c2465d2a9233f6539173e7c1\",\"name\":\"Jornal BEIRA-RIO\",\"image\":{\"@type\":\"ImageObject\",\"inLanguage\":\"pt-BR\",\"@id\":\"https:\\\/\\\/jornalbeirario.com.br\\\/portal\\\/wp-content\\\/uploads\\\/2023\\\/10\\\/logojbr1.jpg\",\"url\":\"https:\\\/\\\/jornalbeirario.com.br\\\/portal\\\/wp-content\\\/uploads\\\/2023\\\/10\\\/logojbr1.jpg\",\"contentUrl\":\"https:\\\/\\\/jornalbeirario.com.br\\\/portal\\\/wp-content\\\/uploads\\\/2023\\\/10\\\/logojbr1.jpg\",\"caption\":\"Jornal BEIRA-RIO\"},\"url\":\"https:\\\/\\\/jornalbeirario.com.br\\\/portal\\\/?author=1\"}]}<\/script>\n<!-- \/ Yoast SEO plugin. -->","yoast_head_json":{"title":"Programas sociais com inscri\u00e7\u00f5es abertas em porto Real - JORNAL BEIRA RIO","robots":{"index":"index","follow":"follow","max-snippet":"max-snippet:-1","max-image-preview":"max-image-preview:large","max-video-preview":"max-video-preview:-1"},"canonical":"https:\/\/jornalbeirario.com.br\/portal\/?p=18799","og_locale":"pt_BR","og_type":"article","og_title":"Programas sociais com inscri\u00e7\u00f5es abertas em porto Real - JORNAL BEIRA RIO","og_description":"Os programas sociais oferecidos pelo munic\u00edpio de Porto Real est\u00e3o com inscri\u00e7\u00f5es abertas. O cadastramento ou recadastramento do Curumin; Sai da Rua Menino e","og_url":"https:\/\/jornalbeirario.com.br\/portal\/?p=18799","og_site_name":"JORNAL BEIRA RIO","article_published_time":"2014-01-23T14:38:27+00:00","og_image":[{"width":640,"height":420,"url":"https:\/\/jornalbeirario.com.br\/portal\/wp-content\/uploads\/2014\/01\/A-Social-41.jpg","type":"image\/jpeg"}],"author":"Jornal BEIRA-RIO","twitter_card":"summary_large_image","twitter_misc":{"Escrito por":"Jornal BEIRA-RIO","Est. tempo de leitura":"2 minutos"},"schema":{"@context":"https:\/\/schema.org","@graph":[{"@type":"Article","@id":"https:\/\/jornalbeirario.com.br\/portal\/?p=18799#article","isPartOf":{"@id":"https:\/\/jornalbeirario.com.br\/portal\/?p=18799"},"author":{"name":"Jornal BEIRA-RIO","@id":"https:\/\/jornalbeirario.com.br\/portal\/#\/schema\/person\/c6c423e4c2465d2a9233f6539173e7c1"},"headline":"Programas sociais com inscri\u00e7\u00f5es abertas em porto Real","datePublished":"2014-01-23T14:38:27+00:00","mainEntityOfPage":{"@id":"https:\/\/jornalbeirario.com.br\/portal\/?p=18799"},"wordCount":439,"commentCount":0,"publisher":{"@id":"https:\/\/jornalbeirario.com.br\/portal\/#organization"},"image":{"@id":"https:\/\/jornalbeirario.com.br\/portal\/?p=18799#primaryimage"},"thumbnailUrl":"https:\/\/jornalbeirario.com.br\/portal\/wp-content\/uploads\/2014\/01\/A-Social-41.jpg","keywords":["dehoraemhora"],"articleSection":["Social"],"inLanguage":"pt-BR","potentialAction":[{"@type":"CommentAction","name":"Comment","target":["https:\/\/jornalbeirario.com.br\/portal\/?p=18799#respond"]}]},{"@type":"WebPage","@id":"https:\/\/jornalbeirario.com.br\/portal\/?p=18799","url":"https:\/\/jornalbeirario.com.br\/portal\/?p=18799","name":"Programas sociais com inscri\u00e7\u00f5es abertas em porto Real - JORNAL BEIRA RIO","isPartOf":{"@id":"https:\/\/jornalbeirario.com.br\/portal\/#website"},"primaryImageOfPage":{"@id":"https:\/\/jornalbeirario.com.br\/portal\/?p=18799#primaryimage"},"image":{"@id":"https:\/\/jornalbeirario.com.br\/portal\/?p=18799#primaryimage"},"thumbnailUrl":"https:\/\/jornalbeirario.com.br\/portal\/wp-content\/uploads\/2014\/01\/A-Social-41.jpg","datePublished":"2014-01-23T14:38:27+00:00","breadcrumb":{"@id":"https:\/\/jornalbeirario.com.br\/portal\/?p=18799#breadcrumb"},"inLanguage":"pt-BR","potentialAction":[{"@type":"ReadAction","target":["https:\/\/jornalbeirario.com.br\/portal\/?p=18799"]}]},{"@type":"ImageObject","inLanguage":"pt-BR","@id":"https:\/\/jornalbeirario.com.br\/portal\/?p=18799#primaryimage","url":"https:\/\/jornalbeirario.com.br\/portal\/wp-content\/uploads\/2014\/01\/A-Social-41.jpg","contentUrl":"https:\/\/jornalbeirario.com.br\/portal\/wp-content\/uploads\/2014\/01\/A-Social-41.jpg","width":"640","height":"420"},{"@type":"BreadcrumbList","@id":"https:\/\/jornalbeirario.com.br\/portal\/?p=18799#breadcrumb","itemListElement":[{"@type":"ListItem","position":1,"name":"Home","item":"https:\/\/jornalbeirario.com.br\/portal"},{"@type":"ListItem","position":2,"name":"Programas sociais com inscri\u00e7\u00f5es abertas em porto Real"}]},{"@type":"WebSite","@id":"https:\/\/jornalbeirario.com.br\/portal\/#website","url":"https:\/\/jornalbeirario.com.br\/portal\/","name":"JORNAL BEIRA RIO","description":"","publisher":{"@id":"https:\/\/jornalbeirario.com.br\/portal\/#organization"},"potentialAction":[{"@type":"SearchAction","target":{"@type":"EntryPoint","urlTemplate":"https:\/\/jornalbeirario.com.br\/portal\/?s={search_term_string}"},"query-input":{"@type":"PropertyValueSpecification","valueRequired":true,"valueName":"search_term_string"}}],"inLanguage":"pt-BR"},{"@type":"Organization","@id":"https:\/\/jornalbeirario.com.br\/portal\/#organization","name":"JORNAL BEIRA RIO","url":"https:\/\/jornalbeirario.com.br\/portal\/","logo":{"@type":"ImageObject","inLanguage":"pt-BR","@id":"https:\/\/jornalbeirario.com.br\/portal\/#\/schema\/logo\/image\/","url":"https:\/\/jornalbeirario.com.br\/portal\/wp-content\/uploads\/2017\/09\/BEIRA-RIO_logo600.png","contentUrl":"https:\/\/jornalbeirario.com.br\/portal\/wp-content\/uploads\/2017\/09\/BEIRA-RIO_logo600.png","width":650,"height":108,"caption":"JORNAL BEIRA RIO"},"image":{"@id":"https:\/\/jornalbeirario.com.br\/portal\/#\/schema\/logo\/image\/"}},{"@type":"Person","@id":"https:\/\/jornalbeirario.com.br\/portal\/#\/schema\/person\/c6c423e4c2465d2a9233f6539173e7c1","name":"Jornal BEIRA-RIO","image":{"@type":"ImageObject","inLanguage":"pt-BR","@id":"https:\/\/jornalbeirario.com.br\/portal\/wp-content\/uploads\/2023\/10\/logojbr1.jpg","url":"https:\/\/jornalbeirario.com.br\/portal\/wp-content\/uploads\/2023\/10\/logojbr1.jpg","contentUrl":"https:\/\/jornalbeirario.com.br\/portal\/wp-content\/uploads\/2023\/10\/logojbr1.jpg","caption":"Jornal BEIRA-RIO"},"url":"https:\/\/jornalbeirario.com.br\/portal\/?author=1"}]}},"_links":{"self":[{"href":"https:\/\/jornalbeirario.com.br\/portal\/index.php?rest_route=\/wp\/v2\/posts\/18799","targetHints":{"allow":["GET"]}}],"collection":[{"href":"https:\/\/jornalbeirario.com.br\/portal\/index.php?rest_route=\/wp\/v2\/posts"}],"about":[{"href":"https:\/\/jornalbeirario.com.br\/portal\/index.php?rest_route=\/wp\/v2\/types\/post"}],"author":[{"embeddable":true,"href":"https:\/\/jornalbeirario.com.br\/portal\/index.php?rest_route=\/wp\/v2\/users\/1"}],"replies":[{"embeddable":true,"href":"https:\/\/jornalbeirario.com.br\/portal\/index.php?rest_route=%2Fwp%2Fv2%2Fcomments&post=18799"}],"version-history":[{"count":1,"href":"https:\/\/jornalbeirario.com.br\/portal\/index.php?rest_route=\/wp\/v2\/posts\/18799\/revisions"}],"predecessor-version":[{"id":18803,"href":"https:\/\/jornalbeirario.com.br\/portal\/index.php?rest_route=\/wp\/v2\/posts\/18799\/revisions\/18803"}],"wp:featuredmedia":[{"embeddable":true,"href":"https:\/\/jornalbeirario.com.br\/portal\/index.php?rest_route=\/wp\/v2\/media\/18801"}],"wp:attachment":[{"href":"https:\/\/jornalbeirario.com.br\/portal\/index.php?rest_route=%2Fwp%2Fv2%2Fmedia&parent=18799"}],"wp:term":[{"taxonomy":"category","embeddable":true,"href":"https:\/\/jornalbeirario.com.br\/portal\/index.php?rest_route=%2Fwp%2Fv2%2Fcategories&post=18799"},{"taxonomy":"post_tag","embeddable":true,"href":"https:\/\/jornalbeirario.com.br\/portal\/index.php?rest_route=%2Fwp%2Fv2%2Ftags&post=18799"}],"curies":[{"name":"wp","href":"https:\/\/api.w.org\/{rel}","templated":true}]}}