
{"id":18579,"date":"2014-01-17T11:27:18","date_gmt":"2014-01-17T11:27:18","guid":{"rendered":"http:\/\/jornalbeirario.com.br\/portal\/portal\/?p=18579"},"modified":"2014-01-17T11:27:18","modified_gmt":"2014-01-17T11:27:18","slug":"lais-amaral-32","status":"publish","type":"post","link":"https:\/\/jornalbeirario.com.br\/portal\/?p=18579","title":{"rendered":"La\u00eds Amaral"},"content":{"rendered":"<p style=\"text-align: justify;\"><strong>Aviso do Bloco Et\u00edlico Carnavalesco Crust\u00e1ceos da Mangua\u00e7a<\/strong><br \/>\nAnote na sua agenda, meu amigo foli\u00e3o: dia 15 de fevereiro tem a \u2018Sirizada do Crust\u00e1ceos\u2019, com o bicho sendo oferecido gratuitamente, como sempre, mais ou menos na hora do almo\u00e7o, l\u00e1 na Pra\u00e7a da Bandeira, em Campos El\u00edseos. \u00c9 o esquenta do bloco para o desfile que acontece no s\u00e1bado seguinte, dia 22. O Bloco Et\u00edlico Carnavalesco Crust\u00e1ceos da Mangua\u00e7a, que foi fundado no Carnaval de 2001, completa este ano 14 carnavais. E a cada ano esta pr\u00e9via da folia fica melhor. Este ano al\u00e9m do Crust\u00e1ceos, tamb\u00e9m dever\u00e3o estar na rua, juntos e misturados, o bloco \u2018Quibeleza\u2019, que traz o tema da Copa do Mundo; o Maracatu, comandado pela Jamile Whately e encerrando a farra, no in\u00edcio da noite, fechando com chave de ouro, uma parte da\u00a0 bateria e componentes da tradicional \u2018Verde e Branca\u2019 de Madureira, a Imp\u00e9rio Serrano. \u00c9 Carnaval de rua de verdade. Na veia. Anote a\u00ed.<\/p>\n<p style=\"text-align: justify;\"><strong>Revela\u00e7\u00e3o musical em Itatiaia<\/strong><br \/>\nO Hotel Vista Linda, localizado em Itatiaia apresenta neste s\u00e1bado uma noite musical muito especial a partir das 21 horas. Com uma preliminar pra ningu\u00e9m botar defeito, com o super-violonista Thiago Zaidan, ser\u00e1 apresentada ao p\u00fablico sul-fluminense a cantora Silvia Gommes, considerada hoje, por m\u00fasicos e pela cr\u00edtica especializada, uma das grandes revela\u00e7\u00f5es surgidas em Minas Gerais nos \u00faltimos anos. Silvia faz com seu repert\u00f3rio uma liga\u00e7\u00e3o da m\u00fasica tradicional \u2013 tem tra\u00e7os do barroco mineiro, com o que se faz contemporaneamente. \u00c9 voz de samba e j\u00e1 frequentou casas de respeito no reduto bo\u00eamio carioca, a velha e boa\u00a0 Lapa. Num repert\u00f3rio variado, a revela\u00e7\u00e3o mineira demonstra refinamento nos arranjos e interpreta\u00e7\u00f5es que fogem ao lugar comum, afian\u00e7a a cr\u00edtica especializada. Nascida em Itabirito acabou vivendo em Ouro Preto, a j\u00f3ia barroca brasileira, onde participou do Carnaval da cidade. Esteve tamb\u00e9m no movimento \u2018Reciclo Geral\u2019 e est\u00e1 entrando pela porta da frente no cen\u00e1rio da MPB. Quem sabe, sobe.<\/p>\n<p style=\"text-align: justify;\"><strong>TRIPA<\/strong><br \/>\n* A Associa\u00e7\u00e3o Educacional Dom Bosco (AEDB), sempre antenada com as necessidades do mercado de trabalho da regi\u00e3o, a partir deste ano oferece o curso de Engenharia Mec\u00e2nica, para formar profissionais voltados ao polo automotivo e sider\u00fargico do Sul Fluminense. A implanta\u00e7\u00e3o do novo curso j\u00e1 foi autorizada pelo Minist\u00e9rio da Educa\u00e7\u00e3o. Beleza !! * Meu amigo Birigui, arranjou uma forma diferente de comemorar seu anivers\u00e1rio. O homem ficou mais velho no dia 23 de dezembro e sugeriu aos amigos que fossem \u00e0 festa na sua conhecida Garagem, que levassem um litro de leite. Resultado: arrecadou 180 litros de leite que ele doou essa semana ao Asilo Nicolino e a outras institui\u00e7\u00f5es assistencialistas. Beleza, Birigua !! * Neste fim de semana o futebol est\u00e1 de volta. Que seja um ano maravilhoso para os amigos Hernane, Evaldo, Robson Monteiro, Luiz, Nogueira, Garrido, Rodolfo, Kiko, Mu\u00e7um, Geraldo Magela, Carlinhos, Jurema e Z\u00e9 Botafogo (entre outros amigos) * S\u00e1bado passado muitos amigos foram me prestigiar na comemora\u00e7\u00e3o dos meus 60 anos, no Buteco. Na ocasi\u00e3o tamb\u00e9m comemoravam idade nova os amigos Junqueira e Z\u00e9 Ricardo. A Ivone Lopes e minha filha Carolina levaram o bolo que era uma bandeira do Botafogo. Muito Legal. Na m\u00fasica, o Thiago Zaidan e F\u00e1bio Monteiro, da casa, e algumas canjas, entre elas a da talentosa amiga Sanny Alves. Obrigado a todos!!<\/p>\n<p style=\"text-align: justify;\"><strong>ANIVERS\u00c1RIOS<\/strong><br \/>\nDia 7 de janeiro mudou de idade o Bas\u00edlio Ferreira e no domingo, dia 12, o meu amigo Z\u00e9 Ricardo, o DJ, que na v\u00e9spera ajudou a animar a comemora\u00e7\u00e3o do meu anivers\u00e1rio e do Junqueira, no Buteco. Valeu Z\u00e9!! Na segunda, dia 13, o Edson Feliciano, contou mais um ano de vida. No dia 14, um trio legal inaugurou idade nova: Claudio Cotia, Luiz Gr\u00e9gio e o grande pintor Jorge Vieira. Na quarta, dia 15, um quarteto da pesada mudou de idade: Nice Pinheiro, Juli\u00e3o Machado, Ol\u00edvia Frateschi e Fernando Lemos. Ontem, dia 16, foi a vez do Carlinhos Paiva. Hoje, dia 17, as amigas Dani Domingues e Fernanda Sim\u00f5es e o amigo Ulisses Coli sopram velinhas. Amanh\u00e3, dia 18, os amigos Oscar Nora, Pedro Meohas, M\u00f4nica B\u00fchler, Miguel Brand\u00e3o e Lecy Nogueira recebem os \u2018parab\u00e9ns\u2019 e no domingo, dia 19, os amigos Edson Henrique, Thallys Paiva, Vera Sekine e a minha irm\u00e3, Aline Ferreira tamb\u00e9m contam mais um ano de vida. Parab\u00e9ns e todas as felicidades do mundo a eles.<\/p>\n","protected":false},"excerpt":{"rendered":"<p>Aviso do Bloco Et\u00edlico Carnavalesco Crust\u00e1ceos da Mangua\u00e7a Anote na sua agenda, meu amigo foli\u00e3o: dia 15 de fevereiro tem a \u2018Sirizada do Crust\u00e1ceos\u2019,<\/p>\n","protected":false},"author":1,"featured_media":0,"comment_status":"open","ping_status":"open","sticky":false,"template":"","format":"standard","meta":{"pmpro_default_level":"","footnotes":""},"categories":[13],"tags":[],"class_list":["post-18579","post","type-post","status-publish","format-standard","hentry","category-social","pmpro-has-access"],"yoast_head":"<!-- This site is optimized with the Yoast SEO plugin v27.4 - https:\/\/yoast.com\/product\/yoast-seo-wordpress\/ -->\n<title>La\u00eds Amaral - JORNAL BEIRA RIO<\/title>\n<meta name=\"robots\" content=\"index, follow, max-snippet:-1, max-image-preview:large, max-video-preview:-1\" \/>\n<link rel=\"canonical\" href=\"https:\/\/jornalbeirario.com.br\/portal\/?p=18579\" \/>\n<meta property=\"og:locale\" content=\"pt_BR\" \/>\n<meta property=\"og:type\" content=\"article\" \/>\n<meta property=\"og:title\" content=\"La\u00eds Amaral - JORNAL BEIRA RIO\" \/>\n<meta property=\"og:description\" content=\"Aviso do Bloco Et\u00edlico Carnavalesco Crust\u00e1ceos da Mangua\u00e7a Anote na sua agenda, meu amigo foli\u00e3o: dia 15 de fevereiro tem a \u2018Sirizada do Crust\u00e1ceos\u2019,\" \/>\n<meta property=\"og:url\" content=\"https:\/\/jornalbeirario.com.br\/portal\/?p=18579\" \/>\n<meta property=\"og:site_name\" content=\"JORNAL BEIRA RIO\" \/>\n<meta property=\"article:published_time\" content=\"2014-01-17T11:27:18+00:00\" \/>\n<meta name=\"author\" content=\"Jornal BEIRA-RIO\" \/>\n<meta name=\"twitter:card\" content=\"summary_large_image\" \/>\n<meta name=\"twitter:label1\" content=\"Escrito por\" \/>\n\t<meta name=\"twitter:data1\" content=\"Jornal BEIRA-RIO\" \/>\n\t<meta name=\"twitter:label2\" content=\"Est. tempo de leitura\" \/>\n\t<meta name=\"twitter:data2\" content=\"4 minutos\" \/>\n<script type=\"application\/ld+json\" class=\"yoast-schema-graph\">{\"@context\":\"https:\\\/\\\/schema.org\",\"@graph\":[{\"@type\":\"Article\",\"@id\":\"https:\\\/\\\/jornalbeirario.com.br\\\/portal\\\/?p=18579#article\",\"isPartOf\":{\"@id\":\"https:\\\/\\\/jornalbeirario.com.br\\\/portal\\\/?p=18579\"},\"author\":{\"name\":\"Jornal BEIRA-RIO\",\"@id\":\"https:\\\/\\\/jornalbeirario.com.br\\\/portal\\\/#\\\/schema\\\/person\\\/c6c423e4c2465d2a9233f6539173e7c1\"},\"headline\":\"La\u00eds Amaral\",\"datePublished\":\"2014-01-17T11:27:18+00:00\",\"mainEntityOfPage\":{\"@id\":\"https:\\\/\\\/jornalbeirario.com.br\\\/portal\\\/?p=18579\"},\"wordCount\":767,\"commentCount\":0,\"publisher\":{\"@id\":\"https:\\\/\\\/jornalbeirario.com.br\\\/portal\\\/#organization\"},\"articleSection\":[\"Social\"],\"inLanguage\":\"pt-BR\",\"potentialAction\":[{\"@type\":\"CommentAction\",\"name\":\"Comment\",\"target\":[\"https:\\\/\\\/jornalbeirario.com.br\\\/portal\\\/?p=18579#respond\"]}]},{\"@type\":\"WebPage\",\"@id\":\"https:\\\/\\\/jornalbeirario.com.br\\\/portal\\\/?p=18579\",\"url\":\"https:\\\/\\\/jornalbeirario.com.br\\\/portal\\\/?p=18579\",\"name\":\"La\u00eds Amaral - JORNAL BEIRA RIO\",\"isPartOf\":{\"@id\":\"https:\\\/\\\/jornalbeirario.com.br\\\/portal\\\/#website\"},\"datePublished\":\"2014-01-17T11:27:18+00:00\",\"breadcrumb\":{\"@id\":\"https:\\\/\\\/jornalbeirario.com.br\\\/portal\\\/?p=18579#breadcrumb\"},\"inLanguage\":\"pt-BR\",\"potentialAction\":[{\"@type\":\"ReadAction\",\"target\":[\"https:\\\/\\\/jornalbeirario.com.br\\\/portal\\\/?p=18579\"]}]},{\"@type\":\"BreadcrumbList\",\"@id\":\"https:\\\/\\\/jornalbeirario.com.br\\\/portal\\\/?p=18579#breadcrumb\",\"itemListElement\":[{\"@type\":\"ListItem\",\"position\":1,\"name\":\"Home\",\"item\":\"https:\\\/\\\/jornalbeirario.com.br\\\/portal\"},{\"@type\":\"ListItem\",\"position\":2,\"name\":\"La\u00eds Amaral\"}]},{\"@type\":\"WebSite\",\"@id\":\"https:\\\/\\\/jornalbeirario.com.br\\\/portal\\\/#website\",\"url\":\"https:\\\/\\\/jornalbeirario.com.br\\\/portal\\\/\",\"name\":\"JORNAL BEIRA RIO\",\"description\":\"\",\"publisher\":{\"@id\":\"https:\\\/\\\/jornalbeirario.com.br\\\/portal\\\/#organization\"},\"potentialAction\":[{\"@type\":\"SearchAction\",\"target\":{\"@type\":\"EntryPoint\",\"urlTemplate\":\"https:\\\/\\\/jornalbeirario.com.br\\\/portal\\\/?s={search_term_string}\"},\"query-input\":{\"@type\":\"PropertyValueSpecification\",\"valueRequired\":true,\"valueName\":\"search_term_string\"}}],\"inLanguage\":\"pt-BR\"},{\"@type\":\"Organization\",\"@id\":\"https:\\\/\\\/jornalbeirario.com.br\\\/portal\\\/#organization\",\"name\":\"JORNAL BEIRA RIO\",\"url\":\"https:\\\/\\\/jornalbeirario.com.br\\\/portal\\\/\",\"logo\":{\"@type\":\"ImageObject\",\"inLanguage\":\"pt-BR\",\"@id\":\"https:\\\/\\\/jornalbeirario.com.br\\\/portal\\\/#\\\/schema\\\/logo\\\/image\\\/\",\"url\":\"https:\\\/\\\/jornalbeirario.com.br\\\/portal\\\/wp-content\\\/uploads\\\/2017\\\/09\\\/BEIRA-RIO_logo600.png\",\"contentUrl\":\"https:\\\/\\\/jornalbeirario.com.br\\\/portal\\\/wp-content\\\/uploads\\\/2017\\\/09\\\/BEIRA-RIO_logo600.png\",\"width\":650,\"height\":108,\"caption\":\"JORNAL BEIRA RIO\"},\"image\":{\"@id\":\"https:\\\/\\\/jornalbeirario.com.br\\\/portal\\\/#\\\/schema\\\/logo\\\/image\\\/\"}},{\"@type\":\"Person\",\"@id\":\"https:\\\/\\\/jornalbeirario.com.br\\\/portal\\\/#\\\/schema\\\/person\\\/c6c423e4c2465d2a9233f6539173e7c1\",\"name\":\"Jornal BEIRA-RIO\",\"image\":{\"@type\":\"ImageObject\",\"inLanguage\":\"pt-BR\",\"@id\":\"https:\\\/\\\/jornalbeirario.com.br\\\/portal\\\/wp-content\\\/uploads\\\/2023\\\/10\\\/logojbr1.jpg\",\"url\":\"https:\\\/\\\/jornalbeirario.com.br\\\/portal\\\/wp-content\\\/uploads\\\/2023\\\/10\\\/logojbr1.jpg\",\"contentUrl\":\"https:\\\/\\\/jornalbeirario.com.br\\\/portal\\\/wp-content\\\/uploads\\\/2023\\\/10\\\/logojbr1.jpg\",\"caption\":\"Jornal BEIRA-RIO\"},\"url\":\"https:\\\/\\\/jornalbeirario.com.br\\\/portal\\\/?author=1\"}]}<\/script>\n<!-- \/ Yoast SEO plugin. -->","yoast_head_json":{"title":"La\u00eds Amaral - JORNAL BEIRA RIO","robots":{"index":"index","follow":"follow","max-snippet":"max-snippet:-1","max-image-preview":"max-image-preview:large","max-video-preview":"max-video-preview:-1"},"canonical":"https:\/\/jornalbeirario.com.br\/portal\/?p=18579","og_locale":"pt_BR","og_type":"article","og_title":"La\u00eds Amaral - JORNAL BEIRA RIO","og_description":"Aviso do Bloco Et\u00edlico Carnavalesco Crust\u00e1ceos da Mangua\u00e7a Anote na sua agenda, meu amigo foli\u00e3o: dia 15 de fevereiro tem a \u2018Sirizada do Crust\u00e1ceos\u2019,","og_url":"https:\/\/jornalbeirario.com.br\/portal\/?p=18579","og_site_name":"JORNAL BEIRA RIO","article_published_time":"2014-01-17T11:27:18+00:00","author":"Jornal BEIRA-RIO","twitter_card":"summary_large_image","twitter_misc":{"Escrito por":"Jornal BEIRA-RIO","Est. tempo de leitura":"4 minutos"},"schema":{"@context":"https:\/\/schema.org","@graph":[{"@type":"Article","@id":"https:\/\/jornalbeirario.com.br\/portal\/?p=18579#article","isPartOf":{"@id":"https:\/\/jornalbeirario.com.br\/portal\/?p=18579"},"author":{"name":"Jornal BEIRA-RIO","@id":"https:\/\/jornalbeirario.com.br\/portal\/#\/schema\/person\/c6c423e4c2465d2a9233f6539173e7c1"},"headline":"La\u00eds Amaral","datePublished":"2014-01-17T11:27:18+00:00","mainEntityOfPage":{"@id":"https:\/\/jornalbeirario.com.br\/portal\/?p=18579"},"wordCount":767,"commentCount":0,"publisher":{"@id":"https:\/\/jornalbeirario.com.br\/portal\/#organization"},"articleSection":["Social"],"inLanguage":"pt-BR","potentialAction":[{"@type":"CommentAction","name":"Comment","target":["https:\/\/jornalbeirario.com.br\/portal\/?p=18579#respond"]}]},{"@type":"WebPage","@id":"https:\/\/jornalbeirario.com.br\/portal\/?p=18579","url":"https:\/\/jornalbeirario.com.br\/portal\/?p=18579","name":"La\u00eds Amaral - JORNAL BEIRA RIO","isPartOf":{"@id":"https:\/\/jornalbeirario.com.br\/portal\/#website"},"datePublished":"2014-01-17T11:27:18+00:00","breadcrumb":{"@id":"https:\/\/jornalbeirario.com.br\/portal\/?p=18579#breadcrumb"},"inLanguage":"pt-BR","potentialAction":[{"@type":"ReadAction","target":["https:\/\/jornalbeirario.com.br\/portal\/?p=18579"]}]},{"@type":"BreadcrumbList","@id":"https:\/\/jornalbeirario.com.br\/portal\/?p=18579#breadcrumb","itemListElement":[{"@type":"ListItem","position":1,"name":"Home","item":"https:\/\/jornalbeirario.com.br\/portal"},{"@type":"ListItem","position":2,"name":"La\u00eds Amaral"}]},{"@type":"WebSite","@id":"https:\/\/jornalbeirario.com.br\/portal\/#website","url":"https:\/\/jornalbeirario.com.br\/portal\/","name":"JORNAL BEIRA RIO","description":"","publisher":{"@id":"https:\/\/jornalbeirario.com.br\/portal\/#organization"},"potentialAction":[{"@type":"SearchAction","target":{"@type":"EntryPoint","urlTemplate":"https:\/\/jornalbeirario.com.br\/portal\/?s={search_term_string}"},"query-input":{"@type":"PropertyValueSpecification","valueRequired":true,"valueName":"search_term_string"}}],"inLanguage":"pt-BR"},{"@type":"Organization","@id":"https:\/\/jornalbeirario.com.br\/portal\/#organization","name":"JORNAL BEIRA RIO","url":"https:\/\/jornalbeirario.com.br\/portal\/","logo":{"@type":"ImageObject","inLanguage":"pt-BR","@id":"https:\/\/jornalbeirario.com.br\/portal\/#\/schema\/logo\/image\/","url":"https:\/\/jornalbeirario.com.br\/portal\/wp-content\/uploads\/2017\/09\/BEIRA-RIO_logo600.png","contentUrl":"https:\/\/jornalbeirario.com.br\/portal\/wp-content\/uploads\/2017\/09\/BEIRA-RIO_logo600.png","width":650,"height":108,"caption":"JORNAL BEIRA RIO"},"image":{"@id":"https:\/\/jornalbeirario.com.br\/portal\/#\/schema\/logo\/image\/"}},{"@type":"Person","@id":"https:\/\/jornalbeirario.com.br\/portal\/#\/schema\/person\/c6c423e4c2465d2a9233f6539173e7c1","name":"Jornal BEIRA-RIO","image":{"@type":"ImageObject","inLanguage":"pt-BR","@id":"https:\/\/jornalbeirario.com.br\/portal\/wp-content\/uploads\/2023\/10\/logojbr1.jpg","url":"https:\/\/jornalbeirario.com.br\/portal\/wp-content\/uploads\/2023\/10\/logojbr1.jpg","contentUrl":"https:\/\/jornalbeirario.com.br\/portal\/wp-content\/uploads\/2023\/10\/logojbr1.jpg","caption":"Jornal BEIRA-RIO"},"url":"https:\/\/jornalbeirario.com.br\/portal\/?author=1"}]}},"_links":{"self":[{"href":"https:\/\/jornalbeirario.com.br\/portal\/index.php?rest_route=\/wp\/v2\/posts\/18579","targetHints":{"allow":["GET"]}}],"collection":[{"href":"https:\/\/jornalbeirario.com.br\/portal\/index.php?rest_route=\/wp\/v2\/posts"}],"about":[{"href":"https:\/\/jornalbeirario.com.br\/portal\/index.php?rest_route=\/wp\/v2\/types\/post"}],"author":[{"embeddable":true,"href":"https:\/\/jornalbeirario.com.br\/portal\/index.php?rest_route=\/wp\/v2\/users\/1"}],"replies":[{"embeddable":true,"href":"https:\/\/jornalbeirario.com.br\/portal\/index.php?rest_route=%2Fwp%2Fv2%2Fcomments&post=18579"}],"version-history":[{"count":2,"href":"https:\/\/jornalbeirario.com.br\/portal\/index.php?rest_route=\/wp\/v2\/posts\/18579\/revisions"}],"predecessor-version":[{"id":18627,"href":"https:\/\/jornalbeirario.com.br\/portal\/index.php?rest_route=\/wp\/v2\/posts\/18579\/revisions\/18627"}],"wp:attachment":[{"href":"https:\/\/jornalbeirario.com.br\/portal\/index.php?rest_route=%2Fwp%2Fv2%2Fmedia&parent=18579"}],"wp:term":[{"taxonomy":"category","embeddable":true,"href":"https:\/\/jornalbeirario.com.br\/portal\/index.php?rest_route=%2Fwp%2Fv2%2Fcategories&post=18579"},{"taxonomy":"post_tag","embeddable":true,"href":"https:\/\/jornalbeirario.com.br\/portal\/index.php?rest_route=%2Fwp%2Fv2%2Ftags&post=18579"}],"curies":[{"name":"wp","href":"https:\/\/api.w.org\/{rel}","templated":true}]}}