
{"id":18383,"date":"2014-01-10T10:51:14","date_gmt":"2014-01-10T10:51:14","guid":{"rendered":"http:\/\/jornalbeirario.com.br\/portal\/portal\/?p=18383"},"modified":"2014-01-10T10:55:02","modified_gmt":"2014-01-10T10:55:02","slug":"social-lais-amaral-26","status":"publish","type":"post","link":"https:\/\/jornalbeirario.com.br\/portal\/?p=18383","title":{"rendered":"Social La\u00eds Amaral"},"content":{"rendered":"<p style=\"text-align: justify;\">Retrospectiva de comes e bebes 2013<br \/>\nNesta primeira coluna do ano, o que h\u00e1 de bom no roteiro gastron\u00f4mico (e et\u00edlico) popular da cidade. Coisas boas foram mantidas, como o jil\u00f3 recheado do Ribamar e coisas boas surgiram, como a caipirinha de morango do Boteco. Tem o bolinho de arroz do Caipira, o pernil assado do Caminho de Casa e o feij\u00e3o sujo com farofa, do C\u00e9rgio (com \u2018C\u2019). Produtos imateriais tamb\u00e9m continuaram em alta como a simpatia do Ben\u00e9, do Trianon, a diversidade musical do \u2018Catarino\u2019 e o Samba da Panela do Zero Grau. A tradi\u00e7\u00e3o ficou por conta dos salgadinhos do \u2018Rei\u2019, em Campos El\u00edseos, o pastel do japon\u00eas, no Para\u00edso, o imbat\u00edvel inhoque da fortuna do \u2018107\u2019, o melhor queijo minas, o da Mineira e a gelada do Garniz\u00e9. As novidades n\u00e3o foram muitas, mas foram boas: a pizza do Dom Pippo, o chopp no P\u00e1tio Mix e o \u2018avalanche\u2019, um sorvete superinvocado do \u2018Uai Su\u2019. Valeu 2013 e Viva 2014!!<\/p>\n<p>Um Natal inesquec\u00edvel<br \/>\nE o Natal tamb\u00e9m passou deixando, como sempre muitas hist\u00f3rias. Algumas trag\u00e9dias, que sempre ocorrem, mas que nesse per\u00edodo ganham realce potencializado por motivos do calend\u00e1rio especial. O fato triste ser\u00e1 sempre lembrado a cada Natal. Mas tamb\u00e9m aconteceram coisas positivas. Como esta coluna tem no seu DNA a marca de falar de pessoas simples, de carne e osso, destaco aqui o Natal da Ana, que \u00e9 atendente na Padaria do Magno. Ana \u00e9 paraibana e veio pra Resende ainda menina. Aqui constituiu fam\u00edlia e com muito esfor\u00e7o, peculiar dos que migram tentando melhor sorte, consegue levar uma vida digna. E com a possibilidade de receber a fam\u00edlia que veio do interior da Para\u00edba passar Natal e Ano Novo por aqui. Foi emocionante rever irm\u00e3os que n\u00e3o encontrava h\u00e1 23 anos. E poder conviver com a alegria dos parentes, que por morarem em uma regi\u00e3o desprovida de quase tudo, se encantaram com o que viram em Resende e Penedo. \u201cEstavam t\u00e3o felizes, que era como se estivessem na Disney\u201d, disse a Ana, n\u00e3o escondendo a satisfa\u00e7\u00e3o de poder proporcionar dias maravilhosos aos seus. Foi um Natal inesquec\u00edvel, com certeza.<\/p>\n<p>TRIPA<br \/>\n* E o novo ano chegou arrebentando, Schumacher entre a vida e a morte, Nelson Ned e Eus\u00e9bio, o maior craque portugu\u00eas (embora nascido em Mo\u00e7ambique), n\u00e3o est\u00e3o mais entre os vivos * E o ano que come\u00e7ou vertiginoso, promete ser bem ligeirinho mesmo. Ano de elei\u00e7\u00f5es para Presid\u00eancia da Rep\u00fablica, Senado e C\u00e2maras (federal e estaduais) e uma novidade para quem nasceu na segunda metade do s\u00e9culo passado: Copa do Mundo em casa. Sem d\u00favida ser\u00e1 o fato que vai sugar a maior parte das aten\u00e7\u00f5es. E vai ser usada como ferramenta de campanha eleitoral (pr\u00f3 e contra), n\u00e3o tenho d\u00favida * Claudionor Rosa manda o recado: o seu Rancho Chuveiro de Prata, vai organizar no per\u00edodo pr\u00e9-carnavalesco, uma cantada de Carnaval quando ser\u00e3o homenageadas celebridades\u00a0 falecidas. O tema do \u2018Chuveiro\u2019 para este ano ser\u00e1: \u2018Zum, zum, zum, zum, zum, zum, zum, t\u00e1 faltando um\u2019 * Encontrei Carlinhos Botafogo nessa segunda-feira, Dia de Reis, e n\u00e3o deu outra, o homem continua cuspindo marimbondos contra a diretoria do alvinegro. \u201cS\u00f3 compraram porcarias, uns irm\u00e3os g\u00eameos, uma dupla sertaneja, que ningu\u00e9m sabe de onde sa\u00edram e ainda\u00a0 mantiveram o Renato e o Rafael Marques, aquelas bostas\u201d. E o homem tamb\u00e9m n\u00e3o se conforma com a falta de um centroavante digno da camisa da Estrela Solit\u00e1ria: \u201cEsse Elias \u00e9 um nada, n\u00e3o serve pro nosso time\u201d, vociferou. Mesmo assim Carlinhos est\u00e1 animado para dia 5 de fevereiro ir ao \u2018Maraca\u2019 ver o jogo de volta contra o poderoso Deportivo Quito. Haja cora\u00e7\u00e3o!! * Um 2014 vitorioso aos que s\u00e3o do bem!<\/p>\n<p>ANIVERS\u00c1RIOS<br \/>\nJaneiro come\u00e7ou com muitos conhecidos mudando de idade. J\u00e1 no dia 1\u00ba, minha amiga Mad\u00e1 soprou velinhas. No dia 2 foi a vez do Luis Ferr\u00e3o. No dia 3, al\u00e9m deste escriba, tamb\u00e9m sua m\u00e3e, dona Zoraide, a Miriam Simioni, o Michael Schumacher e o Bar Luis inauguraram idade nova. No dia 4 foi o cantor Augusto Martins. No dia 6 uma turma grande recebeu os \u2018parab\u00e9ns\u2019: Luis Felipe Pimentel, Cac\u00e1 Schneider, Bebiana dos Santos, a \u2018Biana\u2019, o \u2018seu\u2019 Mateus Soares da PMR, o Reinaldo Raeli e o Marcial Corr\u00eaa (Cial), que s\u00e3o secret\u00e1rios municipais. Na ter\u00e7a, dia 7, foi a vez da Cida Feliciano, no dia 8, o Adriano Lizareli, o Ricardo Fuma\u00e7a, a Ivone Rocha e a Marizete Santos. Ontem, dia 9, a dona Munira Arbache. Hoje, dia 10, o Aubrey Ramessar, o Sandro Dejota, a Vanessa Andrade e a Thuca Oliveira. Amanh\u00e3, dia 11, o Paulo Cesar Oliveira (PC) e o Marcus Vin\u00edcius. E no domingo, dia 12, a Carla Troina e a Regina Ramos tamb\u00e9m mudam de idade. Parab\u00e9ns e todas as felicidades do mundo a eles.<\/p>\n","protected":false},"excerpt":{"rendered":"<p>Retrospectiva de comes e bebes 2013 Nesta primeira coluna do ano, o que h\u00e1 de bom no roteiro gastron\u00f4mico (e et\u00edlico) popular da cidade.<\/p>\n","protected":false},"author":1,"featured_media":0,"comment_status":"open","ping_status":"open","sticky":false,"template":"","format":"standard","meta":{"pmpro_default_level":"","footnotes":""},"categories":[13],"tags":[],"class_list":["post-18383","post","type-post","status-publish","format-standard","hentry","category-social","pmpro-has-access"],"yoast_head":"<!-- This site is optimized with the Yoast SEO plugin v27.4 - https:\/\/yoast.com\/product\/yoast-seo-wordpress\/ -->\n<title>Social La\u00eds Amaral - JORNAL BEIRA RIO<\/title>\n<meta name=\"robots\" content=\"index, follow, max-snippet:-1, max-image-preview:large, max-video-preview:-1\" \/>\n<link rel=\"canonical\" href=\"https:\/\/jornalbeirario.com.br\/portal\/?p=18383\" \/>\n<meta property=\"og:locale\" content=\"pt_BR\" \/>\n<meta property=\"og:type\" content=\"article\" \/>\n<meta property=\"og:title\" content=\"Social La\u00eds Amaral - JORNAL BEIRA RIO\" \/>\n<meta property=\"og:description\" content=\"Retrospectiva de comes e bebes 2013 Nesta primeira coluna do ano, o que h\u00e1 de bom no roteiro gastron\u00f4mico (e et\u00edlico) popular da cidade.\" \/>\n<meta property=\"og:url\" content=\"https:\/\/jornalbeirario.com.br\/portal\/?p=18383\" \/>\n<meta property=\"og:site_name\" content=\"JORNAL BEIRA RIO\" \/>\n<meta property=\"article:published_time\" content=\"2014-01-10T10:51:14+00:00\" \/>\n<meta property=\"article:modified_time\" content=\"2014-01-10T10:55:02+00:00\" \/>\n<meta name=\"author\" content=\"Jornal BEIRA-RIO\" \/>\n<meta name=\"twitter:card\" content=\"summary_large_image\" \/>\n<meta name=\"twitter:label1\" content=\"Escrito por\" \/>\n\t<meta name=\"twitter:data1\" content=\"Jornal BEIRA-RIO\" \/>\n\t<meta name=\"twitter:label2\" content=\"Est. tempo de leitura\" \/>\n\t<meta name=\"twitter:data2\" content=\"4 minutos\" \/>\n<script type=\"application\/ld+json\" class=\"yoast-schema-graph\">{\"@context\":\"https:\\\/\\\/schema.org\",\"@graph\":[{\"@type\":\"Article\",\"@id\":\"https:\\\/\\\/jornalbeirario.com.br\\\/portal\\\/?p=18383#article\",\"isPartOf\":{\"@id\":\"https:\\\/\\\/jornalbeirario.com.br\\\/portal\\\/?p=18383\"},\"author\":{\"name\":\"Jornal BEIRA-RIO\",\"@id\":\"https:\\\/\\\/jornalbeirario.com.br\\\/portal\\\/#\\\/schema\\\/person\\\/c6c423e4c2465d2a9233f6539173e7c1\"},\"headline\":\"Social La\u00eds Amaral\",\"datePublished\":\"2014-01-10T10:51:14+00:00\",\"dateModified\":\"2014-01-10T10:55:02+00:00\",\"mainEntityOfPage\":{\"@id\":\"https:\\\/\\\/jornalbeirario.com.br\\\/portal\\\/?p=18383\"},\"wordCount\":850,\"commentCount\":0,\"publisher\":{\"@id\":\"https:\\\/\\\/jornalbeirario.com.br\\\/portal\\\/#organization\"},\"articleSection\":[\"Social\"],\"inLanguage\":\"pt-BR\",\"potentialAction\":[{\"@type\":\"CommentAction\",\"name\":\"Comment\",\"target\":[\"https:\\\/\\\/jornalbeirario.com.br\\\/portal\\\/?p=18383#respond\"]}]},{\"@type\":\"WebPage\",\"@id\":\"https:\\\/\\\/jornalbeirario.com.br\\\/portal\\\/?p=18383\",\"url\":\"https:\\\/\\\/jornalbeirario.com.br\\\/portal\\\/?p=18383\",\"name\":\"Social La\u00eds Amaral - JORNAL BEIRA RIO\",\"isPartOf\":{\"@id\":\"https:\\\/\\\/jornalbeirario.com.br\\\/portal\\\/#website\"},\"datePublished\":\"2014-01-10T10:51:14+00:00\",\"dateModified\":\"2014-01-10T10:55:02+00:00\",\"breadcrumb\":{\"@id\":\"https:\\\/\\\/jornalbeirario.com.br\\\/portal\\\/?p=18383#breadcrumb\"},\"inLanguage\":\"pt-BR\",\"potentialAction\":[{\"@type\":\"ReadAction\",\"target\":[\"https:\\\/\\\/jornalbeirario.com.br\\\/portal\\\/?p=18383\"]}]},{\"@type\":\"BreadcrumbList\",\"@id\":\"https:\\\/\\\/jornalbeirario.com.br\\\/portal\\\/?p=18383#breadcrumb\",\"itemListElement\":[{\"@type\":\"ListItem\",\"position\":1,\"name\":\"Home\",\"item\":\"https:\\\/\\\/jornalbeirario.com.br\\\/portal\"},{\"@type\":\"ListItem\",\"position\":2,\"name\":\"Social La\u00eds Amaral\"}]},{\"@type\":\"WebSite\",\"@id\":\"https:\\\/\\\/jornalbeirario.com.br\\\/portal\\\/#website\",\"url\":\"https:\\\/\\\/jornalbeirario.com.br\\\/portal\\\/\",\"name\":\"JORNAL BEIRA RIO\",\"description\":\"\",\"publisher\":{\"@id\":\"https:\\\/\\\/jornalbeirario.com.br\\\/portal\\\/#organization\"},\"potentialAction\":[{\"@type\":\"SearchAction\",\"target\":{\"@type\":\"EntryPoint\",\"urlTemplate\":\"https:\\\/\\\/jornalbeirario.com.br\\\/portal\\\/?s={search_term_string}\"},\"query-input\":{\"@type\":\"PropertyValueSpecification\",\"valueRequired\":true,\"valueName\":\"search_term_string\"}}],\"inLanguage\":\"pt-BR\"},{\"@type\":\"Organization\",\"@id\":\"https:\\\/\\\/jornalbeirario.com.br\\\/portal\\\/#organization\",\"name\":\"JORNAL BEIRA RIO\",\"url\":\"https:\\\/\\\/jornalbeirario.com.br\\\/portal\\\/\",\"logo\":{\"@type\":\"ImageObject\",\"inLanguage\":\"pt-BR\",\"@id\":\"https:\\\/\\\/jornalbeirario.com.br\\\/portal\\\/#\\\/schema\\\/logo\\\/image\\\/\",\"url\":\"https:\\\/\\\/jornalbeirario.com.br\\\/portal\\\/wp-content\\\/uploads\\\/2017\\\/09\\\/BEIRA-RIO_logo600.png\",\"contentUrl\":\"https:\\\/\\\/jornalbeirario.com.br\\\/portal\\\/wp-content\\\/uploads\\\/2017\\\/09\\\/BEIRA-RIO_logo600.png\",\"width\":650,\"height\":108,\"caption\":\"JORNAL BEIRA RIO\"},\"image\":{\"@id\":\"https:\\\/\\\/jornalbeirario.com.br\\\/portal\\\/#\\\/schema\\\/logo\\\/image\\\/\"}},{\"@type\":\"Person\",\"@id\":\"https:\\\/\\\/jornalbeirario.com.br\\\/portal\\\/#\\\/schema\\\/person\\\/c6c423e4c2465d2a9233f6539173e7c1\",\"name\":\"Jornal BEIRA-RIO\",\"image\":{\"@type\":\"ImageObject\",\"inLanguage\":\"pt-BR\",\"@id\":\"https:\\\/\\\/jornalbeirario.com.br\\\/portal\\\/wp-content\\\/uploads\\\/2023\\\/10\\\/logojbr1.jpg\",\"url\":\"https:\\\/\\\/jornalbeirario.com.br\\\/portal\\\/wp-content\\\/uploads\\\/2023\\\/10\\\/logojbr1.jpg\",\"contentUrl\":\"https:\\\/\\\/jornalbeirario.com.br\\\/portal\\\/wp-content\\\/uploads\\\/2023\\\/10\\\/logojbr1.jpg\",\"caption\":\"Jornal BEIRA-RIO\"},\"url\":\"https:\\\/\\\/jornalbeirario.com.br\\\/portal\\\/?author=1\"}]}<\/script>\n<!-- \/ Yoast SEO plugin. -->","yoast_head_json":{"title":"Social La\u00eds Amaral - JORNAL BEIRA RIO","robots":{"index":"index","follow":"follow","max-snippet":"max-snippet:-1","max-image-preview":"max-image-preview:large","max-video-preview":"max-video-preview:-1"},"canonical":"https:\/\/jornalbeirario.com.br\/portal\/?p=18383","og_locale":"pt_BR","og_type":"article","og_title":"Social La\u00eds Amaral - JORNAL BEIRA RIO","og_description":"Retrospectiva de comes e bebes 2013 Nesta primeira coluna do ano, o que h\u00e1 de bom no roteiro gastron\u00f4mico (e et\u00edlico) popular da cidade.","og_url":"https:\/\/jornalbeirario.com.br\/portal\/?p=18383","og_site_name":"JORNAL BEIRA RIO","article_published_time":"2014-01-10T10:51:14+00:00","article_modified_time":"2014-01-10T10:55:02+00:00","author":"Jornal BEIRA-RIO","twitter_card":"summary_large_image","twitter_misc":{"Escrito por":"Jornal BEIRA-RIO","Est. tempo de leitura":"4 minutos"},"schema":{"@context":"https:\/\/schema.org","@graph":[{"@type":"Article","@id":"https:\/\/jornalbeirario.com.br\/portal\/?p=18383#article","isPartOf":{"@id":"https:\/\/jornalbeirario.com.br\/portal\/?p=18383"},"author":{"name":"Jornal BEIRA-RIO","@id":"https:\/\/jornalbeirario.com.br\/portal\/#\/schema\/person\/c6c423e4c2465d2a9233f6539173e7c1"},"headline":"Social La\u00eds Amaral","datePublished":"2014-01-10T10:51:14+00:00","dateModified":"2014-01-10T10:55:02+00:00","mainEntityOfPage":{"@id":"https:\/\/jornalbeirario.com.br\/portal\/?p=18383"},"wordCount":850,"commentCount":0,"publisher":{"@id":"https:\/\/jornalbeirario.com.br\/portal\/#organization"},"articleSection":["Social"],"inLanguage":"pt-BR","potentialAction":[{"@type":"CommentAction","name":"Comment","target":["https:\/\/jornalbeirario.com.br\/portal\/?p=18383#respond"]}]},{"@type":"WebPage","@id":"https:\/\/jornalbeirario.com.br\/portal\/?p=18383","url":"https:\/\/jornalbeirario.com.br\/portal\/?p=18383","name":"Social La\u00eds Amaral - JORNAL BEIRA RIO","isPartOf":{"@id":"https:\/\/jornalbeirario.com.br\/portal\/#website"},"datePublished":"2014-01-10T10:51:14+00:00","dateModified":"2014-01-10T10:55:02+00:00","breadcrumb":{"@id":"https:\/\/jornalbeirario.com.br\/portal\/?p=18383#breadcrumb"},"inLanguage":"pt-BR","potentialAction":[{"@type":"ReadAction","target":["https:\/\/jornalbeirario.com.br\/portal\/?p=18383"]}]},{"@type":"BreadcrumbList","@id":"https:\/\/jornalbeirario.com.br\/portal\/?p=18383#breadcrumb","itemListElement":[{"@type":"ListItem","position":1,"name":"Home","item":"https:\/\/jornalbeirario.com.br\/portal"},{"@type":"ListItem","position":2,"name":"Social La\u00eds Amaral"}]},{"@type":"WebSite","@id":"https:\/\/jornalbeirario.com.br\/portal\/#website","url":"https:\/\/jornalbeirario.com.br\/portal\/","name":"JORNAL BEIRA RIO","description":"","publisher":{"@id":"https:\/\/jornalbeirario.com.br\/portal\/#organization"},"potentialAction":[{"@type":"SearchAction","target":{"@type":"EntryPoint","urlTemplate":"https:\/\/jornalbeirario.com.br\/portal\/?s={search_term_string}"},"query-input":{"@type":"PropertyValueSpecification","valueRequired":true,"valueName":"search_term_string"}}],"inLanguage":"pt-BR"},{"@type":"Organization","@id":"https:\/\/jornalbeirario.com.br\/portal\/#organization","name":"JORNAL BEIRA RIO","url":"https:\/\/jornalbeirario.com.br\/portal\/","logo":{"@type":"ImageObject","inLanguage":"pt-BR","@id":"https:\/\/jornalbeirario.com.br\/portal\/#\/schema\/logo\/image\/","url":"https:\/\/jornalbeirario.com.br\/portal\/wp-content\/uploads\/2017\/09\/BEIRA-RIO_logo600.png","contentUrl":"https:\/\/jornalbeirario.com.br\/portal\/wp-content\/uploads\/2017\/09\/BEIRA-RIO_logo600.png","width":650,"height":108,"caption":"JORNAL BEIRA RIO"},"image":{"@id":"https:\/\/jornalbeirario.com.br\/portal\/#\/schema\/logo\/image\/"}},{"@type":"Person","@id":"https:\/\/jornalbeirario.com.br\/portal\/#\/schema\/person\/c6c423e4c2465d2a9233f6539173e7c1","name":"Jornal BEIRA-RIO","image":{"@type":"ImageObject","inLanguage":"pt-BR","@id":"https:\/\/jornalbeirario.com.br\/portal\/wp-content\/uploads\/2023\/10\/logojbr1.jpg","url":"https:\/\/jornalbeirario.com.br\/portal\/wp-content\/uploads\/2023\/10\/logojbr1.jpg","contentUrl":"https:\/\/jornalbeirario.com.br\/portal\/wp-content\/uploads\/2023\/10\/logojbr1.jpg","caption":"Jornal BEIRA-RIO"},"url":"https:\/\/jornalbeirario.com.br\/portal\/?author=1"}]}},"_links":{"self":[{"href":"https:\/\/jornalbeirario.com.br\/portal\/index.php?rest_route=\/wp\/v2\/posts\/18383","targetHints":{"allow":["GET"]}}],"collection":[{"href":"https:\/\/jornalbeirario.com.br\/portal\/index.php?rest_route=\/wp\/v2\/posts"}],"about":[{"href":"https:\/\/jornalbeirario.com.br\/portal\/index.php?rest_route=\/wp\/v2\/types\/post"}],"author":[{"embeddable":true,"href":"https:\/\/jornalbeirario.com.br\/portal\/index.php?rest_route=\/wp\/v2\/users\/1"}],"replies":[{"embeddable":true,"href":"https:\/\/jornalbeirario.com.br\/portal\/index.php?rest_route=%2Fwp%2Fv2%2Fcomments&post=18383"}],"version-history":[{"count":2,"href":"https:\/\/jornalbeirario.com.br\/portal\/index.php?rest_route=\/wp\/v2\/posts\/18383\/revisions"}],"predecessor-version":[{"id":18389,"href":"https:\/\/jornalbeirario.com.br\/portal\/index.php?rest_route=\/wp\/v2\/posts\/18383\/revisions\/18389"}],"wp:attachment":[{"href":"https:\/\/jornalbeirario.com.br\/portal\/index.php?rest_route=%2Fwp%2Fv2%2Fmedia&parent=18383"}],"wp:term":[{"taxonomy":"category","embeddable":true,"href":"https:\/\/jornalbeirario.com.br\/portal\/index.php?rest_route=%2Fwp%2Fv2%2Fcategories&post=18383"},{"taxonomy":"post_tag","embeddable":true,"href":"https:\/\/jornalbeirario.com.br\/portal\/index.php?rest_route=%2Fwp%2Fv2%2Ftags&post=18383"}],"curies":[{"name":"wp","href":"https:\/\/api.w.org\/{rel}","templated":true}]}}