
{"id":18349,"date":"2014-01-08T18:38:40","date_gmt":"2014-01-08T18:38:40","guid":{"rendered":"http:\/\/jornalbeirario.com.br\/portal\/portal\/?p=18349"},"modified":"2014-01-08T19:02:11","modified_gmt":"2014-01-08T19:02:11","slug":"falta-de-manutencao-em-cemiterio-revolta-moradora","status":"publish","type":"post","link":"https:\/\/jornalbeirario.com.br\/portal\/?p=18349","title":{"rendered":"Falta de manuten\u00e7\u00e3o em cemit\u00e9rio revolta moradora"},"content":{"rendered":"<p style=\"text-align: justify;\"><a href=\"https:\/\/jornalbeirario.com.br\/portal\/wp-content\/uploads\/2014\/01\/materia.jpg\"><img loading=\"lazy\" decoding=\"async\" class=\"alignleft size-medium wp-image-18350\" title=\"materia\" src=\"https:\/\/jornalbeirario.com.br\/portal\/wp-content\/uploads\/2014\/01\/materia-300x196.jpg\" alt=\"\" width=\"300\" height=\"196\" srcset=\"https:\/\/jornalbeirario.com.br\/portal\/wp-content\/uploads\/2014\/01\/materia-300x196.jpg 300w, https:\/\/jornalbeirario.com.br\/portal\/wp-content\/uploads\/2014\/01\/materia.jpg 640w\" sizes=\"auto, (max-width: 300px) 100vw, 300px\" \/><\/a>A aposentada Ivete Pimentel, 57, levou um susto na manh\u00e3 desta quarta-feira, dia 7, quando chegou ao Cemit\u00e9rio Alto dos Passos, em Resende. Ela est\u00e1 com uma tia em estado terminal, preocupada com o enterro do ente querido, compareceu ao cemit\u00e9rio, onde sua m\u00e3e j\u00e1 est\u00e1 enterrada, para viabilizar o poss\u00edvel enterro da tia. Ao chegar ao local ficou surpresa com o estado de conserva\u00e7\u00e3o.<\/p>\n<p style=\"text-align: justify;\">O t\u00famulo da m\u00e3e, localizado na quadra oito do referido cemit\u00e9rio, assim como os demais t\u00famulos da quadra, est\u00e3o tomados por mato e sujeira. Ela informou que n\u00e3o conseguiu chegar at\u00e9 o t\u00famulo\u00a0 porque ficou com medo de ir at\u00e9 l\u00e1 e ser mordida por algum bicho.<\/p>\n<p style=\"text-align: justify;\">\u00a0Inconformada, Ivete procurou a administra\u00e7\u00e3o do cemit\u00e9rio, que informou a ela que a responsabilidade pela limpeza das \u00e1reas ao redor dos t\u00famulos \u00e9 da Secretaria de Obras de Resende. A aposentada ligou para a Secretaria em busca de uma resposta para o problema, sedo informada por uma secret\u00e1ria de que teria que ir \u00e0 Prefeitura para falar com o secret\u00e1rio de obras, Rubens Almada.<\/p>\n<p style=\"text-align: justify;\">\u00a0\u201cEu n\u00e3o tenho que ir at\u00e9 a Prefeitura para informar sobre um servi\u00e7o que \u00e9 obriga\u00e7\u00e3o deles. Fiquei sabendo que a empresa respons\u00e1vel pela limpeza s\u00f3 aparece no cemit\u00e9rio aos s\u00e1bados. Como vou enterrar minha tia naquelas condi\u00e7\u00f5es, n\u00e3o tem nem como chegar ao t\u00famulo\u201d.<\/p>\n<p style=\"text-align: justify;\">\u00a0Al\u00e9m do mato que tomou conta da quadra, o acesso \u00e9 dificultado pelo pouco espa\u00e7o existente entre um t\u00famulo e outro. As constru\u00e7\u00f5es est\u00e3o muito pr\u00f3ximas, com espa\u00e7o inadequado de passagem, provocando dificuldades de chegada. \u00a0\u201cSe eu quiser ir at\u00e9 o t\u00famulo da minha m\u00e3e tenho que subir em cima dos outros, correndo risco de cair. Olha a falta de respeito, uma pessoa vai ficar se aventurando, pulando de t\u00famulo em t\u00famulo?\u201d, finalizou Ivete.<\/p>\n<p style=\"text-align: justify;\">\u00a0O Jornal BEIRA-RIO entrou em contato com a Assessoria de Comunica\u00e7\u00e3o da Prefeitura para saber por que a quadra oito n\u00e3o est\u00e1 sendo limpa. Em nota, a Prefeitura informou que foi estabelecido um cronograma de limpeza para atender toda a \u00e1rea e que at\u00e9\u00a0 o final da semana, a quadra 8 tamb\u00e9m ser\u00e1 contemplada com servi\u00e7os de capina e ro\u00e7a entre os t\u00famulos, al\u00e9m da retirada de entulho.<\/p>\n","protected":false},"excerpt":{"rendered":"<p>A aposentada Ivete Pimentel, 57, levou um susto na manh\u00e3 desta quarta-feira, dia 7, quando chegou ao Cemit\u00e9rio Alto dos Passos, em Resende. Ela<\/p>\n","protected":false},"author":1,"featured_media":18351,"comment_status":"open","ping_status":"open","sticky":false,"template":"","format":"standard","meta":{"pmpro_default_level":"","footnotes":"","_members_access_role":[],"_members_access_error":""},"categories":[1],"tags":[155,153],"class_list":["post-18349","post","type-post","status-publish","format-standard","has-post-thumbnail","hentry","category-cidade","tag-dehoraemhora","tag-manchete","pmpro-has-access"],"yoast_head":"<!-- This site is optimized with the Yoast SEO plugin v28.4 - https:\/\/yoast.com\/product\/yoast-seo-wordpress\/ -->\n<title>Falta de manuten\u00e7\u00e3o em cemit\u00e9rio revolta moradora - JORNAL BEIRA RIO<\/title>\n<meta name=\"robots\" content=\"index, follow, max-snippet:-1, max-image-preview:large, max-video-preview:-1\" \/>\n<link rel=\"canonical\" href=\"https:\/\/jornalbeirario.com.br\/portal\/?p=18349\" \/>\n<meta property=\"og:locale\" content=\"pt_BR\" \/>\n<meta property=\"og:type\" content=\"article\" \/>\n<meta property=\"og:title\" content=\"Falta de manuten\u00e7\u00e3o em cemit\u00e9rio revolta moradora - JORNAL BEIRA RIO\" \/>\n<meta property=\"og:description\" content=\"A aposentada Ivete Pimentel, 57, levou um susto na manh\u00e3 desta quarta-feira, dia 7, quando chegou ao Cemit\u00e9rio Alto dos Passos, em Resende. Ela\" \/>\n<meta property=\"og:url\" content=\"https:\/\/jornalbeirario.com.br\/portal\/?p=18349\" \/>\n<meta property=\"og:site_name\" content=\"JORNAL BEIRA RIO\" \/>\n<meta property=\"article:published_time\" content=\"2014-01-08T18:38:40+00:00\" \/>\n<meta property=\"article:modified_time\" content=\"2014-01-08T19:02:11+00:00\" \/>\n<meta property=\"og:image\" content=\"https:\/\/jornalbeirario.com.br\/portal\/wp-content\/uploads\/2014\/01\/Capa-II.jpg\" \/>\n\t<meta property=\"og:image:width\" content=\"930\" \/>\n\t<meta property=\"og:image:height\" content=\"360\" \/>\n\t<meta property=\"og:image:type\" content=\"image\/jpeg\" \/>\n<meta name=\"author\" content=\"Jornal BEIRA-RIO\" \/>\n<meta name=\"twitter:card\" content=\"summary_large_image\" \/>\n<meta name=\"twitter:label1\" content=\"Escrito por\" \/>\n\t<meta name=\"twitter:data1\" content=\"Jornal BEIRA-RIO\" \/>\n\t<meta name=\"twitter:label2\" content=\"Est. tempo de leitura\" \/>\n\t<meta name=\"twitter:data2\" content=\"2 minutos\" \/>\n<script type=\"application\/ld+json\" class=\"yoast-schema-graph\">{\"@context\":\"https:\\\/\\\/schema.org\",\"@graph\":[{\"@type\":\"Article\",\"@id\":\"https:\\\/\\\/jornalbeirario.com.br\\\/portal\\\/?p=18349#article\",\"isPartOf\":{\"@id\":\"https:\\\/\\\/jornalbeirario.com.br\\\/portal\\\/?p=18349\"},\"author\":{\"name\":\"Jornal BEIRA-RIO\",\"@id\":\"https:\\\/\\\/jornalbeirario.com.br\\\/portal\\\/#\\\/schema\\\/person\\\/c6c423e4c2465d2a9233f6539173e7c1\"},\"headline\":\"Falta de manuten\u00e7\u00e3o em cemit\u00e9rio revolta moradora\",\"datePublished\":\"2014-01-08T18:38:40+00:00\",\"dateModified\":\"2014-01-08T19:02:11+00:00\",\"mainEntityOfPage\":{\"@id\":\"https:\\\/\\\/jornalbeirario.com.br\\\/portal\\\/?p=18349\"},\"wordCount\":409,\"commentCount\":0,\"publisher\":{\"@id\":\"https:\\\/\\\/jornalbeirario.com.br\\\/portal\\\/#organization\"},\"image\":{\"@id\":\"https:\\\/\\\/jornalbeirario.com.br\\\/portal\\\/?p=18349#primaryimage\"},\"thumbnailUrl\":\"https:\\\/\\\/jornalbeirario.com.br\\\/portal\\\/wp-content\\\/uploads\\\/2014\\\/01\\\/Capa-II.jpg\",\"keywords\":[\"dehoraemhora\",\"manchete\"],\"articleSection\":[\"Cidade\"],\"inLanguage\":\"pt-BR\",\"potentialAction\":[{\"@type\":\"CommentAction\",\"name\":\"Comment\",\"target\":[\"https:\\\/\\\/jornalbeirario.com.br\\\/portal\\\/?p=18349#respond\"]}]},{\"@type\":\"WebPage\",\"@id\":\"https:\\\/\\\/jornalbeirario.com.br\\\/portal\\\/?p=18349\",\"url\":\"https:\\\/\\\/jornalbeirario.com.br\\\/portal\\\/?p=18349\",\"name\":\"Falta de manuten\u00e7\u00e3o em cemit\u00e9rio revolta moradora - JORNAL BEIRA RIO\",\"isPartOf\":{\"@id\":\"https:\\\/\\\/jornalbeirario.com.br\\\/portal\\\/#website\"},\"primaryImageOfPage\":{\"@id\":\"https:\\\/\\\/jornalbeirario.com.br\\\/portal\\\/?p=18349#primaryimage\"},\"image\":{\"@id\":\"https:\\\/\\\/jornalbeirario.com.br\\\/portal\\\/?p=18349#primaryimage\"},\"thumbnailUrl\":\"https:\\\/\\\/jornalbeirario.com.br\\\/portal\\\/wp-content\\\/uploads\\\/2014\\\/01\\\/Capa-II.jpg\",\"datePublished\":\"2014-01-08T18:38:40+00:00\",\"dateModified\":\"2014-01-08T19:02:11+00:00\",\"breadcrumb\":{\"@id\":\"https:\\\/\\\/jornalbeirario.com.br\\\/portal\\\/?p=18349#breadcrumb\"},\"inLanguage\":\"pt-BR\",\"potentialAction\":[{\"@type\":\"ReadAction\",\"target\":[\"https:\\\/\\\/jornalbeirario.com.br\\\/portal\\\/?p=18349\"]}]},{\"@type\":\"ImageObject\",\"inLanguage\":\"pt-BR\",\"@id\":\"https:\\\/\\\/jornalbeirario.com.br\\\/portal\\\/?p=18349#primaryimage\",\"url\":\"https:\\\/\\\/jornalbeirario.com.br\\\/portal\\\/wp-content\\\/uploads\\\/2014\\\/01\\\/Capa-II.jpg\",\"contentUrl\":\"https:\\\/\\\/jornalbeirario.com.br\\\/portal\\\/wp-content\\\/uploads\\\/2014\\\/01\\\/Capa-II.jpg\",\"width\":\"930\",\"height\":\"360\"},{\"@type\":\"BreadcrumbList\",\"@id\":\"https:\\\/\\\/jornalbeirario.com.br\\\/portal\\\/?p=18349#breadcrumb\",\"itemListElement\":[{\"@type\":\"ListItem\",\"position\":1,\"name\":\"Home\",\"item\":\"https:\\\/\\\/jornalbeirario.com.br\\\/portal\"},{\"@type\":\"ListItem\",\"position\":2,\"name\":\"Falta de manuten\u00e7\u00e3o em cemit\u00e9rio revolta moradora\"}]},{\"@type\":\"WebSite\",\"@id\":\"https:\\\/\\\/jornalbeirario.com.br\\\/portal\\\/#website\",\"url\":\"https:\\\/\\\/jornalbeirario.com.br\\\/portal\\\/\",\"name\":\"JORNAL BEIRA RIO\",\"description\":\"\",\"publisher\":{\"@id\":\"https:\\\/\\\/jornalbeirario.com.br\\\/portal\\\/#organization\"},\"potentialAction\":[{\"@type\":\"SearchAction\",\"target\":{\"@type\":\"EntryPoint\",\"urlTemplate\":\"https:\\\/\\\/jornalbeirario.com.br\\\/portal\\\/?s={search_term_string}\"},\"query-input\":{\"@type\":\"PropertyValueSpecification\",\"valueRequired\":true,\"valueName\":\"search_term_string\"}}],\"inLanguage\":\"pt-BR\"},{\"@type\":\"Organization\",\"@id\":\"https:\\\/\\\/jornalbeirario.com.br\\\/portal\\\/#organization\",\"name\":\"JORNAL BEIRA RIO\",\"url\":\"https:\\\/\\\/jornalbeirario.com.br\\\/portal\\\/\",\"logo\":{\"@type\":\"ImageObject\",\"inLanguage\":\"pt-BR\",\"@id\":\"https:\\\/\\\/jornalbeirario.com.br\\\/portal\\\/#\\\/schema\\\/logo\\\/image\\\/\",\"url\":\"https:\\\/\\\/jornalbeirario.com.br\\\/portal\\\/wp-content\\\/uploads\\\/2017\\\/09\\\/BEIRA-RIO_logo600.png\",\"contentUrl\":\"https:\\\/\\\/jornalbeirario.com.br\\\/portal\\\/wp-content\\\/uploads\\\/2017\\\/09\\\/BEIRA-RIO_logo600.png\",\"width\":650,\"height\":108,\"caption\":\"JORNAL BEIRA RIO\"},\"image\":{\"@id\":\"https:\\\/\\\/jornalbeirario.com.br\\\/portal\\\/#\\\/schema\\\/logo\\\/image\\\/\"}},{\"@type\":\"Person\",\"@id\":\"https:\\\/\\\/jornalbeirario.com.br\\\/portal\\\/#\\\/schema\\\/person\\\/c6c423e4c2465d2a9233f6539173e7c1\",\"name\":\"Jornal BEIRA-RIO\",\"image\":{\"@type\":\"ImageObject\",\"inLanguage\":\"pt-BR\",\"@id\":\"https:\\\/\\\/jornalbeirario.com.br\\\/portal\\\/wp-content\\\/uploads\\\/2023\\\/10\\\/logojbr1.jpg\",\"url\":\"https:\\\/\\\/jornalbeirario.com.br\\\/portal\\\/wp-content\\\/uploads\\\/2023\\\/10\\\/logojbr1.jpg\",\"contentUrl\":\"https:\\\/\\\/jornalbeirario.com.br\\\/portal\\\/wp-content\\\/uploads\\\/2023\\\/10\\\/logojbr1.jpg\",\"caption\":\"Jornal BEIRA-RIO\"},\"url\":\"https:\\\/\\\/jornalbeirario.com.br\\\/portal\\\/?author=1\"}]}<\/script>\n<!-- \/ Yoast SEO plugin. -->","yoast_head_json":{"title":"Falta de manuten\u00e7\u00e3o em cemit\u00e9rio revolta moradora - JORNAL BEIRA RIO","robots":{"index":"index","follow":"follow","max-snippet":"max-snippet:-1","max-image-preview":"max-image-preview:large","max-video-preview":"max-video-preview:-1"},"canonical":"https:\/\/jornalbeirario.com.br\/portal\/?p=18349","og_locale":"pt_BR","og_type":"article","og_title":"Falta de manuten\u00e7\u00e3o em cemit\u00e9rio revolta moradora - JORNAL BEIRA RIO","og_description":"A aposentada Ivete Pimentel, 57, levou um susto na manh\u00e3 desta quarta-feira, dia 7, quando chegou ao Cemit\u00e9rio Alto dos Passos, em Resende. Ela","og_url":"https:\/\/jornalbeirario.com.br\/portal\/?p=18349","og_site_name":"JORNAL BEIRA RIO","article_published_time":"2014-01-08T18:38:40+00:00","article_modified_time":"2014-01-08T19:02:11+00:00","og_image":[{"width":930,"height":360,"url":"https:\/\/jornalbeirario.com.br\/portal\/wp-content\/uploads\/2014\/01\/Capa-II.jpg","type":"image\/jpeg"}],"author":"Jornal BEIRA-RIO","twitter_card":"summary_large_image","twitter_misc":{"Escrito por":"Jornal BEIRA-RIO","Est. tempo de leitura":"2 minutos"},"schema":{"@context":"https:\/\/schema.org","@graph":[{"@type":"Article","@id":"https:\/\/jornalbeirario.com.br\/portal\/?p=18349#article","isPartOf":{"@id":"https:\/\/jornalbeirario.com.br\/portal\/?p=18349"},"author":{"name":"Jornal BEIRA-RIO","@id":"https:\/\/jornalbeirario.com.br\/portal\/#\/schema\/person\/c6c423e4c2465d2a9233f6539173e7c1"},"headline":"Falta de manuten\u00e7\u00e3o em cemit\u00e9rio revolta moradora","datePublished":"2014-01-08T18:38:40+00:00","dateModified":"2014-01-08T19:02:11+00:00","mainEntityOfPage":{"@id":"https:\/\/jornalbeirario.com.br\/portal\/?p=18349"},"wordCount":409,"commentCount":0,"publisher":{"@id":"https:\/\/jornalbeirario.com.br\/portal\/#organization"},"image":{"@id":"https:\/\/jornalbeirario.com.br\/portal\/?p=18349#primaryimage"},"thumbnailUrl":"https:\/\/jornalbeirario.com.br\/portal\/wp-content\/uploads\/2014\/01\/Capa-II.jpg","keywords":["dehoraemhora","manchete"],"articleSection":["Cidade"],"inLanguage":"pt-BR","potentialAction":[{"@type":"CommentAction","name":"Comment","target":["https:\/\/jornalbeirario.com.br\/portal\/?p=18349#respond"]}]},{"@type":"WebPage","@id":"https:\/\/jornalbeirario.com.br\/portal\/?p=18349","url":"https:\/\/jornalbeirario.com.br\/portal\/?p=18349","name":"Falta de manuten\u00e7\u00e3o em cemit\u00e9rio revolta moradora - JORNAL BEIRA RIO","isPartOf":{"@id":"https:\/\/jornalbeirario.com.br\/portal\/#website"},"primaryImageOfPage":{"@id":"https:\/\/jornalbeirario.com.br\/portal\/?p=18349#primaryimage"},"image":{"@id":"https:\/\/jornalbeirario.com.br\/portal\/?p=18349#primaryimage"},"thumbnailUrl":"https:\/\/jornalbeirario.com.br\/portal\/wp-content\/uploads\/2014\/01\/Capa-II.jpg","datePublished":"2014-01-08T18:38:40+00:00","dateModified":"2014-01-08T19:02:11+00:00","breadcrumb":{"@id":"https:\/\/jornalbeirario.com.br\/portal\/?p=18349#breadcrumb"},"inLanguage":"pt-BR","potentialAction":[{"@type":"ReadAction","target":["https:\/\/jornalbeirario.com.br\/portal\/?p=18349"]}]},{"@type":"ImageObject","inLanguage":"pt-BR","@id":"https:\/\/jornalbeirario.com.br\/portal\/?p=18349#primaryimage","url":"https:\/\/jornalbeirario.com.br\/portal\/wp-content\/uploads\/2014\/01\/Capa-II.jpg","contentUrl":"https:\/\/jornalbeirario.com.br\/portal\/wp-content\/uploads\/2014\/01\/Capa-II.jpg","width":"930","height":"360"},{"@type":"BreadcrumbList","@id":"https:\/\/jornalbeirario.com.br\/portal\/?p=18349#breadcrumb","itemListElement":[{"@type":"ListItem","position":1,"name":"Home","item":"https:\/\/jornalbeirario.com.br\/portal"},{"@type":"ListItem","position":2,"name":"Falta de manuten\u00e7\u00e3o em cemit\u00e9rio revolta moradora"}]},{"@type":"WebSite","@id":"https:\/\/jornalbeirario.com.br\/portal\/#website","url":"https:\/\/jornalbeirario.com.br\/portal\/","name":"JORNAL BEIRA RIO","description":"","publisher":{"@id":"https:\/\/jornalbeirario.com.br\/portal\/#organization"},"potentialAction":[{"@type":"SearchAction","target":{"@type":"EntryPoint","urlTemplate":"https:\/\/jornalbeirario.com.br\/portal\/?s={search_term_string}"},"query-input":{"@type":"PropertyValueSpecification","valueRequired":true,"valueName":"search_term_string"}}],"inLanguage":"pt-BR"},{"@type":"Organization","@id":"https:\/\/jornalbeirario.com.br\/portal\/#organization","name":"JORNAL BEIRA RIO","url":"https:\/\/jornalbeirario.com.br\/portal\/","logo":{"@type":"ImageObject","inLanguage":"pt-BR","@id":"https:\/\/jornalbeirario.com.br\/portal\/#\/schema\/logo\/image\/","url":"https:\/\/jornalbeirario.com.br\/portal\/wp-content\/uploads\/2017\/09\/BEIRA-RIO_logo600.png","contentUrl":"https:\/\/jornalbeirario.com.br\/portal\/wp-content\/uploads\/2017\/09\/BEIRA-RIO_logo600.png","width":650,"height":108,"caption":"JORNAL BEIRA RIO"},"image":{"@id":"https:\/\/jornalbeirario.com.br\/portal\/#\/schema\/logo\/image\/"}},{"@type":"Person","@id":"https:\/\/jornalbeirario.com.br\/portal\/#\/schema\/person\/c6c423e4c2465d2a9233f6539173e7c1","name":"Jornal BEIRA-RIO","image":{"@type":"ImageObject","inLanguage":"pt-BR","@id":"https:\/\/jornalbeirario.com.br\/portal\/wp-content\/uploads\/2023\/10\/logojbr1.jpg","url":"https:\/\/jornalbeirario.com.br\/portal\/wp-content\/uploads\/2023\/10\/logojbr1.jpg","contentUrl":"https:\/\/jornalbeirario.com.br\/portal\/wp-content\/uploads\/2023\/10\/logojbr1.jpg","caption":"Jornal BEIRA-RIO"},"url":"https:\/\/jornalbeirario.com.br\/portal\/?author=1"}]}},"_links":{"self":[{"href":"https:\/\/jornalbeirario.com.br\/portal\/index.php?rest_route=\/wp\/v2\/posts\/18349","targetHints":{"allow":["GET"]}}],"collection":[{"href":"https:\/\/jornalbeirario.com.br\/portal\/index.php?rest_route=\/wp\/v2\/posts"}],"about":[{"href":"https:\/\/jornalbeirario.com.br\/portal\/index.php?rest_route=\/wp\/v2\/types\/post"}],"author":[{"embeddable":true,"href":"https:\/\/jornalbeirario.com.br\/portal\/index.php?rest_route=\/wp\/v2\/users\/1"}],"replies":[{"embeddable":true,"href":"https:\/\/jornalbeirario.com.br\/portal\/index.php?rest_route=%2Fwp%2Fv2%2Fcomments&post=18349"}],"version-history":[{"count":3,"href":"https:\/\/jornalbeirario.com.br\/portal\/index.php?rest_route=\/wp\/v2\/posts\/18349\/revisions"}],"predecessor-version":[{"id":18357,"href":"https:\/\/jornalbeirario.com.br\/portal\/index.php?rest_route=\/wp\/v2\/posts\/18349\/revisions\/18357"}],"wp:featuredmedia":[{"embeddable":true,"href":"https:\/\/jornalbeirario.com.br\/portal\/index.php?rest_route=\/wp\/v2\/media\/18351"}],"wp:attachment":[{"href":"https:\/\/jornalbeirario.com.br\/portal\/index.php?rest_route=%2Fwp%2Fv2%2Fmedia&parent=18349"}],"wp:term":[{"taxonomy":"category","embeddable":true,"href":"https:\/\/jornalbeirario.com.br\/portal\/index.php?rest_route=%2Fwp%2Fv2%2Fcategories&post=18349"},{"taxonomy":"post_tag","embeddable":true,"href":"https:\/\/jornalbeirario.com.br\/portal\/index.php?rest_route=%2Fwp%2Fv2%2Ftags&post=18349"}],"curies":[{"name":"wp","href":"https:\/\/api.w.org\/{rel}","templated":true}]}}