
{"id":17964,"date":"2013-12-20T02:45:32","date_gmt":"2013-12-20T02:45:32","guid":{"rendered":"http:\/\/jornalbeirario.com.br\/portal\/portal\/?p=17964"},"modified":"2013-12-20T02:45:32","modified_gmt":"2013-12-20T02:45:32","slug":"lais-amaral-31","status":"publish","type":"post","link":"https:\/\/jornalbeirario.com.br\/portal\/?p=17964","title":{"rendered":"La\u00eds Amaral"},"content":{"rendered":"<p style=\"text-align: justify;\"><strong>Jabuticabra: nem toda mistura vale a pena<\/strong><br \/>\nOs mais velhos lembram de um programa de humor na TV no qual o personagem, um cientista louco, misturava genes de animais diferentes o que resultava em uma terceira e improv\u00e1vel esp\u00e9cie. Algo assim como os genes do \u2018jabuti\u2019 com os de uma \u2018cabra\u2019, o que resultaria numa prosaica: \u2018Jabuticabra\u2019. Ou algo mais malicioso como um \u2018Beija-Vara\u2019, mistura de Beija-flor com \u2018Capivara\u2019, ou um escatol\u00f3gico \u2018Papa-bosta\u2019, resultado de \u2018Papagaio\u2019 com \u2018Vira-bosta\u2019, ou ainda, esp\u00e9cies com nomes impublic\u00e1veis nesse hor\u00e1rio, como o que resultaria da uni\u00e3o dos genes do \u2018Quero-quero\u2019 com o do \u2018Pica-pau\u2019. Mas esse del\u00edrio de criar esp\u00e9cies, que me parece uma pretens\u00e3o her\u00e9tica de nos aproximarmos, ou nos compararmos, com o criador de todas as coisas, n\u00e3o \u00e9 exclusividade de brasileiros, claro. A revista New Science de 1\u00ba de abril de 1983 inventou e publicou mat\u00e9ria (eles fazem sempre isso no 1\u00ba de abril) sobre uma \u201cexperi\u00eancia\u201d de sucesso da fus\u00e3o de c\u00e9lulas de animais com vegetais. E deu no \u2018Boimate\u2019, o fruto da carne: boi com tomate. E o pior \u00e9 que a pretensiosa Revista Veja, entusiasmada com a reportagem, reproduziu em sua edi\u00e7\u00e3o de 27 de abril daquele ano, como verdadeira. Uma colossal \u2018barriga\u2019 no jarg\u00e3o jornal\u00edstico. Coitados dos \u2018Invocados\u2019 (mistura de \u2018Inocentes\u2019 com \u2018Equivocados\u2019) leitores da revista. Mas o pior \u00e9 que essa mania de mistura saiu do campo do humor e foi para a m\u00fasica, a m\u00fasica que toca na M\u00eddia. N\u00e3o tendo mais o que inventar, deram de misturar Funk com Sertanejo universit\u00e1rio (?) e outras chatices, o que tem gerado \u2018coisas\u2019 muito\u00a0 piores que esses g\u00eaneros sozinhos conseguem ser. Esses \u2018Funknejo\u2019 ou \u2018Sertafunk\u2019, verdadeiros franksteins produzidos nos laborat\u00f3rios da ind\u00fastria fonogr\u00e1fica, prometem nos aterrorizar pelos pr\u00f3ximos anos. Acho que vou para \u2018Maracagada\u2019 (mistura de Maracangalha\u00a0 com Pass\u00e1rgada), com a devida v\u00eania dos geniais Caymmi e Bandeira. (Cadeira?)<\/p>\n<p style=\"text-align: justify;\"><strong>\u2018Brameiros\u2019 inspirado no Flu recorrem para anular jogo com Casa da Lua<\/strong><br \/>\nTapet\u00e3o n\u00e3o \u00e9 privil\u00e9gio dos grandes clubes do futebol brasileiro. Na esteira do Fluminense o \u2018Brameiros\u2019, que recentemente perdeu a decis\u00e3o do Futebol So\u00e7aite Quarent\u00e3o da AABB para o time da Casa da Lua, pretende ingressar junto aos tribunais internacionais pedindo a anula\u00e7\u00e3o da partida. A alega\u00e7\u00e3o do \u2018Brameiros\u2019 seria erro de fato do \u00e1rbitro da partida que na semana passada, segundo v\u00e1rias testemunhas, teria procurado cartolas do time cervejeiro para se desculpar. Ele teria assumido o erro de expulsar o goleiro Sidnei ainda no primeiro tempo em jogada que seria no m\u00e1ximo para cart\u00e3o amarelo. A partida estava zero a zero, e o Brameiros n\u00e3o tinha reserva de goleiro o que obrigou o time a improvisar um jogador de linha no gol atuando todo o segundo tempo com menos um jogador. O resultado foi 3 x 1 para a Casa da Lua. Caso a partida seja anulada ser\u00e1 marcado um novo jogo para decidir o campe\u00e3o do So\u00e7aite Quarent\u00e3o de 2013. O julgamento da a\u00e7\u00e3o do Brameiros dever\u00e1 ocorrer somente depois do Natal, j\u00e1 que a maioria dos auditores aproveita essa \u00e9poca do ano para fazer \u201cbico\u201d como Papai Noel nos shoppings da maioria das cidades.<\/p>\n<p style=\"text-align: justify;\"><strong>TRIPA<\/strong><br \/>\n* Hoje (dia 20) \u00e0s 9 horas na Casa da Crian\u00e7a e do Adolescente, na Cidade Alegria (pr\u00f3ximo ao DPO), ser\u00e1 realizado o evento \u201cA Paz \u00e9 Poss\u00edvel\u201d, do Projeto Viva a Paz. * Meu amigo Celso Dutra, ouvidor da Prefeitura de Resende, foi um dos homenageados pela C\u00e2mara Municipal com uma \u2018Mo\u00e7\u00e3o de Louvor\u2019 nessa quarta-feira, dia 18. O Gr\u00eamio Liter\u00e1rio de Resende tamb\u00e9m recebeu Mo\u00e7\u00e3o para satisfa\u00e7\u00e3o do presidente da agremia\u00e7\u00e3o, o \u2018preto velho\u2019 Claudionor Rosa * Foi inaugurada ontem (quinta) a galeria dos ex-prefeitos de Resende, no Sal\u00e3o Nobre da Casa da Cultura. A iniciativa foi em comemora\u00e7\u00e3o ao centen\u00e1rio do Poder Executivo em Resende. Presentes o prefeito Jos\u00e9 Rechuan Jr., ex-prefeitos e parentes de ex-prefeitos * O fot\u00f3grafo Andr\u00e9 Sodr\u00e9 lan\u00e7ou nessa quarta-feira (18) o seu livro de poesia \u2018A Hora do Poeminha\u2019. O lan\u00e7amento foi na Livraria Veredas, no Pontual Shopping, em Volta Redonda. O trabalho desse misto de fot\u00f3grafo e poeta re\u00fane poemas in\u00e9ditos e prosa po\u00e9tica formando uma cr\u00f4nica autobiogr\u00e1fica, com toques de humor e filosofia. Amigos e participantes das redes sociais apoiaram na realiza\u00e7\u00e3o da publica\u00e7\u00e3o. O projeto pode ser visualizado na p\u00e1gina <a href=\"http:\/\/catarse.me\/pt\/ahoradopoeminha\">http:\/\/catarse.me\/pt\/ahoradopoeminha<\/a> * No final de semana passado Resende foi brindada com duas interven\u00e7\u00f5es urbanas de alta qualidade, realizadas por grafiteiros locais. No s\u00e1bado, foi na Cidade Alegria, promovida pela Casa da Cultura com o objetivo de ocupar espa\u00e7os que geralmente s\u00e3o ocupados pelos v\u00e2ndalos que picham a cidade. No domingo a a\u00e7\u00e3o dos grafiteiros foi criando um bel\u00edssimo painel no muro lateral do Condom\u00ednio Agulhas Negras, no Jardim Jalisco. Segundo a curadora da a\u00e7\u00e3o, Vanda Perantonni, a inten\u00e7\u00e3o \u00e9 abrir espa\u00e7o para esses artistas, fora dos muros dos museus e exposi\u00e7\u00f5es. Esses grafiteiros s\u00e3o grandes artistas mesmo. Valeu !! * Feliz Natal e Ano Novo a todos. Na pr\u00f3xima edi\u00e7\u00e3o os melhores do ano nos botecos de Resende.<\/p>\n<p style=\"text-align: justify;\"><strong>ANIVERS\u00c1RIOS<\/strong><br \/>\nA pen\u00faltima semana do ano come\u00e7ou com dois aniversariantes na segunda-feira, dia 16: Elenice Santos e Eduardo J\u00fanior trocaram de idade. Na ter\u00e7a, 17, que inaugurou idade nova foi o super-gente-boa, Alfredo de Oliveira, secret\u00e1rio municipal de A\u00e7\u00e3o Social em Resende. Na quarta, 18, a Adriana Mendes mudou de idade. Ontem, dia 18, quem ficou mais experiente foi o Antonio Abr\u00e3o, o amigo \u2018Tonh\u00e3o\u2019. Hoje, sexta-feira, um tima\u00e7o recebe os \u2018parab\u00e9ns\u2019: Frederico Whately, Renan Maia, Elaine Rosa, Carlos Alberto Rivele e o m\u00e9dico e ex-vereador Gl\u00e1ucio Julianelli. Amanh\u00e3, dia 21, outro time de amigos conta mais um ano de vida: o Wendell Amorim, a vereadora Bianca Sampaio, a amiga Claudin\u00e9ia Amaral e o Augusto \u2018Chacrinha\u2019. No domingo, sopram velinhas a Marta Cam\u00f5es, a Marta Vilar e o Marco Antonio Resende. Parab\u00e9ns e todas as felicidades do mundo a eles.<\/p>\n","protected":false},"excerpt":{"rendered":"<p>Jabuticabra: nem toda mistura vale a pena Os mais velhos lembram de um programa de humor na TV no qual o personagem, um cientista<\/p>\n","protected":false},"author":1,"featured_media":0,"comment_status":"open","ping_status":"open","sticky":false,"template":"","format":"standard","meta":{"pmpro_default_level":"","footnotes":""},"categories":[13],"tags":[],"class_list":["post-17964","post","type-post","status-publish","format-standard","hentry","category-social","pmpro-has-access"],"yoast_head":"<!-- This site is optimized with the Yoast SEO plugin v27.4 - https:\/\/yoast.com\/product\/yoast-seo-wordpress\/ -->\n<title>La\u00eds Amaral - JORNAL BEIRA RIO<\/title>\n<meta name=\"robots\" content=\"index, follow, max-snippet:-1, max-image-preview:large, max-video-preview:-1\" \/>\n<link rel=\"canonical\" href=\"https:\/\/jornalbeirario.com.br\/portal\/?p=17964\" \/>\n<meta property=\"og:locale\" content=\"pt_BR\" \/>\n<meta property=\"og:type\" content=\"article\" \/>\n<meta property=\"og:title\" content=\"La\u00eds Amaral - JORNAL BEIRA RIO\" \/>\n<meta property=\"og:description\" content=\"Jabuticabra: nem toda mistura vale a pena Os mais velhos lembram de um programa de humor na TV no qual o personagem, um cientista\" \/>\n<meta property=\"og:url\" content=\"https:\/\/jornalbeirario.com.br\/portal\/?p=17964\" \/>\n<meta property=\"og:site_name\" content=\"JORNAL BEIRA RIO\" \/>\n<meta property=\"article:published_time\" content=\"2013-12-20T02:45:32+00:00\" \/>\n<meta name=\"author\" content=\"Jornal BEIRA-RIO\" \/>\n<meta name=\"twitter:card\" content=\"summary_large_image\" \/>\n<meta name=\"twitter:label1\" content=\"Escrito por\" \/>\n\t<meta name=\"twitter:data1\" content=\"Jornal BEIRA-RIO\" \/>\n\t<meta name=\"twitter:label2\" content=\"Est. tempo de leitura\" \/>\n\t<meta name=\"twitter:data2\" content=\"5 minutos\" \/>\n<script type=\"application\/ld+json\" class=\"yoast-schema-graph\">{\"@context\":\"https:\\\/\\\/schema.org\",\"@graph\":[{\"@type\":\"Article\",\"@id\":\"https:\\\/\\\/jornalbeirario.com.br\\\/portal\\\/?p=17964#article\",\"isPartOf\":{\"@id\":\"https:\\\/\\\/jornalbeirario.com.br\\\/portal\\\/?p=17964\"},\"author\":{\"name\":\"Jornal BEIRA-RIO\",\"@id\":\"https:\\\/\\\/jornalbeirario.com.br\\\/portal\\\/#\\\/schema\\\/person\\\/c6c423e4c2465d2a9233f6539173e7c1\"},\"headline\":\"La\u00eds Amaral\",\"datePublished\":\"2013-12-20T02:45:32+00:00\",\"mainEntityOfPage\":{\"@id\":\"https:\\\/\\\/jornalbeirario.com.br\\\/portal\\\/?p=17964\"},\"wordCount\":1052,\"commentCount\":0,\"publisher\":{\"@id\":\"https:\\\/\\\/jornalbeirario.com.br\\\/portal\\\/#organization\"},\"articleSection\":[\"Social\"],\"inLanguage\":\"pt-BR\",\"potentialAction\":[{\"@type\":\"CommentAction\",\"name\":\"Comment\",\"target\":[\"https:\\\/\\\/jornalbeirario.com.br\\\/portal\\\/?p=17964#respond\"]}]},{\"@type\":\"WebPage\",\"@id\":\"https:\\\/\\\/jornalbeirario.com.br\\\/portal\\\/?p=17964\",\"url\":\"https:\\\/\\\/jornalbeirario.com.br\\\/portal\\\/?p=17964\",\"name\":\"La\u00eds Amaral - JORNAL BEIRA RIO\",\"isPartOf\":{\"@id\":\"https:\\\/\\\/jornalbeirario.com.br\\\/portal\\\/#website\"},\"datePublished\":\"2013-12-20T02:45:32+00:00\",\"breadcrumb\":{\"@id\":\"https:\\\/\\\/jornalbeirario.com.br\\\/portal\\\/?p=17964#breadcrumb\"},\"inLanguage\":\"pt-BR\",\"potentialAction\":[{\"@type\":\"ReadAction\",\"target\":[\"https:\\\/\\\/jornalbeirario.com.br\\\/portal\\\/?p=17964\"]}]},{\"@type\":\"BreadcrumbList\",\"@id\":\"https:\\\/\\\/jornalbeirario.com.br\\\/portal\\\/?p=17964#breadcrumb\",\"itemListElement\":[{\"@type\":\"ListItem\",\"position\":1,\"name\":\"Home\",\"item\":\"https:\\\/\\\/jornalbeirario.com.br\\\/portal\"},{\"@type\":\"ListItem\",\"position\":2,\"name\":\"La\u00eds Amaral\"}]},{\"@type\":\"WebSite\",\"@id\":\"https:\\\/\\\/jornalbeirario.com.br\\\/portal\\\/#website\",\"url\":\"https:\\\/\\\/jornalbeirario.com.br\\\/portal\\\/\",\"name\":\"JORNAL BEIRA RIO\",\"description\":\"\",\"publisher\":{\"@id\":\"https:\\\/\\\/jornalbeirario.com.br\\\/portal\\\/#organization\"},\"potentialAction\":[{\"@type\":\"SearchAction\",\"target\":{\"@type\":\"EntryPoint\",\"urlTemplate\":\"https:\\\/\\\/jornalbeirario.com.br\\\/portal\\\/?s={search_term_string}\"},\"query-input\":{\"@type\":\"PropertyValueSpecification\",\"valueRequired\":true,\"valueName\":\"search_term_string\"}}],\"inLanguage\":\"pt-BR\"},{\"@type\":\"Organization\",\"@id\":\"https:\\\/\\\/jornalbeirario.com.br\\\/portal\\\/#organization\",\"name\":\"JORNAL BEIRA RIO\",\"url\":\"https:\\\/\\\/jornalbeirario.com.br\\\/portal\\\/\",\"logo\":{\"@type\":\"ImageObject\",\"inLanguage\":\"pt-BR\",\"@id\":\"https:\\\/\\\/jornalbeirario.com.br\\\/portal\\\/#\\\/schema\\\/logo\\\/image\\\/\",\"url\":\"https:\\\/\\\/jornalbeirario.com.br\\\/portal\\\/wp-content\\\/uploads\\\/2017\\\/09\\\/BEIRA-RIO_logo600.png\",\"contentUrl\":\"https:\\\/\\\/jornalbeirario.com.br\\\/portal\\\/wp-content\\\/uploads\\\/2017\\\/09\\\/BEIRA-RIO_logo600.png\",\"width\":650,\"height\":108,\"caption\":\"JORNAL BEIRA RIO\"},\"image\":{\"@id\":\"https:\\\/\\\/jornalbeirario.com.br\\\/portal\\\/#\\\/schema\\\/logo\\\/image\\\/\"}},{\"@type\":\"Person\",\"@id\":\"https:\\\/\\\/jornalbeirario.com.br\\\/portal\\\/#\\\/schema\\\/person\\\/c6c423e4c2465d2a9233f6539173e7c1\",\"name\":\"Jornal BEIRA-RIO\",\"image\":{\"@type\":\"ImageObject\",\"inLanguage\":\"pt-BR\",\"@id\":\"https:\\\/\\\/jornalbeirario.com.br\\\/portal\\\/wp-content\\\/uploads\\\/2023\\\/10\\\/logojbr1.jpg\",\"url\":\"https:\\\/\\\/jornalbeirario.com.br\\\/portal\\\/wp-content\\\/uploads\\\/2023\\\/10\\\/logojbr1.jpg\",\"contentUrl\":\"https:\\\/\\\/jornalbeirario.com.br\\\/portal\\\/wp-content\\\/uploads\\\/2023\\\/10\\\/logojbr1.jpg\",\"caption\":\"Jornal BEIRA-RIO\"},\"url\":\"https:\\\/\\\/jornalbeirario.com.br\\\/portal\\\/?author=1\"}]}<\/script>\n<!-- \/ Yoast SEO plugin. -->","yoast_head_json":{"title":"La\u00eds Amaral - JORNAL BEIRA RIO","robots":{"index":"index","follow":"follow","max-snippet":"max-snippet:-1","max-image-preview":"max-image-preview:large","max-video-preview":"max-video-preview:-1"},"canonical":"https:\/\/jornalbeirario.com.br\/portal\/?p=17964","og_locale":"pt_BR","og_type":"article","og_title":"La\u00eds Amaral - JORNAL BEIRA RIO","og_description":"Jabuticabra: nem toda mistura vale a pena Os mais velhos lembram de um programa de humor na TV no qual o personagem, um cientista","og_url":"https:\/\/jornalbeirario.com.br\/portal\/?p=17964","og_site_name":"JORNAL BEIRA RIO","article_published_time":"2013-12-20T02:45:32+00:00","author":"Jornal BEIRA-RIO","twitter_card":"summary_large_image","twitter_misc":{"Escrito por":"Jornal BEIRA-RIO","Est. tempo de leitura":"5 minutos"},"schema":{"@context":"https:\/\/schema.org","@graph":[{"@type":"Article","@id":"https:\/\/jornalbeirario.com.br\/portal\/?p=17964#article","isPartOf":{"@id":"https:\/\/jornalbeirario.com.br\/portal\/?p=17964"},"author":{"name":"Jornal BEIRA-RIO","@id":"https:\/\/jornalbeirario.com.br\/portal\/#\/schema\/person\/c6c423e4c2465d2a9233f6539173e7c1"},"headline":"La\u00eds Amaral","datePublished":"2013-12-20T02:45:32+00:00","mainEntityOfPage":{"@id":"https:\/\/jornalbeirario.com.br\/portal\/?p=17964"},"wordCount":1052,"commentCount":0,"publisher":{"@id":"https:\/\/jornalbeirario.com.br\/portal\/#organization"},"articleSection":["Social"],"inLanguage":"pt-BR","potentialAction":[{"@type":"CommentAction","name":"Comment","target":["https:\/\/jornalbeirario.com.br\/portal\/?p=17964#respond"]}]},{"@type":"WebPage","@id":"https:\/\/jornalbeirario.com.br\/portal\/?p=17964","url":"https:\/\/jornalbeirario.com.br\/portal\/?p=17964","name":"La\u00eds Amaral - JORNAL BEIRA RIO","isPartOf":{"@id":"https:\/\/jornalbeirario.com.br\/portal\/#website"},"datePublished":"2013-12-20T02:45:32+00:00","breadcrumb":{"@id":"https:\/\/jornalbeirario.com.br\/portal\/?p=17964#breadcrumb"},"inLanguage":"pt-BR","potentialAction":[{"@type":"ReadAction","target":["https:\/\/jornalbeirario.com.br\/portal\/?p=17964"]}]},{"@type":"BreadcrumbList","@id":"https:\/\/jornalbeirario.com.br\/portal\/?p=17964#breadcrumb","itemListElement":[{"@type":"ListItem","position":1,"name":"Home","item":"https:\/\/jornalbeirario.com.br\/portal"},{"@type":"ListItem","position":2,"name":"La\u00eds Amaral"}]},{"@type":"WebSite","@id":"https:\/\/jornalbeirario.com.br\/portal\/#website","url":"https:\/\/jornalbeirario.com.br\/portal\/","name":"JORNAL BEIRA RIO","description":"","publisher":{"@id":"https:\/\/jornalbeirario.com.br\/portal\/#organization"},"potentialAction":[{"@type":"SearchAction","target":{"@type":"EntryPoint","urlTemplate":"https:\/\/jornalbeirario.com.br\/portal\/?s={search_term_string}"},"query-input":{"@type":"PropertyValueSpecification","valueRequired":true,"valueName":"search_term_string"}}],"inLanguage":"pt-BR"},{"@type":"Organization","@id":"https:\/\/jornalbeirario.com.br\/portal\/#organization","name":"JORNAL BEIRA RIO","url":"https:\/\/jornalbeirario.com.br\/portal\/","logo":{"@type":"ImageObject","inLanguage":"pt-BR","@id":"https:\/\/jornalbeirario.com.br\/portal\/#\/schema\/logo\/image\/","url":"https:\/\/jornalbeirario.com.br\/portal\/wp-content\/uploads\/2017\/09\/BEIRA-RIO_logo600.png","contentUrl":"https:\/\/jornalbeirario.com.br\/portal\/wp-content\/uploads\/2017\/09\/BEIRA-RIO_logo600.png","width":650,"height":108,"caption":"JORNAL BEIRA RIO"},"image":{"@id":"https:\/\/jornalbeirario.com.br\/portal\/#\/schema\/logo\/image\/"}},{"@type":"Person","@id":"https:\/\/jornalbeirario.com.br\/portal\/#\/schema\/person\/c6c423e4c2465d2a9233f6539173e7c1","name":"Jornal BEIRA-RIO","image":{"@type":"ImageObject","inLanguage":"pt-BR","@id":"https:\/\/jornalbeirario.com.br\/portal\/wp-content\/uploads\/2023\/10\/logojbr1.jpg","url":"https:\/\/jornalbeirario.com.br\/portal\/wp-content\/uploads\/2023\/10\/logojbr1.jpg","contentUrl":"https:\/\/jornalbeirario.com.br\/portal\/wp-content\/uploads\/2023\/10\/logojbr1.jpg","caption":"Jornal BEIRA-RIO"},"url":"https:\/\/jornalbeirario.com.br\/portal\/?author=1"}]}},"_links":{"self":[{"href":"https:\/\/jornalbeirario.com.br\/portal\/index.php?rest_route=\/wp\/v2\/posts\/17964","targetHints":{"allow":["GET"]}}],"collection":[{"href":"https:\/\/jornalbeirario.com.br\/portal\/index.php?rest_route=\/wp\/v2\/posts"}],"about":[{"href":"https:\/\/jornalbeirario.com.br\/portal\/index.php?rest_route=\/wp\/v2\/types\/post"}],"author":[{"embeddable":true,"href":"https:\/\/jornalbeirario.com.br\/portal\/index.php?rest_route=\/wp\/v2\/users\/1"}],"replies":[{"embeddable":true,"href":"https:\/\/jornalbeirario.com.br\/portal\/index.php?rest_route=%2Fwp%2Fv2%2Fcomments&post=17964"}],"version-history":[{"count":3,"href":"https:\/\/jornalbeirario.com.br\/portal\/index.php?rest_route=\/wp\/v2\/posts\/17964\/revisions"}],"predecessor-version":[{"id":17989,"href":"https:\/\/jornalbeirario.com.br\/portal\/index.php?rest_route=\/wp\/v2\/posts\/17964\/revisions\/17989"}],"wp:attachment":[{"href":"https:\/\/jornalbeirario.com.br\/portal\/index.php?rest_route=%2Fwp%2Fv2%2Fmedia&parent=17964"}],"wp:term":[{"taxonomy":"category","embeddable":true,"href":"https:\/\/jornalbeirario.com.br\/portal\/index.php?rest_route=%2Fwp%2Fv2%2Fcategories&post=17964"},{"taxonomy":"post_tag","embeddable":true,"href":"https:\/\/jornalbeirario.com.br\/portal\/index.php?rest_route=%2Fwp%2Fv2%2Ftags&post=17964"}],"curies":[{"name":"wp","href":"https:\/\/api.w.org\/{rel}","templated":true}]}}