
{"id":17962,"date":"2013-12-20T02:38:45","date_gmt":"2013-12-20T02:38:45","guid":{"rendered":"http:\/\/jornalbeirario.com.br\/portal\/portal\/?p=17962"},"modified":"2013-12-20T02:38:45","modified_gmt":"2013-12-20T02:38:45","slug":"cartas-e-e-mails-28","status":"publish","type":"post","link":"https:\/\/jornalbeirario.com.br\/portal\/?p=17962","title":{"rendered":"Cartas e E-mails"},"content":{"rendered":"<p style=\"text-align: justify;\">Prezada editora Ana L\u00facia,<br \/>\nAs pol\u00edticas p\u00fablicas devem ser direcionadas ao bem-estar dos cidad\u00e3os em geral, de acordo com a concretude prevista na Constitui\u00e7\u00e3o Federal &#8211; artigo 182 e 227, par\u00e1grafo 2\u00ba.<br \/>\nA gest\u00e3o p\u00fablica vi\u00e1ria institu\u00edda na esquina formada pelas ruas Cel. Rocha Santos e Piloto Paulo Reis, Jardim Bras\u00edlia, acaba por menosprezar direitos p\u00fablicos objetivos e subjetivos, desrespeitando a cidadania de todos, portadores de necessidades especiais, ou n\u00e3o.<br \/>\nAo administrador n\u00e3o \u00e9 permitido escolher qual o crit\u00e9rio pessoal de seja observar, mas sim cumprir a lei.<br \/>\nA Lei Municipal 2.819 de 13 de abril de 2011 (Governo Rechuan), consolidou as normas de constru\u00e7\u00e3o, manuten\u00e7\u00e3o e recupera\u00e7\u00e3o do passeio p\u00fablico e cal\u00e7adas do Munic\u00edpio de Resende\/RJ. Ratificou a vig\u00eancia da Lei Municipal 1.810 de 30 de agosto de 1993 (Governo Augusto Leivas), que instituiu o Sistema Municipal de adequa\u00e7\u00e3o das Edifica\u00e7\u00f5es e do Mobili\u00e1rio Urbano \u00e0 Pessoa Deficiente, e tornou obrigat\u00f3rio o uso da NBR 9050\/2004, da Associa\u00e7\u00e3o Brasileira de Normas T\u00e9cnicas &#8211; ABNT.<br \/>\nA Lei Federal 10.406 de 10 de janeiro de 2002 &#8211; C\u00f3digo Civil Brasileiro, preceitua:<br \/>\n&#8220;Artigo 99 &#8211; S\u00e3o bens p\u00fablicos: Inciso I &#8211; os de uso comum do povo, tais como rios, mares, estradas, ruas e pra\u00e7as;<br \/>\nArtigo 100 &#8211; Os bens p\u00fablicos de uso comum do povo e os de uso especial s\u00e3o inalien\u00e1veis, enquanto conservarem a sua qualifica\u00e7\u00e3o, na forma que a lei determinar;&#8221;<br \/>\nA Lei Federal 9.503 de 23 de setembro de 1997 &#8211; C\u00f3digo de Tr\u00e2nsito Brasileiro, pro\u00edbe, em seu artigo 29, inciso V &#8211; o tr\u00e2nsito de ve\u00edculos sobre passeios, cal\u00e7adas e nos acostamentos, s\u00f3 poder\u00e1 ocorrer para que se adentre ou se saia dos im\u00f3veis ou \u00e1reas especiais de estacionamentos.<br \/>\nA Lei Municipal 1.031 de 8 de junho de 1977 (Governo Noel de Carvalho) &#8211; C\u00f3digo de Posturas de Resende, igualmente pro\u00edbe, em seu artigo 192, inciso IV &#8211; transitar ou permanecer com qualquer veiculo sobre os passeios, exceto carrinho de condu\u00e7\u00e3o de crian\u00e7a ou de paral\u00edtico.<br \/>\nDe acordo com o artigo 181, inciso VIII da Lei 9.503\/1997 (CTB), estacionar o ve\u00edculo na cal\u00e7ada \u00e9 infra\u00e7\u00e3o grave, com penalidade de multa no valor de R$ 127,65 e medida administrativa de remo\u00e7\u00e3o do ve\u00edculo. O condutor ainda perde cinco pontos na carteira de motorista.<br \/>\nO interesse p\u00fablico \u00e9 mais importante do que o interesse de todos, individualmente.\u00a0 A cidade tem que ser constru\u00edda para todos.<br \/>\nAtenciosamente<br \/>\nNelson de Carvalho<\/p>\n<p style=\"text-align: justify;\">Nem tudo acabou em pizza<br \/>\nApesar da minha descren\u00e7a eu tenho que admitir que alguma coisa est\u00e1 mudando neste pa\u00eds. Em rela\u00e7\u00e3o ao meu problema com a empresa de t\u00e1xi, R\u00e1dio T\u00e1xi, senti o interesse em v\u00e1rias pessoas e alguns \u00f3rg\u00e3os: a Prefeitura, o Comutran, o ComSocial e a Editora deste jornal.<br \/>\nQuero agradecer muito o que todos fizeram pois esta atitude faz com que a gente tenha esperan\u00e7a e acredite nas institui\u00e7\u00f5es. Espero que esta minha atitude diante da covardia, descaso, discrimina\u00e7\u00e3o, tenha servido para que outras pessoas que se sintam agredidas como eu me senti tenham a coragem de se rebelar e fazer tudo que for poss\u00edvel para denunciar.<br \/>\nQuero desejar Feliz Natal, um Ano Novo de Paz a todos que me ajudaram e aos que n\u00e3o me ajudaram tamb\u00e9m.<br \/>\nSilvia Nascimento<\/p>\n<p style=\"text-align: justify;\">Car\u00edssima Ana L\u00facia&#8230;<br \/>\n&#8230;sou leitor do seu jornal. Dos mais simp\u00e1ticos a ele. Nos debates pelas ruas voc\u00eas t\u00eam em mim um aliado. Seus editoriais, com frequ\u00eancia, eu assinaria embaixo. \u00c9 com essa transpar\u00eancia que me reporto hoje para questionar alguns pontos da mat\u00e9ria de capa desta semana.<br \/>\nS\u00e3o feitas muitas cr\u00edticas, a partir dos coment\u00e1rios do bi\u00f3logo Rx Brito. A maioria muito pertinente, apesar do conjunto um tanto manique\u00edsta. Mas me incomodaram mais particularmente alguns pontos sobre a mudan\u00e7a do tr\u00e2nsito da rua Piloto Paulo Reis e a \u201cnova modalidade de estacionamento , a cal\u00e7ada-rua\u201d.<br \/>\nSou morador recente da rua, e a mudan\u00e7a me pareceu positiva. Em menos de seis meses j\u00e1 vi v\u00e1rios acidentes ali. Depois de algo mais grave ou mesmo uma morte, quais n\u00e3o seriam as manchetes? Algo na linha \u201cOmiss\u00e3o da Prefeitura causa morte&#8230;\u201d?<br \/>\nRosi Almeida, ao questionar se algum de n\u00f3s passaria por uma cal\u00e7ada pela qual carros estacionam ao mesmo tempo demonstra n\u00e3o conhecer o \u201cantes\u201d. O que se fez agora foi delimitar na cal\u00e7ada um espa\u00e7o para que ainda sobre por onde o pedestre passar, j\u00e1 que \u2014 tenho fotos \u2014 eles simplesmente tomavam TODA a cal\u00e7ada. Ou seja, melhorou. \u00c9 sim uma gambiarra, mas a situa\u00e7\u00e3o anterior, muito mais agressiva, n\u00e3o incomodava a leitora, a padaria, o jornal, a Prefeitura?<br \/>\nA cr\u00edtica de Reginaldo Siqueira, citado entre aspas,\u00a0 \u00e9 t\u00e3o gen\u00e9rica e superficial, bobinha mesmo,\u00a0 que sobram duas op\u00e7\u00f5es inteligentes. Desconsider\u00e1-la&#8230; ou ent\u00e3o admitir que sua fala n\u00e3o foi bem representada pelo jornal.<br \/>\nV\u00e1rias outras cr\u00edticas e sugest\u00f5es foram bem, colocadas, e acredito que esse processo leve a melhorias crescentes.<br \/>\n\u201cJornalismo \u00e9 publicar aquilo que algu\u00e9m n\u00e3o quer que se publique. Todo o resto \u00e9 publicidade\u201d (escolha um dos v\u00e1rios autores na internet). Muitas s\u00e3o as cr\u00edticas mais pertinentes, entre elas a necessidade de multar (atrav\u00e9s de pardais?) o flagrante desrespeito aos sem\u00e1foros das pontes, a tomada pelos maconheiros do Parque das \u00c1guas \u00e0 noite&#8230; e a maior de todas: a falta de transpar\u00eancia, contra a qual este jornal bravamente (e com minha torcida, mais do que efetivo apoio, admito) grita.<br \/>\nPor fim, me pareceu um tanto desproporcional a capa. Duas enormes fotos do estacionamento ilustrando o inconformismo (com o qual em muito concordo) de Rx Brito, que nem se refere ao ponto em quest\u00e3o&#8230; e mais nada na capa? Soma-se a manchete bastante cr\u00edtica. Como falta de assunto \u00e9 que n\u00e3o \u00e9, parece sim que erraram na m\u00e3o.<br \/>\nNa pr\u00f3xima sexta, logo pela manh\u00e3, estarei de novo nas bancas comprando meu exemplar. No conjunto, voc\u00eas est\u00e3o de parab\u00e9ns.<br \/>\nAtenciosamente<br \/>\nPT Sauda\u00e7\u00f5es<br \/>\nProf. Luciano<\/p>\n<p style=\"text-align: justify;\">RESPOSTA DA EDITORA<br \/>\nCaro leitor,<br \/>\nJornalismo \u00e9 aquilo que pulsa nas ruas ou nas redes e e entra em difus\u00e3o e tamb\u00e9m o que algu\u00e9m n\u00e3o quer que se publique, o resto \u00e9 clich\u00ea. Respeito sua opini\u00e3o, mas acredite, os coment\u00e1rios de outros moradores, motoristas e pedestres diferem muito da sua opini\u00e3o sobre algo no m\u00ednimo \u2013 a\u00ed \u00e9 a minha opini\u00e3o &#8211; esquisito. Os acidentes e aborrecimentos sempre aconteceram por conta da sa\u00edda dos carros da citada cal\u00e7ada. Para alguns, parece, que apenas a mudan\u00e7a do tr\u00e1fego e a demarca\u00e7\u00e3o de estacionamento num dos lados seria o suficiente. A cal\u00e7ada \u00e9 cal\u00e7ada. Ela n\u00e3o tem recuo adequado para o pedestre e depois, uma das fotos mostra um carro avan\u00e7ando a linha sobre o espa\u00e7o de pedestre. Quem fiscalizar\u00e1 o jeitinho? Agradecemos as observa\u00e7\u00f5es.<br \/>\nAna L\u00facia<\/p>\n","protected":false},"excerpt":{"rendered":"<p>Prezada editora Ana L\u00facia, As pol\u00edticas p\u00fablicas devem ser direcionadas ao bem-estar dos cidad\u00e3os em geral, de acordo com a concretude prevista na Constitui\u00e7\u00e3o<\/p>\n","protected":false},"author":1,"featured_media":0,"comment_status":"open","ping_status":"open","sticky":false,"template":"","format":"standard","meta":{"pmpro_default_level":"","footnotes":""},"categories":[8],"tags":[],"class_list":["post-17962","post","type-post","status-publish","format-standard","hentry","category-opiniao","pmpro-has-access"],"yoast_head":"<!-- This site is optimized with the Yoast SEO plugin v27.4 - https:\/\/yoast.com\/product\/yoast-seo-wordpress\/ -->\n<title>Cartas e E-mails - JORNAL BEIRA RIO<\/title>\n<meta name=\"robots\" content=\"index, follow, max-snippet:-1, max-image-preview:large, max-video-preview:-1\" \/>\n<link rel=\"canonical\" href=\"https:\/\/jornalbeirario.com.br\/portal\/?p=17962\" \/>\n<meta property=\"og:locale\" content=\"pt_BR\" \/>\n<meta property=\"og:type\" content=\"article\" \/>\n<meta property=\"og:title\" content=\"Cartas e E-mails - JORNAL BEIRA RIO\" \/>\n<meta property=\"og:description\" content=\"Prezada editora Ana L\u00facia, As pol\u00edticas p\u00fablicas devem ser direcionadas ao bem-estar dos cidad\u00e3os em geral, de acordo com a concretude prevista na Constitui\u00e7\u00e3o\" \/>\n<meta property=\"og:url\" content=\"https:\/\/jornalbeirario.com.br\/portal\/?p=17962\" \/>\n<meta property=\"og:site_name\" content=\"JORNAL BEIRA RIO\" \/>\n<meta property=\"article:published_time\" content=\"2013-12-20T02:38:45+00:00\" \/>\n<meta name=\"author\" content=\"Jornal BEIRA-RIO\" \/>\n<meta name=\"twitter:card\" content=\"summary_large_image\" \/>\n<meta name=\"twitter:label1\" content=\"Escrito por\" \/>\n\t<meta name=\"twitter:data1\" content=\"Jornal BEIRA-RIO\" \/>\n\t<meta name=\"twitter:label2\" content=\"Est. tempo de leitura\" \/>\n\t<meta name=\"twitter:data2\" content=\"6 minutos\" \/>\n<script type=\"application\/ld+json\" class=\"yoast-schema-graph\">{\"@context\":\"https:\\\/\\\/schema.org\",\"@graph\":[{\"@type\":\"Article\",\"@id\":\"https:\\\/\\\/jornalbeirario.com.br\\\/portal\\\/?p=17962#article\",\"isPartOf\":{\"@id\":\"https:\\\/\\\/jornalbeirario.com.br\\\/portal\\\/?p=17962\"},\"author\":{\"name\":\"Jornal BEIRA-RIO\",\"@id\":\"https:\\\/\\\/jornalbeirario.com.br\\\/portal\\\/#\\\/schema\\\/person\\\/c6c423e4c2465d2a9233f6539173e7c1\"},\"headline\":\"Cartas e E-mails\",\"datePublished\":\"2013-12-20T02:38:45+00:00\",\"mainEntityOfPage\":{\"@id\":\"https:\\\/\\\/jornalbeirario.com.br\\\/portal\\\/?p=17962\"},\"wordCount\":1206,\"commentCount\":0,\"publisher\":{\"@id\":\"https:\\\/\\\/jornalbeirario.com.br\\\/portal\\\/#organization\"},\"articleSection\":[\"Opini\u00e3o\"],\"inLanguage\":\"pt-BR\",\"potentialAction\":[{\"@type\":\"CommentAction\",\"name\":\"Comment\",\"target\":[\"https:\\\/\\\/jornalbeirario.com.br\\\/portal\\\/?p=17962#respond\"]}]},{\"@type\":\"WebPage\",\"@id\":\"https:\\\/\\\/jornalbeirario.com.br\\\/portal\\\/?p=17962\",\"url\":\"https:\\\/\\\/jornalbeirario.com.br\\\/portal\\\/?p=17962\",\"name\":\"Cartas e E-mails - JORNAL BEIRA RIO\",\"isPartOf\":{\"@id\":\"https:\\\/\\\/jornalbeirario.com.br\\\/portal\\\/#website\"},\"datePublished\":\"2013-12-20T02:38:45+00:00\",\"breadcrumb\":{\"@id\":\"https:\\\/\\\/jornalbeirario.com.br\\\/portal\\\/?p=17962#breadcrumb\"},\"inLanguage\":\"pt-BR\",\"potentialAction\":[{\"@type\":\"ReadAction\",\"target\":[\"https:\\\/\\\/jornalbeirario.com.br\\\/portal\\\/?p=17962\"]}]},{\"@type\":\"BreadcrumbList\",\"@id\":\"https:\\\/\\\/jornalbeirario.com.br\\\/portal\\\/?p=17962#breadcrumb\",\"itemListElement\":[{\"@type\":\"ListItem\",\"position\":1,\"name\":\"Home\",\"item\":\"https:\\\/\\\/jornalbeirario.com.br\\\/portal\"},{\"@type\":\"ListItem\",\"position\":2,\"name\":\"Cartas e E-mails\"}]},{\"@type\":\"WebSite\",\"@id\":\"https:\\\/\\\/jornalbeirario.com.br\\\/portal\\\/#website\",\"url\":\"https:\\\/\\\/jornalbeirario.com.br\\\/portal\\\/\",\"name\":\"JORNAL BEIRA RIO\",\"description\":\"\",\"publisher\":{\"@id\":\"https:\\\/\\\/jornalbeirario.com.br\\\/portal\\\/#organization\"},\"potentialAction\":[{\"@type\":\"SearchAction\",\"target\":{\"@type\":\"EntryPoint\",\"urlTemplate\":\"https:\\\/\\\/jornalbeirario.com.br\\\/portal\\\/?s={search_term_string}\"},\"query-input\":{\"@type\":\"PropertyValueSpecification\",\"valueRequired\":true,\"valueName\":\"search_term_string\"}}],\"inLanguage\":\"pt-BR\"},{\"@type\":\"Organization\",\"@id\":\"https:\\\/\\\/jornalbeirario.com.br\\\/portal\\\/#organization\",\"name\":\"JORNAL BEIRA RIO\",\"url\":\"https:\\\/\\\/jornalbeirario.com.br\\\/portal\\\/\",\"logo\":{\"@type\":\"ImageObject\",\"inLanguage\":\"pt-BR\",\"@id\":\"https:\\\/\\\/jornalbeirario.com.br\\\/portal\\\/#\\\/schema\\\/logo\\\/image\\\/\",\"url\":\"https:\\\/\\\/jornalbeirario.com.br\\\/portal\\\/wp-content\\\/uploads\\\/2017\\\/09\\\/BEIRA-RIO_logo600.png\",\"contentUrl\":\"https:\\\/\\\/jornalbeirario.com.br\\\/portal\\\/wp-content\\\/uploads\\\/2017\\\/09\\\/BEIRA-RIO_logo600.png\",\"width\":650,\"height\":108,\"caption\":\"JORNAL BEIRA RIO\"},\"image\":{\"@id\":\"https:\\\/\\\/jornalbeirario.com.br\\\/portal\\\/#\\\/schema\\\/logo\\\/image\\\/\"}},{\"@type\":\"Person\",\"@id\":\"https:\\\/\\\/jornalbeirario.com.br\\\/portal\\\/#\\\/schema\\\/person\\\/c6c423e4c2465d2a9233f6539173e7c1\",\"name\":\"Jornal BEIRA-RIO\",\"image\":{\"@type\":\"ImageObject\",\"inLanguage\":\"pt-BR\",\"@id\":\"https:\\\/\\\/jornalbeirario.com.br\\\/portal\\\/wp-content\\\/uploads\\\/2023\\\/10\\\/logojbr1.jpg\",\"url\":\"https:\\\/\\\/jornalbeirario.com.br\\\/portal\\\/wp-content\\\/uploads\\\/2023\\\/10\\\/logojbr1.jpg\",\"contentUrl\":\"https:\\\/\\\/jornalbeirario.com.br\\\/portal\\\/wp-content\\\/uploads\\\/2023\\\/10\\\/logojbr1.jpg\",\"caption\":\"Jornal BEIRA-RIO\"},\"url\":\"https:\\\/\\\/jornalbeirario.com.br\\\/portal\\\/?author=1\"}]}<\/script>\n<!-- \/ Yoast SEO plugin. -->","yoast_head_json":{"title":"Cartas e E-mails - JORNAL BEIRA RIO","robots":{"index":"index","follow":"follow","max-snippet":"max-snippet:-1","max-image-preview":"max-image-preview:large","max-video-preview":"max-video-preview:-1"},"canonical":"https:\/\/jornalbeirario.com.br\/portal\/?p=17962","og_locale":"pt_BR","og_type":"article","og_title":"Cartas e E-mails - JORNAL BEIRA RIO","og_description":"Prezada editora Ana L\u00facia, As pol\u00edticas p\u00fablicas devem ser direcionadas ao bem-estar dos cidad\u00e3os em geral, de acordo com a concretude prevista na Constitui\u00e7\u00e3o","og_url":"https:\/\/jornalbeirario.com.br\/portal\/?p=17962","og_site_name":"JORNAL BEIRA RIO","article_published_time":"2013-12-20T02:38:45+00:00","author":"Jornal BEIRA-RIO","twitter_card":"summary_large_image","twitter_misc":{"Escrito por":"Jornal BEIRA-RIO","Est. tempo de leitura":"6 minutos"},"schema":{"@context":"https:\/\/schema.org","@graph":[{"@type":"Article","@id":"https:\/\/jornalbeirario.com.br\/portal\/?p=17962#article","isPartOf":{"@id":"https:\/\/jornalbeirario.com.br\/portal\/?p=17962"},"author":{"name":"Jornal BEIRA-RIO","@id":"https:\/\/jornalbeirario.com.br\/portal\/#\/schema\/person\/c6c423e4c2465d2a9233f6539173e7c1"},"headline":"Cartas e E-mails","datePublished":"2013-12-20T02:38:45+00:00","mainEntityOfPage":{"@id":"https:\/\/jornalbeirario.com.br\/portal\/?p=17962"},"wordCount":1206,"commentCount":0,"publisher":{"@id":"https:\/\/jornalbeirario.com.br\/portal\/#organization"},"articleSection":["Opini\u00e3o"],"inLanguage":"pt-BR","potentialAction":[{"@type":"CommentAction","name":"Comment","target":["https:\/\/jornalbeirario.com.br\/portal\/?p=17962#respond"]}]},{"@type":"WebPage","@id":"https:\/\/jornalbeirario.com.br\/portal\/?p=17962","url":"https:\/\/jornalbeirario.com.br\/portal\/?p=17962","name":"Cartas e E-mails - JORNAL BEIRA RIO","isPartOf":{"@id":"https:\/\/jornalbeirario.com.br\/portal\/#website"},"datePublished":"2013-12-20T02:38:45+00:00","breadcrumb":{"@id":"https:\/\/jornalbeirario.com.br\/portal\/?p=17962#breadcrumb"},"inLanguage":"pt-BR","potentialAction":[{"@type":"ReadAction","target":["https:\/\/jornalbeirario.com.br\/portal\/?p=17962"]}]},{"@type":"BreadcrumbList","@id":"https:\/\/jornalbeirario.com.br\/portal\/?p=17962#breadcrumb","itemListElement":[{"@type":"ListItem","position":1,"name":"Home","item":"https:\/\/jornalbeirario.com.br\/portal"},{"@type":"ListItem","position":2,"name":"Cartas e E-mails"}]},{"@type":"WebSite","@id":"https:\/\/jornalbeirario.com.br\/portal\/#website","url":"https:\/\/jornalbeirario.com.br\/portal\/","name":"JORNAL BEIRA RIO","description":"","publisher":{"@id":"https:\/\/jornalbeirario.com.br\/portal\/#organization"},"potentialAction":[{"@type":"SearchAction","target":{"@type":"EntryPoint","urlTemplate":"https:\/\/jornalbeirario.com.br\/portal\/?s={search_term_string}"},"query-input":{"@type":"PropertyValueSpecification","valueRequired":true,"valueName":"search_term_string"}}],"inLanguage":"pt-BR"},{"@type":"Organization","@id":"https:\/\/jornalbeirario.com.br\/portal\/#organization","name":"JORNAL BEIRA RIO","url":"https:\/\/jornalbeirario.com.br\/portal\/","logo":{"@type":"ImageObject","inLanguage":"pt-BR","@id":"https:\/\/jornalbeirario.com.br\/portal\/#\/schema\/logo\/image\/","url":"https:\/\/jornalbeirario.com.br\/portal\/wp-content\/uploads\/2017\/09\/BEIRA-RIO_logo600.png","contentUrl":"https:\/\/jornalbeirario.com.br\/portal\/wp-content\/uploads\/2017\/09\/BEIRA-RIO_logo600.png","width":650,"height":108,"caption":"JORNAL BEIRA RIO"},"image":{"@id":"https:\/\/jornalbeirario.com.br\/portal\/#\/schema\/logo\/image\/"}},{"@type":"Person","@id":"https:\/\/jornalbeirario.com.br\/portal\/#\/schema\/person\/c6c423e4c2465d2a9233f6539173e7c1","name":"Jornal BEIRA-RIO","image":{"@type":"ImageObject","inLanguage":"pt-BR","@id":"https:\/\/jornalbeirario.com.br\/portal\/wp-content\/uploads\/2023\/10\/logojbr1.jpg","url":"https:\/\/jornalbeirario.com.br\/portal\/wp-content\/uploads\/2023\/10\/logojbr1.jpg","contentUrl":"https:\/\/jornalbeirario.com.br\/portal\/wp-content\/uploads\/2023\/10\/logojbr1.jpg","caption":"Jornal BEIRA-RIO"},"url":"https:\/\/jornalbeirario.com.br\/portal\/?author=1"}]}},"_links":{"self":[{"href":"https:\/\/jornalbeirario.com.br\/portal\/index.php?rest_route=\/wp\/v2\/posts\/17962","targetHints":{"allow":["GET"]}}],"collection":[{"href":"https:\/\/jornalbeirario.com.br\/portal\/index.php?rest_route=\/wp\/v2\/posts"}],"about":[{"href":"https:\/\/jornalbeirario.com.br\/portal\/index.php?rest_route=\/wp\/v2\/types\/post"}],"author":[{"embeddable":true,"href":"https:\/\/jornalbeirario.com.br\/portal\/index.php?rest_route=\/wp\/v2\/users\/1"}],"replies":[{"embeddable":true,"href":"https:\/\/jornalbeirario.com.br\/portal\/index.php?rest_route=%2Fwp%2Fv2%2Fcomments&post=17962"}],"version-history":[{"count":3,"href":"https:\/\/jornalbeirario.com.br\/portal\/index.php?rest_route=\/wp\/v2\/posts\/17962\/revisions"}],"predecessor-version":[{"id":17988,"href":"https:\/\/jornalbeirario.com.br\/portal\/index.php?rest_route=\/wp\/v2\/posts\/17962\/revisions\/17988"}],"wp:attachment":[{"href":"https:\/\/jornalbeirario.com.br\/portal\/index.php?rest_route=%2Fwp%2Fv2%2Fmedia&parent=17962"}],"wp:term":[{"taxonomy":"category","embeddable":true,"href":"https:\/\/jornalbeirario.com.br\/portal\/index.php?rest_route=%2Fwp%2Fv2%2Fcategories&post=17962"},{"taxonomy":"post_tag","embeddable":true,"href":"https:\/\/jornalbeirario.com.br\/portal\/index.php?rest_route=%2Fwp%2Fv2%2Ftags&post=17962"}],"curies":[{"name":"wp","href":"https:\/\/api.w.org\/{rel}","templated":true}]}}