
{"id":17313,"date":"2013-12-03T20:02:20","date_gmt":"2013-12-03T20:02:20","guid":{"rendered":"http:\/\/jornalbeirario.com.br\/portal\/portal\/?p=17313"},"modified":"2013-12-03T20:02:20","modified_gmt":"2013-12-03T20:02:20","slug":"prefeitura-quer-retomar-convenio-de-obra-do-sesmaria","status":"publish","type":"post","link":"https:\/\/jornalbeirario.com.br\/portal\/?p=17313","title":{"rendered":"Prefeitura quer retomar conv\u00eanio de obra do Sesmaria"},"content":{"rendered":"<p style=\"text-align: justify;\">&#8220;Todos querem uma solu\u00e7\u00e3o para o caso das enchentes que v\u00eam acontecendo no rio Sesmaria. E ela foi feita dentro de um car\u00e1ter emergencial, com licen\u00e7a do Inea e com fiscaliza\u00e7\u00e3o do Minist\u00e9rio P\u00fablico e do TCU. O que queremos \u00e9 retomar o conv\u00eanio com o Minist\u00e9rio da Integra\u00e7\u00e3o e voltar a tocar a obra&#8221;. Esta foi a explica\u00e7\u00e3o do prefeito Jos\u00e9 Rechuan J\u00fanior (PP) para a solu\u00e7\u00e3o tomada pela Prefeitura de Resende, quando questionado sobre um pedido do Minist\u00e9rio P\u00fablico Federal (MPF) para que Resende adote medidas emergenciais no rio Sesmaria para evitar a ocorr\u00eancia de desastres provocados pelas chuvas na regi\u00e3o.<\/p>\n<p style=\"text-align: justify;\">A declara\u00e7\u00e3o foi dada durante coletiva voltada \u00e0 imprensa ter\u00e7a-feira, dia 3, no Gabinete do Prefeito, para a apresenta\u00e7\u00e3o do novo Plano de Conting\u00eancia de Prote\u00e7\u00e3o e Defesa Civil, para riscos de Inunda\u00e7\u00f5es Bruscas ou Alagamentos, e de Riscos Geol\u00f3gicos. Na ocasi\u00e3o, tamb\u00e9m estiveram presentes o coordenador da Defesa Civil, Atanagildo de Oliveira; o secret\u00e1rio de Assist\u00eancia Social, Alfredo de Oliveira, e o Comandante do Grupamento de Corpo de Bombeiros de Resende, Coronel Marco Ant\u00f4nio Resende. Rechuan tamb\u00e9m foi questionado pelo jornal BEIRA-RIO sobre as recomenda\u00e7\u00f5es feitas pelo Minist\u00e9rio P\u00fablico Federal (MPF) quanto \u00e0 necessidade de estudos hidrogeol\u00f3gicos e de projeto b\u00e1sico, motivos que levaram ao embargo da obra.<\/p>\n<p style=\"text-align: justify;\">&#8211; Realizamos uma reuni\u00e3o no dia 18 de outubro para solicitarmos ao Minist\u00e9rio da Integra\u00e7\u00e3o Nacional mais recursos financeiros para podermos encerrar as obras do Sesmaria, uma vez que dois ter\u00e7os dela est\u00e1 pronta &#8211; respondeu o prefeito, que no entanto n\u00e3o mostrou nenhum estudo hidrogeol\u00f3gico sobre a \u00e1rea, se limitando apenas a citar a realiza\u00e7\u00e3o de algumas das medidas sugeridas pelo MPF e mostrando uma c\u00f3pia do documento com o pedido da volta do conv\u00eanio assinado em 30 de dezembro de 2010, com a Uni\u00e3o.<\/p>\n<p style=\"text-align: justify;\">Entre as principais medidas, est\u00e3o a retirada do entulho localizado junto aos pilares das pontes que cortam o rio, a realiza\u00e7\u00e3o de aterro de \u00e1reas atr\u00e1s dos muros de conten\u00e7\u00e3o, a instala\u00e7\u00e3o de canaletas de drenagem nas partes superiores dos muros conforme orienta\u00e7\u00f5es do corpo t\u00e9cnico do Instituto Estadual do Ambiente (Inea). O prefeito deve informar ao MPF a data do in\u00edcio das atividades e apresentar a descri\u00e7\u00e3o das a\u00e7\u00f5es a serem realizadas para atender a recomenda\u00e7\u00e3o.<\/p>\n<p style=\"text-align: justify;\">LEVANTAMENTO APONTA 27 \u00c1REAS DE RISCO PARA ALAGAMENTO<br \/>\nSegundo o prefeito, o Plano tem o objetivo de orientar a popula\u00e7\u00e3o a como proceder em casos de emerg\u00eancia, quais os setores devem ser acionados e a fun\u00e7\u00e3o de cada um. &#8220;A colabora\u00e7\u00e3o da comunidade \u00e9 fundamental&#8221;, afirmou.<\/p>\n<p style=\"text-align: justify;\">De acordo com o diretor da Defesa Civil, Atanagildo Oliveira, desde 2010, o Munic\u00edpio conta com Plano de Conting\u00eancia a Emerg\u00eancias, que desta vez foi ampliado e dividido em dois casos, sendo que ambos t\u00eam como finalidade coordenar, organizar e facilitar as a\u00e7\u00f5es dos \u00f3rg\u00e3os p\u00fablicos e privados, antes, durante e depois de desastres naturais. Segundo levantamento feito pelo setor, o Munic\u00edpio conta com 27 \u00e1reas consideradas de risco de alagamento e 35 pontos de risco geol\u00f3gico (desabamento), sendo que todos s\u00e3o acompanhados constantemente pela Defesa Civil.<\/p>\n<p style=\"text-align: justify;\">Os Planos de Conting\u00eancia a Emerg\u00eancias re\u00fanem diversos setores da Prefeitura para que o trabalho de preven\u00e7\u00e3o e atendimento \u00e0 popula\u00e7\u00e3o ocorra de forma integrada. Fazem parte do plano todas as secretarias municipais, superintend\u00eancias e departamentos da Prefeitura, sob a coordena\u00e7\u00e3o da Secretaria de Obras, onde a Defesa Civil \u00e9 vinculada, e ao Gabinete do Prefeito. &#8220;Em caso de qualquer problema, estamos com o telefone 199 \u00e0 disposi\u00e7\u00e3o 24 horas todos os dias da semana, incluindo s\u00e1bado, domingo e feriado. Trabalhamos de forma preventiva com o objetivo de evitar problemas, mas neste per\u00edodo do ano temos que redobrar a aten\u00e7\u00e3o&#8221;, destaca.<\/p>\n","protected":false},"excerpt":{"rendered":"<p>&#8220;Todos querem uma solu\u00e7\u00e3o para o caso das enchentes que v\u00eam acontecendo no rio Sesmaria. E ela foi feita dentro de um car\u00e1ter emergencial,<\/p>\n","protected":false},"author":1,"featured_media":17326,"comment_status":"open","ping_status":"open","sticky":false,"template":"","format":"standard","meta":{"pmpro_default_level":"","footnotes":"","_members_access_role":[],"_members_access_error":""},"categories":[1],"tags":[155,153],"class_list":["post-17313","post","type-post","status-publish","format-standard","has-post-thumbnail","hentry","category-cidade","tag-dehoraemhora","tag-manchete","pmpro-has-access"],"yoast_head":"<!-- This site is optimized with the Yoast SEO plugin v28.4 - https:\/\/yoast.com\/product\/yoast-seo-wordpress\/ -->\n<title>Prefeitura quer retomar conv\u00eanio de obra do Sesmaria - JORNAL BEIRA RIO<\/title>\n<meta name=\"robots\" content=\"index, follow, max-snippet:-1, max-image-preview:large, max-video-preview:-1\" \/>\n<link rel=\"canonical\" href=\"https:\/\/jornalbeirario.com.br\/portal\/?p=17313\" \/>\n<meta property=\"og:locale\" content=\"pt_BR\" \/>\n<meta property=\"og:type\" content=\"article\" \/>\n<meta property=\"og:title\" content=\"Prefeitura quer retomar conv\u00eanio de obra do Sesmaria - JORNAL BEIRA RIO\" \/>\n<meta property=\"og:description\" content=\"&#8220;Todos querem uma solu\u00e7\u00e3o para o caso das enchentes que v\u00eam acontecendo no rio Sesmaria. E ela foi feita dentro de um car\u00e1ter emergencial,\" \/>\n<meta property=\"og:url\" content=\"https:\/\/jornalbeirario.com.br\/portal\/?p=17313\" \/>\n<meta property=\"og:site_name\" content=\"JORNAL BEIRA RIO\" \/>\n<meta property=\"article:published_time\" content=\"2013-12-03T20:02:20+00:00\" \/>\n<meta property=\"og:image\" content=\"https:\/\/jornalbeirario.com.br\/portal\/wp-content\/uploads\/2013\/12\/coletiva1.jpg\" \/>\n\t<meta property=\"og:image:width\" content=\"930\" \/>\n\t<meta property=\"og:image:height\" content=\"350\" \/>\n\t<meta property=\"og:image:type\" content=\"image\/jpeg\" \/>\n<meta name=\"author\" content=\"Jornal BEIRA-RIO\" \/>\n<meta name=\"twitter:card\" content=\"summary_large_image\" \/>\n<meta name=\"twitter:label1\" content=\"Escrito por\" \/>\n\t<meta name=\"twitter:data1\" content=\"Jornal BEIRA-RIO\" \/>\n\t<meta name=\"twitter:label2\" content=\"Est. tempo de leitura\" \/>\n\t<meta name=\"twitter:data2\" content=\"3 minutos\" \/>\n<script type=\"application\/ld+json\" class=\"yoast-schema-graph\">{\"@context\":\"https:\\\/\\\/schema.org\",\"@graph\":[{\"@type\":\"Article\",\"@id\":\"https:\\\/\\\/jornalbeirario.com.br\\\/portal\\\/?p=17313#article\",\"isPartOf\":{\"@id\":\"https:\\\/\\\/jornalbeirario.com.br\\\/portal\\\/?p=17313\"},\"author\":{\"name\":\"Jornal BEIRA-RIO\",\"@id\":\"https:\\\/\\\/jornalbeirario.com.br\\\/portal\\\/#\\\/schema\\\/person\\\/c6c423e4c2465d2a9233f6539173e7c1\"},\"headline\":\"Prefeitura quer retomar conv\u00eanio de obra do Sesmaria\",\"datePublished\":\"2013-12-03T20:02:20+00:00\",\"mainEntityOfPage\":{\"@id\":\"https:\\\/\\\/jornalbeirario.com.br\\\/portal\\\/?p=17313\"},\"wordCount\":682,\"commentCount\":0,\"publisher\":{\"@id\":\"https:\\\/\\\/jornalbeirario.com.br\\\/portal\\\/#organization\"},\"image\":{\"@id\":\"https:\\\/\\\/jornalbeirario.com.br\\\/portal\\\/?p=17313#primaryimage\"},\"thumbnailUrl\":\"https:\\\/\\\/jornalbeirario.com.br\\\/portal\\\/wp-content\\\/uploads\\\/2013\\\/12\\\/coletiva1.jpg\",\"keywords\":[\"dehoraemhora\",\"manchete\"],\"articleSection\":[\"Cidade\"],\"inLanguage\":\"pt-BR\",\"potentialAction\":[{\"@type\":\"CommentAction\",\"name\":\"Comment\",\"target\":[\"https:\\\/\\\/jornalbeirario.com.br\\\/portal\\\/?p=17313#respond\"]}]},{\"@type\":\"WebPage\",\"@id\":\"https:\\\/\\\/jornalbeirario.com.br\\\/portal\\\/?p=17313\",\"url\":\"https:\\\/\\\/jornalbeirario.com.br\\\/portal\\\/?p=17313\",\"name\":\"Prefeitura quer retomar conv\u00eanio de obra do Sesmaria - JORNAL BEIRA RIO\",\"isPartOf\":{\"@id\":\"https:\\\/\\\/jornalbeirario.com.br\\\/portal\\\/#website\"},\"primaryImageOfPage\":{\"@id\":\"https:\\\/\\\/jornalbeirario.com.br\\\/portal\\\/?p=17313#primaryimage\"},\"image\":{\"@id\":\"https:\\\/\\\/jornalbeirario.com.br\\\/portal\\\/?p=17313#primaryimage\"},\"thumbnailUrl\":\"https:\\\/\\\/jornalbeirario.com.br\\\/portal\\\/wp-content\\\/uploads\\\/2013\\\/12\\\/coletiva1.jpg\",\"datePublished\":\"2013-12-03T20:02:20+00:00\",\"breadcrumb\":{\"@id\":\"https:\\\/\\\/jornalbeirario.com.br\\\/portal\\\/?p=17313#breadcrumb\"},\"inLanguage\":\"pt-BR\",\"potentialAction\":[{\"@type\":\"ReadAction\",\"target\":[\"https:\\\/\\\/jornalbeirario.com.br\\\/portal\\\/?p=17313\"]}]},{\"@type\":\"ImageObject\",\"inLanguage\":\"pt-BR\",\"@id\":\"https:\\\/\\\/jornalbeirario.com.br\\\/portal\\\/?p=17313#primaryimage\",\"url\":\"https:\\\/\\\/jornalbeirario.com.br\\\/portal\\\/wp-content\\\/uploads\\\/2013\\\/12\\\/coletiva1.jpg\",\"contentUrl\":\"https:\\\/\\\/jornalbeirario.com.br\\\/portal\\\/wp-content\\\/uploads\\\/2013\\\/12\\\/coletiva1.jpg\",\"width\":\"930\",\"height\":\"350\"},{\"@type\":\"BreadcrumbList\",\"@id\":\"https:\\\/\\\/jornalbeirario.com.br\\\/portal\\\/?p=17313#breadcrumb\",\"itemListElement\":[{\"@type\":\"ListItem\",\"position\":1,\"name\":\"Home\",\"item\":\"https:\\\/\\\/jornalbeirario.com.br\\\/portal\"},{\"@type\":\"ListItem\",\"position\":2,\"name\":\"Prefeitura quer retomar conv\u00eanio de obra do Sesmaria\"}]},{\"@type\":\"WebSite\",\"@id\":\"https:\\\/\\\/jornalbeirario.com.br\\\/portal\\\/#website\",\"url\":\"https:\\\/\\\/jornalbeirario.com.br\\\/portal\\\/\",\"name\":\"JORNAL BEIRA RIO\",\"description\":\"\",\"publisher\":{\"@id\":\"https:\\\/\\\/jornalbeirario.com.br\\\/portal\\\/#organization\"},\"potentialAction\":[{\"@type\":\"SearchAction\",\"target\":{\"@type\":\"EntryPoint\",\"urlTemplate\":\"https:\\\/\\\/jornalbeirario.com.br\\\/portal\\\/?s={search_term_string}\"},\"query-input\":{\"@type\":\"PropertyValueSpecification\",\"valueRequired\":true,\"valueName\":\"search_term_string\"}}],\"inLanguage\":\"pt-BR\"},{\"@type\":\"Organization\",\"@id\":\"https:\\\/\\\/jornalbeirario.com.br\\\/portal\\\/#organization\",\"name\":\"JORNAL BEIRA RIO\",\"url\":\"https:\\\/\\\/jornalbeirario.com.br\\\/portal\\\/\",\"logo\":{\"@type\":\"ImageObject\",\"inLanguage\":\"pt-BR\",\"@id\":\"https:\\\/\\\/jornalbeirario.com.br\\\/portal\\\/#\\\/schema\\\/logo\\\/image\\\/\",\"url\":\"https:\\\/\\\/jornalbeirario.com.br\\\/portal\\\/wp-content\\\/uploads\\\/2017\\\/09\\\/BEIRA-RIO_logo600.png\",\"contentUrl\":\"https:\\\/\\\/jornalbeirario.com.br\\\/portal\\\/wp-content\\\/uploads\\\/2017\\\/09\\\/BEIRA-RIO_logo600.png\",\"width\":650,\"height\":108,\"caption\":\"JORNAL BEIRA RIO\"},\"image\":{\"@id\":\"https:\\\/\\\/jornalbeirario.com.br\\\/portal\\\/#\\\/schema\\\/logo\\\/image\\\/\"}},{\"@type\":\"Person\",\"@id\":\"https:\\\/\\\/jornalbeirario.com.br\\\/portal\\\/#\\\/schema\\\/person\\\/c6c423e4c2465d2a9233f6539173e7c1\",\"name\":\"Jornal BEIRA-RIO\",\"image\":{\"@type\":\"ImageObject\",\"inLanguage\":\"pt-BR\",\"@id\":\"https:\\\/\\\/jornalbeirario.com.br\\\/portal\\\/wp-content\\\/uploads\\\/2023\\\/10\\\/logojbr1.jpg\",\"url\":\"https:\\\/\\\/jornalbeirario.com.br\\\/portal\\\/wp-content\\\/uploads\\\/2023\\\/10\\\/logojbr1.jpg\",\"contentUrl\":\"https:\\\/\\\/jornalbeirario.com.br\\\/portal\\\/wp-content\\\/uploads\\\/2023\\\/10\\\/logojbr1.jpg\",\"caption\":\"Jornal BEIRA-RIO\"},\"url\":\"https:\\\/\\\/jornalbeirario.com.br\\\/portal\\\/?author=1\"}]}<\/script>\n<!-- \/ Yoast SEO plugin. -->","yoast_head_json":{"title":"Prefeitura quer retomar conv\u00eanio de obra do Sesmaria - JORNAL BEIRA RIO","robots":{"index":"index","follow":"follow","max-snippet":"max-snippet:-1","max-image-preview":"max-image-preview:large","max-video-preview":"max-video-preview:-1"},"canonical":"https:\/\/jornalbeirario.com.br\/portal\/?p=17313","og_locale":"pt_BR","og_type":"article","og_title":"Prefeitura quer retomar conv\u00eanio de obra do Sesmaria - JORNAL BEIRA RIO","og_description":"&#8220;Todos querem uma solu\u00e7\u00e3o para o caso das enchentes que v\u00eam acontecendo no rio Sesmaria. E ela foi feita dentro de um car\u00e1ter emergencial,","og_url":"https:\/\/jornalbeirario.com.br\/portal\/?p=17313","og_site_name":"JORNAL BEIRA RIO","article_published_time":"2013-12-03T20:02:20+00:00","og_image":[{"width":930,"height":350,"url":"https:\/\/jornalbeirario.com.br\/portal\/wp-content\/uploads\/2013\/12\/coletiva1.jpg","type":"image\/jpeg"}],"author":"Jornal BEIRA-RIO","twitter_card":"summary_large_image","twitter_misc":{"Escrito por":"Jornal BEIRA-RIO","Est. tempo de leitura":"3 minutos"},"schema":{"@context":"https:\/\/schema.org","@graph":[{"@type":"Article","@id":"https:\/\/jornalbeirario.com.br\/portal\/?p=17313#article","isPartOf":{"@id":"https:\/\/jornalbeirario.com.br\/portal\/?p=17313"},"author":{"name":"Jornal BEIRA-RIO","@id":"https:\/\/jornalbeirario.com.br\/portal\/#\/schema\/person\/c6c423e4c2465d2a9233f6539173e7c1"},"headline":"Prefeitura quer retomar conv\u00eanio de obra do Sesmaria","datePublished":"2013-12-03T20:02:20+00:00","mainEntityOfPage":{"@id":"https:\/\/jornalbeirario.com.br\/portal\/?p=17313"},"wordCount":682,"commentCount":0,"publisher":{"@id":"https:\/\/jornalbeirario.com.br\/portal\/#organization"},"image":{"@id":"https:\/\/jornalbeirario.com.br\/portal\/?p=17313#primaryimage"},"thumbnailUrl":"https:\/\/jornalbeirario.com.br\/portal\/wp-content\/uploads\/2013\/12\/coletiva1.jpg","keywords":["dehoraemhora","manchete"],"articleSection":["Cidade"],"inLanguage":"pt-BR","potentialAction":[{"@type":"CommentAction","name":"Comment","target":["https:\/\/jornalbeirario.com.br\/portal\/?p=17313#respond"]}]},{"@type":"WebPage","@id":"https:\/\/jornalbeirario.com.br\/portal\/?p=17313","url":"https:\/\/jornalbeirario.com.br\/portal\/?p=17313","name":"Prefeitura quer retomar conv\u00eanio de obra do Sesmaria - JORNAL BEIRA RIO","isPartOf":{"@id":"https:\/\/jornalbeirario.com.br\/portal\/#website"},"primaryImageOfPage":{"@id":"https:\/\/jornalbeirario.com.br\/portal\/?p=17313#primaryimage"},"image":{"@id":"https:\/\/jornalbeirario.com.br\/portal\/?p=17313#primaryimage"},"thumbnailUrl":"https:\/\/jornalbeirario.com.br\/portal\/wp-content\/uploads\/2013\/12\/coletiva1.jpg","datePublished":"2013-12-03T20:02:20+00:00","breadcrumb":{"@id":"https:\/\/jornalbeirario.com.br\/portal\/?p=17313#breadcrumb"},"inLanguage":"pt-BR","potentialAction":[{"@type":"ReadAction","target":["https:\/\/jornalbeirario.com.br\/portal\/?p=17313"]}]},{"@type":"ImageObject","inLanguage":"pt-BR","@id":"https:\/\/jornalbeirario.com.br\/portal\/?p=17313#primaryimage","url":"https:\/\/jornalbeirario.com.br\/portal\/wp-content\/uploads\/2013\/12\/coletiva1.jpg","contentUrl":"https:\/\/jornalbeirario.com.br\/portal\/wp-content\/uploads\/2013\/12\/coletiva1.jpg","width":"930","height":"350"},{"@type":"BreadcrumbList","@id":"https:\/\/jornalbeirario.com.br\/portal\/?p=17313#breadcrumb","itemListElement":[{"@type":"ListItem","position":1,"name":"Home","item":"https:\/\/jornalbeirario.com.br\/portal"},{"@type":"ListItem","position":2,"name":"Prefeitura quer retomar conv\u00eanio de obra do Sesmaria"}]},{"@type":"WebSite","@id":"https:\/\/jornalbeirario.com.br\/portal\/#website","url":"https:\/\/jornalbeirario.com.br\/portal\/","name":"JORNAL BEIRA RIO","description":"","publisher":{"@id":"https:\/\/jornalbeirario.com.br\/portal\/#organization"},"potentialAction":[{"@type":"SearchAction","target":{"@type":"EntryPoint","urlTemplate":"https:\/\/jornalbeirario.com.br\/portal\/?s={search_term_string}"},"query-input":{"@type":"PropertyValueSpecification","valueRequired":true,"valueName":"search_term_string"}}],"inLanguage":"pt-BR"},{"@type":"Organization","@id":"https:\/\/jornalbeirario.com.br\/portal\/#organization","name":"JORNAL BEIRA RIO","url":"https:\/\/jornalbeirario.com.br\/portal\/","logo":{"@type":"ImageObject","inLanguage":"pt-BR","@id":"https:\/\/jornalbeirario.com.br\/portal\/#\/schema\/logo\/image\/","url":"https:\/\/jornalbeirario.com.br\/portal\/wp-content\/uploads\/2017\/09\/BEIRA-RIO_logo600.png","contentUrl":"https:\/\/jornalbeirario.com.br\/portal\/wp-content\/uploads\/2017\/09\/BEIRA-RIO_logo600.png","width":650,"height":108,"caption":"JORNAL BEIRA RIO"},"image":{"@id":"https:\/\/jornalbeirario.com.br\/portal\/#\/schema\/logo\/image\/"}},{"@type":"Person","@id":"https:\/\/jornalbeirario.com.br\/portal\/#\/schema\/person\/c6c423e4c2465d2a9233f6539173e7c1","name":"Jornal BEIRA-RIO","image":{"@type":"ImageObject","inLanguage":"pt-BR","@id":"https:\/\/jornalbeirario.com.br\/portal\/wp-content\/uploads\/2023\/10\/logojbr1.jpg","url":"https:\/\/jornalbeirario.com.br\/portal\/wp-content\/uploads\/2023\/10\/logojbr1.jpg","contentUrl":"https:\/\/jornalbeirario.com.br\/portal\/wp-content\/uploads\/2023\/10\/logojbr1.jpg","caption":"Jornal BEIRA-RIO"},"url":"https:\/\/jornalbeirario.com.br\/portal\/?author=1"}]}},"_links":{"self":[{"href":"https:\/\/jornalbeirario.com.br\/portal\/index.php?rest_route=\/wp\/v2\/posts\/17313","targetHints":{"allow":["GET"]}}],"collection":[{"href":"https:\/\/jornalbeirario.com.br\/portal\/index.php?rest_route=\/wp\/v2\/posts"}],"about":[{"href":"https:\/\/jornalbeirario.com.br\/portal\/index.php?rest_route=\/wp\/v2\/types\/post"}],"author":[{"embeddable":true,"href":"https:\/\/jornalbeirario.com.br\/portal\/index.php?rest_route=\/wp\/v2\/users\/1"}],"replies":[{"embeddable":true,"href":"https:\/\/jornalbeirario.com.br\/portal\/index.php?rest_route=%2Fwp%2Fv2%2Fcomments&post=17313"}],"version-history":[{"count":10,"href":"https:\/\/jornalbeirario.com.br\/portal\/index.php?rest_route=\/wp\/v2\/posts\/17313\/revisions"}],"predecessor-version":[{"id":17332,"href":"https:\/\/jornalbeirario.com.br\/portal\/index.php?rest_route=\/wp\/v2\/posts\/17313\/revisions\/17332"}],"wp:featuredmedia":[{"embeddable":true,"href":"https:\/\/jornalbeirario.com.br\/portal\/index.php?rest_route=\/wp\/v2\/media\/17326"}],"wp:attachment":[{"href":"https:\/\/jornalbeirario.com.br\/portal\/index.php?rest_route=%2Fwp%2Fv2%2Fmedia&parent=17313"}],"wp:term":[{"taxonomy":"category","embeddable":true,"href":"https:\/\/jornalbeirario.com.br\/portal\/index.php?rest_route=%2Fwp%2Fv2%2Fcategories&post=17313"},{"taxonomy":"post_tag","embeddable":true,"href":"https:\/\/jornalbeirario.com.br\/portal\/index.php?rest_route=%2Fwp%2Fv2%2Ftags&post=17313"}],"curies":[{"name":"wp","href":"https:\/\/api.w.org\/{rel}","templated":true}]}}