
{"id":17102,"date":"2013-11-29T10:44:37","date_gmt":"2013-11-29T10:44:37","guid":{"rendered":"http:\/\/jornalbeirario.com.br\/portal\/portal\/?p=17102"},"modified":"2013-11-29T10:44:37","modified_gmt":"2013-11-29T10:44:37","slug":"cartas-e-email","status":"publish","type":"post","link":"https:\/\/jornalbeirario.com.br\/portal\/?p=17102","title":{"rendered":"Cartas e Email"},"content":{"rendered":"<p style=\"text-align: justify;\">Prezados leitores,<br \/>\nA cria\u00e7\u00e3o do Cluster Automotivo do Sul Fluminense, se por um lado \u00e9 uma a\u00e7\u00e3o positiva, do outro lado mostra a total invers\u00e3o de valores, onde a iniciativa privada produz\u00a0 diagn\u00f3stico e propostas que deveriam ser atribui\u00e7\u00f5es do poder p\u00fablico estadual e municipal.<br \/>\nAs ind\u00fastrias, mais uma vez, est\u00e3o agindo pensando \u00fanica e exclusivamente nos seus interesses espec\u00edficos ao eleger energia, transporte, telecomunica\u00e7\u00f5es e &#8220;m\u00e3o-de-obra&#8221;, como car\u00eancias importantes da nossa regi\u00e3o, com \u00eanfase nas Agulhas Negras. Note que a preocupa\u00e7\u00e3o com o meio ambiente, incluindo saneamento b\u00e1sico, n\u00e3o faz parte das prioridades do cluster.<br \/>\nO que mais chama a nossa aten\u00e7\u00e3o \u00e9 que este trabalho do cluster das ind\u00fastrias deveria ser o primeiro passo do planejamento de industrializa\u00e7\u00e3o da Regi\u00e3o das Agulhas Negras, realizado pelos governos e com a participa\u00e7\u00e3o da sociedade, e n\u00e3o um passo dado quando as consequ\u00eancias e impactos s\u00f3cio ambientais j\u00e1 se fazem presente em preocupante escala: (i)mobilidade urbana, viol\u00eancia, tr\u00e1fico de drogas, especula\u00e7\u00e3o imobili\u00e1ria, danos ambientais, tudo em acelerado processo de expans\u00e3o.<br \/>\nTomamos conhecimento de que a montadora que seria instalada em Engenheiro Passos, uma APA, depois do nosso alerta junto\u00a0 ao MPF, foi transferida para uma \u00e1rea pr\u00f3xima as instala\u00e7\u00f5es da Xerox, em Itatiaia, no entorno do Parque Nacional do Itatiaia. Pelo que soubemos, mais uma vez um grande empreendimento est\u00e1 em curso na regi\u00e3o sem levar em considera\u00e7\u00e3o o Estatuto da Cidade (Lei federal), Plano Diretor e Lei Org\u00e2nica do munic\u00edpio de Itatiaia. Audi\u00eancias\u00a0 P\u00fablicas tamb\u00e9m\u00a0 n\u00e3o foram realizadas.<br \/>\nOs impactos s\u00f3cio ambientais de uma instala\u00e7\u00e3o deste porte ser\u00e3o sentidos principalmente em Resende, cidade que ir\u00e1 absorver este aumento de contingente populacional com todas as suas consequ\u00eancias. Os Conselhos de Meio Ambiente da Regi\u00e3o e as C\u00e2maras Municipais est\u00e3o amarrados pela influ\u00eancia dos governos locais. Por isso s\u00e3o inoperantes.\u00a0 S\u00f3 nos resta o MP.<br \/>\nEnquanto as ind\u00fastrias alardeiam seus investimentos, todos em BILH\u00d5ES, o governo estadual e os governos locais nada mencionam sobre os investimentos p\u00fablicos para fazer frente a essas novas demandas por infraestrutura. Nem mesmo a compensa\u00e7\u00e3o ambiental desses empreendimentos \u00e9 repassada pelo governo estadual aos munic\u00edpios.<br \/>\nO\u00a0 Comit\u00ea Pela Transpar\u00eancia e Controle Social de Resende (COMSOCIAL), solicitou ao MPF\u00a0 que exija do governo do estado e dos munic\u00edpios da Regi\u00e3o das Agulhas Negras os estudos e os relat\u00f3rios de impacto socioambiental decorrentes dos j\u00e1 implantados e dos futuros empreendimentos de alto impacto, como \u00e9 o caso das montadoras, devidamente acompanhado dos cronogramas f\u00edsico e financeiro dos investimentos p\u00fablicos necess\u00e1rios para a absor\u00e7\u00e3o desses impactos, ou seja, um TAC.<br \/>\nEnquanto este TAC n\u00e3o for apresentado pelos governos e aprovado por todos os atores envolvidos, incluindo a sociedade civil, novos empreendimentos ficariam suspensos. Outras institui\u00e7\u00f5es da sociedade civil do Vale do Para\u00edba est\u00e3o fazendo a mesma coisa, inclusive solicitando a aprova\u00e7\u00e3o do Zoneamento Econ\u00f4mico Ecol\u00f3gico da Regi\u00e3o como condicionante para novos empreendimentos.\u00a0\u00a0 N\u00e3o somos contra o desenvolvimento sustent\u00e1vel, nem contra o segmento industrial. Somos, sim, contra o caos anunciado e contra a falta de planejamento\u00a0 do poder p\u00fablico.<br \/>\nEliel de Assis Queiroz\/Presidente do ComSocial Resende<\/p>\n<p>\u201cParece coca\u00edna<br \/>\nMas \u00e9 s\u00f3 tristeza<br \/>\nTalvez tua cidade<br \/>\nMuitos temores nascem<br \/>\nDo cansa\u00e7o e da solid\u00e3o\u201d<br \/>\nLegi\u00e3o Urbana<br \/>\nNo\u00a0 auge dos anos 80 , um dos poetas musicais mais brilhante daquela gera\u00e7\u00e3o , Renato Russo, tomado por profunda tristeza\u00a0 cantava:<br \/>\n&#8221; \u00c9 t\u00e3o estranho os bons morrem jovens, assim parece ser &#8230; &#8221;<br \/>\nHoje \u00e9\u00a0\u00a0 flagrante a\u00a0 aus\u00eancia de uma pol\u00edtica de direitos humanos para\u00a0 nossa juventude, que leve em conta a realidade da\u00a0 deslembrada\u00a0 Periferia ; espa\u00e7o\u00a0 pobre em equipamentos urbanos , pobre em vida cultural , pobre em op\u00e7\u00f5es de lazer; pobre , porque l\u00e1 moram os pobres, \u201cas gangues\u201d , \u201cgangues de jovens pobres\u201d, pobres\u00a0 em\u00a0 oportunidades , carentes de cidadania.<br \/>\nRecordo uma antiga\u00a0 can\u00e7\u00e3o\u00a0 do\u00a0 jovem Roberto Carlos. que dizia\u00a0 :<br \/>\n\u201cA cidade agora<br \/>\nDo outro lado tem<br \/>\nAlgu\u00e9m que vive sem saber<br \/>\nQue eu vivo aqui tamb\u00e9m&#8230;\u201d<br \/>\nDesse outro lado da mesma cidade, jovens iguais aqueles,\u00a0 s\u00e3o compreendidos\u00a0 diferentes. S\u00e3o as turmas, turmas de jovens, aqui sem outros adjetivos marginais.<br \/>\nDesse outro lado da cidade os jovens\u00a0 freq\u00fcentam\u00a0 camarotes , ganham BMW de presente, antes dos dezoito ,\u00a0 embora crescidos possuem como\u00a0 babas,\u00a0 agentes\u00a0 p\u00fablicos , que lhes garantem seguran\u00e7a privada.<\/p>\n<p style=\"text-align: justify;\">\nJovens da Zona Sul, jovens do condom\u00ednio.<br \/>\nJovens iguais impedidos de viverem igual juventude,\u00a0 separados na cidade partida , repartida , que lhes impedem de serem jovens juntos , de celebrarem juntos seu\u00a0 pr\u00f3prio tempo.\u00a0\u00a0 Teatro n\u00e3o fazem juntos\u00a0 , viol\u00e3o\u00a0\u00a0 n\u00e3o tocam juntos,nem\u00a0 brincam, nem riem\u00a0 juntos.\u00a0 Muito menos se encontram nas pra\u00e7as\u00a0 , no futebol\u00a0 ou\u00a0\u00a0 nos namoros de esquina.<br \/>\nSegregados, apartados, numa mesma urbe.<br \/>\nVolto \u00e0 mesma can\u00e7\u00e3o, do mesmo jovem Roberto:<br \/>\n\u201cDo outro lado da cidade<br \/>\nEu sei que a felicidade est\u00e1<br \/>\nAinda vou saber exatamente<br \/>\nOnde ela vive e vou pra l\u00e1&#8230;\u201d<br \/>\nPara os jovens pobres a pobre pol\u00edtica publica, que naturalmente\u00a0 reproduz\u00a0 os novos guetos&#8230;<br \/>\nPara o outro lado, a escola com\u00a0 teatro, a escola americana e aquela outra ,de nome religioso.<br \/>\nPara essa Juventude,\u00a0 outra abordagem\u00a0 , nela ningu\u00e9m se droga, seu consumo espor\u00e1dico, eventual, n\u00e3o alimenta o comercio, n\u00e3o vira manchete na pagina policial, no m\u00e1ximo\u00a0 um excandalozinho\u00a0 na sess\u00e3o de fofocas\u00a0 do caderno social.<br \/>\nA mesma juventude, mas, de pais diferentes, de distintos tratamentos pelo mesmo Estado.<br \/>\nEsse Estado esta doente, sua legitimidade esta perdida, e ele n\u00e3o se reconstr\u00f3i , mantendo essa l\u00f3gica perversa, mudos, surdos e cegos n\u00e3o conseguem estabelecer passarelas onde transite ,\u00a0 cidadania e solidariedade, ao contrario, s\u00f3 as pontes sem almas lhes interessam.<br \/>\nRetorno\u00a0 a indigna\u00e7\u00e3o do\u00a0 Renato:<br \/>\n\u201c E h\u00e1 tempos<br \/>\nNem os santos t\u00eam ao certo<br \/>\nA medida da maldade<br \/>\nE h\u00e1 tempos s\u00e3o os jovens<br \/>\nQue adoecem<br \/>\nE h\u00e1 tempos<br \/>\nO encanto est\u00e1 ausente<br \/>\nE h\u00e1 ferrugem nos sorrisos<br \/>\nS\u00f3 o acaso estende os bra\u00e7os<br \/>\nA quem procura<br \/>\nAbrigo e prote\u00e7\u00e3o \u201c<br \/>\nE aqui na laureada Aldeia,\u00a0 mais\u00a0 um dia se vai &#8230;<br \/>\nOs mais fracos, os mais despossu\u00eddos, n\u00e3o s\u00e3o integrados, n\u00e3o possuem identidade nem cidadania, assistem de longe as incr\u00edveis perip\u00e9cias dos poderosos, dos governantes poderosos que vivem\u00a0 de apaziguar\u00a0 conflitos , por eles constru\u00eddos, na cidade por eles partida, por eles\u00a0 dividida.<br \/>\nSobre o jovem morto no bairro Para\u00edso, resta-nos a poesia em estado de protesto, nos graves versos, do saudoso Gonzaguinha:<br \/>\n\u201cQuem me dir\u00e1 onde est\u00e1<br \/>\nAquele mo\u00e7o fulano de tal<br \/>\n(Filho, marido, irm\u00e3o, namorado que n\u00e3o voltou mais)<br \/>\nInsiste os an\u00fancios nas folhas<br \/>\nDos nossos jornais<br \/>\nAchados perdidos, morridos<br \/>\nSaudades demais .\u201d<\/p>\n<p>Caros leitores,<\/p>\n<p>Procuro uma irm\u00e3 e meu av\u00f4<br \/>\nMinha m\u00e3e Sonia Maria dos Santos Silva procura sua filha que antes de se casar chamava-se Rita de C\u00e1ssia Menezes dos Santos e seu pai Milton Manoel dos Santos que h\u00e1 16 anos n\u00e3o tem contato. Pela \u00faltima carta eles moravam no endere\u00e7o Rua Rodolfo Cotrim &#8211; Vila Para\u00edso &#8211; Itatiaia RJ. Caso consiga alguma informa\u00e7\u00e3o, por favor, pe\u00e7o que entre em contato no n\u00famero 073 8121-3570 ou 3632 \u2013 4701. Desde j\u00e1 agradecida.<\/p>\n","protected":false},"excerpt":{"rendered":"<p>Prezados leitores, A cria\u00e7\u00e3o do Cluster Automotivo do Sul Fluminense, se por um lado \u00e9 uma a\u00e7\u00e3o positiva, do outro lado mostra a total<\/p>\n","protected":false},"author":1,"featured_media":0,"comment_status":"open","ping_status":"open","sticky":false,"template":"","format":"standard","meta":{"pmpro_default_level":"","footnotes":""},"categories":[8],"tags":[],"class_list":["post-17102","post","type-post","status-publish","format-standard","hentry","category-opiniao","pmpro-has-access"],"yoast_head":"<!-- This site is optimized with the Yoast SEO plugin v27.4 - https:\/\/yoast.com\/product\/yoast-seo-wordpress\/ -->\n<title>Cartas e Email - JORNAL BEIRA RIO<\/title>\n<meta name=\"robots\" content=\"index, follow, max-snippet:-1, max-image-preview:large, max-video-preview:-1\" \/>\n<link rel=\"canonical\" href=\"https:\/\/jornalbeirario.com.br\/portal\/?p=17102\" \/>\n<meta property=\"og:locale\" content=\"pt_BR\" \/>\n<meta property=\"og:type\" content=\"article\" \/>\n<meta property=\"og:title\" content=\"Cartas e Email - JORNAL BEIRA RIO\" \/>\n<meta property=\"og:description\" content=\"Prezados leitores, A cria\u00e7\u00e3o do Cluster Automotivo do Sul Fluminense, se por um lado \u00e9 uma a\u00e7\u00e3o positiva, do outro lado mostra a total\" \/>\n<meta property=\"og:url\" content=\"https:\/\/jornalbeirario.com.br\/portal\/?p=17102\" \/>\n<meta property=\"og:site_name\" content=\"JORNAL BEIRA RIO\" \/>\n<meta property=\"article:published_time\" content=\"2013-11-29T10:44:37+00:00\" \/>\n<meta name=\"author\" content=\"Jornal BEIRA-RIO\" \/>\n<meta name=\"twitter:card\" content=\"summary_large_image\" \/>\n<meta name=\"twitter:label1\" content=\"Escrito por\" \/>\n\t<meta name=\"twitter:data1\" content=\"Jornal BEIRA-RIO\" \/>\n\t<meta name=\"twitter:label2\" content=\"Est. tempo de leitura\" \/>\n\t<meta name=\"twitter:data2\" content=\"6 minutos\" \/>\n<script type=\"application\/ld+json\" class=\"yoast-schema-graph\">{\"@context\":\"https:\\\/\\\/schema.org\",\"@graph\":[{\"@type\":\"Article\",\"@id\":\"https:\\\/\\\/jornalbeirario.com.br\\\/portal\\\/?p=17102#article\",\"isPartOf\":{\"@id\":\"https:\\\/\\\/jornalbeirario.com.br\\\/portal\\\/?p=17102\"},\"author\":{\"name\":\"Jornal BEIRA-RIO\",\"@id\":\"https:\\\/\\\/jornalbeirario.com.br\\\/portal\\\/#\\\/schema\\\/person\\\/c6c423e4c2465d2a9233f6539173e7c1\"},\"headline\":\"Cartas e Email\",\"datePublished\":\"2013-11-29T10:44:37+00:00\",\"mainEntityOfPage\":{\"@id\":\"https:\\\/\\\/jornalbeirario.com.br\\\/portal\\\/?p=17102\"},\"wordCount\":1255,\"commentCount\":0,\"publisher\":{\"@id\":\"https:\\\/\\\/jornalbeirario.com.br\\\/portal\\\/#organization\"},\"articleSection\":[\"Opini\u00e3o\"],\"inLanguage\":\"pt-BR\",\"potentialAction\":[{\"@type\":\"CommentAction\",\"name\":\"Comment\",\"target\":[\"https:\\\/\\\/jornalbeirario.com.br\\\/portal\\\/?p=17102#respond\"]}]},{\"@type\":\"WebPage\",\"@id\":\"https:\\\/\\\/jornalbeirario.com.br\\\/portal\\\/?p=17102\",\"url\":\"https:\\\/\\\/jornalbeirario.com.br\\\/portal\\\/?p=17102\",\"name\":\"Cartas e Email - JORNAL BEIRA RIO\",\"isPartOf\":{\"@id\":\"https:\\\/\\\/jornalbeirario.com.br\\\/portal\\\/#website\"},\"datePublished\":\"2013-11-29T10:44:37+00:00\",\"breadcrumb\":{\"@id\":\"https:\\\/\\\/jornalbeirario.com.br\\\/portal\\\/?p=17102#breadcrumb\"},\"inLanguage\":\"pt-BR\",\"potentialAction\":[{\"@type\":\"ReadAction\",\"target\":[\"https:\\\/\\\/jornalbeirario.com.br\\\/portal\\\/?p=17102\"]}]},{\"@type\":\"BreadcrumbList\",\"@id\":\"https:\\\/\\\/jornalbeirario.com.br\\\/portal\\\/?p=17102#breadcrumb\",\"itemListElement\":[{\"@type\":\"ListItem\",\"position\":1,\"name\":\"Home\",\"item\":\"https:\\\/\\\/jornalbeirario.com.br\\\/portal\"},{\"@type\":\"ListItem\",\"position\":2,\"name\":\"Cartas e Email\"}]},{\"@type\":\"WebSite\",\"@id\":\"https:\\\/\\\/jornalbeirario.com.br\\\/portal\\\/#website\",\"url\":\"https:\\\/\\\/jornalbeirario.com.br\\\/portal\\\/\",\"name\":\"JORNAL BEIRA RIO\",\"description\":\"\",\"publisher\":{\"@id\":\"https:\\\/\\\/jornalbeirario.com.br\\\/portal\\\/#organization\"},\"potentialAction\":[{\"@type\":\"SearchAction\",\"target\":{\"@type\":\"EntryPoint\",\"urlTemplate\":\"https:\\\/\\\/jornalbeirario.com.br\\\/portal\\\/?s={search_term_string}\"},\"query-input\":{\"@type\":\"PropertyValueSpecification\",\"valueRequired\":true,\"valueName\":\"search_term_string\"}}],\"inLanguage\":\"pt-BR\"},{\"@type\":\"Organization\",\"@id\":\"https:\\\/\\\/jornalbeirario.com.br\\\/portal\\\/#organization\",\"name\":\"JORNAL BEIRA RIO\",\"url\":\"https:\\\/\\\/jornalbeirario.com.br\\\/portal\\\/\",\"logo\":{\"@type\":\"ImageObject\",\"inLanguage\":\"pt-BR\",\"@id\":\"https:\\\/\\\/jornalbeirario.com.br\\\/portal\\\/#\\\/schema\\\/logo\\\/image\\\/\",\"url\":\"https:\\\/\\\/jornalbeirario.com.br\\\/portal\\\/wp-content\\\/uploads\\\/2017\\\/09\\\/BEIRA-RIO_logo600.png\",\"contentUrl\":\"https:\\\/\\\/jornalbeirario.com.br\\\/portal\\\/wp-content\\\/uploads\\\/2017\\\/09\\\/BEIRA-RIO_logo600.png\",\"width\":650,\"height\":108,\"caption\":\"JORNAL BEIRA RIO\"},\"image\":{\"@id\":\"https:\\\/\\\/jornalbeirario.com.br\\\/portal\\\/#\\\/schema\\\/logo\\\/image\\\/\"}},{\"@type\":\"Person\",\"@id\":\"https:\\\/\\\/jornalbeirario.com.br\\\/portal\\\/#\\\/schema\\\/person\\\/c6c423e4c2465d2a9233f6539173e7c1\",\"name\":\"Jornal BEIRA-RIO\",\"image\":{\"@type\":\"ImageObject\",\"inLanguage\":\"pt-BR\",\"@id\":\"https:\\\/\\\/jornalbeirario.com.br\\\/portal\\\/wp-content\\\/uploads\\\/2023\\\/10\\\/logojbr1.jpg\",\"url\":\"https:\\\/\\\/jornalbeirario.com.br\\\/portal\\\/wp-content\\\/uploads\\\/2023\\\/10\\\/logojbr1.jpg\",\"contentUrl\":\"https:\\\/\\\/jornalbeirario.com.br\\\/portal\\\/wp-content\\\/uploads\\\/2023\\\/10\\\/logojbr1.jpg\",\"caption\":\"Jornal BEIRA-RIO\"},\"url\":\"https:\\\/\\\/jornalbeirario.com.br\\\/portal\\\/?author=1\"}]}<\/script>\n<!-- \/ Yoast SEO plugin. -->","yoast_head_json":{"title":"Cartas e Email - JORNAL BEIRA RIO","robots":{"index":"index","follow":"follow","max-snippet":"max-snippet:-1","max-image-preview":"max-image-preview:large","max-video-preview":"max-video-preview:-1"},"canonical":"https:\/\/jornalbeirario.com.br\/portal\/?p=17102","og_locale":"pt_BR","og_type":"article","og_title":"Cartas e Email - JORNAL BEIRA RIO","og_description":"Prezados leitores, A cria\u00e7\u00e3o do Cluster Automotivo do Sul Fluminense, se por um lado \u00e9 uma a\u00e7\u00e3o positiva, do outro lado mostra a total","og_url":"https:\/\/jornalbeirario.com.br\/portal\/?p=17102","og_site_name":"JORNAL BEIRA RIO","article_published_time":"2013-11-29T10:44:37+00:00","author":"Jornal BEIRA-RIO","twitter_card":"summary_large_image","twitter_misc":{"Escrito por":"Jornal BEIRA-RIO","Est. tempo de leitura":"6 minutos"},"schema":{"@context":"https:\/\/schema.org","@graph":[{"@type":"Article","@id":"https:\/\/jornalbeirario.com.br\/portal\/?p=17102#article","isPartOf":{"@id":"https:\/\/jornalbeirario.com.br\/portal\/?p=17102"},"author":{"name":"Jornal BEIRA-RIO","@id":"https:\/\/jornalbeirario.com.br\/portal\/#\/schema\/person\/c6c423e4c2465d2a9233f6539173e7c1"},"headline":"Cartas e Email","datePublished":"2013-11-29T10:44:37+00:00","mainEntityOfPage":{"@id":"https:\/\/jornalbeirario.com.br\/portal\/?p=17102"},"wordCount":1255,"commentCount":0,"publisher":{"@id":"https:\/\/jornalbeirario.com.br\/portal\/#organization"},"articleSection":["Opini\u00e3o"],"inLanguage":"pt-BR","potentialAction":[{"@type":"CommentAction","name":"Comment","target":["https:\/\/jornalbeirario.com.br\/portal\/?p=17102#respond"]}]},{"@type":"WebPage","@id":"https:\/\/jornalbeirario.com.br\/portal\/?p=17102","url":"https:\/\/jornalbeirario.com.br\/portal\/?p=17102","name":"Cartas e Email - JORNAL BEIRA RIO","isPartOf":{"@id":"https:\/\/jornalbeirario.com.br\/portal\/#website"},"datePublished":"2013-11-29T10:44:37+00:00","breadcrumb":{"@id":"https:\/\/jornalbeirario.com.br\/portal\/?p=17102#breadcrumb"},"inLanguage":"pt-BR","potentialAction":[{"@type":"ReadAction","target":["https:\/\/jornalbeirario.com.br\/portal\/?p=17102"]}]},{"@type":"BreadcrumbList","@id":"https:\/\/jornalbeirario.com.br\/portal\/?p=17102#breadcrumb","itemListElement":[{"@type":"ListItem","position":1,"name":"Home","item":"https:\/\/jornalbeirario.com.br\/portal"},{"@type":"ListItem","position":2,"name":"Cartas e Email"}]},{"@type":"WebSite","@id":"https:\/\/jornalbeirario.com.br\/portal\/#website","url":"https:\/\/jornalbeirario.com.br\/portal\/","name":"JORNAL BEIRA RIO","description":"","publisher":{"@id":"https:\/\/jornalbeirario.com.br\/portal\/#organization"},"potentialAction":[{"@type":"SearchAction","target":{"@type":"EntryPoint","urlTemplate":"https:\/\/jornalbeirario.com.br\/portal\/?s={search_term_string}"},"query-input":{"@type":"PropertyValueSpecification","valueRequired":true,"valueName":"search_term_string"}}],"inLanguage":"pt-BR"},{"@type":"Organization","@id":"https:\/\/jornalbeirario.com.br\/portal\/#organization","name":"JORNAL BEIRA RIO","url":"https:\/\/jornalbeirario.com.br\/portal\/","logo":{"@type":"ImageObject","inLanguage":"pt-BR","@id":"https:\/\/jornalbeirario.com.br\/portal\/#\/schema\/logo\/image\/","url":"https:\/\/jornalbeirario.com.br\/portal\/wp-content\/uploads\/2017\/09\/BEIRA-RIO_logo600.png","contentUrl":"https:\/\/jornalbeirario.com.br\/portal\/wp-content\/uploads\/2017\/09\/BEIRA-RIO_logo600.png","width":650,"height":108,"caption":"JORNAL BEIRA RIO"},"image":{"@id":"https:\/\/jornalbeirario.com.br\/portal\/#\/schema\/logo\/image\/"}},{"@type":"Person","@id":"https:\/\/jornalbeirario.com.br\/portal\/#\/schema\/person\/c6c423e4c2465d2a9233f6539173e7c1","name":"Jornal BEIRA-RIO","image":{"@type":"ImageObject","inLanguage":"pt-BR","@id":"https:\/\/jornalbeirario.com.br\/portal\/wp-content\/uploads\/2023\/10\/logojbr1.jpg","url":"https:\/\/jornalbeirario.com.br\/portal\/wp-content\/uploads\/2023\/10\/logojbr1.jpg","contentUrl":"https:\/\/jornalbeirario.com.br\/portal\/wp-content\/uploads\/2023\/10\/logojbr1.jpg","caption":"Jornal BEIRA-RIO"},"url":"https:\/\/jornalbeirario.com.br\/portal\/?author=1"}]}},"_links":{"self":[{"href":"https:\/\/jornalbeirario.com.br\/portal\/index.php?rest_route=\/wp\/v2\/posts\/17102","targetHints":{"allow":["GET"]}}],"collection":[{"href":"https:\/\/jornalbeirario.com.br\/portal\/index.php?rest_route=\/wp\/v2\/posts"}],"about":[{"href":"https:\/\/jornalbeirario.com.br\/portal\/index.php?rest_route=\/wp\/v2\/types\/post"}],"author":[{"embeddable":true,"href":"https:\/\/jornalbeirario.com.br\/portal\/index.php?rest_route=\/wp\/v2\/users\/1"}],"replies":[{"embeddable":true,"href":"https:\/\/jornalbeirario.com.br\/portal\/index.php?rest_route=%2Fwp%2Fv2%2Fcomments&post=17102"}],"version-history":[{"count":1,"href":"https:\/\/jornalbeirario.com.br\/portal\/index.php?rest_route=\/wp\/v2\/posts\/17102\/revisions"}],"predecessor-version":[{"id":17103,"href":"https:\/\/jornalbeirario.com.br\/portal\/index.php?rest_route=\/wp\/v2\/posts\/17102\/revisions\/17103"}],"wp:attachment":[{"href":"https:\/\/jornalbeirario.com.br\/portal\/index.php?rest_route=%2Fwp%2Fv2%2Fmedia&parent=17102"}],"wp:term":[{"taxonomy":"category","embeddable":true,"href":"https:\/\/jornalbeirario.com.br\/portal\/index.php?rest_route=%2Fwp%2Fv2%2Fcategories&post=17102"},{"taxonomy":"post_tag","embeddable":true,"href":"https:\/\/jornalbeirario.com.br\/portal\/index.php?rest_route=%2Fwp%2Fv2%2Ftags&post=17102"}],"curies":[{"name":"wp","href":"https:\/\/api.w.org\/{rel}","templated":true}]}}