
{"id":17100,"date":"2013-11-29T10:41:59","date_gmt":"2013-11-29T10:41:59","guid":{"rendered":"http:\/\/jornalbeirario.com.br\/portal\/portal\/?p=17100"},"modified":"2013-11-29T10:41:59","modified_gmt":"2013-11-29T10:41:59","slug":"coluna-do-lais","status":"publish","type":"post","link":"https:\/\/jornalbeirario.com.br\/portal\/?p=17100","title":{"rendered":"Coluna do Lais"},"content":{"rendered":"<p style=\"text-align: justify;\">Festival de M\u00fasica de Resende: tem muita gente boa por a\u00ed!!<\/p>\n<p>Muito legal o festival de m\u00fasica de Resende, realizado na semana passada, na ARBR. A iniciativa da Funda\u00e7\u00e3o Casa da Cultura de abrir para concorrentes de fora de Resende foi aprovada. Boa \u00c2ngelo! Essa modalidade d\u00e1 mais peso ao concurso. Dos oito finalistas que subiram ao palco no s\u00e1bado, tr\u00eas eram locais e dos cinco concorrentes de fora, tr\u00eas acabaram ocupando o p\u00f3dio, al\u00e9m de conquistarem os pr\u00eamios de melhor int\u00e9rprete e melhor instrumentista. Ningu\u00e9m da cidade foi premiado, embora as tr\u00eas composi\u00e7\u00f5es locais classificadas para a final tenham demonstrado um bom n\u00edvel de elabora\u00e7\u00e3o. O que faltou \u00e0 nossa turma foi viv\u00eancia nesse tipo de certame. Ano que eles j\u00e1 v\u00eam melhores. Mas o mais legal, na minha opini\u00e3o, foi ver essa nova gera\u00e7\u00e3o de cantores, m\u00fasicos e compositores, apresentando belas e criativas can\u00e7\u00f5es e se lixando para o que dita o \u2018deus mercado\u2019. Parab\u00e9ns a garotada, entre eles: Beto Oliveira, Fernando Troina, F\u00e1bio Nego, Mari Biolchini, Hugo Zaidan, Rafael Garrido e Ives Seixas que me encantou com a sua graciosa \u2018Andorinha S\u00f3\u2019. Valeu mesmo!! As vencedoras foram: em primeiro lugar \u2018Manh\u00e3 Serena\u2019, de Diorgem Junior, que veio de Governador Valadares (MG); o segundo veio de Joinville (SC), \u2018Casa de Hist\u00f3rias\u2019, de Dentinho Arueira e a terceira, \u2018\u00c9bano e Marfim\u2019, de Roberto Azes, de Tr\u00eas Rios (RJ). Bel\u00edssimas composi\u00e7\u00f5es. Ano que vem tem mais Festival.<\/p>\n<p>Zez\u00e9 foi a cereja do bolo<\/p>\n<p>Ainda falando do festival, algumas linhas para a grande dama que encerrou a noite final do concurso, e que tamb\u00e9m marcava o encerramento da \u2018Semana da Consci\u00eancia Negra\u2019 em Resende: a fulgurante, energ\u00e9tica e supersimp\u00e1tica, Zez\u00e9 Motta. A cantora e atriz deu um show de talento cantando e interpretando e arrancou muitos aplausos de um p\u00fablico, infelizmente, aqu\u00e9m da sua estatura art\u00edstica. A parte final, com can\u00e7\u00f5es mais conhecidas, levou o p\u00fablico ao del\u00edrio e ao pedido de bis. Quem perdeu foi quem n\u00e3o foi. Zez\u00e9 ainda fez a entrega do premio ao primeiro colocado do festival. Maravilhosa!!<\/p>\n<p>Anivers\u00e1rios<\/p>\n<p>Ter\u00e7a, dia 26 sopraram velinhas a Maria Augusta Silva e a lindeza de xar\u00e1, a La\u00eds Alves. Na quarta, dia 27, a Sheila Eliseu e o meu amigo M\u00e1rio Guimar\u00e3es inauguraram idade nova. Ontem, dia 28, ficaram mais experientes a Alexia Carvalho, o Evaldo Ayres e a gracinha da Flora Pimentel. Quem muda de idade hoje, dia 29, e o meu amigo Andrezinho Teixeira, colunista do Rio Sul Net e colega dos tempos de jornal Mar\u00e9 em Angra. Amanh\u00e3, dia 30, meia de amigos recebem os \u2018parab\u00e9ns\u2019: M\u00f4nica Bella Azevedo, Yuri Campos, Cl\u00e1udio Barcelos, o \u2018Claudi\u00e3o\u2019, Luiz Carlos Esp\u00edrito Santo, F\u00e1bio Monteiro e Luis Cl\u00e1udio Santana. E no domingo, dia 1\u00ba de dezembro a Carmem L\u00facia Penna Firme, a Sandra Isnard e os g\u00eameos, Luciano e Luciana Almeida Rosa, filhos do Claudionor Rosa tamb\u00e9m contam mais um ano de vida. Parab\u00e9ns e todas as felicidades do mundo a eles.<\/p>\n<p>Tripa<\/p>\n<p>* Domingo, dia 1\u00ba, \u00e9 dia da grande final do Futebol So\u00e7aite Quarent\u00e3o da AABB: a partir das 10 horas cruzam os bigodes as equipes dos Brameiros e da Casa da Lua, as duas melhor classificadas na primeira fase da competi\u00e7\u00e3o. Os finalistas conquistaram o direito de disputar a grande final, vencendo seus advers\u00e1rios nas semifinais. Os Brameiros chegou \u00e0 final com dois empates de 2 x 2 com a Turma da Pelada. A Casa da Luz, derrotou o Alambari duas vezes: 1 x 0 e 3 x 2 no domingo passado. O Brameiros venceu a Casa da Lua na fase de classifica\u00e7\u00e3o. Na final, ningu\u00e9m tem vantagem. \u00c9 \u201cpau a pau\u201d. Vai lotar * Come\u00e7a hoje o Festival Nacional de Capoeira Gerais e segue pelo final de semana, em Resende. A promo\u00e7\u00e3o \u00e9 da Secretaria Municipal de Esportes e Lazer em parceria com a ONG Ra\u00edzes. A abertura est\u00e1 marcada para hoje (dia 29), \u00e0s 17 horas no Centro de Dan\u00e7a de Resende. O destaque do encontro \u00e9 a presen\u00e7a de Willian Douglas Guimar\u00e3es, o Mestre M\u00e3o Branca, fundador do grupo Capoeira Gerais em BH. O Centro de Dan\u00e7a de Resende fica na Rua Henrique Sivori, em Campos El\u00edseos, antigo pr\u00e9dio da Cooperativa de Leite. Ainda hoje, \u00e0s 20 horas, haver\u00e1 uma apresenta\u00e7\u00e3o de roda de capoeira para o p\u00fablico no Resende Shopping. A programa\u00e7\u00e3o segue no s\u00e1bado, a partir das 9 horas, com o ciclo de palestras e roda de capoeira no Clube Campestre da Capelinha, no distrito de Capelinha. No domingo, 1\u00ba de dezembro, \u00e0s 10 horas, todas as delega\u00e7\u00f5es se reunir\u00e3o no Parque das \u00c1guas para uma grande roda de capoeira de encerramento do festival * Al\u00f4 Jurema, Carlinhos, Evaldo, Hernani, Kiko, Robson, Aldair, Nogueira e outros alvinegros empedernidos: come\u00e7a neste final de semana, o sufoco. Nosso time n\u00e3o gosta de nada f\u00e1cil.<\/p>\n","protected":false},"excerpt":{"rendered":"<p>Festival de M\u00fasica de Resende: tem muita gente boa por a\u00ed!! Muito legal o festival de m\u00fasica de Resende, realizado na semana passada, na<\/p>\n","protected":false},"author":1,"featured_media":0,"comment_status":"open","ping_status":"open","sticky":false,"template":"","format":"standard","meta":{"pmpro_default_level":"","footnotes":""},"categories":[13],"tags":[],"class_list":["post-17100","post","type-post","status-publish","format-standard","hentry","category-social","pmpro-has-access"],"yoast_head":"<!-- This site is optimized with the Yoast SEO plugin v27.4 - https:\/\/yoast.com\/product\/yoast-seo-wordpress\/ -->\n<title>Coluna do Lais - JORNAL BEIRA RIO<\/title>\n<meta name=\"robots\" content=\"index, follow, max-snippet:-1, max-image-preview:large, max-video-preview:-1\" \/>\n<link rel=\"canonical\" href=\"https:\/\/jornalbeirario.com.br\/portal\/?p=17100\" \/>\n<meta property=\"og:locale\" content=\"pt_BR\" \/>\n<meta property=\"og:type\" content=\"article\" \/>\n<meta property=\"og:title\" content=\"Coluna do Lais - JORNAL BEIRA RIO\" \/>\n<meta property=\"og:description\" content=\"Festival de M\u00fasica de Resende: tem muita gente boa por a\u00ed!! Muito legal o festival de m\u00fasica de Resende, realizado na semana passada, na\" \/>\n<meta property=\"og:url\" content=\"https:\/\/jornalbeirario.com.br\/portal\/?p=17100\" \/>\n<meta property=\"og:site_name\" content=\"JORNAL BEIRA RIO\" \/>\n<meta property=\"article:published_time\" content=\"2013-11-29T10:41:59+00:00\" \/>\n<meta name=\"author\" content=\"Jornal BEIRA-RIO\" \/>\n<meta name=\"twitter:card\" content=\"summary_large_image\" \/>\n<meta name=\"twitter:label1\" content=\"Escrito por\" \/>\n\t<meta name=\"twitter:data1\" content=\"Jornal BEIRA-RIO\" \/>\n\t<meta name=\"twitter:label2\" content=\"Est. tempo de leitura\" \/>\n\t<meta name=\"twitter:data2\" content=\"4 minutos\" \/>\n<script type=\"application\/ld+json\" class=\"yoast-schema-graph\">{\"@context\":\"https:\\\/\\\/schema.org\",\"@graph\":[{\"@type\":\"Article\",\"@id\":\"https:\\\/\\\/jornalbeirario.com.br\\\/portal\\\/?p=17100#article\",\"isPartOf\":{\"@id\":\"https:\\\/\\\/jornalbeirario.com.br\\\/portal\\\/?p=17100\"},\"author\":{\"name\":\"Jornal BEIRA-RIO\",\"@id\":\"https:\\\/\\\/jornalbeirario.com.br\\\/portal\\\/#\\\/schema\\\/person\\\/c6c423e4c2465d2a9233f6539173e7c1\"},\"headline\":\"Coluna do Lais\",\"datePublished\":\"2013-11-29T10:41:59+00:00\",\"mainEntityOfPage\":{\"@id\":\"https:\\\/\\\/jornalbeirario.com.br\\\/portal\\\/?p=17100\"},\"wordCount\":852,\"commentCount\":0,\"publisher\":{\"@id\":\"https:\\\/\\\/jornalbeirario.com.br\\\/portal\\\/#organization\"},\"articleSection\":[\"Social\"],\"inLanguage\":\"pt-BR\",\"potentialAction\":[{\"@type\":\"CommentAction\",\"name\":\"Comment\",\"target\":[\"https:\\\/\\\/jornalbeirario.com.br\\\/portal\\\/?p=17100#respond\"]}]},{\"@type\":\"WebPage\",\"@id\":\"https:\\\/\\\/jornalbeirario.com.br\\\/portal\\\/?p=17100\",\"url\":\"https:\\\/\\\/jornalbeirario.com.br\\\/portal\\\/?p=17100\",\"name\":\"Coluna do Lais - JORNAL BEIRA RIO\",\"isPartOf\":{\"@id\":\"https:\\\/\\\/jornalbeirario.com.br\\\/portal\\\/#website\"},\"datePublished\":\"2013-11-29T10:41:59+00:00\",\"breadcrumb\":{\"@id\":\"https:\\\/\\\/jornalbeirario.com.br\\\/portal\\\/?p=17100#breadcrumb\"},\"inLanguage\":\"pt-BR\",\"potentialAction\":[{\"@type\":\"ReadAction\",\"target\":[\"https:\\\/\\\/jornalbeirario.com.br\\\/portal\\\/?p=17100\"]}]},{\"@type\":\"BreadcrumbList\",\"@id\":\"https:\\\/\\\/jornalbeirario.com.br\\\/portal\\\/?p=17100#breadcrumb\",\"itemListElement\":[{\"@type\":\"ListItem\",\"position\":1,\"name\":\"Home\",\"item\":\"https:\\\/\\\/jornalbeirario.com.br\\\/portal\"},{\"@type\":\"ListItem\",\"position\":2,\"name\":\"Coluna do Lais\"}]},{\"@type\":\"WebSite\",\"@id\":\"https:\\\/\\\/jornalbeirario.com.br\\\/portal\\\/#website\",\"url\":\"https:\\\/\\\/jornalbeirario.com.br\\\/portal\\\/\",\"name\":\"JORNAL BEIRA RIO\",\"description\":\"\",\"publisher\":{\"@id\":\"https:\\\/\\\/jornalbeirario.com.br\\\/portal\\\/#organization\"},\"potentialAction\":[{\"@type\":\"SearchAction\",\"target\":{\"@type\":\"EntryPoint\",\"urlTemplate\":\"https:\\\/\\\/jornalbeirario.com.br\\\/portal\\\/?s={search_term_string}\"},\"query-input\":{\"@type\":\"PropertyValueSpecification\",\"valueRequired\":true,\"valueName\":\"search_term_string\"}}],\"inLanguage\":\"pt-BR\"},{\"@type\":\"Organization\",\"@id\":\"https:\\\/\\\/jornalbeirario.com.br\\\/portal\\\/#organization\",\"name\":\"JORNAL BEIRA RIO\",\"url\":\"https:\\\/\\\/jornalbeirario.com.br\\\/portal\\\/\",\"logo\":{\"@type\":\"ImageObject\",\"inLanguage\":\"pt-BR\",\"@id\":\"https:\\\/\\\/jornalbeirario.com.br\\\/portal\\\/#\\\/schema\\\/logo\\\/image\\\/\",\"url\":\"https:\\\/\\\/jornalbeirario.com.br\\\/portal\\\/wp-content\\\/uploads\\\/2017\\\/09\\\/BEIRA-RIO_logo600.png\",\"contentUrl\":\"https:\\\/\\\/jornalbeirario.com.br\\\/portal\\\/wp-content\\\/uploads\\\/2017\\\/09\\\/BEIRA-RIO_logo600.png\",\"width\":650,\"height\":108,\"caption\":\"JORNAL BEIRA RIO\"},\"image\":{\"@id\":\"https:\\\/\\\/jornalbeirario.com.br\\\/portal\\\/#\\\/schema\\\/logo\\\/image\\\/\"}},{\"@type\":\"Person\",\"@id\":\"https:\\\/\\\/jornalbeirario.com.br\\\/portal\\\/#\\\/schema\\\/person\\\/c6c423e4c2465d2a9233f6539173e7c1\",\"name\":\"Jornal BEIRA-RIO\",\"image\":{\"@type\":\"ImageObject\",\"inLanguage\":\"pt-BR\",\"@id\":\"https:\\\/\\\/jornalbeirario.com.br\\\/portal\\\/wp-content\\\/uploads\\\/2023\\\/10\\\/logojbr1.jpg\",\"url\":\"https:\\\/\\\/jornalbeirario.com.br\\\/portal\\\/wp-content\\\/uploads\\\/2023\\\/10\\\/logojbr1.jpg\",\"contentUrl\":\"https:\\\/\\\/jornalbeirario.com.br\\\/portal\\\/wp-content\\\/uploads\\\/2023\\\/10\\\/logojbr1.jpg\",\"caption\":\"Jornal BEIRA-RIO\"},\"url\":\"https:\\\/\\\/jornalbeirario.com.br\\\/portal\\\/?author=1\"}]}<\/script>\n<!-- \/ Yoast SEO plugin. -->","yoast_head_json":{"title":"Coluna do Lais - JORNAL BEIRA RIO","robots":{"index":"index","follow":"follow","max-snippet":"max-snippet:-1","max-image-preview":"max-image-preview:large","max-video-preview":"max-video-preview:-1"},"canonical":"https:\/\/jornalbeirario.com.br\/portal\/?p=17100","og_locale":"pt_BR","og_type":"article","og_title":"Coluna do Lais - JORNAL BEIRA RIO","og_description":"Festival de M\u00fasica de Resende: tem muita gente boa por a\u00ed!! Muito legal o festival de m\u00fasica de Resende, realizado na semana passada, na","og_url":"https:\/\/jornalbeirario.com.br\/portal\/?p=17100","og_site_name":"JORNAL BEIRA RIO","article_published_time":"2013-11-29T10:41:59+00:00","author":"Jornal BEIRA-RIO","twitter_card":"summary_large_image","twitter_misc":{"Escrito por":"Jornal BEIRA-RIO","Est. tempo de leitura":"4 minutos"},"schema":{"@context":"https:\/\/schema.org","@graph":[{"@type":"Article","@id":"https:\/\/jornalbeirario.com.br\/portal\/?p=17100#article","isPartOf":{"@id":"https:\/\/jornalbeirario.com.br\/portal\/?p=17100"},"author":{"name":"Jornal BEIRA-RIO","@id":"https:\/\/jornalbeirario.com.br\/portal\/#\/schema\/person\/c6c423e4c2465d2a9233f6539173e7c1"},"headline":"Coluna do Lais","datePublished":"2013-11-29T10:41:59+00:00","mainEntityOfPage":{"@id":"https:\/\/jornalbeirario.com.br\/portal\/?p=17100"},"wordCount":852,"commentCount":0,"publisher":{"@id":"https:\/\/jornalbeirario.com.br\/portal\/#organization"},"articleSection":["Social"],"inLanguage":"pt-BR","potentialAction":[{"@type":"CommentAction","name":"Comment","target":["https:\/\/jornalbeirario.com.br\/portal\/?p=17100#respond"]}]},{"@type":"WebPage","@id":"https:\/\/jornalbeirario.com.br\/portal\/?p=17100","url":"https:\/\/jornalbeirario.com.br\/portal\/?p=17100","name":"Coluna do Lais - JORNAL BEIRA RIO","isPartOf":{"@id":"https:\/\/jornalbeirario.com.br\/portal\/#website"},"datePublished":"2013-11-29T10:41:59+00:00","breadcrumb":{"@id":"https:\/\/jornalbeirario.com.br\/portal\/?p=17100#breadcrumb"},"inLanguage":"pt-BR","potentialAction":[{"@type":"ReadAction","target":["https:\/\/jornalbeirario.com.br\/portal\/?p=17100"]}]},{"@type":"BreadcrumbList","@id":"https:\/\/jornalbeirario.com.br\/portal\/?p=17100#breadcrumb","itemListElement":[{"@type":"ListItem","position":1,"name":"Home","item":"https:\/\/jornalbeirario.com.br\/portal"},{"@type":"ListItem","position":2,"name":"Coluna do Lais"}]},{"@type":"WebSite","@id":"https:\/\/jornalbeirario.com.br\/portal\/#website","url":"https:\/\/jornalbeirario.com.br\/portal\/","name":"JORNAL BEIRA RIO","description":"","publisher":{"@id":"https:\/\/jornalbeirario.com.br\/portal\/#organization"},"potentialAction":[{"@type":"SearchAction","target":{"@type":"EntryPoint","urlTemplate":"https:\/\/jornalbeirario.com.br\/portal\/?s={search_term_string}"},"query-input":{"@type":"PropertyValueSpecification","valueRequired":true,"valueName":"search_term_string"}}],"inLanguage":"pt-BR"},{"@type":"Organization","@id":"https:\/\/jornalbeirario.com.br\/portal\/#organization","name":"JORNAL BEIRA RIO","url":"https:\/\/jornalbeirario.com.br\/portal\/","logo":{"@type":"ImageObject","inLanguage":"pt-BR","@id":"https:\/\/jornalbeirario.com.br\/portal\/#\/schema\/logo\/image\/","url":"https:\/\/jornalbeirario.com.br\/portal\/wp-content\/uploads\/2017\/09\/BEIRA-RIO_logo600.png","contentUrl":"https:\/\/jornalbeirario.com.br\/portal\/wp-content\/uploads\/2017\/09\/BEIRA-RIO_logo600.png","width":650,"height":108,"caption":"JORNAL BEIRA RIO"},"image":{"@id":"https:\/\/jornalbeirario.com.br\/portal\/#\/schema\/logo\/image\/"}},{"@type":"Person","@id":"https:\/\/jornalbeirario.com.br\/portal\/#\/schema\/person\/c6c423e4c2465d2a9233f6539173e7c1","name":"Jornal BEIRA-RIO","image":{"@type":"ImageObject","inLanguage":"pt-BR","@id":"https:\/\/jornalbeirario.com.br\/portal\/wp-content\/uploads\/2023\/10\/logojbr1.jpg","url":"https:\/\/jornalbeirario.com.br\/portal\/wp-content\/uploads\/2023\/10\/logojbr1.jpg","contentUrl":"https:\/\/jornalbeirario.com.br\/portal\/wp-content\/uploads\/2023\/10\/logojbr1.jpg","caption":"Jornal BEIRA-RIO"},"url":"https:\/\/jornalbeirario.com.br\/portal\/?author=1"}]}},"_links":{"self":[{"href":"https:\/\/jornalbeirario.com.br\/portal\/index.php?rest_route=\/wp\/v2\/posts\/17100","targetHints":{"allow":["GET"]}}],"collection":[{"href":"https:\/\/jornalbeirario.com.br\/portal\/index.php?rest_route=\/wp\/v2\/posts"}],"about":[{"href":"https:\/\/jornalbeirario.com.br\/portal\/index.php?rest_route=\/wp\/v2\/types\/post"}],"author":[{"embeddable":true,"href":"https:\/\/jornalbeirario.com.br\/portal\/index.php?rest_route=\/wp\/v2\/users\/1"}],"replies":[{"embeddable":true,"href":"https:\/\/jornalbeirario.com.br\/portal\/index.php?rest_route=%2Fwp%2Fv2%2Fcomments&post=17100"}],"version-history":[{"count":1,"href":"https:\/\/jornalbeirario.com.br\/portal\/index.php?rest_route=\/wp\/v2\/posts\/17100\/revisions"}],"predecessor-version":[{"id":17101,"href":"https:\/\/jornalbeirario.com.br\/portal\/index.php?rest_route=\/wp\/v2\/posts\/17100\/revisions\/17101"}],"wp:attachment":[{"href":"https:\/\/jornalbeirario.com.br\/portal\/index.php?rest_route=%2Fwp%2Fv2%2Fmedia&parent=17100"}],"wp:term":[{"taxonomy":"category","embeddable":true,"href":"https:\/\/jornalbeirario.com.br\/portal\/index.php?rest_route=%2Fwp%2Fv2%2Fcategories&post=17100"},{"taxonomy":"post_tag","embeddable":true,"href":"https:\/\/jornalbeirario.com.br\/portal\/index.php?rest_route=%2Fwp%2Fv2%2Ftags&post=17100"}],"curies":[{"name":"wp","href":"https:\/\/api.w.org\/{rel}","templated":true}]}}