
{"id":16930,"date":"2013-11-24T13:59:44","date_gmt":"2013-11-24T13:59:44","guid":{"rendered":"http:\/\/jornalbeirario.com.br\/portal\/portal\/?p=16930"},"modified":"2013-11-24T14:00:52","modified_gmt":"2013-11-24T14:00:52","slug":"ultimo-beira-rio-de-portas-abertas-de-2013","status":"publish","type":"post","link":"https:\/\/jornalbeirario.com.br\/portal\/?p=16930","title":{"rendered":"\u00daltimo BEIRA-RIO de Portas Abertas de 2013"},"content":{"rendered":"<figure id=\"attachment_16940\" aria-describedby=\"caption-attachment-16940\" style=\"width: 300px\" class=\"wp-caption alignleft\"><a href=\"https:\/\/jornalbeirario.com.br\/portal\/wp-content\/uploads\/2013\/11\/portas-abertas-nov2.jpg\"><img loading=\"lazy\" decoding=\"async\" class=\"size-medium wp-image-16940\" title=\"portas abertas nov2\" src=\"https:\/\/jornalbeirario.com.br\/portal\/wp-content\/uploads\/2013\/11\/portas-abertas-nov2-300x300.jpg\" alt=\"\" width=\"300\" height=\"300\" srcset=\"https:\/\/jornalbeirario.com.br\/portal\/wp-content\/uploads\/2013\/11\/portas-abertas-nov2-300x300.jpg 300w, https:\/\/jornalbeirario.com.br\/portal\/wp-content\/uploads\/2013\/11\/portas-abertas-nov2-150x150.jpg 150w, https:\/\/jornalbeirario.com.br\/portal\/wp-content\/uploads\/2013\/11\/portas-abertas-nov2-1024x1024.jpg 1024w, https:\/\/jornalbeirario.com.br\/portal\/wp-content\/uploads\/2013\/11\/portas-abertas-nov2-90x90.jpg 90w, https:\/\/jornalbeirario.com.br\/portal\/wp-content\/uploads\/2013\/11\/portas-abertas-nov2-100x100.jpg 100w, https:\/\/jornalbeirario.com.br\/portal\/wp-content\/uploads\/2013\/11\/portas-abertas-nov2-42x42.jpg 42w, https:\/\/jornalbeirario.com.br\/portal\/wp-content\/uploads\/2013\/11\/portas-abertas-nov2.jpg 2000w\" sizes=\"auto, (max-width: 300px) 100vw, 300px\" \/><\/a><figcaption id=\"caption-attachment-16940\" class=\"wp-caption-text\">\u00c0 esquerda, Eraldo Ferreira; acima \u00e0 direita, Fernando Castelhano (de p\u00e9) e Nelson Afonso; e abaixo, Joana e Paul\u00e3o<\/figcaption><\/figure>\n<p style=\"text-align: justify;\">Est\u00e1 sendo realizado neste domingo, dia 24, a \u00faltima edi\u00e7\u00e3o de 2013 do <strong>BEIRA-RIO<\/strong> de Portas Abertas, na sede d0 jornal, no Centro de Resende. A editora-chefe Ana L\u00facia Corr\u00eaa, o diretor comercial Jo\u00e3o Carlos Correia, a editora-assistente Loliza Domingues e o colaborador Welison Gon\u00e7alves receberam os leitores para um bate-papo sobre variados assuntos.<\/p>\n<p style=\"text-align: justify;\">Compareceram\u00a0ao evento a representante da Associa\u00e7\u00e3o de Moradores do Novo Surubi e do ComSocial, Joana Nascimento; o vice-presidente da Associa\u00e7\u00e3o de Moradores da Itapuca, Paulo C\u00e9sar da Costa, o Paul\u00e3o; o representante de vendas Gilmar Tib\u00farcio; o operador de ETA Marcos \u00c2nt\u00f4nio Gon\u00e7alves; o tecn\u00f3logo em Gest\u00e3o P\u00fablica Fernando Castelhano; o advogado Nelson Afonso; o militar reformado Eraldo Ferreira; o tamb\u00e9m representante do ComSocial Ednir Dias; o colaborador Rafael Alvarenga, a da pedagoga C\u00e2ndida Pires e da filha Morena Pires Alvarenga, de 11 meses, al\u00e9m do ex-presidente do Conselho dos Direitos da Crian\u00e7a e do Adolescente de Resende, Paulo C\u00e9sar da Silva, o Cesinha. A pr\u00f3xima edi\u00e7\u00e3o ser\u00e1\u00a0no in\u00edcio de \u00a02014.<\/p>\n","protected":false},"excerpt":{"rendered":"<p>Est\u00e1 sendo realizado neste domingo, dia 24, a \u00faltima edi\u00e7\u00e3o de 2013 do BEIRA-RIO de Portas Abertas, na sede d0 jornal, no Centro de<\/p>\n","protected":false},"author":1,"featured_media":16939,"comment_status":"open","ping_status":"open","sticky":false,"template":"","format":"standard","meta":{"pmpro_default_level":"","footnotes":""},"categories":[13],"tags":[155],"class_list":["post-16930","post","type-post","status-publish","format-standard","has-post-thumbnail","hentry","category-social","tag-dehoraemhora","pmpro-has-access"],"yoast_head":"<!-- This site is optimized with the Yoast SEO plugin v27.4 - https:\/\/yoast.com\/product\/yoast-seo-wordpress\/ -->\n<title>\u00daltimo BEIRA-RIO de Portas Abertas de 2013 - JORNAL BEIRA RIO<\/title>\n<meta name=\"robots\" content=\"index, follow, max-snippet:-1, max-image-preview:large, max-video-preview:-1\" \/>\n<link rel=\"canonical\" href=\"https:\/\/jornalbeirario.com.br\/portal\/?p=16930\" \/>\n<meta property=\"og:locale\" content=\"pt_BR\" \/>\n<meta property=\"og:type\" content=\"article\" \/>\n<meta property=\"og:title\" content=\"\u00daltimo BEIRA-RIO de Portas Abertas de 2013 - JORNAL BEIRA RIO\" \/>\n<meta property=\"og:description\" content=\"Est\u00e1 sendo realizado neste domingo, dia 24, a \u00faltima edi\u00e7\u00e3o de 2013 do BEIRA-RIO de Portas Abertas, na sede d0 jornal, no Centro de\" \/>\n<meta property=\"og:url\" content=\"https:\/\/jornalbeirario.com.br\/portal\/?p=16930\" \/>\n<meta property=\"og:site_name\" content=\"JORNAL BEIRA RIO\" \/>\n<meta property=\"article:published_time\" content=\"2013-11-24T13:59:44+00:00\" \/>\n<meta property=\"article:modified_time\" content=\"2013-11-24T14:00:52+00:00\" \/>\n<meta property=\"og:image\" content=\"https:\/\/jornalbeirario.com.br\/portal\/wp-content\/uploads\/2013\/11\/portas-abertas-nov1.jpg\" \/>\n\t<meta property=\"og:image:width\" content=\"640\" \/>\n\t<meta property=\"og:image:height\" content=\"480\" \/>\n\t<meta property=\"og:image:type\" content=\"image\/jpeg\" \/>\n<meta name=\"author\" content=\"Jornal BEIRA-RIO\" \/>\n<meta name=\"twitter:card\" content=\"summary_large_image\" \/>\n<meta name=\"twitter:label1\" content=\"Escrito por\" \/>\n\t<meta name=\"twitter:data1\" content=\"Jornal BEIRA-RIO\" \/>\n\t<meta name=\"twitter:label2\" content=\"Est. tempo de leitura\" \/>\n\t<meta name=\"twitter:data2\" content=\"1 minuto\" \/>\n<script type=\"application\/ld+json\" class=\"yoast-schema-graph\">{\"@context\":\"https:\\\/\\\/schema.org\",\"@graph\":[{\"@type\":\"Article\",\"@id\":\"https:\\\/\\\/jornalbeirario.com.br\\\/portal\\\/?p=16930#article\",\"isPartOf\":{\"@id\":\"https:\\\/\\\/jornalbeirario.com.br\\\/portal\\\/?p=16930\"},\"author\":{\"name\":\"Jornal BEIRA-RIO\",\"@id\":\"https:\\\/\\\/jornalbeirario.com.br\\\/portal\\\/#\\\/schema\\\/person\\\/c6c423e4c2465d2a9233f6539173e7c1\"},\"headline\":\"\u00daltimo BEIRA-RIO de Portas Abertas de 2013\",\"datePublished\":\"2013-11-24T13:59:44+00:00\",\"dateModified\":\"2013-11-24T14:00:52+00:00\",\"mainEntityOfPage\":{\"@id\":\"https:\\\/\\\/jornalbeirario.com.br\\\/portal\\\/?p=16930\"},\"wordCount\":218,\"commentCount\":0,\"publisher\":{\"@id\":\"https:\\\/\\\/jornalbeirario.com.br\\\/portal\\\/#organization\"},\"image\":{\"@id\":\"https:\\\/\\\/jornalbeirario.com.br\\\/portal\\\/?p=16930#primaryimage\"},\"thumbnailUrl\":\"https:\\\/\\\/jornalbeirario.com.br\\\/portal\\\/wp-content\\\/uploads\\\/2013\\\/11\\\/portas-abertas-nov1.jpg\",\"keywords\":[\"dehoraemhora\"],\"articleSection\":[\"Social\"],\"inLanguage\":\"pt-BR\",\"potentialAction\":[{\"@type\":\"CommentAction\",\"name\":\"Comment\",\"target\":[\"https:\\\/\\\/jornalbeirario.com.br\\\/portal\\\/?p=16930#respond\"]}]},{\"@type\":\"WebPage\",\"@id\":\"https:\\\/\\\/jornalbeirario.com.br\\\/portal\\\/?p=16930\",\"url\":\"https:\\\/\\\/jornalbeirario.com.br\\\/portal\\\/?p=16930\",\"name\":\"\u00daltimo BEIRA-RIO de Portas Abertas de 2013 - JORNAL BEIRA RIO\",\"isPartOf\":{\"@id\":\"https:\\\/\\\/jornalbeirario.com.br\\\/portal\\\/#website\"},\"primaryImageOfPage\":{\"@id\":\"https:\\\/\\\/jornalbeirario.com.br\\\/portal\\\/?p=16930#primaryimage\"},\"image\":{\"@id\":\"https:\\\/\\\/jornalbeirario.com.br\\\/portal\\\/?p=16930#primaryimage\"},\"thumbnailUrl\":\"https:\\\/\\\/jornalbeirario.com.br\\\/portal\\\/wp-content\\\/uploads\\\/2013\\\/11\\\/portas-abertas-nov1.jpg\",\"datePublished\":\"2013-11-24T13:59:44+00:00\",\"dateModified\":\"2013-11-24T14:00:52+00:00\",\"breadcrumb\":{\"@id\":\"https:\\\/\\\/jornalbeirario.com.br\\\/portal\\\/?p=16930#breadcrumb\"},\"inLanguage\":\"pt-BR\",\"potentialAction\":[{\"@type\":\"ReadAction\",\"target\":[\"https:\\\/\\\/jornalbeirario.com.br\\\/portal\\\/?p=16930\"]}]},{\"@type\":\"ImageObject\",\"inLanguage\":\"pt-BR\",\"@id\":\"https:\\\/\\\/jornalbeirario.com.br\\\/portal\\\/?p=16930#primaryimage\",\"url\":\"https:\\\/\\\/jornalbeirario.com.br\\\/portal\\\/wp-content\\\/uploads\\\/2013\\\/11\\\/portas-abertas-nov1.jpg\",\"contentUrl\":\"https:\\\/\\\/jornalbeirario.com.br\\\/portal\\\/wp-content\\\/uploads\\\/2013\\\/11\\\/portas-abertas-nov1.jpg\",\"width\":\"640\",\"height\":\"480\"},{\"@type\":\"BreadcrumbList\",\"@id\":\"https:\\\/\\\/jornalbeirario.com.br\\\/portal\\\/?p=16930#breadcrumb\",\"itemListElement\":[{\"@type\":\"ListItem\",\"position\":1,\"name\":\"Home\",\"item\":\"https:\\\/\\\/jornalbeirario.com.br\\\/portal\"},{\"@type\":\"ListItem\",\"position\":2,\"name\":\"\u00daltimo BEIRA-RIO de Portas Abertas de 2013\"}]},{\"@type\":\"WebSite\",\"@id\":\"https:\\\/\\\/jornalbeirario.com.br\\\/portal\\\/#website\",\"url\":\"https:\\\/\\\/jornalbeirario.com.br\\\/portal\\\/\",\"name\":\"JORNAL BEIRA RIO\",\"description\":\"\",\"publisher\":{\"@id\":\"https:\\\/\\\/jornalbeirario.com.br\\\/portal\\\/#organization\"},\"potentialAction\":[{\"@type\":\"SearchAction\",\"target\":{\"@type\":\"EntryPoint\",\"urlTemplate\":\"https:\\\/\\\/jornalbeirario.com.br\\\/portal\\\/?s={search_term_string}\"},\"query-input\":{\"@type\":\"PropertyValueSpecification\",\"valueRequired\":true,\"valueName\":\"search_term_string\"}}],\"inLanguage\":\"pt-BR\"},{\"@type\":\"Organization\",\"@id\":\"https:\\\/\\\/jornalbeirario.com.br\\\/portal\\\/#organization\",\"name\":\"JORNAL BEIRA RIO\",\"url\":\"https:\\\/\\\/jornalbeirario.com.br\\\/portal\\\/\",\"logo\":{\"@type\":\"ImageObject\",\"inLanguage\":\"pt-BR\",\"@id\":\"https:\\\/\\\/jornalbeirario.com.br\\\/portal\\\/#\\\/schema\\\/logo\\\/image\\\/\",\"url\":\"https:\\\/\\\/jornalbeirario.com.br\\\/portal\\\/wp-content\\\/uploads\\\/2017\\\/09\\\/BEIRA-RIO_logo600.png\",\"contentUrl\":\"https:\\\/\\\/jornalbeirario.com.br\\\/portal\\\/wp-content\\\/uploads\\\/2017\\\/09\\\/BEIRA-RIO_logo600.png\",\"width\":650,\"height\":108,\"caption\":\"JORNAL BEIRA RIO\"},\"image\":{\"@id\":\"https:\\\/\\\/jornalbeirario.com.br\\\/portal\\\/#\\\/schema\\\/logo\\\/image\\\/\"}},{\"@type\":\"Person\",\"@id\":\"https:\\\/\\\/jornalbeirario.com.br\\\/portal\\\/#\\\/schema\\\/person\\\/c6c423e4c2465d2a9233f6539173e7c1\",\"name\":\"Jornal BEIRA-RIO\",\"image\":{\"@type\":\"ImageObject\",\"inLanguage\":\"pt-BR\",\"@id\":\"https:\\\/\\\/jornalbeirario.com.br\\\/portal\\\/wp-content\\\/uploads\\\/2023\\\/10\\\/logojbr1.jpg\",\"url\":\"https:\\\/\\\/jornalbeirario.com.br\\\/portal\\\/wp-content\\\/uploads\\\/2023\\\/10\\\/logojbr1.jpg\",\"contentUrl\":\"https:\\\/\\\/jornalbeirario.com.br\\\/portal\\\/wp-content\\\/uploads\\\/2023\\\/10\\\/logojbr1.jpg\",\"caption\":\"Jornal BEIRA-RIO\"},\"url\":\"https:\\\/\\\/jornalbeirario.com.br\\\/portal\\\/?author=1\"}]}<\/script>\n<!-- \/ Yoast SEO plugin. -->","yoast_head_json":{"title":"\u00daltimo BEIRA-RIO de Portas Abertas de 2013 - JORNAL BEIRA RIO","robots":{"index":"index","follow":"follow","max-snippet":"max-snippet:-1","max-image-preview":"max-image-preview:large","max-video-preview":"max-video-preview:-1"},"canonical":"https:\/\/jornalbeirario.com.br\/portal\/?p=16930","og_locale":"pt_BR","og_type":"article","og_title":"\u00daltimo BEIRA-RIO de Portas Abertas de 2013 - JORNAL BEIRA RIO","og_description":"Est\u00e1 sendo realizado neste domingo, dia 24, a \u00faltima edi\u00e7\u00e3o de 2013 do BEIRA-RIO de Portas Abertas, na sede d0 jornal, no Centro de","og_url":"https:\/\/jornalbeirario.com.br\/portal\/?p=16930","og_site_name":"JORNAL BEIRA RIO","article_published_time":"2013-11-24T13:59:44+00:00","article_modified_time":"2013-11-24T14:00:52+00:00","og_image":[{"width":640,"height":480,"url":"https:\/\/jornalbeirario.com.br\/portal\/wp-content\/uploads\/2013\/11\/portas-abertas-nov1.jpg","type":"image\/jpeg"}],"author":"Jornal BEIRA-RIO","twitter_card":"summary_large_image","twitter_misc":{"Escrito por":"Jornal BEIRA-RIO","Est. tempo de leitura":"1 minuto"},"schema":{"@context":"https:\/\/schema.org","@graph":[{"@type":"Article","@id":"https:\/\/jornalbeirario.com.br\/portal\/?p=16930#article","isPartOf":{"@id":"https:\/\/jornalbeirario.com.br\/portal\/?p=16930"},"author":{"name":"Jornal BEIRA-RIO","@id":"https:\/\/jornalbeirario.com.br\/portal\/#\/schema\/person\/c6c423e4c2465d2a9233f6539173e7c1"},"headline":"\u00daltimo BEIRA-RIO de Portas Abertas de 2013","datePublished":"2013-11-24T13:59:44+00:00","dateModified":"2013-11-24T14:00:52+00:00","mainEntityOfPage":{"@id":"https:\/\/jornalbeirario.com.br\/portal\/?p=16930"},"wordCount":218,"commentCount":0,"publisher":{"@id":"https:\/\/jornalbeirario.com.br\/portal\/#organization"},"image":{"@id":"https:\/\/jornalbeirario.com.br\/portal\/?p=16930#primaryimage"},"thumbnailUrl":"https:\/\/jornalbeirario.com.br\/portal\/wp-content\/uploads\/2013\/11\/portas-abertas-nov1.jpg","keywords":["dehoraemhora"],"articleSection":["Social"],"inLanguage":"pt-BR","potentialAction":[{"@type":"CommentAction","name":"Comment","target":["https:\/\/jornalbeirario.com.br\/portal\/?p=16930#respond"]}]},{"@type":"WebPage","@id":"https:\/\/jornalbeirario.com.br\/portal\/?p=16930","url":"https:\/\/jornalbeirario.com.br\/portal\/?p=16930","name":"\u00daltimo BEIRA-RIO de Portas Abertas de 2013 - JORNAL BEIRA RIO","isPartOf":{"@id":"https:\/\/jornalbeirario.com.br\/portal\/#website"},"primaryImageOfPage":{"@id":"https:\/\/jornalbeirario.com.br\/portal\/?p=16930#primaryimage"},"image":{"@id":"https:\/\/jornalbeirario.com.br\/portal\/?p=16930#primaryimage"},"thumbnailUrl":"https:\/\/jornalbeirario.com.br\/portal\/wp-content\/uploads\/2013\/11\/portas-abertas-nov1.jpg","datePublished":"2013-11-24T13:59:44+00:00","dateModified":"2013-11-24T14:00:52+00:00","breadcrumb":{"@id":"https:\/\/jornalbeirario.com.br\/portal\/?p=16930#breadcrumb"},"inLanguage":"pt-BR","potentialAction":[{"@type":"ReadAction","target":["https:\/\/jornalbeirario.com.br\/portal\/?p=16930"]}]},{"@type":"ImageObject","inLanguage":"pt-BR","@id":"https:\/\/jornalbeirario.com.br\/portal\/?p=16930#primaryimage","url":"https:\/\/jornalbeirario.com.br\/portal\/wp-content\/uploads\/2013\/11\/portas-abertas-nov1.jpg","contentUrl":"https:\/\/jornalbeirario.com.br\/portal\/wp-content\/uploads\/2013\/11\/portas-abertas-nov1.jpg","width":"640","height":"480"},{"@type":"BreadcrumbList","@id":"https:\/\/jornalbeirario.com.br\/portal\/?p=16930#breadcrumb","itemListElement":[{"@type":"ListItem","position":1,"name":"Home","item":"https:\/\/jornalbeirario.com.br\/portal"},{"@type":"ListItem","position":2,"name":"\u00daltimo BEIRA-RIO de Portas Abertas de 2013"}]},{"@type":"WebSite","@id":"https:\/\/jornalbeirario.com.br\/portal\/#website","url":"https:\/\/jornalbeirario.com.br\/portal\/","name":"JORNAL BEIRA RIO","description":"","publisher":{"@id":"https:\/\/jornalbeirario.com.br\/portal\/#organization"},"potentialAction":[{"@type":"SearchAction","target":{"@type":"EntryPoint","urlTemplate":"https:\/\/jornalbeirario.com.br\/portal\/?s={search_term_string}"},"query-input":{"@type":"PropertyValueSpecification","valueRequired":true,"valueName":"search_term_string"}}],"inLanguage":"pt-BR"},{"@type":"Organization","@id":"https:\/\/jornalbeirario.com.br\/portal\/#organization","name":"JORNAL BEIRA RIO","url":"https:\/\/jornalbeirario.com.br\/portal\/","logo":{"@type":"ImageObject","inLanguage":"pt-BR","@id":"https:\/\/jornalbeirario.com.br\/portal\/#\/schema\/logo\/image\/","url":"https:\/\/jornalbeirario.com.br\/portal\/wp-content\/uploads\/2017\/09\/BEIRA-RIO_logo600.png","contentUrl":"https:\/\/jornalbeirario.com.br\/portal\/wp-content\/uploads\/2017\/09\/BEIRA-RIO_logo600.png","width":650,"height":108,"caption":"JORNAL BEIRA RIO"},"image":{"@id":"https:\/\/jornalbeirario.com.br\/portal\/#\/schema\/logo\/image\/"}},{"@type":"Person","@id":"https:\/\/jornalbeirario.com.br\/portal\/#\/schema\/person\/c6c423e4c2465d2a9233f6539173e7c1","name":"Jornal BEIRA-RIO","image":{"@type":"ImageObject","inLanguage":"pt-BR","@id":"https:\/\/jornalbeirario.com.br\/portal\/wp-content\/uploads\/2023\/10\/logojbr1.jpg","url":"https:\/\/jornalbeirario.com.br\/portal\/wp-content\/uploads\/2023\/10\/logojbr1.jpg","contentUrl":"https:\/\/jornalbeirario.com.br\/portal\/wp-content\/uploads\/2023\/10\/logojbr1.jpg","caption":"Jornal BEIRA-RIO"},"url":"https:\/\/jornalbeirario.com.br\/portal\/?author=1"}]}},"_links":{"self":[{"href":"https:\/\/jornalbeirario.com.br\/portal\/index.php?rest_route=\/wp\/v2\/posts\/16930","targetHints":{"allow":["GET"]}}],"collection":[{"href":"https:\/\/jornalbeirario.com.br\/portal\/index.php?rest_route=\/wp\/v2\/posts"}],"about":[{"href":"https:\/\/jornalbeirario.com.br\/portal\/index.php?rest_route=\/wp\/v2\/types\/post"}],"author":[{"embeddable":true,"href":"https:\/\/jornalbeirario.com.br\/portal\/index.php?rest_route=\/wp\/v2\/users\/1"}],"replies":[{"embeddable":true,"href":"https:\/\/jornalbeirario.com.br\/portal\/index.php?rest_route=%2Fwp%2Fv2%2Fcomments&post=16930"}],"version-history":[{"count":11,"href":"https:\/\/jornalbeirario.com.br\/portal\/index.php?rest_route=\/wp\/v2\/posts\/16930\/revisions"}],"predecessor-version":[{"id":16943,"href":"https:\/\/jornalbeirario.com.br\/portal\/index.php?rest_route=\/wp\/v2\/posts\/16930\/revisions\/16943"}],"wp:featuredmedia":[{"embeddable":true,"href":"https:\/\/jornalbeirario.com.br\/portal\/index.php?rest_route=\/wp\/v2\/media\/16939"}],"wp:attachment":[{"href":"https:\/\/jornalbeirario.com.br\/portal\/index.php?rest_route=%2Fwp%2Fv2%2Fmedia&parent=16930"}],"wp:term":[{"taxonomy":"category","embeddable":true,"href":"https:\/\/jornalbeirario.com.br\/portal\/index.php?rest_route=%2Fwp%2Fv2%2Fcategories&post=16930"},{"taxonomy":"post_tag","embeddable":true,"href":"https:\/\/jornalbeirario.com.br\/portal\/index.php?rest_route=%2Fwp%2Fv2%2Ftags&post=16930"}],"curies":[{"name":"wp","href":"https:\/\/api.w.org\/{rel}","templated":true}]}}