
{"id":16827,"date":"2013-11-22T10:51:45","date_gmt":"2013-11-22T10:51:45","guid":{"rendered":"http:\/\/jornalbeirario.com.br\/portal\/portal\/?p=16827"},"modified":"2013-11-22T10:51:45","modified_gmt":"2013-11-22T10:51:45","slug":"caso-de-policia-54","status":"publish","type":"post","link":"https:\/\/jornalbeirario.com.br\/portal\/?p=16827","title":{"rendered":"CASO DE POL\u00cdCIA"},"content":{"rendered":"<p style=\"text-align: justify;\">FURTO de celular. O funcion\u00e1rio p\u00fablico Robson Augusto da Silva, 42, foi furtado no ponto final de \u00f4nibus no bairro Cidade Alegria, no in\u00edcio da noite do dia 11. Ap\u00f3s tirar o celular da mochila e coloc\u00e1-lo ao seu lado, no banco onde estava sentado, deu falta do celular alguns segundos depois. O ponto estava cheio de pessoas e ele n\u00e3o identificou o autor.<\/p>\n<p>ROUBO na Morada da Colina. O industri\u00e1rio Paulo C\u00e9sar Barbosa J\u00fanior, 25, foi assaltado no dia 12, na ponte que d\u00e1 acesso ao condom\u00ednio Alphaville, no bairro Morada da Colina. Dois homens que estavam numa moto escura e usando capacetes, um deles portando arma, se aproximaram enquanto ele caminhava pela ponte e anunciaram o assalto. Os assaltantes levaram R$ 250 em esp\u00e9cie, documentos pessoais, dois aparelhos celulares, um cord\u00e3o de ouro de 18 quilates, uma mochila preta e cart\u00f5es de cr\u00e9dito. Segundo o industri\u00e1rio, ap\u00f3s o roubo os dois sa\u00edram em dire\u00e7\u00e3o a Cidade Alegria.<\/p>\n<p>FURTO no condom\u00ednio. No dia 9 um celular e um carregador foram furtados do condom\u00ednio Alphaville, no bairro Parque Ipiranga. Quando chegou para trabalhar o porteiro Adilson Bernardino de Oliveira, 55, foi informado por seu antecessor que os aparelhos estavam guardados no arm\u00e1rio, mas quando foi verificar percebeu que o mesmo havia sido arrombado.<\/p>\n<p>FURTO de carro na Cidade Alegria. O ve\u00edculo Santana Quantum, placa KTE 8745, de propriedade de Jos\u00e9 Benedito de Jesus, 45, foi furtado na madrugada do dia 17, no bairro Cidade Alegria. Segundo o propriet\u00e1rio, o carro foi deixado pr\u00f3ximo a uma borracharia, por voltas das 23h do dia 16, ap\u00f3s o ve\u00edculo apresentar problemas mec\u00e2nicos. No dia seguinte, quando voltou ao local, por voltas das 6h, n\u00e3o o encontrou mais. Segundo ele, a chave do ve\u00edculo est\u00e1 com ele e que provavelmente foi realizada liga\u00e7\u00e3o direta.<\/p>\n<p>QUEDA na sa\u00edda de restaurante. O aposentado Jorge Faria Machado, 78, sofreu uma queda ap\u00f3s sair de um restaurante no Posto Ol\u00e1, na madrugada do dia 15, no bairro Para\u00edso. Segundo a v\u00edtima, a sa\u00edda possui um degrau muito alto, sem nenhuma prote\u00e7\u00e3o para pedestre e que n\u00e3o conseguiu se firmar com o impacto e caiu no estacionamento. Jorge foi socorrido pelo Corpo de Bombeiros e levado para o Hospital de Emerg\u00eancia. A unidade de sa\u00fade informou que ele sofreu um corte no globo ocular e teve perda de massa ocular.<\/p>\n<p>APREENS\u00c3O de entorpecentes. Em patrulhamento na tarde do dia 15, policiais militares avistaram duas pessoas em atitude suspeita entrando num matagal, na beira do Rio Para\u00edba do Sul, na altura do bairro Liberdade. Ao perceber a aproxima\u00e7\u00e3o da PM os dois homens entraram no Rio Para\u00edba do Sul, largando a sacola (com 80 saquinhos) contendo 170g de maconha.<\/p>\n<p>ASSASSINATOS na regi\u00e3o. Duas pessoas morreram baleadas, uma em Resende e outra em Itatiaia, entre os dias 16 e 17. Em Resende, Wallace Soares Alves, 17, levou dois tiros nas costas no noite do dia 16: um perfurou o pulm\u00e3o esquerdo e o cora\u00e7\u00e3o e a outra bala alojou no f\u00edgado. O adolescente, que foi baleado no bairro Cidade Alegria, chegou a ser levado para a Unidade de Pronto Atendimento pr\u00f3ximo ao local, mas j\u00e1 estava morto. Os irm\u00e3os J\u00falio C\u00e9sar dos Santos, 26, o Julinho, e Lu\u00eds Henrique dos Santos, 30, o Formig\u00e3o, foram presos em flagrante, e junto com eles foram apreendidas uma arma calibre 38 e muni\u00e7\u00e3o. No dia 19, eles foram transferidos para a Cadeia P\u00fablica de Volta Redonda. Em Itatiaia, Diogo Nascimento Te\u00f3filo, 23, o Ti\u00e3o, foi baleado, no bairro Campo Alegre, na madrugada do dia 17, e morreu no local por volta das 2h30. Ele foi baleado com quatro tiros, tr\u00eas alojaram na cabe\u00e7a, costas, bra\u00e7o esquerdo e o outro perfurou a regi\u00e3o das n\u00e1degas. De acordo com a Pol\u00edcia Militar, Ti\u00e3o teria sido baleado durante uma briga de gangues dos bairros Linha Velha e Campo Alegre. Quatro jovens com idades entre 19 e 22 anos foram presos em flagrante, e um adolescente de 16 anos foi detido. Com eles, a PM apreendeu cinco armas, sendo duas de calibre 38 e tr\u00eas de calibre 32.<\/p>\n<p>ACIDENTES em vias p\u00fablicas. O motoboy Abel Mendes Silva, 40, foi atropelado pr\u00f3ximo ao bairro Jardim do Sol, em Resende, na noite do dia 16, e deu entrada no Hospital de Emerg\u00eancia por volta das 23h15, onde segue internado. Outras v\u00edtimas tamb\u00e9m deram entrada na unidade, mas depois de se envolverem em duas diferentes colis\u00f5es. O encarregado de panifica\u00e7\u00e3o Carlos Leandro Fagundes, 36, bateu com seu ve\u00edculo de passeio contra um poste, no bairro Parque Embaixador, dando entrada tamb\u00e9m no Hospital de Emerg\u00eancia, por volta das 17h50. E o agente de pesagem Diogo Gama de Oliveira, 23, deu entrada na unidade por volta de 1h40, depois de bater com o ve\u00edculo contra um muro, no bairro Manejo.<\/p>\n<p>MORTE ap\u00f3s capotamento. Um capotamento no km 303 da Rodovia Presidente Dutra, no bairro Para\u00edso, em Resende, dia 16, vitimou Maria Fernanda Caetano, 27. Ela morreu ap\u00f3s o carro em que estava bater contra a mureta de prote\u00e7\u00e3o da rodovia, no sentido S\u00e3o Paulo. Outra v\u00edtima, o auxiliar de caminhoneiro Leandro Efig\u00eanio de Souza, 18, teve forte luxa\u00e7\u00e3o no ombro direito e foi levado para o Hospital de Emerg\u00eancia. O radialista Cl\u00e9bio Nicolau dos Santos, 38, que estava conduzindo o ve\u00edculo foi detido, conduzido \u00e0 Delegacia de Resende e realizou o teste de baf\u00f4metro, que apontou sinais de embriaguez, com teor alco\u00f3lico de 0,47 mg\/l. Ele foi preso em flagrante e transferido para a Cadeia P\u00fablica de Volta Redonda.<\/p>\n<p>BATIDA em sinal. Ap\u00f3s parar seu carro no sinal luminoso o aut\u00f4nomo S\u00e9rgio Augusto Pinheiro, 38, foi atingido por um carro, conduzido pelo ajudante de caminh\u00e3o \u00c2ngelo Paix\u00e3o de Almeida, 19, na noite do dia 15. O ajudante informou que quando percebeu que o sinal havia fechado acionou o freio do carro, por\u00e9m ele n\u00e3o respondeu o comando e colidiu com o carro da frente. Na colis\u00e3o a filha de S\u00e9rgio, de 13 anos, que estava no banco de tr\u00e1s sofreu uma les\u00e3o no pesco\u00e7o e foi levada para o hospital da Unimed Resende.<\/p>\n<p>ATROPELAMENTO em via p\u00fablica. Na manh\u00e3 do dia 16, o frentista \u00c9lson de Lima Laurindo, 40, foi atropelado na Avenida Gustavo Jardim, no Centro de Resende. O carro conduzido pelo gerente Leonardo da Silva Oliveira, 31, atingiu o frentista ap\u00f3s o mesmo entrar, segundo o gerente, de forma inesperada na via, e mesmo acionando o freio n\u00e3o conseguiu evitar a colis\u00e3o. O frentista foi encaminhado para o Hospital de Emerg\u00eancia e liberado logo em seguida.<\/p>\n<p>FURTO de moto em Mau\u00e1. Ap\u00f3s deixar sua moto estacionada pr\u00f3xima a casa de sua tia, o pedreiro Valdinei do Ros\u00e1rio Paiva, 24, teve sua moto, placa LPR 8988, de cor preta, furtada na noite do dia 15, na estrada Mau\u00e1-Maromba.<\/p>\n<p>FURTO no interior de resid\u00eancia. Na tarde do dia 16, o aut\u00f4nomo Elizeu Mendon\u00e7a, 64, foi furtado em sua resid\u00eancia no bairro Mirante das Agulhas. Elizeu se ausentou da casa por um tempo, e ao retornar, viu que o port\u00e3o estava aberto e a janela da sala arrombada. Da casa forma levados cinco aparelhos de celular, dois r\u00e1dios Nextel, uma m\u00e1quina de cortar cabelo e uma chapinha.<\/p>\n<p>FURTO dentro de resid\u00eancia. Na tarde do dia 17, o metal\u00fargico Nelmo Souza Amorim, 48, foi furtado no bairro Jardim Oeste, em Resende. Ao chegar na resid\u00eancia o metal\u00fargico, percebeu que a janela do quarto principal foi arrombada, e do interior da resid\u00eancia foram furtados dois celulares, uma TV de 29\u2019, uma TV de LCD de 32\u2019, um minisystem, um DVD, um microondas e um notebook.<\/p>\n<p>ACIDENTES na Rodovia Presidente Dutra. No dia 20, por volta de 8h, um engavetamento envolvendo tr\u00eas carros na Rodovia Presidente Dutra, no km 299, pr\u00f3ximo ao Posto Embaixador, deixou Andrea Aparecida Lamim, 43, com ferimentos. Ela foi socorrida e encaminhada para o Hospital de Emerg\u00eancia onde recebeu atendimento. Segundo a Pol\u00edcia Rodovi\u00e1ria Federal os demais ocupantes dos ve\u00edculos n\u00e3o ficaram feridos. Na noite anterior, por volta de 19h, outra colis\u00e3o envolvendo duas vans, no km 301, deixou o pedreiro Jos\u00e9 Edson da Cunha, 51, ferido. O pedreiro tamb\u00e9m foi encaminhado para o Hospital de Emerg\u00eancia e liberado ap\u00f3s a realiza\u00e7\u00e3o de exames.<\/p>\n<p>FURTO de bicicleta em estacionamento. No dia 20, a diarista Luzia de Souza Almeida, 40, deixou sua bicicleta trancada cadeado na garagem do estacionamento do Resende Shopping na parte da manh\u00e3, como faz todos os dias, antes de ir trabalhar. Quando saiu do servi\u00e7o n\u00e3o encontrou a bicicleta no local.<\/p>\n<p>FURTO de moto. Carlos Castilho Ferreira, 55, teve sua moto furtada na madrugada do dia 21, em frente a Igreja da Matriz. Ele estacionou a moto no local e esqueceu a chave na igni\u00e7\u00e3o, tempos depois quando deu por falta da chave, voltou ao local e percebeu que a moto havia sido furtada. De acordo com Carlos, a moto vermelha est\u00e1 com o tanque amassados dos dois lados devido a um acidente que sofreu h\u00e1 alguns meses.<\/p>\n<p>PRESO por tr\u00e1fico de drogas. Ap\u00f3s receber den\u00fancia an\u00f4nima, policiais militares prenderam Paulo Giovani de Paula, 22, mais conhecido como Paulinho, em sua casa por tr\u00e1fico de drogas na manh\u00e3 do dia 20, no bairro Alto dos Passos. Ao observar os policiais militares no local, ele jogou a droga por cima do muro do im\u00f3vel, em um terreno ao fundo. A PM entrou na casa, com autoriza\u00e7\u00e3o do pai de Paulo, e encontrou, al\u00e9m das pedras de crack no quintal, R$ 26 em esp\u00e9cie e sacos pl\u00e1sticos transparentes dentro de um guarda-roupa. Ele informou que comprou as pedras em Volta Redonda pelo valor de R$ 100 para revender e comprar coca\u00edna, porque \u00e9 usu\u00e1rio, e mantimentos, pois est\u00e1 desempregado. Paulo foi encaminhado para a 89\u00aa DP de Resende, onde permanece preso.<\/p>\n<p>ACIDENTES em vias p\u00fablicas. Diomar Beto de Andrade, 70, foi atropelado na manh\u00e3 do dia 21, no bairro Toyota II. Ele deu entrada no Hospital de Emerg\u00eancia com algumas escoria\u00e7\u00f5es e liberado na seq\u00fc\u00eancia. Na madrugada no mesmo dia, Ana Carla Campos, 25, e Cristiano Rodrigues Miranda, 31, sofreram uma queda de moto na Estrada de Mau\u00e1. Eles tamb\u00e9m foram atendidos com algumas escoria\u00e7\u00f5es.<\/p>\n<p>FERIDO em acidente. Na tarde do dia 20, o comerciante Ricardo Miglioli de Carvalho, 48, teve ferimentos leves ap\u00f3s uma colis\u00e3o entre sua moto e uma carreta no P\u00f3lo Industrial, em Porto Real. Ele foi encaminhado para o Hospital de Emerg\u00eancia de Resende para receber atendimento, e segundo a Unidade de Sa\u00fade foi liberado poucas horas depois.<\/p>\n","protected":false},"excerpt":{"rendered":"<p>FURTO de celular. O funcion\u00e1rio p\u00fablico Robson Augusto da Silva, 42, foi furtado no ponto final de \u00f4nibus no bairro Cidade Alegria, no in\u00edcio<\/p>\n","protected":false},"author":1,"featured_media":0,"comment_status":"open","ping_status":"open","sticky":false,"template":"","format":"standard","meta":{"pmpro_default_level":"","footnotes":""},"categories":[10],"tags":[],"class_list":["post-16827","post","type-post","status-publish","format-standard","hentry","category-policia","pmpro-has-access"],"yoast_head":"<!-- This site is optimized with the Yoast SEO plugin v27.4 - https:\/\/yoast.com\/product\/yoast-seo-wordpress\/ -->\n<title>CASO DE POL\u00cdCIA - JORNAL BEIRA RIO<\/title>\n<meta name=\"robots\" content=\"index, follow, max-snippet:-1, max-image-preview:large, max-video-preview:-1\" \/>\n<link rel=\"canonical\" href=\"https:\/\/jornalbeirario.com.br\/portal\/?p=16827\" \/>\n<meta property=\"og:locale\" content=\"pt_BR\" \/>\n<meta property=\"og:type\" content=\"article\" \/>\n<meta property=\"og:title\" content=\"CASO DE POL\u00cdCIA - JORNAL BEIRA RIO\" \/>\n<meta property=\"og:description\" content=\"FURTO de celular. O funcion\u00e1rio p\u00fablico Robson Augusto da Silva, 42, foi furtado no ponto final de \u00f4nibus no bairro Cidade Alegria, no in\u00edcio\" \/>\n<meta property=\"og:url\" content=\"https:\/\/jornalbeirario.com.br\/portal\/?p=16827\" \/>\n<meta property=\"og:site_name\" content=\"JORNAL BEIRA RIO\" \/>\n<meta property=\"article:published_time\" content=\"2013-11-22T10:51:45+00:00\" \/>\n<meta name=\"author\" content=\"Jornal BEIRA-RIO\" \/>\n<meta name=\"twitter:card\" content=\"summary_large_image\" \/>\n<meta name=\"twitter:label1\" content=\"Escrito por\" \/>\n\t<meta name=\"twitter:data1\" content=\"Jornal BEIRA-RIO\" \/>\n\t<meta name=\"twitter:label2\" content=\"Est. tempo de leitura\" \/>\n\t<meta name=\"twitter:data2\" content=\"9 minutos\" \/>\n<script type=\"application\/ld+json\" class=\"yoast-schema-graph\">{\"@context\":\"https:\\\/\\\/schema.org\",\"@graph\":[{\"@type\":\"Article\",\"@id\":\"https:\\\/\\\/jornalbeirario.com.br\\\/portal\\\/?p=16827#article\",\"isPartOf\":{\"@id\":\"https:\\\/\\\/jornalbeirario.com.br\\\/portal\\\/?p=16827\"},\"author\":{\"name\":\"Jornal BEIRA-RIO\",\"@id\":\"https:\\\/\\\/jornalbeirario.com.br\\\/portal\\\/#\\\/schema\\\/person\\\/c6c423e4c2465d2a9233f6539173e7c1\"},\"headline\":\"CASO DE POL\u00cdCIA\",\"datePublished\":\"2013-11-22T10:51:45+00:00\",\"mainEntityOfPage\":{\"@id\":\"https:\\\/\\\/jornalbeirario.com.br\\\/portal\\\/?p=16827\"},\"wordCount\":1827,\"commentCount\":0,\"publisher\":{\"@id\":\"https:\\\/\\\/jornalbeirario.com.br\\\/portal\\\/#organization\"},\"articleSection\":[\"Pol\u00edcia\"],\"inLanguage\":\"pt-BR\",\"potentialAction\":[{\"@type\":\"CommentAction\",\"name\":\"Comment\",\"target\":[\"https:\\\/\\\/jornalbeirario.com.br\\\/portal\\\/?p=16827#respond\"]}]},{\"@type\":\"WebPage\",\"@id\":\"https:\\\/\\\/jornalbeirario.com.br\\\/portal\\\/?p=16827\",\"url\":\"https:\\\/\\\/jornalbeirario.com.br\\\/portal\\\/?p=16827\",\"name\":\"CASO DE POL\u00cdCIA - JORNAL BEIRA RIO\",\"isPartOf\":{\"@id\":\"https:\\\/\\\/jornalbeirario.com.br\\\/portal\\\/#website\"},\"datePublished\":\"2013-11-22T10:51:45+00:00\",\"breadcrumb\":{\"@id\":\"https:\\\/\\\/jornalbeirario.com.br\\\/portal\\\/?p=16827#breadcrumb\"},\"inLanguage\":\"pt-BR\",\"potentialAction\":[{\"@type\":\"ReadAction\",\"target\":[\"https:\\\/\\\/jornalbeirario.com.br\\\/portal\\\/?p=16827\"]}]},{\"@type\":\"BreadcrumbList\",\"@id\":\"https:\\\/\\\/jornalbeirario.com.br\\\/portal\\\/?p=16827#breadcrumb\",\"itemListElement\":[{\"@type\":\"ListItem\",\"position\":1,\"name\":\"Home\",\"item\":\"https:\\\/\\\/jornalbeirario.com.br\\\/portal\"},{\"@type\":\"ListItem\",\"position\":2,\"name\":\"CASO DE POL\u00cdCIA\"}]},{\"@type\":\"WebSite\",\"@id\":\"https:\\\/\\\/jornalbeirario.com.br\\\/portal\\\/#website\",\"url\":\"https:\\\/\\\/jornalbeirario.com.br\\\/portal\\\/\",\"name\":\"JORNAL BEIRA RIO\",\"description\":\"\",\"publisher\":{\"@id\":\"https:\\\/\\\/jornalbeirario.com.br\\\/portal\\\/#organization\"},\"potentialAction\":[{\"@type\":\"SearchAction\",\"target\":{\"@type\":\"EntryPoint\",\"urlTemplate\":\"https:\\\/\\\/jornalbeirario.com.br\\\/portal\\\/?s={search_term_string}\"},\"query-input\":{\"@type\":\"PropertyValueSpecification\",\"valueRequired\":true,\"valueName\":\"search_term_string\"}}],\"inLanguage\":\"pt-BR\"},{\"@type\":\"Organization\",\"@id\":\"https:\\\/\\\/jornalbeirario.com.br\\\/portal\\\/#organization\",\"name\":\"JORNAL BEIRA RIO\",\"url\":\"https:\\\/\\\/jornalbeirario.com.br\\\/portal\\\/\",\"logo\":{\"@type\":\"ImageObject\",\"inLanguage\":\"pt-BR\",\"@id\":\"https:\\\/\\\/jornalbeirario.com.br\\\/portal\\\/#\\\/schema\\\/logo\\\/image\\\/\",\"url\":\"https:\\\/\\\/jornalbeirario.com.br\\\/portal\\\/wp-content\\\/uploads\\\/2017\\\/09\\\/BEIRA-RIO_logo600.png\",\"contentUrl\":\"https:\\\/\\\/jornalbeirario.com.br\\\/portal\\\/wp-content\\\/uploads\\\/2017\\\/09\\\/BEIRA-RIO_logo600.png\",\"width\":650,\"height\":108,\"caption\":\"JORNAL BEIRA RIO\"},\"image\":{\"@id\":\"https:\\\/\\\/jornalbeirario.com.br\\\/portal\\\/#\\\/schema\\\/logo\\\/image\\\/\"}},{\"@type\":\"Person\",\"@id\":\"https:\\\/\\\/jornalbeirario.com.br\\\/portal\\\/#\\\/schema\\\/person\\\/c6c423e4c2465d2a9233f6539173e7c1\",\"name\":\"Jornal BEIRA-RIO\",\"image\":{\"@type\":\"ImageObject\",\"inLanguage\":\"pt-BR\",\"@id\":\"https:\\\/\\\/jornalbeirario.com.br\\\/portal\\\/wp-content\\\/uploads\\\/2023\\\/10\\\/logojbr1.jpg\",\"url\":\"https:\\\/\\\/jornalbeirario.com.br\\\/portal\\\/wp-content\\\/uploads\\\/2023\\\/10\\\/logojbr1.jpg\",\"contentUrl\":\"https:\\\/\\\/jornalbeirario.com.br\\\/portal\\\/wp-content\\\/uploads\\\/2023\\\/10\\\/logojbr1.jpg\",\"caption\":\"Jornal BEIRA-RIO\"},\"url\":\"https:\\\/\\\/jornalbeirario.com.br\\\/portal\\\/?author=1\"}]}<\/script>\n<!-- \/ Yoast SEO plugin. -->","yoast_head_json":{"title":"CASO DE POL\u00cdCIA - JORNAL BEIRA RIO","robots":{"index":"index","follow":"follow","max-snippet":"max-snippet:-1","max-image-preview":"max-image-preview:large","max-video-preview":"max-video-preview:-1"},"canonical":"https:\/\/jornalbeirario.com.br\/portal\/?p=16827","og_locale":"pt_BR","og_type":"article","og_title":"CASO DE POL\u00cdCIA - JORNAL BEIRA RIO","og_description":"FURTO de celular. O funcion\u00e1rio p\u00fablico Robson Augusto da Silva, 42, foi furtado no ponto final de \u00f4nibus no bairro Cidade Alegria, no in\u00edcio","og_url":"https:\/\/jornalbeirario.com.br\/portal\/?p=16827","og_site_name":"JORNAL BEIRA RIO","article_published_time":"2013-11-22T10:51:45+00:00","author":"Jornal BEIRA-RIO","twitter_card":"summary_large_image","twitter_misc":{"Escrito por":"Jornal BEIRA-RIO","Est. tempo de leitura":"9 minutos"},"schema":{"@context":"https:\/\/schema.org","@graph":[{"@type":"Article","@id":"https:\/\/jornalbeirario.com.br\/portal\/?p=16827#article","isPartOf":{"@id":"https:\/\/jornalbeirario.com.br\/portal\/?p=16827"},"author":{"name":"Jornal BEIRA-RIO","@id":"https:\/\/jornalbeirario.com.br\/portal\/#\/schema\/person\/c6c423e4c2465d2a9233f6539173e7c1"},"headline":"CASO DE POL\u00cdCIA","datePublished":"2013-11-22T10:51:45+00:00","mainEntityOfPage":{"@id":"https:\/\/jornalbeirario.com.br\/portal\/?p=16827"},"wordCount":1827,"commentCount":0,"publisher":{"@id":"https:\/\/jornalbeirario.com.br\/portal\/#organization"},"articleSection":["Pol\u00edcia"],"inLanguage":"pt-BR","potentialAction":[{"@type":"CommentAction","name":"Comment","target":["https:\/\/jornalbeirario.com.br\/portal\/?p=16827#respond"]}]},{"@type":"WebPage","@id":"https:\/\/jornalbeirario.com.br\/portal\/?p=16827","url":"https:\/\/jornalbeirario.com.br\/portal\/?p=16827","name":"CASO DE POL\u00cdCIA - JORNAL BEIRA RIO","isPartOf":{"@id":"https:\/\/jornalbeirario.com.br\/portal\/#website"},"datePublished":"2013-11-22T10:51:45+00:00","breadcrumb":{"@id":"https:\/\/jornalbeirario.com.br\/portal\/?p=16827#breadcrumb"},"inLanguage":"pt-BR","potentialAction":[{"@type":"ReadAction","target":["https:\/\/jornalbeirario.com.br\/portal\/?p=16827"]}]},{"@type":"BreadcrumbList","@id":"https:\/\/jornalbeirario.com.br\/portal\/?p=16827#breadcrumb","itemListElement":[{"@type":"ListItem","position":1,"name":"Home","item":"https:\/\/jornalbeirario.com.br\/portal"},{"@type":"ListItem","position":2,"name":"CASO DE POL\u00cdCIA"}]},{"@type":"WebSite","@id":"https:\/\/jornalbeirario.com.br\/portal\/#website","url":"https:\/\/jornalbeirario.com.br\/portal\/","name":"JORNAL BEIRA RIO","description":"","publisher":{"@id":"https:\/\/jornalbeirario.com.br\/portal\/#organization"},"potentialAction":[{"@type":"SearchAction","target":{"@type":"EntryPoint","urlTemplate":"https:\/\/jornalbeirario.com.br\/portal\/?s={search_term_string}"},"query-input":{"@type":"PropertyValueSpecification","valueRequired":true,"valueName":"search_term_string"}}],"inLanguage":"pt-BR"},{"@type":"Organization","@id":"https:\/\/jornalbeirario.com.br\/portal\/#organization","name":"JORNAL BEIRA RIO","url":"https:\/\/jornalbeirario.com.br\/portal\/","logo":{"@type":"ImageObject","inLanguage":"pt-BR","@id":"https:\/\/jornalbeirario.com.br\/portal\/#\/schema\/logo\/image\/","url":"https:\/\/jornalbeirario.com.br\/portal\/wp-content\/uploads\/2017\/09\/BEIRA-RIO_logo600.png","contentUrl":"https:\/\/jornalbeirario.com.br\/portal\/wp-content\/uploads\/2017\/09\/BEIRA-RIO_logo600.png","width":650,"height":108,"caption":"JORNAL BEIRA RIO"},"image":{"@id":"https:\/\/jornalbeirario.com.br\/portal\/#\/schema\/logo\/image\/"}},{"@type":"Person","@id":"https:\/\/jornalbeirario.com.br\/portal\/#\/schema\/person\/c6c423e4c2465d2a9233f6539173e7c1","name":"Jornal BEIRA-RIO","image":{"@type":"ImageObject","inLanguage":"pt-BR","@id":"https:\/\/jornalbeirario.com.br\/portal\/wp-content\/uploads\/2023\/10\/logojbr1.jpg","url":"https:\/\/jornalbeirario.com.br\/portal\/wp-content\/uploads\/2023\/10\/logojbr1.jpg","contentUrl":"https:\/\/jornalbeirario.com.br\/portal\/wp-content\/uploads\/2023\/10\/logojbr1.jpg","caption":"Jornal BEIRA-RIO"},"url":"https:\/\/jornalbeirario.com.br\/portal\/?author=1"}]}},"_links":{"self":[{"href":"https:\/\/jornalbeirario.com.br\/portal\/index.php?rest_route=\/wp\/v2\/posts\/16827","targetHints":{"allow":["GET"]}}],"collection":[{"href":"https:\/\/jornalbeirario.com.br\/portal\/index.php?rest_route=\/wp\/v2\/posts"}],"about":[{"href":"https:\/\/jornalbeirario.com.br\/portal\/index.php?rest_route=\/wp\/v2\/types\/post"}],"author":[{"embeddable":true,"href":"https:\/\/jornalbeirario.com.br\/portal\/index.php?rest_route=\/wp\/v2\/users\/1"}],"replies":[{"embeddable":true,"href":"https:\/\/jornalbeirario.com.br\/portal\/index.php?rest_route=%2Fwp%2Fv2%2Fcomments&post=16827"}],"version-history":[{"count":1,"href":"https:\/\/jornalbeirario.com.br\/portal\/index.php?rest_route=\/wp\/v2\/posts\/16827\/revisions"}],"predecessor-version":[{"id":16828,"href":"https:\/\/jornalbeirario.com.br\/portal\/index.php?rest_route=\/wp\/v2\/posts\/16827\/revisions\/16828"}],"wp:attachment":[{"href":"https:\/\/jornalbeirario.com.br\/portal\/index.php?rest_route=%2Fwp%2Fv2%2Fmedia&parent=16827"}],"wp:term":[{"taxonomy":"category","embeddable":true,"href":"https:\/\/jornalbeirario.com.br\/portal\/index.php?rest_route=%2Fwp%2Fv2%2Fcategories&post=16827"},{"taxonomy":"post_tag","embeddable":true,"href":"https:\/\/jornalbeirario.com.br\/portal\/index.php?rest_route=%2Fwp%2Fv2%2Ftags&post=16827"}],"curies":[{"name":"wp","href":"https:\/\/api.w.org\/{rel}","templated":true}]}}