
{"id":16821,"date":"2013-11-22T10:49:11","date_gmt":"2013-11-22T10:49:11","guid":{"rendered":"http:\/\/jornalbeirario.com.br\/portal\/portal\/?p=16821"},"modified":"2013-11-22T10:49:11","modified_gmt":"2013-11-22T10:49:11","slug":"social-lais-amaral-24","status":"publish","type":"post","link":"https:\/\/jornalbeirario.com.br\/portal\/?p=16821","title":{"rendered":"SOCIAL LA\u00cdS AMARAL"},"content":{"rendered":"<p>Samba, Missa e Umbanda na Semana da Consci\u00eancia Negra em Resende<br \/>\nNessa ter\u00e7a, dia 19, aconteceu no Espa\u00e7o Torres, o Quilombo do Samba, uma das atividades que integram a Semana da Consci\u00eancia Negra. O grupo \u2018Com Prazer\u2019, do\u00a0 Julinho do Cavaco, e mais: Wagner, Welington, Jaferson e outros bambas, apresentou samba do bom para a turma presente. Depois o grupo recebeu e acompanhou a canja de tr\u00eas craques: Thiago Zaidan (cordas), Jairo Queiroz (trombone, pist\u00e3o, flauta, sax) e a cantora Sanny Alves. Foi uma lindeza. Na quarta-feira no mesmo local e tamb\u00e9m com entrada franca, foi a vez do Charme ter seu momento. Birinha Oliveira, um grande incentivador do g\u00eanero em Resende, encheu a casa. Tamb\u00e9m na quarta, mas pela manh\u00e3 foi celebrada uma missa por Zumbi dos Palmares. E amanh\u00e3, dia 23, a partir das 16 horas no Parque Zumbi (pr\u00f3ximo \u00e0s corredeiras do Rio Para\u00edba), ser\u00e1 realizada uma grande confraterniza\u00e7\u00e3o de Umbanda e outras manifesta\u00e7\u00f5es religiosas de matriz africana. A Aculafro est\u00e1 na organiza\u00e7\u00e3o, com apoio da Secretaria Municipal de A\u00e7\u00f5es Comunit\u00e1rias, via Coordenadoria da Igualdade Racial. Valeu Zumbi!!<\/p>\n<p>Samba da Panela e Festival de m\u00fasica<br \/>\nUm fim de semana musical pra ningu\u00e9m botar defeito, aqui em Resende. Quinta, sexta (hoje) e s\u00e1bado, acontece o festival de m\u00fasica promovido pela Funda\u00e7\u00e3o Casa da Cultura Macedo Miranda, no clube da ARBR. Chave de ouro na final, amanh\u00e3 (dia 23) com a grande Zez\u00e9 Motta cantando para seus muitos f\u00e3s e admiradores da cidade. Entrada franca. Foram 91 can\u00e7\u00f5es inscritas, com concorrentes de v\u00e1rias partes do pa\u00eds. No mesmo s\u00e1bado acontece o j\u00e1 badalado, prestigiado, testado e aprovado, \u201cSamba da Panela\u201d, no Caneco Zero Grau. Comando de Thiago Zaidan e Diogo Guimar\u00e3es (Alerta) e com o mesmo bom naipe de m\u00fasicos, entre eles o excelente Jairo Queiroz (sopros). Destaque tamb\u00e9m para a convidada da noite, a cantora Claudia Martins. Vai ser de arrepiar mais uma vez. Quem j\u00e1 provou sabe do que estou falando. Vou me dividir em peda\u00e7os para aproveitar tanta oferta boa.<\/p>\n<p>TRIPA<br \/>\n* A cantora Liana Costa \u00e9 a atra\u00e7\u00e3o desta sexta-feira, dia 22, do projeto M\u00fasica na Pra\u00e7a, que a Funda\u00e7\u00e3o Casa da Cultura Macedo Miranda promove na Pra\u00e7a Oliveira Botelho, a partir das 19 horas. \u00c9 mais uma op\u00e7\u00e3o legal deste final de semana * O tradicional Festival anual de Dan\u00e7a da K\u00e1tia Periquito \u00e9 mais uma das grandes atra\u00e7\u00f5es deste final de semana. \u00c9 o 29\u00ba Festival de Dan\u00e7a da Academia M. Periquito que ser\u00e1 realizado mais uma vez no teatr\u00e3o da Aman, neste s\u00e1bado, dia 23. \u00c0s 20h30. Show de bola. Abra\u00e7\u00e3o para a K\u00e1tia por mais essa e um feliz espet\u00e1culo * E neste domingo, dia 24, ser\u00e3o realizados os jogos de volta das semifinais do So\u00e7aite Quarent\u00e3o da AABB: Jogam \u00e0s 9h15 Alambari x Casa da Lua (primeiro jogo: Casa da Lua 1 x 0) e \u00e0s 10h20min Turma da Pelada x Brameiros (primeiro jogo: 2 x 2). Casa da Lua e Brameiros jogam por dois resultados iguais * Nessa ter\u00e7a-feira, v\u00e9spera do feriado de Zumbi, rolou no Garfo e Faca, mais um Pagode do Alerta, que \u00e9 aquele encontro que re\u00fane o maior n\u00famero de mulheres bonitas por metro quadrado em Resende. Abra\u00e7\u00e3o ao Guilherme, ao Andr\u00e9, ao Diogo, \u00e0 turma toda. Sucesso total mais uma vez * O \u2018Preto Velho\u2019, Claudionor Rosa manda avisar que o tema do Rancho Carnavalesco Chuveiro de Prata para o Carnaval de 2014, ser\u00e1: \u201cZum, zum, zum, zum, zum, zum, zum, t\u00e1 faltando um\u201d. Esse foi o refr\u00e3o de uma marchinha que fez sucesso no tempo \u00e1ureo dos Carnavais de sal\u00e3o e que o Claudionor relembra para homenagear gente que j\u00e1 foi embora da folia como Aluizio Simpl\u00edcio, Dito Sereno, Rosaine Pereira e muitos outros. Bem sacado pelo \u2018Preto Velho\u2019. Lembrando que o Carnaval do ano que vem ser\u00e1 na primeira semana de mar\u00e7o.<\/p>\n<p>ANIVERS\u00c1RIOS<br \/>\nA semana de muitos aniversariantes come\u00e7ou na segunda, dia 18 com tr\u00eas damas mudando de idade, as amigas: Vera L\u00facia Teixeira, Sandra Palandi e Mery Helen. Na ter\u00e7a, dia 19, inauguraram idade nova o Alexandre Cunha, a Rosane Sant\u2019Anna e o pais\u00e3o apaixonado, Julio Reym\u00e3o. Dia 20, Dia de Zumbi, receberam os \u2018parab\u00e9ns\u2019 a Rosangela Moraes e a Cristina Ferreira. Ontem, dia 21, sopraram velinhas a simp\u00e1tica Sonia Pelini, companheira do meu amigo Evaldo, e a minha colega de trabalho Fab\u00edola Lima. Hoje, dia 22, ficam mais experientes os amigos Nelsinho Scopacasa e o Eduardo Sim\u00e3o -Tuca. Amanh\u00e3, dia 23, tr\u00eas amigos contam mais um ano de vida: Isaque Farizel, Rosinha Bia e Willians Sampaio.\u00a0 E no domingo a Marta Buhler Menandro e a Maria In\u00eas Teodoro tamb\u00e9m aniversariam.<\/p>\n<p>Parab\u00e9ns e todas as felicidades do mundo a eles.<\/p>\n","protected":false},"excerpt":{"rendered":"<p>Samba, Missa e Umbanda na Semana da Consci\u00eancia Negra em Resende Nessa ter\u00e7a, dia 19, aconteceu no Espa\u00e7o Torres, o Quilombo do Samba, uma<\/p>\n","protected":false},"author":1,"featured_media":0,"comment_status":"open","ping_status":"open","sticky":false,"template":"","format":"standard","meta":{"pmpro_default_level":"","footnotes":""},"categories":[13],"tags":[],"class_list":["post-16821","post","type-post","status-publish","format-standard","hentry","category-social","pmpro-has-access"],"yoast_head":"<!-- This site is optimized with the Yoast SEO plugin v27.4 - https:\/\/yoast.com\/product\/yoast-seo-wordpress\/ -->\n<title>SOCIAL LA\u00cdS AMARAL - JORNAL BEIRA RIO<\/title>\n<meta name=\"robots\" content=\"index, follow, max-snippet:-1, max-image-preview:large, max-video-preview:-1\" \/>\n<link rel=\"canonical\" href=\"https:\/\/jornalbeirario.com.br\/portal\/?p=16821\" \/>\n<meta property=\"og:locale\" content=\"pt_BR\" \/>\n<meta property=\"og:type\" content=\"article\" \/>\n<meta property=\"og:title\" content=\"SOCIAL LA\u00cdS AMARAL - JORNAL BEIRA RIO\" \/>\n<meta property=\"og:description\" content=\"Samba, Missa e Umbanda na Semana da Consci\u00eancia Negra em Resende Nessa ter\u00e7a, dia 19, aconteceu no Espa\u00e7o Torres, o Quilombo do Samba, uma\" \/>\n<meta property=\"og:url\" content=\"https:\/\/jornalbeirario.com.br\/portal\/?p=16821\" \/>\n<meta property=\"og:site_name\" content=\"JORNAL BEIRA RIO\" \/>\n<meta property=\"article:published_time\" content=\"2013-11-22T10:49:11+00:00\" \/>\n<meta name=\"author\" content=\"Jornal BEIRA-RIO\" \/>\n<meta name=\"twitter:card\" content=\"summary_large_image\" \/>\n<meta name=\"twitter:label1\" content=\"Escrito por\" \/>\n\t<meta name=\"twitter:data1\" content=\"Jornal BEIRA-RIO\" \/>\n\t<meta name=\"twitter:label2\" content=\"Est. tempo de leitura\" \/>\n\t<meta name=\"twitter:data2\" content=\"4 minutos\" \/>\n<script type=\"application\/ld+json\" class=\"yoast-schema-graph\">{\"@context\":\"https:\\\/\\\/schema.org\",\"@graph\":[{\"@type\":\"Article\",\"@id\":\"https:\\\/\\\/jornalbeirario.com.br\\\/portal\\\/?p=16821#article\",\"isPartOf\":{\"@id\":\"https:\\\/\\\/jornalbeirario.com.br\\\/portal\\\/?p=16821\"},\"author\":{\"name\":\"Jornal BEIRA-RIO\",\"@id\":\"https:\\\/\\\/jornalbeirario.com.br\\\/portal\\\/#\\\/schema\\\/person\\\/c6c423e4c2465d2a9233f6539173e7c1\"},\"headline\":\"SOCIAL LA\u00cdS AMARAL\",\"datePublished\":\"2013-11-22T10:49:11+00:00\",\"mainEntityOfPage\":{\"@id\":\"https:\\\/\\\/jornalbeirario.com.br\\\/portal\\\/?p=16821\"},\"wordCount\":825,\"commentCount\":0,\"publisher\":{\"@id\":\"https:\\\/\\\/jornalbeirario.com.br\\\/portal\\\/#organization\"},\"articleSection\":[\"Social\"],\"inLanguage\":\"pt-BR\",\"potentialAction\":[{\"@type\":\"CommentAction\",\"name\":\"Comment\",\"target\":[\"https:\\\/\\\/jornalbeirario.com.br\\\/portal\\\/?p=16821#respond\"]}]},{\"@type\":\"WebPage\",\"@id\":\"https:\\\/\\\/jornalbeirario.com.br\\\/portal\\\/?p=16821\",\"url\":\"https:\\\/\\\/jornalbeirario.com.br\\\/portal\\\/?p=16821\",\"name\":\"SOCIAL LA\u00cdS AMARAL - JORNAL BEIRA RIO\",\"isPartOf\":{\"@id\":\"https:\\\/\\\/jornalbeirario.com.br\\\/portal\\\/#website\"},\"datePublished\":\"2013-11-22T10:49:11+00:00\",\"breadcrumb\":{\"@id\":\"https:\\\/\\\/jornalbeirario.com.br\\\/portal\\\/?p=16821#breadcrumb\"},\"inLanguage\":\"pt-BR\",\"potentialAction\":[{\"@type\":\"ReadAction\",\"target\":[\"https:\\\/\\\/jornalbeirario.com.br\\\/portal\\\/?p=16821\"]}]},{\"@type\":\"BreadcrumbList\",\"@id\":\"https:\\\/\\\/jornalbeirario.com.br\\\/portal\\\/?p=16821#breadcrumb\",\"itemListElement\":[{\"@type\":\"ListItem\",\"position\":1,\"name\":\"Home\",\"item\":\"https:\\\/\\\/jornalbeirario.com.br\\\/portal\"},{\"@type\":\"ListItem\",\"position\":2,\"name\":\"SOCIAL LA\u00cdS AMARAL\"}]},{\"@type\":\"WebSite\",\"@id\":\"https:\\\/\\\/jornalbeirario.com.br\\\/portal\\\/#website\",\"url\":\"https:\\\/\\\/jornalbeirario.com.br\\\/portal\\\/\",\"name\":\"JORNAL BEIRA RIO\",\"description\":\"\",\"publisher\":{\"@id\":\"https:\\\/\\\/jornalbeirario.com.br\\\/portal\\\/#organization\"},\"potentialAction\":[{\"@type\":\"SearchAction\",\"target\":{\"@type\":\"EntryPoint\",\"urlTemplate\":\"https:\\\/\\\/jornalbeirario.com.br\\\/portal\\\/?s={search_term_string}\"},\"query-input\":{\"@type\":\"PropertyValueSpecification\",\"valueRequired\":true,\"valueName\":\"search_term_string\"}}],\"inLanguage\":\"pt-BR\"},{\"@type\":\"Organization\",\"@id\":\"https:\\\/\\\/jornalbeirario.com.br\\\/portal\\\/#organization\",\"name\":\"JORNAL BEIRA RIO\",\"url\":\"https:\\\/\\\/jornalbeirario.com.br\\\/portal\\\/\",\"logo\":{\"@type\":\"ImageObject\",\"inLanguage\":\"pt-BR\",\"@id\":\"https:\\\/\\\/jornalbeirario.com.br\\\/portal\\\/#\\\/schema\\\/logo\\\/image\\\/\",\"url\":\"https:\\\/\\\/jornalbeirario.com.br\\\/portal\\\/wp-content\\\/uploads\\\/2017\\\/09\\\/BEIRA-RIO_logo600.png\",\"contentUrl\":\"https:\\\/\\\/jornalbeirario.com.br\\\/portal\\\/wp-content\\\/uploads\\\/2017\\\/09\\\/BEIRA-RIO_logo600.png\",\"width\":650,\"height\":108,\"caption\":\"JORNAL BEIRA RIO\"},\"image\":{\"@id\":\"https:\\\/\\\/jornalbeirario.com.br\\\/portal\\\/#\\\/schema\\\/logo\\\/image\\\/\"}},{\"@type\":\"Person\",\"@id\":\"https:\\\/\\\/jornalbeirario.com.br\\\/portal\\\/#\\\/schema\\\/person\\\/c6c423e4c2465d2a9233f6539173e7c1\",\"name\":\"Jornal BEIRA-RIO\",\"image\":{\"@type\":\"ImageObject\",\"inLanguage\":\"pt-BR\",\"@id\":\"https:\\\/\\\/jornalbeirario.com.br\\\/portal\\\/wp-content\\\/uploads\\\/2023\\\/10\\\/logojbr1.jpg\",\"url\":\"https:\\\/\\\/jornalbeirario.com.br\\\/portal\\\/wp-content\\\/uploads\\\/2023\\\/10\\\/logojbr1.jpg\",\"contentUrl\":\"https:\\\/\\\/jornalbeirario.com.br\\\/portal\\\/wp-content\\\/uploads\\\/2023\\\/10\\\/logojbr1.jpg\",\"caption\":\"Jornal BEIRA-RIO\"},\"url\":\"https:\\\/\\\/jornalbeirario.com.br\\\/portal\\\/?author=1\"}]}<\/script>\n<!-- \/ Yoast SEO plugin. -->","yoast_head_json":{"title":"SOCIAL LA\u00cdS AMARAL - JORNAL BEIRA RIO","robots":{"index":"index","follow":"follow","max-snippet":"max-snippet:-1","max-image-preview":"max-image-preview:large","max-video-preview":"max-video-preview:-1"},"canonical":"https:\/\/jornalbeirario.com.br\/portal\/?p=16821","og_locale":"pt_BR","og_type":"article","og_title":"SOCIAL LA\u00cdS AMARAL - JORNAL BEIRA RIO","og_description":"Samba, Missa e Umbanda na Semana da Consci\u00eancia Negra em Resende Nessa ter\u00e7a, dia 19, aconteceu no Espa\u00e7o Torres, o Quilombo do Samba, uma","og_url":"https:\/\/jornalbeirario.com.br\/portal\/?p=16821","og_site_name":"JORNAL BEIRA RIO","article_published_time":"2013-11-22T10:49:11+00:00","author":"Jornal BEIRA-RIO","twitter_card":"summary_large_image","twitter_misc":{"Escrito por":"Jornal BEIRA-RIO","Est. tempo de leitura":"4 minutos"},"schema":{"@context":"https:\/\/schema.org","@graph":[{"@type":"Article","@id":"https:\/\/jornalbeirario.com.br\/portal\/?p=16821#article","isPartOf":{"@id":"https:\/\/jornalbeirario.com.br\/portal\/?p=16821"},"author":{"name":"Jornal BEIRA-RIO","@id":"https:\/\/jornalbeirario.com.br\/portal\/#\/schema\/person\/c6c423e4c2465d2a9233f6539173e7c1"},"headline":"SOCIAL LA\u00cdS AMARAL","datePublished":"2013-11-22T10:49:11+00:00","mainEntityOfPage":{"@id":"https:\/\/jornalbeirario.com.br\/portal\/?p=16821"},"wordCount":825,"commentCount":0,"publisher":{"@id":"https:\/\/jornalbeirario.com.br\/portal\/#organization"},"articleSection":["Social"],"inLanguage":"pt-BR","potentialAction":[{"@type":"CommentAction","name":"Comment","target":["https:\/\/jornalbeirario.com.br\/portal\/?p=16821#respond"]}]},{"@type":"WebPage","@id":"https:\/\/jornalbeirario.com.br\/portal\/?p=16821","url":"https:\/\/jornalbeirario.com.br\/portal\/?p=16821","name":"SOCIAL LA\u00cdS AMARAL - JORNAL BEIRA RIO","isPartOf":{"@id":"https:\/\/jornalbeirario.com.br\/portal\/#website"},"datePublished":"2013-11-22T10:49:11+00:00","breadcrumb":{"@id":"https:\/\/jornalbeirario.com.br\/portal\/?p=16821#breadcrumb"},"inLanguage":"pt-BR","potentialAction":[{"@type":"ReadAction","target":["https:\/\/jornalbeirario.com.br\/portal\/?p=16821"]}]},{"@type":"BreadcrumbList","@id":"https:\/\/jornalbeirario.com.br\/portal\/?p=16821#breadcrumb","itemListElement":[{"@type":"ListItem","position":1,"name":"Home","item":"https:\/\/jornalbeirario.com.br\/portal"},{"@type":"ListItem","position":2,"name":"SOCIAL LA\u00cdS AMARAL"}]},{"@type":"WebSite","@id":"https:\/\/jornalbeirario.com.br\/portal\/#website","url":"https:\/\/jornalbeirario.com.br\/portal\/","name":"JORNAL BEIRA RIO","description":"","publisher":{"@id":"https:\/\/jornalbeirario.com.br\/portal\/#organization"},"potentialAction":[{"@type":"SearchAction","target":{"@type":"EntryPoint","urlTemplate":"https:\/\/jornalbeirario.com.br\/portal\/?s={search_term_string}"},"query-input":{"@type":"PropertyValueSpecification","valueRequired":true,"valueName":"search_term_string"}}],"inLanguage":"pt-BR"},{"@type":"Organization","@id":"https:\/\/jornalbeirario.com.br\/portal\/#organization","name":"JORNAL BEIRA RIO","url":"https:\/\/jornalbeirario.com.br\/portal\/","logo":{"@type":"ImageObject","inLanguage":"pt-BR","@id":"https:\/\/jornalbeirario.com.br\/portal\/#\/schema\/logo\/image\/","url":"https:\/\/jornalbeirario.com.br\/portal\/wp-content\/uploads\/2017\/09\/BEIRA-RIO_logo600.png","contentUrl":"https:\/\/jornalbeirario.com.br\/portal\/wp-content\/uploads\/2017\/09\/BEIRA-RIO_logo600.png","width":650,"height":108,"caption":"JORNAL BEIRA RIO"},"image":{"@id":"https:\/\/jornalbeirario.com.br\/portal\/#\/schema\/logo\/image\/"}},{"@type":"Person","@id":"https:\/\/jornalbeirario.com.br\/portal\/#\/schema\/person\/c6c423e4c2465d2a9233f6539173e7c1","name":"Jornal BEIRA-RIO","image":{"@type":"ImageObject","inLanguage":"pt-BR","@id":"https:\/\/jornalbeirario.com.br\/portal\/wp-content\/uploads\/2023\/10\/logojbr1.jpg","url":"https:\/\/jornalbeirario.com.br\/portal\/wp-content\/uploads\/2023\/10\/logojbr1.jpg","contentUrl":"https:\/\/jornalbeirario.com.br\/portal\/wp-content\/uploads\/2023\/10\/logojbr1.jpg","caption":"Jornal BEIRA-RIO"},"url":"https:\/\/jornalbeirario.com.br\/portal\/?author=1"}]}},"_links":{"self":[{"href":"https:\/\/jornalbeirario.com.br\/portal\/index.php?rest_route=\/wp\/v2\/posts\/16821","targetHints":{"allow":["GET"]}}],"collection":[{"href":"https:\/\/jornalbeirario.com.br\/portal\/index.php?rest_route=\/wp\/v2\/posts"}],"about":[{"href":"https:\/\/jornalbeirario.com.br\/portal\/index.php?rest_route=\/wp\/v2\/types\/post"}],"author":[{"embeddable":true,"href":"https:\/\/jornalbeirario.com.br\/portal\/index.php?rest_route=\/wp\/v2\/users\/1"}],"replies":[{"embeddable":true,"href":"https:\/\/jornalbeirario.com.br\/portal\/index.php?rest_route=%2Fwp%2Fv2%2Fcomments&post=16821"}],"version-history":[{"count":1,"href":"https:\/\/jornalbeirario.com.br\/portal\/index.php?rest_route=\/wp\/v2\/posts\/16821\/revisions"}],"predecessor-version":[{"id":16822,"href":"https:\/\/jornalbeirario.com.br\/portal\/index.php?rest_route=\/wp\/v2\/posts\/16821\/revisions\/16822"}],"wp:attachment":[{"href":"https:\/\/jornalbeirario.com.br\/portal\/index.php?rest_route=%2Fwp%2Fv2%2Fmedia&parent=16821"}],"wp:term":[{"taxonomy":"category","embeddable":true,"href":"https:\/\/jornalbeirario.com.br\/portal\/index.php?rest_route=%2Fwp%2Fv2%2Fcategories&post=16821"},{"taxonomy":"post_tag","embeddable":true,"href":"https:\/\/jornalbeirario.com.br\/portal\/index.php?rest_route=%2Fwp%2Fv2%2Ftags&post=16821"}],"curies":[{"name":"wp","href":"https:\/\/api.w.org\/{rel}","templated":true}]}}