
{"id":16541,"date":"2013-11-15T08:40:20","date_gmt":"2013-11-15T08:40:20","guid":{"rendered":"http:\/\/jornalbeirario.com.br\/portal\/portal\/?p=16541"},"modified":"2013-11-15T08:40:20","modified_gmt":"2013-11-15T08:40:20","slug":"acredite-se-quiser-54","status":"publish","type":"post","link":"https:\/\/jornalbeirario.com.br\/portal\/?p=16541","title":{"rendered":"Acredite se Quiser"},"content":{"rendered":"<p style=\"text-align: justify;\">&#8211; Em resposta \u00e0s solicita\u00e7\u00f5es de informa\u00e7\u00f5es do jornal <strong>BEIRA-RIO<\/strong> sobre a den\u00fancia do empreiteiro, que garante ter feito a maior parte da obra da Morada do Contorno, h\u00e1 tr\u00eas anos, e at\u00e9 hoje n\u00e3o recebeu, a Assessoria de Comunica\u00e7\u00e3o da Prefeitura de Resende enviou por nota que: \u201cN\u00e3o houve terceiriza\u00e7\u00e3o dos servi\u00e7os por parte da construtora, j\u00e1 que este procedimento deveria, se fosse o caso, partir de um partido formal feito pela contratada e a devida autoriza\u00e7\u00e3o, por escrito, por parte do contratante (Instituto Municipal de Educa\u00e7\u00e3o \u2013 Educar), conforme consta na cl\u00e1usula oitava do contrato n\u00ba 174\/2008, o que n\u00e3o aconteceu. O grifo \u00e9 da pr\u00f3pria prefeitura. No entanto, o denunciante exibe um \u201ccontrato de execu\u00e7\u00e3o de obra\u201d entre a empresa que ganhou a licita\u00e7\u00e3o, a Construtora Barrense Ltda e a empresa dele, a BBC Mil\u00eanio Constru\u00e7\u00f5es e Empreendimentos Imobili\u00e1rios. Tudo devidamente registrado em cart\u00f3rio. Diz l\u00e1 a Cl\u00e1usula primeira: \u201cTem este CONTRATO, por objeto a transfer\u00eancia pela CONTRATANTE \u00e0 CONTRATADA de aproximadamente 70% (setenta por cento) dos servi\u00e7os de constru\u00e7\u00e3o civil da obra \u201cDE CONSTRU\u00c7\u00c3O DO PR\u00c9DIO DA ESCOLA DE EDUCA\u00c7\u00c3O INFANTIL MORADA DO CONTORNO, NA CIDADE DE RESENDE-RJ, conforme Processo Administrativo n\u00ba 10.339\/2008 e das CLAUSULAS do CONTRATO ADMINISTRATIVO N\u00ba 174\/2008 \u2013 da Prefeitura Municipal de Resende\u201d. Agora, como a prefeitura n\u00e3o sabia disso? Ou se sabia, porque deixou? Garante que pagou \u00e0 Barrense, mas pagou a quem se quem tinha a procura\u00e7\u00e3o era o denunciante que garante n\u00e3o ter recebido? Pagou durante 2009? Pagou antes da obra executada? Ou pagou praticamente todo o valor por apenas 30% da obra executada? Iiiiiii muitas perguntas ainda&#8230;.<\/p>\n<p style=\"text-align: justify;\">&#8211; Por falar na den\u00fancia deste empreiteiro&#8230; os participantes das rodas de conversas pol\u00edticas na cidade de Resende comentaram o assunto durante toda a semana. Tem gente que acredita que ser\u00e1 apenas mais uma den\u00fancia e que \u201co prefeito se safa bem dessa como das outras\u201d, mas j\u00e1 tem gente que comentou: \u201cesse homem est\u00e1 jogando com a pr\u00f3pria sorte e n\u00e3o precisava disso\u201d. O fato \u00e9 que a den\u00fancia, como outras, \u00e9 objeto de investiga\u00e7\u00e3o no Minist\u00e9rio P\u00fablico e segundo outro coment\u00e1rio, \u201cesse caso n\u00e3o \u00e9 apenas de improbidade administrativa, isso \u00e9 criminal\u201d. Ser\u00e1?!<\/p>\n<p style=\"text-align: justify;\">&#8211; Ainda sobre esta den\u00fancia&#8230; o que dizem os conselhos municipais de Educa\u00e7\u00e3o, Fundeb e outros ligados \u00e0 \u00e1rea? Nadinha? S\u00f3 aprovam as contas do governo? \u00c9 isso mesmo?<\/p>\n<p style=\"text-align: justify;\">&#8211; O evento de comemora\u00e7\u00e3o de um ano do Comit\u00ea pela Transpar\u00eancia e Controle Social de Resende contou com a participa\u00e7\u00e3o de pouco mais de 40 pessoas que sa\u00edram do encontro com a certeza da seriedade do trabalho desta associa\u00e7\u00e3o que luta para que todo cidad\u00e3o tenha acesso \u00e0s informa\u00e7\u00f5es e dados p\u00fablicos. A participa\u00e7\u00e3o do desembargador S\u00e9rgio Verani avaliando o papel do poder p\u00fablico, de um modo geral, sob uma perspectiva \u00e9tica humanista foi um fechamento necess\u00e1rio para consolidar a decis\u00e3o pelo caminho que o ComSocial escolheu seguir. Um grupo que est\u00e1 dizendo a que veio sem as tradicionais amarras pol\u00edtico-partid\u00e1rias ou de ca\u00e7a a uma \u201cboquinha\u201d na prefeitura.<\/p>\n<p style=\"text-align: justify;\">&#8211; Em reuni\u00e3o realizada no dia 12, com representantes da concession\u00e1ria NovaDutra e o comando da Policia Rodovi\u00e1ria Federal (PRF), o presidente da Associa\u00e7\u00e3o de Moradores do bairro Jardim do Sol, Marcos Vinicius Lunelli, contou que foi pressionado a n\u00e3o realizar uma nova manifesta\u00e7\u00e3o que reivindica melhorias na estrada de acesso ao bairro. H\u00e1 quem garanta que foi intimida\u00e7\u00e3o mesmo com amea\u00e7a de pris\u00e3o e tudo.<\/p>\n<p style=\"text-align: justify;\">&#8211; E o vereador Tisga (PPS) hein? rompeu mesmo com Rechuan ou ser\u00e1 farol como fez o vereador St\u00eanio Aguiar (PS)? Tem gente pedindo aten\u00e7\u00e3o na pr\u00f3xima lista de exonerados da PMR.<\/p>\n","protected":false},"excerpt":{"rendered":"<p>&#8211; Em resposta \u00e0s solicita\u00e7\u00f5es de informa\u00e7\u00f5es do jornal BEIRA-RIO sobre a den\u00fancia do empreiteiro, que garante ter feito a maior parte da obra<\/p>\n","protected":false},"author":1,"featured_media":0,"comment_status":"open","ping_status":"open","sticky":false,"template":"","format":"standard","meta":{"pmpro_default_level":"","footnotes":""},"categories":[11],"tags":[],"class_list":["post-16541","post","type-post","status-publish","format-standard","hentry","category-politica","pmpro-has-access"],"yoast_head":"<!-- This site is optimized with the Yoast SEO plugin v27.4 - https:\/\/yoast.com\/product\/yoast-seo-wordpress\/ -->\n<title>Acredite se Quiser - JORNAL BEIRA RIO<\/title>\n<meta name=\"robots\" content=\"index, follow, max-snippet:-1, max-image-preview:large, max-video-preview:-1\" \/>\n<link rel=\"canonical\" href=\"https:\/\/jornalbeirario.com.br\/portal\/?p=16541\" \/>\n<meta property=\"og:locale\" content=\"pt_BR\" \/>\n<meta property=\"og:type\" content=\"article\" \/>\n<meta property=\"og:title\" content=\"Acredite se Quiser - JORNAL BEIRA RIO\" \/>\n<meta property=\"og:description\" content=\"&#8211; Em resposta \u00e0s solicita\u00e7\u00f5es de informa\u00e7\u00f5es do jornal BEIRA-RIO sobre a den\u00fancia do empreiteiro, que garante ter feito a maior parte da obra\" \/>\n<meta property=\"og:url\" content=\"https:\/\/jornalbeirario.com.br\/portal\/?p=16541\" \/>\n<meta property=\"og:site_name\" content=\"JORNAL BEIRA RIO\" \/>\n<meta property=\"article:published_time\" content=\"2013-11-15T08:40:20+00:00\" \/>\n<meta name=\"author\" content=\"Jornal BEIRA-RIO\" \/>\n<meta name=\"twitter:card\" content=\"summary_large_image\" \/>\n<meta name=\"twitter:label1\" content=\"Escrito por\" \/>\n\t<meta name=\"twitter:data1\" content=\"Jornal BEIRA-RIO\" \/>\n\t<meta name=\"twitter:label2\" content=\"Est. tempo de leitura\" \/>\n\t<meta name=\"twitter:data2\" content=\"3 minutos\" \/>\n<script type=\"application\/ld+json\" class=\"yoast-schema-graph\">{\"@context\":\"https:\\\/\\\/schema.org\",\"@graph\":[{\"@type\":\"Article\",\"@id\":\"https:\\\/\\\/jornalbeirario.com.br\\\/portal\\\/?p=16541#article\",\"isPartOf\":{\"@id\":\"https:\\\/\\\/jornalbeirario.com.br\\\/portal\\\/?p=16541\"},\"author\":{\"name\":\"Jornal BEIRA-RIO\",\"@id\":\"https:\\\/\\\/jornalbeirario.com.br\\\/portal\\\/#\\\/schema\\\/person\\\/c6c423e4c2465d2a9233f6539173e7c1\"},\"headline\":\"Acredite se Quiser\",\"datePublished\":\"2013-11-15T08:40:20+00:00\",\"mainEntityOfPage\":{\"@id\":\"https:\\\/\\\/jornalbeirario.com.br\\\/portal\\\/?p=16541\"},\"wordCount\":656,\"commentCount\":4,\"publisher\":{\"@id\":\"https:\\\/\\\/jornalbeirario.com.br\\\/portal\\\/#organization\"},\"articleSection\":[\"Pol\u00edtica\"],\"inLanguage\":\"pt-BR\",\"potentialAction\":[{\"@type\":\"CommentAction\",\"name\":\"Comment\",\"target\":[\"https:\\\/\\\/jornalbeirario.com.br\\\/portal\\\/?p=16541#respond\"]}]},{\"@type\":\"WebPage\",\"@id\":\"https:\\\/\\\/jornalbeirario.com.br\\\/portal\\\/?p=16541\",\"url\":\"https:\\\/\\\/jornalbeirario.com.br\\\/portal\\\/?p=16541\",\"name\":\"Acredite se Quiser - JORNAL BEIRA RIO\",\"isPartOf\":{\"@id\":\"https:\\\/\\\/jornalbeirario.com.br\\\/portal\\\/#website\"},\"datePublished\":\"2013-11-15T08:40:20+00:00\",\"breadcrumb\":{\"@id\":\"https:\\\/\\\/jornalbeirario.com.br\\\/portal\\\/?p=16541#breadcrumb\"},\"inLanguage\":\"pt-BR\",\"potentialAction\":[{\"@type\":\"ReadAction\",\"target\":[\"https:\\\/\\\/jornalbeirario.com.br\\\/portal\\\/?p=16541\"]}]},{\"@type\":\"BreadcrumbList\",\"@id\":\"https:\\\/\\\/jornalbeirario.com.br\\\/portal\\\/?p=16541#breadcrumb\",\"itemListElement\":[{\"@type\":\"ListItem\",\"position\":1,\"name\":\"Home\",\"item\":\"https:\\\/\\\/jornalbeirario.com.br\\\/portal\"},{\"@type\":\"ListItem\",\"position\":2,\"name\":\"Acredite se Quiser\"}]},{\"@type\":\"WebSite\",\"@id\":\"https:\\\/\\\/jornalbeirario.com.br\\\/portal\\\/#website\",\"url\":\"https:\\\/\\\/jornalbeirario.com.br\\\/portal\\\/\",\"name\":\"JORNAL BEIRA RIO\",\"description\":\"\",\"publisher\":{\"@id\":\"https:\\\/\\\/jornalbeirario.com.br\\\/portal\\\/#organization\"},\"potentialAction\":[{\"@type\":\"SearchAction\",\"target\":{\"@type\":\"EntryPoint\",\"urlTemplate\":\"https:\\\/\\\/jornalbeirario.com.br\\\/portal\\\/?s={search_term_string}\"},\"query-input\":{\"@type\":\"PropertyValueSpecification\",\"valueRequired\":true,\"valueName\":\"search_term_string\"}}],\"inLanguage\":\"pt-BR\"},{\"@type\":\"Organization\",\"@id\":\"https:\\\/\\\/jornalbeirario.com.br\\\/portal\\\/#organization\",\"name\":\"JORNAL BEIRA RIO\",\"url\":\"https:\\\/\\\/jornalbeirario.com.br\\\/portal\\\/\",\"logo\":{\"@type\":\"ImageObject\",\"inLanguage\":\"pt-BR\",\"@id\":\"https:\\\/\\\/jornalbeirario.com.br\\\/portal\\\/#\\\/schema\\\/logo\\\/image\\\/\",\"url\":\"https:\\\/\\\/jornalbeirario.com.br\\\/portal\\\/wp-content\\\/uploads\\\/2017\\\/09\\\/BEIRA-RIO_logo600.png\",\"contentUrl\":\"https:\\\/\\\/jornalbeirario.com.br\\\/portal\\\/wp-content\\\/uploads\\\/2017\\\/09\\\/BEIRA-RIO_logo600.png\",\"width\":650,\"height\":108,\"caption\":\"JORNAL BEIRA RIO\"},\"image\":{\"@id\":\"https:\\\/\\\/jornalbeirario.com.br\\\/portal\\\/#\\\/schema\\\/logo\\\/image\\\/\"}},{\"@type\":\"Person\",\"@id\":\"https:\\\/\\\/jornalbeirario.com.br\\\/portal\\\/#\\\/schema\\\/person\\\/c6c423e4c2465d2a9233f6539173e7c1\",\"name\":\"Jornal BEIRA-RIO\",\"image\":{\"@type\":\"ImageObject\",\"inLanguage\":\"pt-BR\",\"@id\":\"https:\\\/\\\/jornalbeirario.com.br\\\/portal\\\/wp-content\\\/uploads\\\/2023\\\/10\\\/logojbr1.jpg\",\"url\":\"https:\\\/\\\/jornalbeirario.com.br\\\/portal\\\/wp-content\\\/uploads\\\/2023\\\/10\\\/logojbr1.jpg\",\"contentUrl\":\"https:\\\/\\\/jornalbeirario.com.br\\\/portal\\\/wp-content\\\/uploads\\\/2023\\\/10\\\/logojbr1.jpg\",\"caption\":\"Jornal BEIRA-RIO\"},\"url\":\"https:\\\/\\\/jornalbeirario.com.br\\\/portal\\\/?author=1\"}]}<\/script>\n<!-- \/ Yoast SEO plugin. -->","yoast_head_json":{"title":"Acredite se Quiser - JORNAL BEIRA RIO","robots":{"index":"index","follow":"follow","max-snippet":"max-snippet:-1","max-image-preview":"max-image-preview:large","max-video-preview":"max-video-preview:-1"},"canonical":"https:\/\/jornalbeirario.com.br\/portal\/?p=16541","og_locale":"pt_BR","og_type":"article","og_title":"Acredite se Quiser - JORNAL BEIRA RIO","og_description":"&#8211; Em resposta \u00e0s solicita\u00e7\u00f5es de informa\u00e7\u00f5es do jornal BEIRA-RIO sobre a den\u00fancia do empreiteiro, que garante ter feito a maior parte da obra","og_url":"https:\/\/jornalbeirario.com.br\/portal\/?p=16541","og_site_name":"JORNAL BEIRA RIO","article_published_time":"2013-11-15T08:40:20+00:00","author":"Jornal BEIRA-RIO","twitter_card":"summary_large_image","twitter_misc":{"Escrito por":"Jornal BEIRA-RIO","Est. tempo de leitura":"3 minutos"},"schema":{"@context":"https:\/\/schema.org","@graph":[{"@type":"Article","@id":"https:\/\/jornalbeirario.com.br\/portal\/?p=16541#article","isPartOf":{"@id":"https:\/\/jornalbeirario.com.br\/portal\/?p=16541"},"author":{"name":"Jornal BEIRA-RIO","@id":"https:\/\/jornalbeirario.com.br\/portal\/#\/schema\/person\/c6c423e4c2465d2a9233f6539173e7c1"},"headline":"Acredite se Quiser","datePublished":"2013-11-15T08:40:20+00:00","mainEntityOfPage":{"@id":"https:\/\/jornalbeirario.com.br\/portal\/?p=16541"},"wordCount":656,"commentCount":4,"publisher":{"@id":"https:\/\/jornalbeirario.com.br\/portal\/#organization"},"articleSection":["Pol\u00edtica"],"inLanguage":"pt-BR","potentialAction":[{"@type":"CommentAction","name":"Comment","target":["https:\/\/jornalbeirario.com.br\/portal\/?p=16541#respond"]}]},{"@type":"WebPage","@id":"https:\/\/jornalbeirario.com.br\/portal\/?p=16541","url":"https:\/\/jornalbeirario.com.br\/portal\/?p=16541","name":"Acredite se Quiser - JORNAL BEIRA RIO","isPartOf":{"@id":"https:\/\/jornalbeirario.com.br\/portal\/#website"},"datePublished":"2013-11-15T08:40:20+00:00","breadcrumb":{"@id":"https:\/\/jornalbeirario.com.br\/portal\/?p=16541#breadcrumb"},"inLanguage":"pt-BR","potentialAction":[{"@type":"ReadAction","target":["https:\/\/jornalbeirario.com.br\/portal\/?p=16541"]}]},{"@type":"BreadcrumbList","@id":"https:\/\/jornalbeirario.com.br\/portal\/?p=16541#breadcrumb","itemListElement":[{"@type":"ListItem","position":1,"name":"Home","item":"https:\/\/jornalbeirario.com.br\/portal"},{"@type":"ListItem","position":2,"name":"Acredite se Quiser"}]},{"@type":"WebSite","@id":"https:\/\/jornalbeirario.com.br\/portal\/#website","url":"https:\/\/jornalbeirario.com.br\/portal\/","name":"JORNAL BEIRA RIO","description":"","publisher":{"@id":"https:\/\/jornalbeirario.com.br\/portal\/#organization"},"potentialAction":[{"@type":"SearchAction","target":{"@type":"EntryPoint","urlTemplate":"https:\/\/jornalbeirario.com.br\/portal\/?s={search_term_string}"},"query-input":{"@type":"PropertyValueSpecification","valueRequired":true,"valueName":"search_term_string"}}],"inLanguage":"pt-BR"},{"@type":"Organization","@id":"https:\/\/jornalbeirario.com.br\/portal\/#organization","name":"JORNAL BEIRA RIO","url":"https:\/\/jornalbeirario.com.br\/portal\/","logo":{"@type":"ImageObject","inLanguage":"pt-BR","@id":"https:\/\/jornalbeirario.com.br\/portal\/#\/schema\/logo\/image\/","url":"https:\/\/jornalbeirario.com.br\/portal\/wp-content\/uploads\/2017\/09\/BEIRA-RIO_logo600.png","contentUrl":"https:\/\/jornalbeirario.com.br\/portal\/wp-content\/uploads\/2017\/09\/BEIRA-RIO_logo600.png","width":650,"height":108,"caption":"JORNAL BEIRA RIO"},"image":{"@id":"https:\/\/jornalbeirario.com.br\/portal\/#\/schema\/logo\/image\/"}},{"@type":"Person","@id":"https:\/\/jornalbeirario.com.br\/portal\/#\/schema\/person\/c6c423e4c2465d2a9233f6539173e7c1","name":"Jornal BEIRA-RIO","image":{"@type":"ImageObject","inLanguage":"pt-BR","@id":"https:\/\/jornalbeirario.com.br\/portal\/wp-content\/uploads\/2023\/10\/logojbr1.jpg","url":"https:\/\/jornalbeirario.com.br\/portal\/wp-content\/uploads\/2023\/10\/logojbr1.jpg","contentUrl":"https:\/\/jornalbeirario.com.br\/portal\/wp-content\/uploads\/2023\/10\/logojbr1.jpg","caption":"Jornal BEIRA-RIO"},"url":"https:\/\/jornalbeirario.com.br\/portal\/?author=1"}]}},"_links":{"self":[{"href":"https:\/\/jornalbeirario.com.br\/portal\/index.php?rest_route=\/wp\/v2\/posts\/16541","targetHints":{"allow":["GET"]}}],"collection":[{"href":"https:\/\/jornalbeirario.com.br\/portal\/index.php?rest_route=\/wp\/v2\/posts"}],"about":[{"href":"https:\/\/jornalbeirario.com.br\/portal\/index.php?rest_route=\/wp\/v2\/types\/post"}],"author":[{"embeddable":true,"href":"https:\/\/jornalbeirario.com.br\/portal\/index.php?rest_route=\/wp\/v2\/users\/1"}],"replies":[{"embeddable":true,"href":"https:\/\/jornalbeirario.com.br\/portal\/index.php?rest_route=%2Fwp%2Fv2%2Fcomments&post=16541"}],"version-history":[{"count":4,"href":"https:\/\/jornalbeirario.com.br\/portal\/index.php?rest_route=\/wp\/v2\/posts\/16541\/revisions"}],"predecessor-version":[{"id":16588,"href":"https:\/\/jornalbeirario.com.br\/portal\/index.php?rest_route=\/wp\/v2\/posts\/16541\/revisions\/16588"}],"wp:attachment":[{"href":"https:\/\/jornalbeirario.com.br\/portal\/index.php?rest_route=%2Fwp%2Fv2%2Fmedia&parent=16541"}],"wp:term":[{"taxonomy":"category","embeddable":true,"href":"https:\/\/jornalbeirario.com.br\/portal\/index.php?rest_route=%2Fwp%2Fv2%2Fcategories&post=16541"},{"taxonomy":"post_tag","embeddable":true,"href":"https:\/\/jornalbeirario.com.br\/portal\/index.php?rest_route=%2Fwp%2Fv2%2Ftags&post=16541"}],"curies":[{"name":"wp","href":"https:\/\/api.w.org\/{rel}","templated":true}]}}