
{"id":16536,"date":"2013-11-15T08:38:56","date_gmt":"2013-11-15T08:38:56","guid":{"rendered":"http:\/\/jornalbeirario.com.br\/portal\/portal\/?p=16536"},"modified":"2013-11-15T08:38:56","modified_gmt":"2013-11-15T08:38:56","slug":"lais-amaral-29","status":"publish","type":"post","link":"https:\/\/jornalbeirario.com.br\/portal\/?p=16536","title":{"rendered":"La\u00eds Amaral"},"content":{"rendered":"<p style=\"text-align: justify;\"><strong><a href=\"https:\/\/jornalbeirario.com.br\/portal\/wp-content\/uploads\/2013\/11\/Rosaine-Pereira.jpg\"><img loading=\"lazy\" decoding=\"async\" class=\"alignleft size-medium wp-image-16539\" title=\"Rosaine Pereira\" src=\"https:\/\/jornalbeirario.com.br\/portal\/wp-content\/uploads\/2013\/11\/Rosaine-Pereira-225x300.jpg\" alt=\"\" width=\"225\" height=\"300\" srcset=\"https:\/\/jornalbeirario.com.br\/portal\/wp-content\/uploads\/2013\/11\/Rosaine-Pereira-225x300.jpg 225w, https:\/\/jornalbeirario.com.br\/portal\/wp-content\/uploads\/2013\/11\/Rosaine-Pereira.jpg 480w\" sizes=\"auto, (max-width: 225px) 100vw, 225px\" \/><\/a>Rosaine baqueia os amigos e desfalca o \u2018Crust\u00e1ceos\u2019<\/strong><br \/>\nDia 6 de novembro o Bloco Et\u00edlico Carnavalesco Crust\u00e1ceos da Mangua\u00e7a (que em fevereiro do ano que vem completa 13 anos) recebeu o Pr\u00eamio Macedo Miranda, como destaque cultural 2013 na categoria Cultura Popular. Ficamos imensamente honrados e agradecidos \u00e0 Funda\u00e7\u00e3o Casa da Cultura Macedo Miranda. Representei a turma no palco do Espa\u00e7o \u2018Z\u2019 e recebi o trof\u00e9u das m\u00e3os do prefeito. Na minha fala, lembrei uma pergunta habitual, geralmente feita pela Imprensa: \u201cQuantos componentes tem o bloco ?\u201d. \u201cN\u00e3o sei\u201d. \u00c9 um bloco de rua, vai arrastando as pessoas.\u00a0 Passados poucos dias desse momento feliz para todos n\u00f3s, veio o baque, a perplexidade, a tristeza. Nessa segunda-feira, fomos surpreendidos com a not\u00edcia da morte da nossa querida Rosaine Pereira (foto). Que at\u00e9 j\u00e1 foi letra de marchinha do bloco juntamente com Sonia Nogueira, Katita e Lucinha. Rosaine foi uma das mais ativas integrantes do bloco. Uma estupidez do destino para com uma pessoa que tinha uma \u00e2nsia desvairada de viver. Vou sentir falta das broncas que me dava cobrando provid\u00eancias para o desfile: \u201cas camisas, a banda, a m\u00fasica &#8230;\u201d. Daqui por diante quando algu\u00e9m me perguntar quantos integrantes tem o \u2018Crust\u00e1ceos\u2019, vou mudar minha resposta: \u201cagora somos menos um\u201d. Abra\u00e7\u00e3o Rosaine.<\/p>\n<p style=\"text-align: justify;\"><strong>Samba bom e baile charme na semana de Zumbi em Resende<\/strong><br \/>\nA partir de segunda-feira, viveremos a Semana da Consci\u00eancia Negra, em Resende. A programa\u00e7\u00e3o est\u00e1 rolando por a\u00ed e ter\u00e1 atividades bem diversificadas. Apresenta\u00e7\u00f5es folcl\u00f3ricas, manifesta\u00e7\u00f5es de religi\u00f5es de matrizes africanas, missa, entre outras atividades e, dois momentos musicais distintos e animad\u00edssimos. No dia 19, v\u00e9spera do feriado do dia 20, dedicado a Zumbi dos Palmares, ser\u00e1 realizado o \u2018Quilombo do Samba\u2019, a partir das 19h30min, na Torres (ao lado da Tontina) com entrada franca. O samba ser\u00e1 por conta do que vem se fazendo de bom na cidade no g\u00eanero, com a excelente cantora Sanny Alves, os primorosos m\u00fasicos Thiago Zaidan e Jairo Queiroz (trombone) e mais o grande Julinho do Cavaco e o seu \u2018Com Prazer\u201d, brindando o pessoal com samba de mesa. \u00c9 s\u00f3 chegar. No dia seguinte, no mesmo local e tamb\u00e9m de gra\u00e7a, acontece a partir das 20 horas um tremendo baile Charme, comandado pelo Birinha. At\u00e9 Zumbi aplaudiria essa programa\u00e7\u00e3o.<\/p>\n<p style=\"text-align: justify;\"><strong>TRIPA<\/strong><br \/>\n* Depois do sucesso da pe\u00e7a \u201cR\u00facula com tomate seco\u201d no Rio de Janeiro, a com\u00e9dia rom\u00e2ntica, volta a Resende, onde estreou. Texto e dire\u00e7\u00e3o de Arthur Vinciprova (Pr\u00eamio Macedo Miranda 2013 em Teatro), o espet\u00e1culo ser\u00e1 apresentado neste s\u00e1bado, dia 16, \u00e0s 21h, no Teatro Espa\u00e7o \u2018Z\u2019 (ao lado da &#8216;rodovi\u00e1ria velha&#8217;) * Domingo passado assisti aos jogos de ida das semifinais do So\u00e7aite Quarent\u00e3o da AABB. No primeiro jogo Brameiros, que fora o primeiro colocado na fase de classifica\u00e7\u00e3o enfrentou o tradicional Turma da Pelada. Foi um joga\u00e7o. As duas equipes desfalcadas fizeram um jogo aberto. O placar de 2 x 2 disse bem o que foi o jogo. A Pelada esteve por duas vezes a frente do placar. No jogo de fundo um jogo disputad\u00edssimo: Casa da Lua 1 x 0 Alambari. O gol do jogo saiu de um acidente, Sony pela direita mandou forte para o gol e a bola desviou num zagueiro traindo o bom goleiro do time do Vad\u00e3o. Foi um jogo igual, muito disputado e o primeiro 1 x 0 que vi no so\u00e7aite. Este domingo n\u00e3o tem rodada e os jogos de volta ser\u00e3o no domingo da semana que vem, dia 24. Vai sair fa\u00edsca para definir quem s\u00e3o os finalistas * O Centro Cultural Visconde de Mau\u00e1 est\u00e1 convidando quem quiser participar do 10\u00ba Bazar de Natal do CCVM. \u00c9 o in\u00edcio das comemora\u00e7\u00f5es dos dez anos do Centro Cultural, comandado pela M\u00e1rcia Patroc\u00ednio. O Bazar de Natal do CCVM ficar\u00e1 aberto de 3 a 23 de dezembro. Apare\u00e7am * Tudo bem que o Vasco \u00e9 o time da virada mas no domingo a turma exagerou. O gol da virada sobre o Santos aconteceu em S\u00e3o Paulo, e quem fez foi o Alexandre Pato, que joga no Corinthians. Beijo, Carola meu amor vasca\u00edno.<\/p>\n<p style=\"text-align: justify;\"><strong>ANIVERS\u00c1RIOS<\/strong><br \/>\nDia 11, segunda, mudaram de idade a Lidiane Aparecida e o meu sobrinho querido Vin\u00edcius F\u00e1varo. No dia 12, mais dois inauguraram idade nova: Luciano Pan\u00e7ardes e Fabinho Lopes. Na quarta, dia 13, soprou velinhas a L\u00facia Regina, minha colega de Coral. Nessa quinta, \u00e9 a vez do Jo\u00e3o Paulo, filho do casal Marcos Resende e H\u00e9lia receber os \u2018parab\u00e9ns\u2019, e do administrador de Visconde de Mau\u00e1, Jos\u00e9 Cl\u00e1udio Diniz, que comemora seus 48 anos. No dia 15, feriado, o fot\u00f3grafo M\u00e1rcio Fabian e o empres\u00e1rio Reinaldo Lisboa ficam mais experientes. No s\u00e1bado o Lauro Machado conta mais um ano de vida e no domingo, 17, duas mulheres de fibra tamb\u00e9m ficam mais experientes: a exuberante Jamile Whately e a poderosa Marisa Dias de Carvalho. Parab\u00e9ns e todas as felicidades do mundo a eles.<\/p>\n","protected":false},"excerpt":{"rendered":"<p>Rosaine baqueia os amigos e desfalca o \u2018Crust\u00e1ceos\u2019 Dia 6 de novembro o Bloco Et\u00edlico Carnavalesco Crust\u00e1ceos da Mangua\u00e7a (que em fevereiro do ano<\/p>\n","protected":false},"author":1,"featured_media":0,"comment_status":"open","ping_status":"open","sticky":false,"template":"","format":"standard","meta":{"pmpro_default_level":"","footnotes":""},"categories":[13],"tags":[],"class_list":["post-16536","post","type-post","status-publish","format-standard","hentry","category-social","pmpro-has-access"],"yoast_head":"<!-- This site is optimized with the Yoast SEO plugin v27.4 - https:\/\/yoast.com\/product\/yoast-seo-wordpress\/ -->\n<title>La\u00eds Amaral - JORNAL BEIRA RIO<\/title>\n<meta name=\"robots\" content=\"index, follow, max-snippet:-1, max-image-preview:large, max-video-preview:-1\" \/>\n<link rel=\"canonical\" href=\"https:\/\/jornalbeirario.com.br\/portal\/?p=16536\" \/>\n<meta property=\"og:locale\" content=\"pt_BR\" \/>\n<meta property=\"og:type\" content=\"article\" \/>\n<meta property=\"og:title\" content=\"La\u00eds Amaral - JORNAL BEIRA RIO\" \/>\n<meta property=\"og:description\" content=\"Rosaine baqueia os amigos e desfalca o \u2018Crust\u00e1ceos\u2019 Dia 6 de novembro o Bloco Et\u00edlico Carnavalesco Crust\u00e1ceos da Mangua\u00e7a (que em fevereiro do ano\" \/>\n<meta property=\"og:url\" content=\"https:\/\/jornalbeirario.com.br\/portal\/?p=16536\" \/>\n<meta property=\"og:site_name\" content=\"JORNAL BEIRA RIO\" \/>\n<meta property=\"article:published_time\" content=\"2013-11-15T08:38:56+00:00\" \/>\n<meta property=\"og:image\" content=\"http:\/\/jornalbeirario.com.br\/portal\/wp-content\/uploads\/2013\/11\/Rosaine-Pereira-225x300.jpg\" \/>\n<meta name=\"author\" content=\"Jornal BEIRA-RIO\" \/>\n<meta name=\"twitter:card\" content=\"summary_large_image\" \/>\n<meta name=\"twitter:label1\" content=\"Escrito por\" \/>\n\t<meta name=\"twitter:data1\" content=\"Jornal BEIRA-RIO\" \/>\n\t<meta name=\"twitter:label2\" content=\"Est. tempo de leitura\" \/>\n\t<meta name=\"twitter:data2\" content=\"4 minutos\" \/>\n<script type=\"application\/ld+json\" class=\"yoast-schema-graph\">{\"@context\":\"https:\\\/\\\/schema.org\",\"@graph\":[{\"@type\":\"Article\",\"@id\":\"https:\\\/\\\/jornalbeirario.com.br\\\/portal\\\/?p=16536#article\",\"isPartOf\":{\"@id\":\"https:\\\/\\\/jornalbeirario.com.br\\\/portal\\\/?p=16536\"},\"author\":{\"name\":\"Jornal BEIRA-RIO\",\"@id\":\"https:\\\/\\\/jornalbeirario.com.br\\\/portal\\\/#\\\/schema\\\/person\\\/c6c423e4c2465d2a9233f6539173e7c1\"},\"headline\":\"La\u00eds Amaral\",\"datePublished\":\"2013-11-15T08:38:56+00:00\",\"mainEntityOfPage\":{\"@id\":\"https:\\\/\\\/jornalbeirario.com.br\\\/portal\\\/?p=16536\"},\"wordCount\":857,\"commentCount\":0,\"publisher\":{\"@id\":\"https:\\\/\\\/jornalbeirario.com.br\\\/portal\\\/#organization\"},\"image\":{\"@id\":\"https:\\\/\\\/jornalbeirario.com.br\\\/portal\\\/?p=16536#primaryimage\"},\"thumbnailUrl\":\"http:\\\/\\\/jornalbeirario.com.br\\\/portal\\\/wp-content\\\/uploads\\\/2013\\\/11\\\/Rosaine-Pereira-225x300.jpg\",\"articleSection\":[\"Social\"],\"inLanguage\":\"pt-BR\",\"potentialAction\":[{\"@type\":\"CommentAction\",\"name\":\"Comment\",\"target\":[\"https:\\\/\\\/jornalbeirario.com.br\\\/portal\\\/?p=16536#respond\"]}]},{\"@type\":\"WebPage\",\"@id\":\"https:\\\/\\\/jornalbeirario.com.br\\\/portal\\\/?p=16536\",\"url\":\"https:\\\/\\\/jornalbeirario.com.br\\\/portal\\\/?p=16536\",\"name\":\"La\u00eds Amaral - JORNAL BEIRA RIO\",\"isPartOf\":{\"@id\":\"https:\\\/\\\/jornalbeirario.com.br\\\/portal\\\/#website\"},\"primaryImageOfPage\":{\"@id\":\"https:\\\/\\\/jornalbeirario.com.br\\\/portal\\\/?p=16536#primaryimage\"},\"image\":{\"@id\":\"https:\\\/\\\/jornalbeirario.com.br\\\/portal\\\/?p=16536#primaryimage\"},\"thumbnailUrl\":\"http:\\\/\\\/jornalbeirario.com.br\\\/portal\\\/wp-content\\\/uploads\\\/2013\\\/11\\\/Rosaine-Pereira-225x300.jpg\",\"datePublished\":\"2013-11-15T08:38:56+00:00\",\"breadcrumb\":{\"@id\":\"https:\\\/\\\/jornalbeirario.com.br\\\/portal\\\/?p=16536#breadcrumb\"},\"inLanguage\":\"pt-BR\",\"potentialAction\":[{\"@type\":\"ReadAction\",\"target\":[\"https:\\\/\\\/jornalbeirario.com.br\\\/portal\\\/?p=16536\"]}]},{\"@type\":\"ImageObject\",\"inLanguage\":\"pt-BR\",\"@id\":\"https:\\\/\\\/jornalbeirario.com.br\\\/portal\\\/?p=16536#primaryimage\",\"url\":\"http:\\\/\\\/jornalbeirario.com.br\\\/portal\\\/wp-content\\\/uploads\\\/2013\\\/11\\\/Rosaine-Pereira-225x300.jpg\",\"contentUrl\":\"http:\\\/\\\/jornalbeirario.com.br\\\/portal\\\/wp-content\\\/uploads\\\/2013\\\/11\\\/Rosaine-Pereira-225x300.jpg\"},{\"@type\":\"BreadcrumbList\",\"@id\":\"https:\\\/\\\/jornalbeirario.com.br\\\/portal\\\/?p=16536#breadcrumb\",\"itemListElement\":[{\"@type\":\"ListItem\",\"position\":1,\"name\":\"Home\",\"item\":\"https:\\\/\\\/jornalbeirario.com.br\\\/portal\"},{\"@type\":\"ListItem\",\"position\":2,\"name\":\"La\u00eds Amaral\"}]},{\"@type\":\"WebSite\",\"@id\":\"https:\\\/\\\/jornalbeirario.com.br\\\/portal\\\/#website\",\"url\":\"https:\\\/\\\/jornalbeirario.com.br\\\/portal\\\/\",\"name\":\"JORNAL BEIRA RIO\",\"description\":\"\",\"publisher\":{\"@id\":\"https:\\\/\\\/jornalbeirario.com.br\\\/portal\\\/#organization\"},\"potentialAction\":[{\"@type\":\"SearchAction\",\"target\":{\"@type\":\"EntryPoint\",\"urlTemplate\":\"https:\\\/\\\/jornalbeirario.com.br\\\/portal\\\/?s={search_term_string}\"},\"query-input\":{\"@type\":\"PropertyValueSpecification\",\"valueRequired\":true,\"valueName\":\"search_term_string\"}}],\"inLanguage\":\"pt-BR\"},{\"@type\":\"Organization\",\"@id\":\"https:\\\/\\\/jornalbeirario.com.br\\\/portal\\\/#organization\",\"name\":\"JORNAL BEIRA RIO\",\"url\":\"https:\\\/\\\/jornalbeirario.com.br\\\/portal\\\/\",\"logo\":{\"@type\":\"ImageObject\",\"inLanguage\":\"pt-BR\",\"@id\":\"https:\\\/\\\/jornalbeirario.com.br\\\/portal\\\/#\\\/schema\\\/logo\\\/image\\\/\",\"url\":\"https:\\\/\\\/jornalbeirario.com.br\\\/portal\\\/wp-content\\\/uploads\\\/2017\\\/09\\\/BEIRA-RIO_logo600.png\",\"contentUrl\":\"https:\\\/\\\/jornalbeirario.com.br\\\/portal\\\/wp-content\\\/uploads\\\/2017\\\/09\\\/BEIRA-RIO_logo600.png\",\"width\":650,\"height\":108,\"caption\":\"JORNAL BEIRA RIO\"},\"image\":{\"@id\":\"https:\\\/\\\/jornalbeirario.com.br\\\/portal\\\/#\\\/schema\\\/logo\\\/image\\\/\"}},{\"@type\":\"Person\",\"@id\":\"https:\\\/\\\/jornalbeirario.com.br\\\/portal\\\/#\\\/schema\\\/person\\\/c6c423e4c2465d2a9233f6539173e7c1\",\"name\":\"Jornal BEIRA-RIO\",\"image\":{\"@type\":\"ImageObject\",\"inLanguage\":\"pt-BR\",\"@id\":\"https:\\\/\\\/jornalbeirario.com.br\\\/portal\\\/wp-content\\\/uploads\\\/2023\\\/10\\\/logojbr1.jpg\",\"url\":\"https:\\\/\\\/jornalbeirario.com.br\\\/portal\\\/wp-content\\\/uploads\\\/2023\\\/10\\\/logojbr1.jpg\",\"contentUrl\":\"https:\\\/\\\/jornalbeirario.com.br\\\/portal\\\/wp-content\\\/uploads\\\/2023\\\/10\\\/logojbr1.jpg\",\"caption\":\"Jornal BEIRA-RIO\"},\"url\":\"https:\\\/\\\/jornalbeirario.com.br\\\/portal\\\/?author=1\"}]}<\/script>\n<!-- \/ Yoast SEO plugin. -->","yoast_head_json":{"title":"La\u00eds Amaral - JORNAL BEIRA RIO","robots":{"index":"index","follow":"follow","max-snippet":"max-snippet:-1","max-image-preview":"max-image-preview:large","max-video-preview":"max-video-preview:-1"},"canonical":"https:\/\/jornalbeirario.com.br\/portal\/?p=16536","og_locale":"pt_BR","og_type":"article","og_title":"La\u00eds Amaral - JORNAL BEIRA RIO","og_description":"Rosaine baqueia os amigos e desfalca o \u2018Crust\u00e1ceos\u2019 Dia 6 de novembro o Bloco Et\u00edlico Carnavalesco Crust\u00e1ceos da Mangua\u00e7a (que em fevereiro do ano","og_url":"https:\/\/jornalbeirario.com.br\/portal\/?p=16536","og_site_name":"JORNAL BEIRA RIO","article_published_time":"2013-11-15T08:38:56+00:00","og_image":[{"url":"http:\/\/jornalbeirario.com.br\/portal\/wp-content\/uploads\/2013\/11\/Rosaine-Pereira-225x300.jpg","type":"","width":"","height":""}],"author":"Jornal BEIRA-RIO","twitter_card":"summary_large_image","twitter_misc":{"Escrito por":"Jornal BEIRA-RIO","Est. tempo de leitura":"4 minutos"},"schema":{"@context":"https:\/\/schema.org","@graph":[{"@type":"Article","@id":"https:\/\/jornalbeirario.com.br\/portal\/?p=16536#article","isPartOf":{"@id":"https:\/\/jornalbeirario.com.br\/portal\/?p=16536"},"author":{"name":"Jornal BEIRA-RIO","@id":"https:\/\/jornalbeirario.com.br\/portal\/#\/schema\/person\/c6c423e4c2465d2a9233f6539173e7c1"},"headline":"La\u00eds Amaral","datePublished":"2013-11-15T08:38:56+00:00","mainEntityOfPage":{"@id":"https:\/\/jornalbeirario.com.br\/portal\/?p=16536"},"wordCount":857,"commentCount":0,"publisher":{"@id":"https:\/\/jornalbeirario.com.br\/portal\/#organization"},"image":{"@id":"https:\/\/jornalbeirario.com.br\/portal\/?p=16536#primaryimage"},"thumbnailUrl":"http:\/\/jornalbeirario.com.br\/portal\/wp-content\/uploads\/2013\/11\/Rosaine-Pereira-225x300.jpg","articleSection":["Social"],"inLanguage":"pt-BR","potentialAction":[{"@type":"CommentAction","name":"Comment","target":["https:\/\/jornalbeirario.com.br\/portal\/?p=16536#respond"]}]},{"@type":"WebPage","@id":"https:\/\/jornalbeirario.com.br\/portal\/?p=16536","url":"https:\/\/jornalbeirario.com.br\/portal\/?p=16536","name":"La\u00eds Amaral - JORNAL BEIRA RIO","isPartOf":{"@id":"https:\/\/jornalbeirario.com.br\/portal\/#website"},"primaryImageOfPage":{"@id":"https:\/\/jornalbeirario.com.br\/portal\/?p=16536#primaryimage"},"image":{"@id":"https:\/\/jornalbeirario.com.br\/portal\/?p=16536#primaryimage"},"thumbnailUrl":"http:\/\/jornalbeirario.com.br\/portal\/wp-content\/uploads\/2013\/11\/Rosaine-Pereira-225x300.jpg","datePublished":"2013-11-15T08:38:56+00:00","breadcrumb":{"@id":"https:\/\/jornalbeirario.com.br\/portal\/?p=16536#breadcrumb"},"inLanguage":"pt-BR","potentialAction":[{"@type":"ReadAction","target":["https:\/\/jornalbeirario.com.br\/portal\/?p=16536"]}]},{"@type":"ImageObject","inLanguage":"pt-BR","@id":"https:\/\/jornalbeirario.com.br\/portal\/?p=16536#primaryimage","url":"http:\/\/jornalbeirario.com.br\/portal\/wp-content\/uploads\/2013\/11\/Rosaine-Pereira-225x300.jpg","contentUrl":"http:\/\/jornalbeirario.com.br\/portal\/wp-content\/uploads\/2013\/11\/Rosaine-Pereira-225x300.jpg"},{"@type":"BreadcrumbList","@id":"https:\/\/jornalbeirario.com.br\/portal\/?p=16536#breadcrumb","itemListElement":[{"@type":"ListItem","position":1,"name":"Home","item":"https:\/\/jornalbeirario.com.br\/portal"},{"@type":"ListItem","position":2,"name":"La\u00eds Amaral"}]},{"@type":"WebSite","@id":"https:\/\/jornalbeirario.com.br\/portal\/#website","url":"https:\/\/jornalbeirario.com.br\/portal\/","name":"JORNAL BEIRA RIO","description":"","publisher":{"@id":"https:\/\/jornalbeirario.com.br\/portal\/#organization"},"potentialAction":[{"@type":"SearchAction","target":{"@type":"EntryPoint","urlTemplate":"https:\/\/jornalbeirario.com.br\/portal\/?s={search_term_string}"},"query-input":{"@type":"PropertyValueSpecification","valueRequired":true,"valueName":"search_term_string"}}],"inLanguage":"pt-BR"},{"@type":"Organization","@id":"https:\/\/jornalbeirario.com.br\/portal\/#organization","name":"JORNAL BEIRA RIO","url":"https:\/\/jornalbeirario.com.br\/portal\/","logo":{"@type":"ImageObject","inLanguage":"pt-BR","@id":"https:\/\/jornalbeirario.com.br\/portal\/#\/schema\/logo\/image\/","url":"https:\/\/jornalbeirario.com.br\/portal\/wp-content\/uploads\/2017\/09\/BEIRA-RIO_logo600.png","contentUrl":"https:\/\/jornalbeirario.com.br\/portal\/wp-content\/uploads\/2017\/09\/BEIRA-RIO_logo600.png","width":650,"height":108,"caption":"JORNAL BEIRA RIO"},"image":{"@id":"https:\/\/jornalbeirario.com.br\/portal\/#\/schema\/logo\/image\/"}},{"@type":"Person","@id":"https:\/\/jornalbeirario.com.br\/portal\/#\/schema\/person\/c6c423e4c2465d2a9233f6539173e7c1","name":"Jornal BEIRA-RIO","image":{"@type":"ImageObject","inLanguage":"pt-BR","@id":"https:\/\/jornalbeirario.com.br\/portal\/wp-content\/uploads\/2023\/10\/logojbr1.jpg","url":"https:\/\/jornalbeirario.com.br\/portal\/wp-content\/uploads\/2023\/10\/logojbr1.jpg","contentUrl":"https:\/\/jornalbeirario.com.br\/portal\/wp-content\/uploads\/2023\/10\/logojbr1.jpg","caption":"Jornal BEIRA-RIO"},"url":"https:\/\/jornalbeirario.com.br\/portal\/?author=1"}]}},"_links":{"self":[{"href":"https:\/\/jornalbeirario.com.br\/portal\/index.php?rest_route=\/wp\/v2\/posts\/16536","targetHints":{"allow":["GET"]}}],"collection":[{"href":"https:\/\/jornalbeirario.com.br\/portal\/index.php?rest_route=\/wp\/v2\/posts"}],"about":[{"href":"https:\/\/jornalbeirario.com.br\/portal\/index.php?rest_route=\/wp\/v2\/types\/post"}],"author":[{"embeddable":true,"href":"https:\/\/jornalbeirario.com.br\/portal\/index.php?rest_route=\/wp\/v2\/users\/1"}],"replies":[{"embeddable":true,"href":"https:\/\/jornalbeirario.com.br\/portal\/index.php?rest_route=%2Fwp%2Fv2%2Fcomments&post=16536"}],"version-history":[{"count":4,"href":"https:\/\/jornalbeirario.com.br\/portal\/index.php?rest_route=\/wp\/v2\/posts\/16536\/revisions"}],"predecessor-version":[{"id":16587,"href":"https:\/\/jornalbeirario.com.br\/portal\/index.php?rest_route=\/wp\/v2\/posts\/16536\/revisions\/16587"}],"wp:attachment":[{"href":"https:\/\/jornalbeirario.com.br\/portal\/index.php?rest_route=%2Fwp%2Fv2%2Fmedia&parent=16536"}],"wp:term":[{"taxonomy":"category","embeddable":true,"href":"https:\/\/jornalbeirario.com.br\/portal\/index.php?rest_route=%2Fwp%2Fv2%2Fcategories&post=16536"},{"taxonomy":"post_tag","embeddable":true,"href":"https:\/\/jornalbeirario.com.br\/portal\/index.php?rest_route=%2Fwp%2Fv2%2Ftags&post=16536"}],"curies":[{"name":"wp","href":"https:\/\/api.w.org\/{rel}","templated":true}]}}