
{"id":16533,"date":"2013-11-15T08:38:02","date_gmt":"2013-11-15T08:38:02","guid":{"rendered":"http:\/\/jornalbeirario.com.br\/portal\/portal\/?p=16533"},"modified":"2013-11-15T08:38:02","modified_gmt":"2013-11-15T08:38:02","slug":"cartas-e-e-mails-26","status":"publish","type":"post","link":"https:\/\/jornalbeirario.com.br\/portal\/?p=16533","title":{"rendered":"Cartas e E-mails"},"content":{"rendered":"<p style=\"text-align: justify;\">Senhora Editora Ana L\u00facia,<br \/>\nLeitores do jornal <strong>BEIRA-RIO<\/strong><br \/>\nVenho, em minha defesa e em defesa do Col\u00e9gio que represento, discordar do publicado na edi\u00e7\u00e3o passada e explicar minha postura frente ao falecimento de nossa aluna J\u00e9ssica Let\u00edcia.<br \/>\nNossa escola \u2013 alunos, professores, equipe pedag\u00f3gica \u2013 ficou profundamente consternada com o falecimento prematuro da adolescente. Em nenhum momento fizemos pouco caso e nem tampouco somos insens\u00edveis. Ao contr\u00e1rio do que foi publicado, permanecemos de portas abertas para melhor acolher nossos alunos que buscaram encontrar em nosso espa\u00e7o um pouco de conforto para suas d\u00favidas e tristezas em rela\u00e7\u00e3o \u00e0 finitude humana. Nossos professores estiveram presentes, recebendo-os, conversando e tentando acalm\u00e1-los, pois nossa miss\u00e3o pedag\u00f3gica vai al\u00e9m de f\u00f3rmulas e regras gramaticais.\ufffd<br \/>\nPara todos os pais que entraram em contato e perguntaram se haveria aula, foi dito que estar\u00edamos de portas abertas, mas se o filho ou a filha estivesse sem condi\u00e7\u00f5es psicol\u00f3gicas para vir at\u00e9 a unidade escolar, que guardasse o dia e se recolhesse em casa. Aos professores, orientamos a acolhida e o suporte emocional.<br \/>\nEstive com a fam\u00edlia no vel\u00f3rio e fui muito bem recebida. Eles sabiam que poderiam contar comigo e com toda equipe do Col\u00e9gio Estadual Pedro Braile Neto. Guardamos o luto em nossos cora\u00e7\u00f5es.<br \/>\nTrato a todos respeitosamente e foi exatamente esse diferencial humano, que nunca me faltou, que fez com que eu fosse indicada e, aos olhos da sociedade resendense, merecesse o t\u00edtulo de Professora Em\u00e9rita. Foi uma honra receb\u00ea-lo, pois veio gra\u00e7as a um trabalho imaculado, reconhecido e atestado por quem me acompanha h\u00e1 tantos anos.<br \/>\nGe\u00edza Monteiro<br \/>\nDiretora do Col\u00e9gio Estadual Pedro Braile Neto<\/p>\n<p style=\"text-align: justify;\">QUEM MANDA NA POL\u00cdTICA?<br \/>\nBom Dia, agrade\u00e7o a aten\u00e7\u00e3o com rela\u00e7\u00e3o a meus coment\u00e1rios e espero que eles sirvam para lan\u00e7ar uma luz na consci\u00eancia das pessoas.<br \/>\nVivemos na era da comunica\u00e7\u00e3o e est\u00e3o a\u00ed mesmo os fecebooks, twitters, emails, instagrans e outras m\u00eddias que levam infoma\u00e7\u00f5es, opini\u00f5es, desabafos em velocidade instant\u00e2nea para a as pessoas, tudo isso em tempo quase real. Por muito tempo nossos pol\u00edticos usaram r\u00e1dios, depois televis\u00e3o e agora as redes sociais. Antes quem dava as diretrizes da atua\u00e7\u00e3o parlamentar eram os pr\u00f3prios pol\u00edticos (de vereadores a Presidente da Rep\u00fablica )de acordo com suas vis\u00f5es e interesses.<br \/>\nHoje, a sua vida pol\u00edtica ficou muito dependente de uma figura que em tempos idos poderiam chamar de Rasputim e hoje chama-se de marqueteiro, mentor ou outro nome que o valha. S\u00e3o figuras que d\u00e3o as diretrizes ao pol\u00edtico do que falar, como falar, qual obra lhe trar\u00e1 mais voto, qual obra n\u00e3o ter\u00e1 influencia na sua vota\u00e7\u00e3o. Hoje nossos madat\u00e1rios s\u00e3o t\u00e3o dependente destas figuras que j\u00e1 h\u00e1 o caso de se pensar: Quem manda na pol\u00edtica? o pol\u00edtico propriamente dito ou seu mentor ou marqueteiro? \u00c9 ele quem direciona a administra\u00e7\u00e3o p\u00fablica para o que lhe dar\u00e1 mais &#8220;lucro&#8221;, \u00e9 este mentor que com base em &#8220;pesquisas&#8221; diz quem deve ficar ou sair do secretariado. Em geral s\u00e3o figuras que n\u00e3o aparecem em fotos de inaugura\u00e7\u00f5es e muitas vezes nem se sabe o nome, afinal estes novos &#8220;Ravengares&#8221; (era personagem da novela Que Rei Sou Eu?) s\u00e3o mais ouvidos que os pr\u00f3prios secret\u00e1rios. A vantagem desta nova fun\u00e7\u00e3o p\u00fablica \u00e9 que se tudo n\u00e3o der certo a culpa \u00e9 do secret\u00e1rio ou funcion\u00e1rio que n\u00e3o soube dar forma \u00e0 &#8220;grande id\u00e9ia&#8221;. Em geral teem um cargo fict\u00edcio, ganham bons sal\u00e1rios, l\u00f3gico pagos pelos contribuintes, e fica-se pensando&#8230; qual a serventia destas figuras para a popula\u00e7\u00e3o?<br \/>\nAtenciosamente<br \/>\nMarton Azevedo<\/p>\n<p style=\"text-align: justify;\">Amigos de Resende,<br \/>\n\u00c9, parece que o descaso continua reinando na \u201cprincesinha do Vale\u201d.<br \/>\nSeguran\u00e7a ZERO! Cad\u00ea a pol\u00edcia Dr Rechuan? Onde foi parar NOSSA seguran\u00e7a?<br \/>\nAh esqueci&#8230; N\u00c3O TEM!<br \/>\nO famoso Parque Tobogan , no bairro Vila Julieta, frequentado por crian\u00e7as, pais, idosos, esportistas, pessoas que gostam de uma caminhada, COMPLETAMENTE ABANDONADO NA QUEST\u00c3O SEGURAN\u00c7A! O QUE \u00c9 ISSO MEU POVO!<br \/>\nAo que me parece, esta virando uma \u201ccrackol\u00e2ndia\u201d. Fumam, cheiram e ainda debocham de quem esta no parque. TR\u00c1FICO PURO! Pergunto&#8230; Onde est\u00e1 o administrador deste parque? Quando teve as elei\u00e7\u00f5es para a escolha do mesmo, fez uma campanha e tanto&#8230; E agora meu caro amigo? O Parque \u00e9 limpo todos os dias&#8230;.os homens (coitados) varrem\u00a0 de hora em hora (n\u00e3o entendo isso, pois logicamente folhas ir\u00e3o cair a todo momento, mas enfim..), por\u00e9m os banheiros&#8230;nem vou comentar.<br \/>\nOs balan\u00e7os enferrujados.\u00a0 At\u00e9 pregos pontiagudos j\u00e1 vi, e eu mesmo que martelei. Acho que vou me aposentar do meu trabalho, e martelar todos os pregos soltos do parque!<br \/>\nMas isso n\u00e3o importa. O caso aqui e a seguran\u00e7a. Vi tr\u00e1fico em plena luz do dia (ou da tarde se preferirem, 14h). Eles usam como \u201cavi\u00e3o\u201d, jovens, e at\u00e9 mesmo um rapaz que \u201cdizem\u201d ter problemas mentais, para esse feito. Soltam bombas dentro do Parque, talvez algum aviso, n\u00e3o sei. Olhem amigos, esta complicado para quem mora neste bairro, ou at\u00e9 mesmo quem vem para este local com sua fam\u00edlia.<br \/>\nDaqui a pouco, sem exageros, veremos brigas de fac\u00e7\u00e3o, tiroteios, mortes&#8230;em um local onde, at\u00e9 mesmo a PREFEITTURA disponibiliza para eventos destinados a idosos e pessoas deficientes.<br \/>\nSr Prefeito Jos\u00e9 Rechuan Junior, vamos observar isso com mais cuidado?<br \/>\nH\u00e1 um tempo li uma carta aqui neste jornal, de um rapaz reclamando da falta de seguran\u00e7a, falta de policiamento neste mesmo Parque&#8230; Como moro pr\u00f3ximo, comecei a observar melhor e realmente ele tinha raz\u00e3o. Comecei, tamb\u00e9m a observar se, com essa carta denuncia,\u00a0 se a pol\u00edcia ia dar \u201cas caras\u201d&#8230; At\u00e9 foi uns dias&#8230; Mas acho que cansou. Vejo sempre \u00e0 noite&#8230; Por\u00e9m, como por incr\u00edvel que pare\u00e7a, os \u201ccrackeiros\u201d e traficantes sabem disso, os espertos aparecem no local para vender sua droga e alguns para utiliza-la, \u00e0 tarde.<br \/>\nMeus amigos me despe\u00e7o por hora. INDIGNADO! Alias, nem tanto, se forem ver as \u201cmaravilhas\u201d que est\u00e3o sendo feitas em prol da nossa \u201cPrincesinha\u201d. Ou seja, NADA!<br \/>\nGustavo P. Simeao<br \/>\n(perturbado e abalado com tudo isso!)<\/p>\n<p>F\u00f4lego<\/p>\n<p>Mais depressa, o bal\u00e3o sobe<br \/>\nApagado, ele despenca.<br \/>\nPor maior que seja o lobby<br \/>\nVezes h\u00e1 que se arrebenta.<\/p>\n<p>Em antigos carnavais<br \/>\nLan\u00e7amentos prematuros<br \/>\nN\u00e3o ficaram nos anais<br \/>\nE sem luz, sobrou escuro.<\/p>\n<p>Na corrida eleitoral<br \/>\nMuitas vezes acontece<br \/>\nQuem d\u00e1 logo o sinal<br \/>\nNa estrada, n\u00e3o aquece.<\/p>\n<p>Pesquisas motivadoras<br \/>\nNada mais que um ensaio.<br \/>\nQuando muito, indutoras<br \/>\nDe cavalo paraguaio<\/p>\n<p>Volte o Rio a ser tambor<br \/>\nFeito surdo em carnaval.<br \/>\nPara seu governador<br \/>\nSeja um nome nacional.<\/p>\n<p>E, assim, que assim seja<br \/>\nSem qualquer provincianismo.<br \/>\nSem que venha na bandeja<br \/>\nSalada do carreirismo.<\/p>\n<p>Antonio Francisco<\/p>\n","protected":false},"excerpt":{"rendered":"<p>Senhora Editora Ana L\u00facia, Leitores do jornal BEIRA-RIO Venho, em minha defesa e em defesa do Col\u00e9gio que represento, discordar do publicado na edi\u00e7\u00e3o<\/p>\n","protected":false},"author":1,"featured_media":0,"comment_status":"open","ping_status":"open","sticky":false,"template":"","format":"standard","meta":{"pmpro_default_level":"","footnotes":""},"categories":[8],"tags":[],"class_list":["post-16533","post","type-post","status-publish","format-standard","hentry","category-opiniao","pmpro-has-access"],"yoast_head":"<!-- This site is optimized with the Yoast SEO plugin v27.4 - https:\/\/yoast.com\/product\/yoast-seo-wordpress\/ -->\n<title>Cartas e E-mails - JORNAL BEIRA RIO<\/title>\n<meta name=\"robots\" content=\"index, follow, max-snippet:-1, max-image-preview:large, max-video-preview:-1\" \/>\n<link rel=\"canonical\" href=\"https:\/\/jornalbeirario.com.br\/portal\/?p=16533\" \/>\n<meta property=\"og:locale\" content=\"pt_BR\" \/>\n<meta property=\"og:type\" content=\"article\" \/>\n<meta property=\"og:title\" content=\"Cartas e E-mails - JORNAL BEIRA RIO\" \/>\n<meta property=\"og:description\" content=\"Senhora Editora Ana L\u00facia, Leitores do jornal BEIRA-RIO Venho, em minha defesa e em defesa do Col\u00e9gio que represento, discordar do publicado na edi\u00e7\u00e3o\" \/>\n<meta property=\"og:url\" content=\"https:\/\/jornalbeirario.com.br\/portal\/?p=16533\" \/>\n<meta property=\"og:site_name\" content=\"JORNAL BEIRA RIO\" \/>\n<meta property=\"article:published_time\" content=\"2013-11-15T08:38:02+00:00\" \/>\n<meta name=\"author\" content=\"Jornal BEIRA-RIO\" \/>\n<meta name=\"twitter:card\" content=\"summary_large_image\" \/>\n<meta name=\"twitter:label1\" content=\"Escrito por\" \/>\n\t<meta name=\"twitter:data1\" content=\"Jornal BEIRA-RIO\" \/>\n\t<meta name=\"twitter:label2\" content=\"Est. tempo de leitura\" \/>\n\t<meta name=\"twitter:data2\" content=\"6 minutos\" \/>\n<script type=\"application\/ld+json\" class=\"yoast-schema-graph\">{\"@context\":\"https:\\\/\\\/schema.org\",\"@graph\":[{\"@type\":\"Article\",\"@id\":\"https:\\\/\\\/jornalbeirario.com.br\\\/portal\\\/?p=16533#article\",\"isPartOf\":{\"@id\":\"https:\\\/\\\/jornalbeirario.com.br\\\/portal\\\/?p=16533\"},\"author\":{\"name\":\"Jornal BEIRA-RIO\",\"@id\":\"https:\\\/\\\/jornalbeirario.com.br\\\/portal\\\/#\\\/schema\\\/person\\\/c6c423e4c2465d2a9233f6539173e7c1\"},\"headline\":\"Cartas e E-mails\",\"datePublished\":\"2013-11-15T08:38:02+00:00\",\"mainEntityOfPage\":{\"@id\":\"https:\\\/\\\/jornalbeirario.com.br\\\/portal\\\/?p=16533\"},\"wordCount\":1191,\"commentCount\":0,\"publisher\":{\"@id\":\"https:\\\/\\\/jornalbeirario.com.br\\\/portal\\\/#organization\"},\"articleSection\":[\"Opini\u00e3o\"],\"inLanguage\":\"pt-BR\",\"potentialAction\":[{\"@type\":\"CommentAction\",\"name\":\"Comment\",\"target\":[\"https:\\\/\\\/jornalbeirario.com.br\\\/portal\\\/?p=16533#respond\"]}]},{\"@type\":\"WebPage\",\"@id\":\"https:\\\/\\\/jornalbeirario.com.br\\\/portal\\\/?p=16533\",\"url\":\"https:\\\/\\\/jornalbeirario.com.br\\\/portal\\\/?p=16533\",\"name\":\"Cartas e E-mails - JORNAL BEIRA RIO\",\"isPartOf\":{\"@id\":\"https:\\\/\\\/jornalbeirario.com.br\\\/portal\\\/#website\"},\"datePublished\":\"2013-11-15T08:38:02+00:00\",\"breadcrumb\":{\"@id\":\"https:\\\/\\\/jornalbeirario.com.br\\\/portal\\\/?p=16533#breadcrumb\"},\"inLanguage\":\"pt-BR\",\"potentialAction\":[{\"@type\":\"ReadAction\",\"target\":[\"https:\\\/\\\/jornalbeirario.com.br\\\/portal\\\/?p=16533\"]}]},{\"@type\":\"BreadcrumbList\",\"@id\":\"https:\\\/\\\/jornalbeirario.com.br\\\/portal\\\/?p=16533#breadcrumb\",\"itemListElement\":[{\"@type\":\"ListItem\",\"position\":1,\"name\":\"Home\",\"item\":\"https:\\\/\\\/jornalbeirario.com.br\\\/portal\"},{\"@type\":\"ListItem\",\"position\":2,\"name\":\"Cartas e E-mails\"}]},{\"@type\":\"WebSite\",\"@id\":\"https:\\\/\\\/jornalbeirario.com.br\\\/portal\\\/#website\",\"url\":\"https:\\\/\\\/jornalbeirario.com.br\\\/portal\\\/\",\"name\":\"JORNAL BEIRA RIO\",\"description\":\"\",\"publisher\":{\"@id\":\"https:\\\/\\\/jornalbeirario.com.br\\\/portal\\\/#organization\"},\"potentialAction\":[{\"@type\":\"SearchAction\",\"target\":{\"@type\":\"EntryPoint\",\"urlTemplate\":\"https:\\\/\\\/jornalbeirario.com.br\\\/portal\\\/?s={search_term_string}\"},\"query-input\":{\"@type\":\"PropertyValueSpecification\",\"valueRequired\":true,\"valueName\":\"search_term_string\"}}],\"inLanguage\":\"pt-BR\"},{\"@type\":\"Organization\",\"@id\":\"https:\\\/\\\/jornalbeirario.com.br\\\/portal\\\/#organization\",\"name\":\"JORNAL BEIRA RIO\",\"url\":\"https:\\\/\\\/jornalbeirario.com.br\\\/portal\\\/\",\"logo\":{\"@type\":\"ImageObject\",\"inLanguage\":\"pt-BR\",\"@id\":\"https:\\\/\\\/jornalbeirario.com.br\\\/portal\\\/#\\\/schema\\\/logo\\\/image\\\/\",\"url\":\"https:\\\/\\\/jornalbeirario.com.br\\\/portal\\\/wp-content\\\/uploads\\\/2017\\\/09\\\/BEIRA-RIO_logo600.png\",\"contentUrl\":\"https:\\\/\\\/jornalbeirario.com.br\\\/portal\\\/wp-content\\\/uploads\\\/2017\\\/09\\\/BEIRA-RIO_logo600.png\",\"width\":650,\"height\":108,\"caption\":\"JORNAL BEIRA RIO\"},\"image\":{\"@id\":\"https:\\\/\\\/jornalbeirario.com.br\\\/portal\\\/#\\\/schema\\\/logo\\\/image\\\/\"}},{\"@type\":\"Person\",\"@id\":\"https:\\\/\\\/jornalbeirario.com.br\\\/portal\\\/#\\\/schema\\\/person\\\/c6c423e4c2465d2a9233f6539173e7c1\",\"name\":\"Jornal BEIRA-RIO\",\"image\":{\"@type\":\"ImageObject\",\"inLanguage\":\"pt-BR\",\"@id\":\"https:\\\/\\\/jornalbeirario.com.br\\\/portal\\\/wp-content\\\/uploads\\\/2023\\\/10\\\/logojbr1.jpg\",\"url\":\"https:\\\/\\\/jornalbeirario.com.br\\\/portal\\\/wp-content\\\/uploads\\\/2023\\\/10\\\/logojbr1.jpg\",\"contentUrl\":\"https:\\\/\\\/jornalbeirario.com.br\\\/portal\\\/wp-content\\\/uploads\\\/2023\\\/10\\\/logojbr1.jpg\",\"caption\":\"Jornal BEIRA-RIO\"},\"url\":\"https:\\\/\\\/jornalbeirario.com.br\\\/portal\\\/?author=1\"}]}<\/script>\n<!-- \/ Yoast SEO plugin. -->","yoast_head_json":{"title":"Cartas e E-mails - JORNAL BEIRA RIO","robots":{"index":"index","follow":"follow","max-snippet":"max-snippet:-1","max-image-preview":"max-image-preview:large","max-video-preview":"max-video-preview:-1"},"canonical":"https:\/\/jornalbeirario.com.br\/portal\/?p=16533","og_locale":"pt_BR","og_type":"article","og_title":"Cartas e E-mails - JORNAL BEIRA RIO","og_description":"Senhora Editora Ana L\u00facia, Leitores do jornal BEIRA-RIO Venho, em minha defesa e em defesa do Col\u00e9gio que represento, discordar do publicado na edi\u00e7\u00e3o","og_url":"https:\/\/jornalbeirario.com.br\/portal\/?p=16533","og_site_name":"JORNAL BEIRA RIO","article_published_time":"2013-11-15T08:38:02+00:00","author":"Jornal BEIRA-RIO","twitter_card":"summary_large_image","twitter_misc":{"Escrito por":"Jornal BEIRA-RIO","Est. tempo de leitura":"6 minutos"},"schema":{"@context":"https:\/\/schema.org","@graph":[{"@type":"Article","@id":"https:\/\/jornalbeirario.com.br\/portal\/?p=16533#article","isPartOf":{"@id":"https:\/\/jornalbeirario.com.br\/portal\/?p=16533"},"author":{"name":"Jornal BEIRA-RIO","@id":"https:\/\/jornalbeirario.com.br\/portal\/#\/schema\/person\/c6c423e4c2465d2a9233f6539173e7c1"},"headline":"Cartas e E-mails","datePublished":"2013-11-15T08:38:02+00:00","mainEntityOfPage":{"@id":"https:\/\/jornalbeirario.com.br\/portal\/?p=16533"},"wordCount":1191,"commentCount":0,"publisher":{"@id":"https:\/\/jornalbeirario.com.br\/portal\/#organization"},"articleSection":["Opini\u00e3o"],"inLanguage":"pt-BR","potentialAction":[{"@type":"CommentAction","name":"Comment","target":["https:\/\/jornalbeirario.com.br\/portal\/?p=16533#respond"]}]},{"@type":"WebPage","@id":"https:\/\/jornalbeirario.com.br\/portal\/?p=16533","url":"https:\/\/jornalbeirario.com.br\/portal\/?p=16533","name":"Cartas e E-mails - JORNAL BEIRA RIO","isPartOf":{"@id":"https:\/\/jornalbeirario.com.br\/portal\/#website"},"datePublished":"2013-11-15T08:38:02+00:00","breadcrumb":{"@id":"https:\/\/jornalbeirario.com.br\/portal\/?p=16533#breadcrumb"},"inLanguage":"pt-BR","potentialAction":[{"@type":"ReadAction","target":["https:\/\/jornalbeirario.com.br\/portal\/?p=16533"]}]},{"@type":"BreadcrumbList","@id":"https:\/\/jornalbeirario.com.br\/portal\/?p=16533#breadcrumb","itemListElement":[{"@type":"ListItem","position":1,"name":"Home","item":"https:\/\/jornalbeirario.com.br\/portal"},{"@type":"ListItem","position":2,"name":"Cartas e E-mails"}]},{"@type":"WebSite","@id":"https:\/\/jornalbeirario.com.br\/portal\/#website","url":"https:\/\/jornalbeirario.com.br\/portal\/","name":"JORNAL BEIRA RIO","description":"","publisher":{"@id":"https:\/\/jornalbeirario.com.br\/portal\/#organization"},"potentialAction":[{"@type":"SearchAction","target":{"@type":"EntryPoint","urlTemplate":"https:\/\/jornalbeirario.com.br\/portal\/?s={search_term_string}"},"query-input":{"@type":"PropertyValueSpecification","valueRequired":true,"valueName":"search_term_string"}}],"inLanguage":"pt-BR"},{"@type":"Organization","@id":"https:\/\/jornalbeirario.com.br\/portal\/#organization","name":"JORNAL BEIRA RIO","url":"https:\/\/jornalbeirario.com.br\/portal\/","logo":{"@type":"ImageObject","inLanguage":"pt-BR","@id":"https:\/\/jornalbeirario.com.br\/portal\/#\/schema\/logo\/image\/","url":"https:\/\/jornalbeirario.com.br\/portal\/wp-content\/uploads\/2017\/09\/BEIRA-RIO_logo600.png","contentUrl":"https:\/\/jornalbeirario.com.br\/portal\/wp-content\/uploads\/2017\/09\/BEIRA-RIO_logo600.png","width":650,"height":108,"caption":"JORNAL BEIRA RIO"},"image":{"@id":"https:\/\/jornalbeirario.com.br\/portal\/#\/schema\/logo\/image\/"}},{"@type":"Person","@id":"https:\/\/jornalbeirario.com.br\/portal\/#\/schema\/person\/c6c423e4c2465d2a9233f6539173e7c1","name":"Jornal BEIRA-RIO","image":{"@type":"ImageObject","inLanguage":"pt-BR","@id":"https:\/\/jornalbeirario.com.br\/portal\/wp-content\/uploads\/2023\/10\/logojbr1.jpg","url":"https:\/\/jornalbeirario.com.br\/portal\/wp-content\/uploads\/2023\/10\/logojbr1.jpg","contentUrl":"https:\/\/jornalbeirario.com.br\/portal\/wp-content\/uploads\/2023\/10\/logojbr1.jpg","caption":"Jornal BEIRA-RIO"},"url":"https:\/\/jornalbeirario.com.br\/portal\/?author=1"}]}},"_links":{"self":[{"href":"https:\/\/jornalbeirario.com.br\/portal\/index.php?rest_route=\/wp\/v2\/posts\/16533","targetHints":{"allow":["GET"]}}],"collection":[{"href":"https:\/\/jornalbeirario.com.br\/portal\/index.php?rest_route=\/wp\/v2\/posts"}],"about":[{"href":"https:\/\/jornalbeirario.com.br\/portal\/index.php?rest_route=\/wp\/v2\/types\/post"}],"author":[{"embeddable":true,"href":"https:\/\/jornalbeirario.com.br\/portal\/index.php?rest_route=\/wp\/v2\/users\/1"}],"replies":[{"embeddable":true,"href":"https:\/\/jornalbeirario.com.br\/portal\/index.php?rest_route=%2Fwp%2Fv2%2Fcomments&post=16533"}],"version-history":[{"count":3,"href":"https:\/\/jornalbeirario.com.br\/portal\/index.php?rest_route=\/wp\/v2\/posts\/16533\/revisions"}],"predecessor-version":[{"id":16586,"href":"https:\/\/jornalbeirario.com.br\/portal\/index.php?rest_route=\/wp\/v2\/posts\/16533\/revisions\/16586"}],"wp:attachment":[{"href":"https:\/\/jornalbeirario.com.br\/portal\/index.php?rest_route=%2Fwp%2Fv2%2Fmedia&parent=16533"}],"wp:term":[{"taxonomy":"category","embeddable":true,"href":"https:\/\/jornalbeirario.com.br\/portal\/index.php?rest_route=%2Fwp%2Fv2%2Fcategories&post=16533"},{"taxonomy":"post_tag","embeddable":true,"href":"https:\/\/jornalbeirario.com.br\/portal\/index.php?rest_route=%2Fwp%2Fv2%2Ftags&post=16533"}],"curies":[{"name":"wp","href":"https:\/\/api.w.org\/{rel}","templated":true}]}}