
{"id":16333,"date":"2013-11-09T12:38:28","date_gmt":"2013-11-09T12:38:28","guid":{"rendered":"http:\/\/jornalbeirario.com.br\/portal\/portal\/?p=16333"},"modified":"2013-11-09T12:38:58","modified_gmt":"2013-11-09T12:38:58","slug":"caminhada-do-amicao-acontece-neste-na-beira-rio","status":"publish","type":"post","link":"https:\/\/jornalbeirario.com.br\/portal\/?p=16333","title":{"rendered":"Caminhada do amic\u00e3o acontece neste Domingo na Beira Rio"},"content":{"rendered":"<p style=\"text-align: justify;\">Neste domingo, dia 10, acontece nas imedia\u00e7\u00f5es do Parque das \u00c1guas, a Caminhada do Amic\u00e3o. A abertura do evento acontece \u00e0s 9h, em frente ao Parque, e al\u00e9m da caminhada de c\u00e3es com seus donos, contar\u00e1 tamb\u00e9m com brinquedos para as crian\u00e7as e anima\u00e7\u00e3o cultural.<\/p>\n<p style=\"text-align: justify;\">A caminhada tem previs\u00e3o para come\u00e7ar \u00e0s 9h30 e ser\u00e1 feita em um trajeto de 1km na Beira Rio. Ao longo do percurso, os c\u00e3es ter\u00e3o espa\u00e7os especiais para beber \u00e1gua e estar\u00e3o dispon\u00edveis tamb\u00e9m lixeiras para que sejam depositados os dejetos dos animais. Servi\u00e7os de corte de unha e penteado tamb\u00e9m estar\u00e3o dispon\u00edveis.<\/p>\n<p style=\"text-align: justify;\">A programa\u00e7\u00e3o tamb\u00e9m ter\u00e1 apresenta\u00e7\u00e3o de c\u00e3es treinados da Academia Militar das Agulhas Negras (AMAN), demonstra\u00e7\u00e3o de agility, doa\u00e7\u00e3o de c\u00e3es, e aplica\u00e7\u00e3o de vacina, feita pela equipe do Centro de Controle de Zoonoses.<\/p>\n<p style=\"text-align: justify;\">O secret\u00e1rio de Esporte e Lazer, Fernando Menandro, revela que a expectativa \u00e9 de receber cerca de 600 participantes e lembra que o evento tamb\u00e9m ter\u00e1 seu lado solid\u00e1rio. \u201cSer\u00e3o recolhidas doa\u00e7\u00f5es de ra\u00e7\u00e3o que ser\u00e3o encaminhadas \u00e0 ONG C\u00e3odom\u00ednio de Resende\u201d, conta Menandro, ressaltando que n\u00e3o \u00e9 preciso inscri\u00e7\u00e3o para participar da caminhada.<\/p>\n<p style=\"text-align: justify;\">A ONG C\u00e3odom\u00ednio Cantinho do Amigo, \u00e9 uma Associa\u00e7\u00e3o de Prote\u00e7\u00e3o aos Animais sem fins lucrativos e tem como objetivo diminuir o sofrimento dos c\u00e3es abandonados da cidade, recolhendo esses animais para cuidar e tratar. O abrigo recolhe os animais v\u00edtimas de maus tratos, oferece tratamento, alimenta\u00e7\u00e3o, higiene e cuidados, e quando j\u00e1 recuperados s\u00e3o vermifugados, vacinados, castrados e colocados para doa\u00e7\u00e3o.<\/p>\n","protected":false},"excerpt":{"rendered":"<p>Neste domingo, dia 10, acontece nas imedia\u00e7\u00f5es do Parque das \u00c1guas, a Caminhada do Amic\u00e3o. A abertura do evento acontece \u00e0s 9h, em frente<\/p>\n","protected":false},"author":1,"featured_media":0,"comment_status":"open","ping_status":"open","sticky":false,"template":"","format":"standard","meta":{"pmpro_default_level":"","footnotes":"","_members_access_role":[],"_members_access_error":""},"categories":[13],"tags":[155],"class_list":["post-16333","post","type-post","status-publish","format-standard","hentry","category-social","tag-dehoraemhora","pmpro-has-access"],"yoast_head":"<!-- This site is optimized with the Yoast SEO plugin v28.4 - https:\/\/yoast.com\/product\/yoast-seo-wordpress\/ -->\n<title>Caminhada do amic\u00e3o acontece neste Domingo na Beira Rio - JORNAL BEIRA RIO<\/title>\n<meta name=\"robots\" content=\"index, follow, max-snippet:-1, max-image-preview:large, max-video-preview:-1\" \/>\n<link rel=\"canonical\" href=\"https:\/\/jornalbeirario.com.br\/portal\/?p=16333\" \/>\n<meta property=\"og:locale\" content=\"pt_BR\" \/>\n<meta property=\"og:type\" content=\"article\" \/>\n<meta property=\"og:title\" content=\"Caminhada do amic\u00e3o acontece neste Domingo na Beira Rio - JORNAL BEIRA RIO\" \/>\n<meta property=\"og:description\" content=\"Neste domingo, dia 10, acontece nas imedia\u00e7\u00f5es do Parque das \u00c1guas, a Caminhada do Amic\u00e3o. A abertura do evento acontece \u00e0s 9h, em frente\" \/>\n<meta property=\"og:url\" content=\"https:\/\/jornalbeirario.com.br\/portal\/?p=16333\" \/>\n<meta property=\"og:site_name\" content=\"JORNAL BEIRA RIO\" \/>\n<meta property=\"article:published_time\" content=\"2013-11-09T12:38:28+00:00\" \/>\n<meta property=\"article:modified_time\" content=\"2013-11-09T12:38:58+00:00\" \/>\n<meta name=\"author\" content=\"Jornal BEIRA-RIO\" \/>\n<meta name=\"twitter:card\" content=\"summary_large_image\" \/>\n<meta name=\"twitter:label1\" content=\"Escrito por\" \/>\n\t<meta name=\"twitter:data1\" content=\"Jornal BEIRA-RIO\" \/>\n\t<meta name=\"twitter:label2\" content=\"Est. tempo de leitura\" \/>\n\t<meta name=\"twitter:data2\" content=\"1 minuto\" \/>\n<script type=\"application\/ld+json\" class=\"yoast-schema-graph\">{\"@context\":\"https:\\\/\\\/schema.org\",\"@graph\":[{\"@type\":\"Article\",\"@id\":\"https:\\\/\\\/jornalbeirario.com.br\\\/portal\\\/?p=16333#article\",\"isPartOf\":{\"@id\":\"https:\\\/\\\/jornalbeirario.com.br\\\/portal\\\/?p=16333\"},\"author\":{\"name\":\"Jornal BEIRA-RIO\",\"@id\":\"https:\\\/\\\/jornalbeirario.com.br\\\/portal\\\/#\\\/schema\\\/person\\\/c6c423e4c2465d2a9233f6539173e7c1\"},\"headline\":\"Caminhada do amic\u00e3o acontece neste Domingo na Beira Rio\",\"datePublished\":\"2013-11-09T12:38:28+00:00\",\"dateModified\":\"2013-11-09T12:38:58+00:00\",\"mainEntityOfPage\":{\"@id\":\"https:\\\/\\\/jornalbeirario.com.br\\\/portal\\\/?p=16333\"},\"wordCount\":300,\"commentCount\":0,\"publisher\":{\"@id\":\"https:\\\/\\\/jornalbeirario.com.br\\\/portal\\\/#organization\"},\"keywords\":[\"dehoraemhora\"],\"articleSection\":[\"Social\"],\"inLanguage\":\"pt-BR\",\"potentialAction\":[{\"@type\":\"CommentAction\",\"name\":\"Comment\",\"target\":[\"https:\\\/\\\/jornalbeirario.com.br\\\/portal\\\/?p=16333#respond\"]}]},{\"@type\":\"WebPage\",\"@id\":\"https:\\\/\\\/jornalbeirario.com.br\\\/portal\\\/?p=16333\",\"url\":\"https:\\\/\\\/jornalbeirario.com.br\\\/portal\\\/?p=16333\",\"name\":\"Caminhada do amic\u00e3o acontece neste Domingo na Beira Rio - JORNAL BEIRA RIO\",\"isPartOf\":{\"@id\":\"https:\\\/\\\/jornalbeirario.com.br\\\/portal\\\/#website\"},\"datePublished\":\"2013-11-09T12:38:28+00:00\",\"dateModified\":\"2013-11-09T12:38:58+00:00\",\"breadcrumb\":{\"@id\":\"https:\\\/\\\/jornalbeirario.com.br\\\/portal\\\/?p=16333#breadcrumb\"},\"inLanguage\":\"pt-BR\",\"potentialAction\":[{\"@type\":\"ReadAction\",\"target\":[\"https:\\\/\\\/jornalbeirario.com.br\\\/portal\\\/?p=16333\"]}]},{\"@type\":\"BreadcrumbList\",\"@id\":\"https:\\\/\\\/jornalbeirario.com.br\\\/portal\\\/?p=16333#breadcrumb\",\"itemListElement\":[{\"@type\":\"ListItem\",\"position\":1,\"name\":\"Home\",\"item\":\"https:\\\/\\\/jornalbeirario.com.br\\\/portal\"},{\"@type\":\"ListItem\",\"position\":2,\"name\":\"Caminhada do amic\u00e3o acontece neste Domingo na Beira Rio\"}]},{\"@type\":\"WebSite\",\"@id\":\"https:\\\/\\\/jornalbeirario.com.br\\\/portal\\\/#website\",\"url\":\"https:\\\/\\\/jornalbeirario.com.br\\\/portal\\\/\",\"name\":\"JORNAL BEIRA RIO\",\"description\":\"\",\"publisher\":{\"@id\":\"https:\\\/\\\/jornalbeirario.com.br\\\/portal\\\/#organization\"},\"potentialAction\":[{\"@type\":\"SearchAction\",\"target\":{\"@type\":\"EntryPoint\",\"urlTemplate\":\"https:\\\/\\\/jornalbeirario.com.br\\\/portal\\\/?s={search_term_string}\"},\"query-input\":{\"@type\":\"PropertyValueSpecification\",\"valueRequired\":true,\"valueName\":\"search_term_string\"}}],\"inLanguage\":\"pt-BR\"},{\"@type\":\"Organization\",\"@id\":\"https:\\\/\\\/jornalbeirario.com.br\\\/portal\\\/#organization\",\"name\":\"JORNAL BEIRA RIO\",\"url\":\"https:\\\/\\\/jornalbeirario.com.br\\\/portal\\\/\",\"logo\":{\"@type\":\"ImageObject\",\"inLanguage\":\"pt-BR\",\"@id\":\"https:\\\/\\\/jornalbeirario.com.br\\\/portal\\\/#\\\/schema\\\/logo\\\/image\\\/\",\"url\":\"https:\\\/\\\/jornalbeirario.com.br\\\/portal\\\/wp-content\\\/uploads\\\/2017\\\/09\\\/BEIRA-RIO_logo600.png\",\"contentUrl\":\"https:\\\/\\\/jornalbeirario.com.br\\\/portal\\\/wp-content\\\/uploads\\\/2017\\\/09\\\/BEIRA-RIO_logo600.png\",\"width\":650,\"height\":108,\"caption\":\"JORNAL BEIRA RIO\"},\"image\":{\"@id\":\"https:\\\/\\\/jornalbeirario.com.br\\\/portal\\\/#\\\/schema\\\/logo\\\/image\\\/\"}},{\"@type\":\"Person\",\"@id\":\"https:\\\/\\\/jornalbeirario.com.br\\\/portal\\\/#\\\/schema\\\/person\\\/c6c423e4c2465d2a9233f6539173e7c1\",\"name\":\"Jornal BEIRA-RIO\",\"image\":{\"@type\":\"ImageObject\",\"inLanguage\":\"pt-BR\",\"@id\":\"https:\\\/\\\/jornalbeirario.com.br\\\/portal\\\/wp-content\\\/uploads\\\/2023\\\/10\\\/logojbr1.jpg\",\"url\":\"https:\\\/\\\/jornalbeirario.com.br\\\/portal\\\/wp-content\\\/uploads\\\/2023\\\/10\\\/logojbr1.jpg\",\"contentUrl\":\"https:\\\/\\\/jornalbeirario.com.br\\\/portal\\\/wp-content\\\/uploads\\\/2023\\\/10\\\/logojbr1.jpg\",\"caption\":\"Jornal BEIRA-RIO\"},\"url\":\"https:\\\/\\\/jornalbeirario.com.br\\\/portal\\\/?author=1\"}]}<\/script>\n<!-- \/ Yoast SEO plugin. -->","yoast_head_json":{"title":"Caminhada do amic\u00e3o acontece neste Domingo na Beira Rio - JORNAL BEIRA RIO","robots":{"index":"index","follow":"follow","max-snippet":"max-snippet:-1","max-image-preview":"max-image-preview:large","max-video-preview":"max-video-preview:-1"},"canonical":"https:\/\/jornalbeirario.com.br\/portal\/?p=16333","og_locale":"pt_BR","og_type":"article","og_title":"Caminhada do amic\u00e3o acontece neste Domingo na Beira Rio - JORNAL BEIRA RIO","og_description":"Neste domingo, dia 10, acontece nas imedia\u00e7\u00f5es do Parque das \u00c1guas, a Caminhada do Amic\u00e3o. A abertura do evento acontece \u00e0s 9h, em frente","og_url":"https:\/\/jornalbeirario.com.br\/portal\/?p=16333","og_site_name":"JORNAL BEIRA RIO","article_published_time":"2013-11-09T12:38:28+00:00","article_modified_time":"2013-11-09T12:38:58+00:00","author":"Jornal BEIRA-RIO","twitter_card":"summary_large_image","twitter_misc":{"Escrito por":"Jornal BEIRA-RIO","Est. tempo de leitura":"1 minuto"},"schema":{"@context":"https:\/\/schema.org","@graph":[{"@type":"Article","@id":"https:\/\/jornalbeirario.com.br\/portal\/?p=16333#article","isPartOf":{"@id":"https:\/\/jornalbeirario.com.br\/portal\/?p=16333"},"author":{"name":"Jornal BEIRA-RIO","@id":"https:\/\/jornalbeirario.com.br\/portal\/#\/schema\/person\/c6c423e4c2465d2a9233f6539173e7c1"},"headline":"Caminhada do amic\u00e3o acontece neste Domingo na Beira Rio","datePublished":"2013-11-09T12:38:28+00:00","dateModified":"2013-11-09T12:38:58+00:00","mainEntityOfPage":{"@id":"https:\/\/jornalbeirario.com.br\/portal\/?p=16333"},"wordCount":300,"commentCount":0,"publisher":{"@id":"https:\/\/jornalbeirario.com.br\/portal\/#organization"},"keywords":["dehoraemhora"],"articleSection":["Social"],"inLanguage":"pt-BR","potentialAction":[{"@type":"CommentAction","name":"Comment","target":["https:\/\/jornalbeirario.com.br\/portal\/?p=16333#respond"]}]},{"@type":"WebPage","@id":"https:\/\/jornalbeirario.com.br\/portal\/?p=16333","url":"https:\/\/jornalbeirario.com.br\/portal\/?p=16333","name":"Caminhada do amic\u00e3o acontece neste Domingo na Beira Rio - JORNAL BEIRA RIO","isPartOf":{"@id":"https:\/\/jornalbeirario.com.br\/portal\/#website"},"datePublished":"2013-11-09T12:38:28+00:00","dateModified":"2013-11-09T12:38:58+00:00","breadcrumb":{"@id":"https:\/\/jornalbeirario.com.br\/portal\/?p=16333#breadcrumb"},"inLanguage":"pt-BR","potentialAction":[{"@type":"ReadAction","target":["https:\/\/jornalbeirario.com.br\/portal\/?p=16333"]}]},{"@type":"BreadcrumbList","@id":"https:\/\/jornalbeirario.com.br\/portal\/?p=16333#breadcrumb","itemListElement":[{"@type":"ListItem","position":1,"name":"Home","item":"https:\/\/jornalbeirario.com.br\/portal"},{"@type":"ListItem","position":2,"name":"Caminhada do amic\u00e3o acontece neste Domingo na Beira Rio"}]},{"@type":"WebSite","@id":"https:\/\/jornalbeirario.com.br\/portal\/#website","url":"https:\/\/jornalbeirario.com.br\/portal\/","name":"JORNAL BEIRA RIO","description":"","publisher":{"@id":"https:\/\/jornalbeirario.com.br\/portal\/#organization"},"potentialAction":[{"@type":"SearchAction","target":{"@type":"EntryPoint","urlTemplate":"https:\/\/jornalbeirario.com.br\/portal\/?s={search_term_string}"},"query-input":{"@type":"PropertyValueSpecification","valueRequired":true,"valueName":"search_term_string"}}],"inLanguage":"pt-BR"},{"@type":"Organization","@id":"https:\/\/jornalbeirario.com.br\/portal\/#organization","name":"JORNAL BEIRA RIO","url":"https:\/\/jornalbeirario.com.br\/portal\/","logo":{"@type":"ImageObject","inLanguage":"pt-BR","@id":"https:\/\/jornalbeirario.com.br\/portal\/#\/schema\/logo\/image\/","url":"https:\/\/jornalbeirario.com.br\/portal\/wp-content\/uploads\/2017\/09\/BEIRA-RIO_logo600.png","contentUrl":"https:\/\/jornalbeirario.com.br\/portal\/wp-content\/uploads\/2017\/09\/BEIRA-RIO_logo600.png","width":650,"height":108,"caption":"JORNAL BEIRA RIO"},"image":{"@id":"https:\/\/jornalbeirario.com.br\/portal\/#\/schema\/logo\/image\/"}},{"@type":"Person","@id":"https:\/\/jornalbeirario.com.br\/portal\/#\/schema\/person\/c6c423e4c2465d2a9233f6539173e7c1","name":"Jornal BEIRA-RIO","image":{"@type":"ImageObject","inLanguage":"pt-BR","@id":"https:\/\/jornalbeirario.com.br\/portal\/wp-content\/uploads\/2023\/10\/logojbr1.jpg","url":"https:\/\/jornalbeirario.com.br\/portal\/wp-content\/uploads\/2023\/10\/logojbr1.jpg","contentUrl":"https:\/\/jornalbeirario.com.br\/portal\/wp-content\/uploads\/2023\/10\/logojbr1.jpg","caption":"Jornal BEIRA-RIO"},"url":"https:\/\/jornalbeirario.com.br\/portal\/?author=1"}]}},"_links":{"self":[{"href":"https:\/\/jornalbeirario.com.br\/portal\/index.php?rest_route=\/wp\/v2\/posts\/16333","targetHints":{"allow":["GET"]}}],"collection":[{"href":"https:\/\/jornalbeirario.com.br\/portal\/index.php?rest_route=\/wp\/v2\/posts"}],"about":[{"href":"https:\/\/jornalbeirario.com.br\/portal\/index.php?rest_route=\/wp\/v2\/types\/post"}],"author":[{"embeddable":true,"href":"https:\/\/jornalbeirario.com.br\/portal\/index.php?rest_route=\/wp\/v2\/users\/1"}],"replies":[{"embeddable":true,"href":"https:\/\/jornalbeirario.com.br\/portal\/index.php?rest_route=%2Fwp%2Fv2%2Fcomments&post=16333"}],"version-history":[{"count":3,"href":"https:\/\/jornalbeirario.com.br\/portal\/index.php?rest_route=\/wp\/v2\/posts\/16333\/revisions"}],"predecessor-version":[{"id":16335,"href":"https:\/\/jornalbeirario.com.br\/portal\/index.php?rest_route=\/wp\/v2\/posts\/16333\/revisions\/16335"}],"wp:attachment":[{"href":"https:\/\/jornalbeirario.com.br\/portal\/index.php?rest_route=%2Fwp%2Fv2%2Fmedia&parent=16333"}],"wp:term":[{"taxonomy":"category","embeddable":true,"href":"https:\/\/jornalbeirario.com.br\/portal\/index.php?rest_route=%2Fwp%2Fv2%2Fcategories&post=16333"},{"taxonomy":"post_tag","embeddable":true,"href":"https:\/\/jornalbeirario.com.br\/portal\/index.php?rest_route=%2Fwp%2Fv2%2Ftags&post=16333"}],"curies":[{"name":"wp","href":"https:\/\/api.w.org\/{rel}","templated":true}]}}