
{"id":16249,"date":"2013-11-08T11:00:54","date_gmt":"2013-11-08T11:00:54","guid":{"rendered":"http:\/\/jornalbeirario.com.br\/portal\/portal\/?p=16249"},"modified":"2013-11-08T11:00:54","modified_gmt":"2013-11-08T11:00:54","slug":"social-lais-amaral-23","status":"publish","type":"post","link":"https:\/\/jornalbeirario.com.br\/portal\/?p=16249","title":{"rendered":"SOCIAL LA\u00cdS AMARAL"},"content":{"rendered":"<p style=\"text-align: justify;\">Momento de olhar para o futuro (1)<br \/>\nH\u00e1 dias sofremos um blecaute. Embora provocado por uma manifesta\u00e7\u00e3o de mau humor da natureza, 22 horas sem luz me passou certa fragilidade do sistema para uma resposta \u00e0 altura. N\u00e3o raro nossos celulares ficam mudos, num rod\u00edzio de sil\u00eancio das operadoras que nos atendem. Nossa regi\u00e3o (Resende, Itatiaia, Porto Real, Quatis e adjac\u00eancias) no que pese estar sendo al\u00e7ada \u00e0 condi\u00e7\u00e3o de importante polo desenvolvimentista e gerador de riquezas no estado (e no pa\u00eds), j\u00e1 de algum tempo precisa ser pensada com olhos no futuro. Planejamento \u00e9 a palavra de ordem. Rechuan saiu na frente, consolidando no seu primeiro mandato uma inst\u00e2ncia para pensar a Resende do futuro, o Instituto Marechal Jos\u00e9 Pessoa (IMJP), que re\u00fane representantes de segmentos importantes da sociedade. O IMJP hoje \u00e9 presidido pelo m\u00e9dico Alu\u00edzio Balieiro. Outra a\u00e7\u00e3o com olhos no futuro foi, o \u201cProjeto Cercanias\u201d, que estreita as rela\u00e7\u00f5es de cinco munic\u00edpios paulista, cinco mineiros e quatro fluminenses com Resende. \u00c9 dif\u00edcil pensar no depois de amanh\u00e3 quando o hoje ainda apresenta tantas demandas. Mas hoje somos um pa\u00eds em movimento e \u00e9 preciso menos imediatismo e mais vis\u00e3o estrat\u00e9gica.<\/p>\n<p>Momento de olhar para o futuro (2)<br \/>\nEnergia e Telecomunica\u00e7\u00f5es &#8211; itens citados no in\u00edcio da nota anterior &#8211; s\u00e3o duas das quatro pernas essenciais para que Resende e regi\u00e3o n\u00e3o se tornem a m\u00e9dio prazo, uma regi\u00e3o com perda de competitividade no aspecto da produ\u00e7\u00e3o de riquezas e queda na qualidade de vida de seus habitantes. Transporte e Habita\u00e7\u00e3o completam esse quarteto b\u00e1sico. Essa preocupa\u00e7\u00e3o foi exposta pelos palestrantes do Cluster Automotivo do Sul Fluminense que Balieiro trouxe para a reuni\u00e3o do IMJP quarta-feira da semana passada, no audit\u00f3rio do hospital da Unimed. O diagn\u00f3stico e as estimativas apresentadas pelo engenheiro Celso Farias, acenderam a luz amarela. Se o Poder P\u00fablico tem obriga\u00e7\u00e3o de zelar pelo bem estar da popula\u00e7\u00e3o e para isso foi guindado ao poder, tamb\u00e9m a sociedade pode e deve participar desse esfor\u00e7o de pensar Resende mais a frente, e isso, sem paix\u00f5es partid\u00e1rias e outras variantes. O IMJP \u00e9 um f\u00f3rum aberto e apropriado para que os cidad\u00e3os discutam a realidade e apresentem ideias, opini\u00f5es e sugest\u00f5es. \u00c9 fundamental planejar a infraestrutura desde j\u00e1 e uma dica: continuar mantendo o olhar atento para o setor de servi\u00e7os (com\u00e9rcio incluso), com destaque para o Turismo.<\/p>\n<p>TRIPA<br \/>\n* SAMBA DA PANELA: \u00e9 nesta Sexta, dia 8, a partir das 20 horas no Caneco Zero Grau. \u00c9 samba na veia com Thiago Zaidan, Diogo Guimar\u00e3es (do Alerta), Jairo Queiroz (trombone) e muito mais. \u00c9 pra quebrar tudo! * Neste domingo acontecem os jogos de ida das semifinais do So\u00e7aite Quarent\u00e3o da AABB. \u00c0s 9h15 min. jogam Brameiros\u00a0 x Turma da Pelada e \u00e0s 10h20min. Alambari x Casa da Lua. Dizem que Vad\u00e3o n\u00e3o est\u00e1 preocupado com o ataque arrasador da Casa da Lua e que chegou a hora da revanche. Agora pega fogo. Vamos conferir * A L\u00edria Mariana, uma artes\u00e3 inspirad\u00edssima e muito criativa est\u00e1 inaugurando seu atelier em Penedo no pr\u00f3ximo dia 14, \u00e0s 19h com coquetel. Quem conhece a mo\u00e7a sabe que a produ\u00e7\u00e3o \u00e9 de qualidade. O endere\u00e7o do acontecimento \u00e9: Travessa da Galeria, 111 \u2013Penedo. Contato: 99994-9282 * Curtam Cl\u00e1udio Menandro e o filho Cau\u00e3 dando um show no programa \u201cTerra Can\u00e7\u00e3o\u201d, em TV paranaense. Clique no link: bit.ly\/1aFvH9b * O Centro Cultural Visconde de Mau\u00e1 abriu ontem a abertura da exposi\u00e7\u00e3o \u201cCiclos Vitais\u201d, da artista Flavia Barros. Fl\u00e1via apresenta t\u00e9cnicas variadas com gravuras em madeira, metal e pedra, bico de pena e nanquim, nessa sua primeira exposi\u00e7\u00e3o individual. A exposi\u00e7\u00e3o ficar\u00e1 aberta s\u00e1bados, domingos e feriados, das 10 \u00e0s 18h, at\u00e9 1\u00ba de dezembro. Durante a semana, visitas escolares previamente agendadas, com direito a uma oficina com a artista * Crust\u00e1ceos da Mangua\u00e7a recebeu nessa quarta-feira, o Premio Macedo Miranda na categoria \u201cCultura Popular\u201d. Todos n\u00f3s ficamos muito honrados. E por falar no Mangua\u00e7a, aqui a agenda para o Carnaval 2014: dia 15 de fevereiro, Sirizada do Mangua\u00e7a e no dia 22, o desfile do bloco nas ruas de Campos El\u00edseos. Coloquem nas respectivas agendas.<\/p>\n<p>ANIVERS\u00c1RIOS<br \/>\nLogo no dia 1\u00ba de novembro mudou de idade o Lu Gast\u00e3o, diretor de cultura da Funda\u00e7\u00e3o o Macedo Miranda. Nessa ter\u00e7a, dia 5, o batera Luis Fernando Monteiro, o Daniel, colega de curso e o Gladistone Medeiros inauguraram idade nova. Na quarta, dia 6, quatro personalidades ficaram mais experientes: o Marcelo Ghirlinzoni, a Anadege Cabral, o m\u00fasico Robson Bertoldo e a minha amiga Marina Schneider. Hoje, dia 8, sopra velinhas a minha amiga Gard\u00eania Pinheiro, uma das mais belas vozes do r\u00e1dio local. Amanha, dia 9, mais um quarteto recebe os \u2018parab\u00e9ns\u2019: Alexandre Pereira, o \u201cXande\u201d, meu amigo Claudio Camilo (que n\u00e3o vejo h\u00e1 anos), o Eduardo Chamareli e o Diego Linx. Na semana que vem dia 13, comemora mais um ano de vida o Marco Antonio Bernardi, o \u201cUrubu Rei\u201d. Parab\u00e9ns e todas as felicidades do mundo a eles.<\/p>\n","protected":false},"excerpt":{"rendered":"<p>Momento de olhar para o futuro (1) H\u00e1 dias sofremos um blecaute. Embora provocado por uma manifesta\u00e7\u00e3o de mau humor da natureza, 22 horas<\/p>\n","protected":false},"author":1,"featured_media":0,"comment_status":"open","ping_status":"open","sticky":false,"template":"","format":"standard","meta":{"pmpro_default_level":"","footnotes":""},"categories":[13],"tags":[],"class_list":["post-16249","post","type-post","status-publish","format-standard","hentry","category-social","pmpro-has-access"],"yoast_head":"<!-- This site is optimized with the Yoast SEO plugin v27.4 - https:\/\/yoast.com\/product\/yoast-seo-wordpress\/ -->\n<title>SOCIAL LA\u00cdS AMARAL - JORNAL BEIRA RIO<\/title>\n<meta name=\"robots\" content=\"index, follow, max-snippet:-1, max-image-preview:large, max-video-preview:-1\" \/>\n<link rel=\"canonical\" href=\"https:\/\/jornalbeirario.com.br\/portal\/?p=16249\" \/>\n<meta property=\"og:locale\" content=\"pt_BR\" \/>\n<meta property=\"og:type\" content=\"article\" \/>\n<meta property=\"og:title\" content=\"SOCIAL LA\u00cdS AMARAL - JORNAL BEIRA RIO\" \/>\n<meta property=\"og:description\" content=\"Momento de olhar para o futuro (1) H\u00e1 dias sofremos um blecaute. Embora provocado por uma manifesta\u00e7\u00e3o de mau humor da natureza, 22 horas\" \/>\n<meta property=\"og:url\" content=\"https:\/\/jornalbeirario.com.br\/portal\/?p=16249\" \/>\n<meta property=\"og:site_name\" content=\"JORNAL BEIRA RIO\" \/>\n<meta property=\"article:published_time\" content=\"2013-11-08T11:00:54+00:00\" \/>\n<meta name=\"author\" content=\"Jornal BEIRA-RIO\" \/>\n<meta name=\"twitter:card\" content=\"summary_large_image\" \/>\n<meta name=\"twitter:label1\" content=\"Escrito por\" \/>\n\t<meta name=\"twitter:data1\" content=\"Jornal BEIRA-RIO\" \/>\n\t<meta name=\"twitter:label2\" content=\"Est. tempo de leitura\" \/>\n\t<meta name=\"twitter:data2\" content=\"4 minutos\" \/>\n<script type=\"application\/ld+json\" class=\"yoast-schema-graph\">{\"@context\":\"https:\\\/\\\/schema.org\",\"@graph\":[{\"@type\":\"Article\",\"@id\":\"https:\\\/\\\/jornalbeirario.com.br\\\/portal\\\/?p=16249#article\",\"isPartOf\":{\"@id\":\"https:\\\/\\\/jornalbeirario.com.br\\\/portal\\\/?p=16249\"},\"author\":{\"name\":\"Jornal BEIRA-RIO\",\"@id\":\"https:\\\/\\\/jornalbeirario.com.br\\\/portal\\\/#\\\/schema\\\/person\\\/c6c423e4c2465d2a9233f6539173e7c1\"},\"headline\":\"SOCIAL LA\u00cdS AMARAL\",\"datePublished\":\"2013-11-08T11:00:54+00:00\",\"mainEntityOfPage\":{\"@id\":\"https:\\\/\\\/jornalbeirario.com.br\\\/portal\\\/?p=16249\"},\"wordCount\":882,\"commentCount\":0,\"publisher\":{\"@id\":\"https:\\\/\\\/jornalbeirario.com.br\\\/portal\\\/#organization\"},\"articleSection\":[\"Social\"],\"inLanguage\":\"pt-BR\",\"potentialAction\":[{\"@type\":\"CommentAction\",\"name\":\"Comment\",\"target\":[\"https:\\\/\\\/jornalbeirario.com.br\\\/portal\\\/?p=16249#respond\"]}]},{\"@type\":\"WebPage\",\"@id\":\"https:\\\/\\\/jornalbeirario.com.br\\\/portal\\\/?p=16249\",\"url\":\"https:\\\/\\\/jornalbeirario.com.br\\\/portal\\\/?p=16249\",\"name\":\"SOCIAL LA\u00cdS AMARAL - JORNAL BEIRA RIO\",\"isPartOf\":{\"@id\":\"https:\\\/\\\/jornalbeirario.com.br\\\/portal\\\/#website\"},\"datePublished\":\"2013-11-08T11:00:54+00:00\",\"breadcrumb\":{\"@id\":\"https:\\\/\\\/jornalbeirario.com.br\\\/portal\\\/?p=16249#breadcrumb\"},\"inLanguage\":\"pt-BR\",\"potentialAction\":[{\"@type\":\"ReadAction\",\"target\":[\"https:\\\/\\\/jornalbeirario.com.br\\\/portal\\\/?p=16249\"]}]},{\"@type\":\"BreadcrumbList\",\"@id\":\"https:\\\/\\\/jornalbeirario.com.br\\\/portal\\\/?p=16249#breadcrumb\",\"itemListElement\":[{\"@type\":\"ListItem\",\"position\":1,\"name\":\"Home\",\"item\":\"https:\\\/\\\/jornalbeirario.com.br\\\/portal\"},{\"@type\":\"ListItem\",\"position\":2,\"name\":\"SOCIAL LA\u00cdS AMARAL\"}]},{\"@type\":\"WebSite\",\"@id\":\"https:\\\/\\\/jornalbeirario.com.br\\\/portal\\\/#website\",\"url\":\"https:\\\/\\\/jornalbeirario.com.br\\\/portal\\\/\",\"name\":\"JORNAL BEIRA RIO\",\"description\":\"\",\"publisher\":{\"@id\":\"https:\\\/\\\/jornalbeirario.com.br\\\/portal\\\/#organization\"},\"potentialAction\":[{\"@type\":\"SearchAction\",\"target\":{\"@type\":\"EntryPoint\",\"urlTemplate\":\"https:\\\/\\\/jornalbeirario.com.br\\\/portal\\\/?s={search_term_string}\"},\"query-input\":{\"@type\":\"PropertyValueSpecification\",\"valueRequired\":true,\"valueName\":\"search_term_string\"}}],\"inLanguage\":\"pt-BR\"},{\"@type\":\"Organization\",\"@id\":\"https:\\\/\\\/jornalbeirario.com.br\\\/portal\\\/#organization\",\"name\":\"JORNAL BEIRA RIO\",\"url\":\"https:\\\/\\\/jornalbeirario.com.br\\\/portal\\\/\",\"logo\":{\"@type\":\"ImageObject\",\"inLanguage\":\"pt-BR\",\"@id\":\"https:\\\/\\\/jornalbeirario.com.br\\\/portal\\\/#\\\/schema\\\/logo\\\/image\\\/\",\"url\":\"https:\\\/\\\/jornalbeirario.com.br\\\/portal\\\/wp-content\\\/uploads\\\/2017\\\/09\\\/BEIRA-RIO_logo600.png\",\"contentUrl\":\"https:\\\/\\\/jornalbeirario.com.br\\\/portal\\\/wp-content\\\/uploads\\\/2017\\\/09\\\/BEIRA-RIO_logo600.png\",\"width\":650,\"height\":108,\"caption\":\"JORNAL BEIRA RIO\"},\"image\":{\"@id\":\"https:\\\/\\\/jornalbeirario.com.br\\\/portal\\\/#\\\/schema\\\/logo\\\/image\\\/\"}},{\"@type\":\"Person\",\"@id\":\"https:\\\/\\\/jornalbeirario.com.br\\\/portal\\\/#\\\/schema\\\/person\\\/c6c423e4c2465d2a9233f6539173e7c1\",\"name\":\"Jornal BEIRA-RIO\",\"image\":{\"@type\":\"ImageObject\",\"inLanguage\":\"pt-BR\",\"@id\":\"https:\\\/\\\/jornalbeirario.com.br\\\/portal\\\/wp-content\\\/uploads\\\/2023\\\/10\\\/logojbr1.jpg\",\"url\":\"https:\\\/\\\/jornalbeirario.com.br\\\/portal\\\/wp-content\\\/uploads\\\/2023\\\/10\\\/logojbr1.jpg\",\"contentUrl\":\"https:\\\/\\\/jornalbeirario.com.br\\\/portal\\\/wp-content\\\/uploads\\\/2023\\\/10\\\/logojbr1.jpg\",\"caption\":\"Jornal BEIRA-RIO\"},\"url\":\"https:\\\/\\\/jornalbeirario.com.br\\\/portal\\\/?author=1\"}]}<\/script>\n<!-- \/ Yoast SEO plugin. -->","yoast_head_json":{"title":"SOCIAL LA\u00cdS AMARAL - JORNAL BEIRA RIO","robots":{"index":"index","follow":"follow","max-snippet":"max-snippet:-1","max-image-preview":"max-image-preview:large","max-video-preview":"max-video-preview:-1"},"canonical":"https:\/\/jornalbeirario.com.br\/portal\/?p=16249","og_locale":"pt_BR","og_type":"article","og_title":"SOCIAL LA\u00cdS AMARAL - JORNAL BEIRA RIO","og_description":"Momento de olhar para o futuro (1) H\u00e1 dias sofremos um blecaute. Embora provocado por uma manifesta\u00e7\u00e3o de mau humor da natureza, 22 horas","og_url":"https:\/\/jornalbeirario.com.br\/portal\/?p=16249","og_site_name":"JORNAL BEIRA RIO","article_published_time":"2013-11-08T11:00:54+00:00","author":"Jornal BEIRA-RIO","twitter_card":"summary_large_image","twitter_misc":{"Escrito por":"Jornal BEIRA-RIO","Est. tempo de leitura":"4 minutos"},"schema":{"@context":"https:\/\/schema.org","@graph":[{"@type":"Article","@id":"https:\/\/jornalbeirario.com.br\/portal\/?p=16249#article","isPartOf":{"@id":"https:\/\/jornalbeirario.com.br\/portal\/?p=16249"},"author":{"name":"Jornal BEIRA-RIO","@id":"https:\/\/jornalbeirario.com.br\/portal\/#\/schema\/person\/c6c423e4c2465d2a9233f6539173e7c1"},"headline":"SOCIAL LA\u00cdS AMARAL","datePublished":"2013-11-08T11:00:54+00:00","mainEntityOfPage":{"@id":"https:\/\/jornalbeirario.com.br\/portal\/?p=16249"},"wordCount":882,"commentCount":0,"publisher":{"@id":"https:\/\/jornalbeirario.com.br\/portal\/#organization"},"articleSection":["Social"],"inLanguage":"pt-BR","potentialAction":[{"@type":"CommentAction","name":"Comment","target":["https:\/\/jornalbeirario.com.br\/portal\/?p=16249#respond"]}]},{"@type":"WebPage","@id":"https:\/\/jornalbeirario.com.br\/portal\/?p=16249","url":"https:\/\/jornalbeirario.com.br\/portal\/?p=16249","name":"SOCIAL LA\u00cdS AMARAL - JORNAL BEIRA RIO","isPartOf":{"@id":"https:\/\/jornalbeirario.com.br\/portal\/#website"},"datePublished":"2013-11-08T11:00:54+00:00","breadcrumb":{"@id":"https:\/\/jornalbeirario.com.br\/portal\/?p=16249#breadcrumb"},"inLanguage":"pt-BR","potentialAction":[{"@type":"ReadAction","target":["https:\/\/jornalbeirario.com.br\/portal\/?p=16249"]}]},{"@type":"BreadcrumbList","@id":"https:\/\/jornalbeirario.com.br\/portal\/?p=16249#breadcrumb","itemListElement":[{"@type":"ListItem","position":1,"name":"Home","item":"https:\/\/jornalbeirario.com.br\/portal"},{"@type":"ListItem","position":2,"name":"SOCIAL LA\u00cdS AMARAL"}]},{"@type":"WebSite","@id":"https:\/\/jornalbeirario.com.br\/portal\/#website","url":"https:\/\/jornalbeirario.com.br\/portal\/","name":"JORNAL BEIRA RIO","description":"","publisher":{"@id":"https:\/\/jornalbeirario.com.br\/portal\/#organization"},"potentialAction":[{"@type":"SearchAction","target":{"@type":"EntryPoint","urlTemplate":"https:\/\/jornalbeirario.com.br\/portal\/?s={search_term_string}"},"query-input":{"@type":"PropertyValueSpecification","valueRequired":true,"valueName":"search_term_string"}}],"inLanguage":"pt-BR"},{"@type":"Organization","@id":"https:\/\/jornalbeirario.com.br\/portal\/#organization","name":"JORNAL BEIRA RIO","url":"https:\/\/jornalbeirario.com.br\/portal\/","logo":{"@type":"ImageObject","inLanguage":"pt-BR","@id":"https:\/\/jornalbeirario.com.br\/portal\/#\/schema\/logo\/image\/","url":"https:\/\/jornalbeirario.com.br\/portal\/wp-content\/uploads\/2017\/09\/BEIRA-RIO_logo600.png","contentUrl":"https:\/\/jornalbeirario.com.br\/portal\/wp-content\/uploads\/2017\/09\/BEIRA-RIO_logo600.png","width":650,"height":108,"caption":"JORNAL BEIRA RIO"},"image":{"@id":"https:\/\/jornalbeirario.com.br\/portal\/#\/schema\/logo\/image\/"}},{"@type":"Person","@id":"https:\/\/jornalbeirario.com.br\/portal\/#\/schema\/person\/c6c423e4c2465d2a9233f6539173e7c1","name":"Jornal BEIRA-RIO","image":{"@type":"ImageObject","inLanguage":"pt-BR","@id":"https:\/\/jornalbeirario.com.br\/portal\/wp-content\/uploads\/2023\/10\/logojbr1.jpg","url":"https:\/\/jornalbeirario.com.br\/portal\/wp-content\/uploads\/2023\/10\/logojbr1.jpg","contentUrl":"https:\/\/jornalbeirario.com.br\/portal\/wp-content\/uploads\/2023\/10\/logojbr1.jpg","caption":"Jornal BEIRA-RIO"},"url":"https:\/\/jornalbeirario.com.br\/portal\/?author=1"}]}},"_links":{"self":[{"href":"https:\/\/jornalbeirario.com.br\/portal\/index.php?rest_route=\/wp\/v2\/posts\/16249","targetHints":{"allow":["GET"]}}],"collection":[{"href":"https:\/\/jornalbeirario.com.br\/portal\/index.php?rest_route=\/wp\/v2\/posts"}],"about":[{"href":"https:\/\/jornalbeirario.com.br\/portal\/index.php?rest_route=\/wp\/v2\/types\/post"}],"author":[{"embeddable":true,"href":"https:\/\/jornalbeirario.com.br\/portal\/index.php?rest_route=\/wp\/v2\/users\/1"}],"replies":[{"embeddable":true,"href":"https:\/\/jornalbeirario.com.br\/portal\/index.php?rest_route=%2Fwp%2Fv2%2Fcomments&post=16249"}],"version-history":[{"count":1,"href":"https:\/\/jornalbeirario.com.br\/portal\/index.php?rest_route=\/wp\/v2\/posts\/16249\/revisions"}],"predecessor-version":[{"id":16250,"href":"https:\/\/jornalbeirario.com.br\/portal\/index.php?rest_route=\/wp\/v2\/posts\/16249\/revisions\/16250"}],"wp:attachment":[{"href":"https:\/\/jornalbeirario.com.br\/portal\/index.php?rest_route=%2Fwp%2Fv2%2Fmedia&parent=16249"}],"wp:term":[{"taxonomy":"category","embeddable":true,"href":"https:\/\/jornalbeirario.com.br\/portal\/index.php?rest_route=%2Fwp%2Fv2%2Fcategories&post=16249"},{"taxonomy":"post_tag","embeddable":true,"href":"https:\/\/jornalbeirario.com.br\/portal\/index.php?rest_route=%2Fwp%2Fv2%2Ftags&post=16249"}],"curies":[{"name":"wp","href":"https:\/\/api.w.org\/{rel}","templated":true}]}}