
{"id":16005,"date":"2013-11-01T11:33:46","date_gmt":"2013-11-01T11:33:46","guid":{"rendered":"http:\/\/jornalbeirario.com.br\/portal\/portal\/?p=16005"},"modified":"2013-11-01T11:33:46","modified_gmt":"2013-11-01T11:33:46","slug":"quem-pensa-o-que-tem-de-bom-no-governo-rechuan","status":"publish","type":"post","link":"https:\/\/jornalbeirario.com.br\/portal\/?p=16005","title":{"rendered":"QUEM PENSA? O que tem de bom no governo Rechuan?"},"content":{"rendered":"<p style=\"text-align: justify;\">Esses dias me perguntaram o que tem de bom no governo Rechuan e eu prontamente respondi: n\u00e3o existe apenas uma coisa boa, porque todo governo \u00e9 formado por pessoas e projetos que intencionam de alguma maneira cumprir o seu papel. Talvez a pergunta certa seria: qual o papel do governo? Seja ele qual for, todo e qualquer governo deveria, num primeiro momento, deixar bem claro para o eleitor e para o n\u00e3o eleitor do grupo que formou o governo que este, estar\u00e1 a servi\u00e7o da Administra\u00e7\u00e3o P\u00fablica. Ou seja, as pessoas ainda t\u00eam dificuldades de entender a diferen\u00e7a entre governo e administra\u00e7\u00e3o p\u00fablica.<\/p>\n<p style=\"text-align: justify;\">O governo &#8211; ou a forma de se governar um munic\u00edpio &#8211; n\u00e3o \u00e9 perene, ou seja, tem prazo de validade, o mandato do Executivo, por exemplo, \u00e9 de quatro anos, podendo haver uma reelei\u00e7\u00e3o. E \u00e9 a\u00ed onde est\u00e1 a diferen\u00e7a da Administra\u00e7\u00e3o P\u00fablica. Governo \u00e9 a ger\u00eancia dos interesses da administra\u00e7\u00e3o p\u00fablica e esta cujo objetivo \u00e9 sempre o interesse p\u00fablico \u00e9 respons\u00e1vel por garantir o funcionamento e atendimento das necessidades da popula\u00e7\u00e3o. Isto significa que acima do governo est\u00e1 a Administra\u00e7\u00e3o P\u00fablica.Mas infelizmente os agentes p\u00fablicos muitas vezes nem sabem essa diferen\u00e7a.<\/p>\n<p style=\"text-align: justify;\">A diferen\u00e7a acima n\u00e3o exime o governo de atender os interesses coletivos e p\u00fablicos, muito pelo contr\u00e1rio, o coloca como o principal interessado (ainda que em tese) da promo\u00e7\u00e3o e busca de solu\u00e7\u00e3o destes interesses. Sabemos que na pr\u00e1tica, as coisas n\u00e3o acontecem dessa maneira. Se assim fossem, n\u00e3o seriam os empres\u00e1rios ref\u00e9ns da \u201csimpatia\u201d dos governantes ou n\u00e3o fariam quest\u00e3o de pertencer ao mesmo c\u00edrculo de amizades. Na maioria dos governos, aquela m\u00e1xima \u201cuma coisa \u00e9 uma coisa, outra coisa \u00e9 outra coisa\u201d n\u00e3o funciona. \u00c9 preciso ser amigo do rei ou bajular o rei. Este \u00e9 um, etnre outros, flagrantes pecados dos governos.<\/p>\n<p style=\"text-align: justify;\">Mas a pergunta feita foi o que tem de bom no governo Rechuan? Eu diria que \u00e9 o exagero. Explico. Dimensionar os fatos para uma realidade numa propor\u00e7\u00e3o muito maior do que realmente s\u00e3o acabam por revelar as fragilidades do governo. Durante algum tempo \u2013 no primeiro governo \u2013 Rechuan e seu grupo conseguiu manter uma estrat\u00e9gia de trabalho e isto foi positivo; evitou reclamar muito do governo anterior e partiu para as a\u00e7\u00f5es. Ponto pra ele, a cidade estava suja, os servidores insatisfeitos e uma sensa\u00e7\u00e3o de desrespeito dominava o cidad\u00e3o. Mas o governo peca tamb\u00e9m no dia que assume em 2009, algumas testemunhas ouviram quando j\u00e1 falavam em 2012 ou seja, a preocupa\u00e7\u00e3o com a manuten\u00e7\u00e3o naquele momento era com o poder e este nada tem a ver com a coisa p\u00fablica. As a\u00e7\u00f5es foram positivas, mas tamb\u00e9m come\u00e7aram a ganhar caracter\u00edsticas pessoais e a\u00ed o governo exagera e resolve investir no mote de que Resende \u00e9 uma cidade pra frente, contempor\u00e2nea, modern\u00edssima. O marketing pol\u00edtico \u00e9 agressivo e as op\u00e7\u00f5es eleitorais em oposi\u00e7\u00e3o n\u00e3o colam. E tal como no dia da posse em 2009, Rechuan consegue manter-se no poder e se reelege, mas alguma coisa aconteceu, pois em menos de um ano deste novo governo ratificado nas urnas do \u00faltimo pleito, o prefeito encolheu e est\u00e1 mais irritado, muito mais irritado. H\u00e1 um exagero na irrita\u00e7\u00e3o do prefeito, segundo os que o cercam e que por vezes preferem at\u00e9 n\u00e3o levar os problemas.<\/p>\n<p style=\"text-align: justify;\">Mas como assim? Se o prefeito desconhece os problemas como poder\u00e1 ser o gerente na busca da solu\u00e7\u00e3o? E se sabe e fica nervoso, parece que a solu\u00e7\u00e3o tamb\u00e9m estar\u00e1 longe de ser alcan\u00e7ada. H\u00e1 quem garanta que Rechuan perdeu o controle porque deixou que alguns setores, ainda no seu primeiro governo, ainda que invis\u00edvel aos olhos do eleitor, exagerassem no desrespeito \u00e0 coisa p\u00fablica, seja por m\u00e1-f\u00e9 ou por incompet\u00eancia. Algumas \u00e1reas antes consideradas at\u00e9 razo\u00e1veis como a Educa\u00e7\u00e3o e a Sa\u00fade demonstram agora, em 2013 que n\u00e3o foram bem constru\u00eddas no primeiro governo de Rechuan, tanto que a fiscaliza\u00e7\u00e3o do Tribunal de Contas nas escolas municipais e o n\u00famero de itens observados negativamente \u00e9 de assustar. Tanto que, a compra do tom\u00f3grafo, um aparelho t\u00e3o necess\u00e1rio ao munic\u00edpio se desenha como um verdadeiro esc\u00e2ndalo e abuso. Um exagero mesmo, que ultrapassa os limites da seriedade com o dinheiro p\u00fablico. Esse caso em especial vai custar ainda muito caro ao munic\u00edpio e na verdade n\u00e3o foi por falta de aviso de v\u00e1rios setores da Administra\u00e7\u00e3o P\u00fablica. Esta a\u00ed outra coisa boa do governo. Alguns integrantes imbu\u00eddos de sua responsabilidade p\u00fablica fizeram alertas mais de uma vez sobre a n\u00e3o entrega deste tom\u00f3grafo ao munic\u00edpio, mas os gestores permitiram por quatro vezes \u2013 repito: quatro vezes \u2013 o adiamento da entrega do equipamento e ainda n\u00e3o se sabe o que tem dentro das caixas que chegaram em julho, depois de muita press\u00e3o popular. As caixas n\u00e3o podem ser abertas sob o risco de perda da garantia. Uma garantia que n\u00e3o ser\u00e1 dada pela empresa que vendeu, porque esta faliu.<\/p>\n<p style=\"text-align: justify;\">Esse exagero torna cada vez mais claro o projeto de governo, do contr\u00e1rio, como poderemos chamar aquele contrato das mudas milion\u00e1rias com a Chusquea que hoje est\u00e1 na Justi\u00e7a. Uma lamban\u00e7a da Ag\u00eancia do Meio Ambiente (Amar) que ganhou destaque nos \u201cexageros governamentais\u201d de Rechuan. Ouvi num programa de r\u00e1dio, em 2012, no alto da crise dos esc\u00e2ndalos do meio ambiente, o prefeito rasgar elogios \u00e0 pasta e ao seu gestor. Ora, s\u00f3 posso concluir a coniv\u00eancia deste prefeito com tudo que agora pipoca na Justi\u00e7a. Afinal, n\u00e3o \u00e9 o prefeito que lidera o governo?<\/p>\n<p style=\"text-align: justify;\">E o que falar de outros exageros, como a quase exclusividade de uma \u00fanica empreiteira ganhar a maioria das licita\u00e7\u00f5es de obras na cidade. At\u00e9 a\u00ed, isto poderia ser normal se a empreiteira terminasse uma obra antes de come\u00e7ar outra ou se a obra realizada n\u00e3o desmoronasse, como aconteceu por duas vezes com o cal\u00e7ad\u00e3o da avenida Nova Resende? Estes e outros exageros na \u00e1rea de obras e servi\u00e7os p\u00fablicos demonstram que em algum momento o governo se distanciou da Administra\u00e7\u00e3o.<\/p>\n<p style=\"text-align: justify;\">Algu\u00e9m pode perguntar-me, mas isso \u00e9 bom? E n\u00e3o \u00e9?\u00a0 &#8211; responderei perguntando de volta. Afinal, os exageros tornam-se reveladores em muitos aspectos. Algu\u00e9m j\u00e1 disse que \u201co exagero \u00e9 sempre a exagera\u00e7\u00e3o de algo que n\u00e3o o \u00e9\u201d. Pois \u00e9&#8230; sendo assim, conseguimos enxergar no exagero o que n\u00e3o se pretende, por isso considero o exagero como o que tem de melhor no governo Rechuan. O exagero de querer fazer descer goela abaixo, por exemplo, que o aeroporto de Resende tem todas as condi\u00e7\u00f5es e que a regi\u00e3o tem demanda para voos comerciais e depois pagar mico, reiteradas vezes com as companhias a\u00e9reas abandonando o servi\u00e7o j\u00e1 ficou claro para os usu\u00e1rios que o governo n\u00e3o leva s\u00e9rio este servi\u00e7o e por isso trata o assunto sempre com festa, publicidade e discursos pol\u00edticos. Um verdadeiro exagero!<\/p>\n<p style=\"text-align: justify;\">Tais exageros esbarram na car\u00eancia dos servi\u00e7os municipais, esbarram na falta de pol\u00edticas p\u00fablicas realmente voltadas para o fortalecimento de uma cidade que cresce, esbarram sobretudo, na falta de respeito ao cidad\u00e3o que ouve de um lado que a cidade tem dinheiro, tem f\u00e1bricas, tem tudo, mas que s\u00f3 consegue marcar um m\u00e9dico com intervalo m\u00ednimo de quase dois meses, que ao consegue vaga de educa\u00e7\u00e3o infantil porque o munic\u00edpio n\u00e3o investiu na educa\u00e7\u00e3o infantil e hoje a crian\u00e7a quando completa quatro anos e precisa deixar a creche n\u00e3o conegue vaga numa escola com hor\u00e1rio integral. Como ficam os pais que sempre utilizaram a creche porque trabalham fora durante todo o dia?<\/p>\n<p style=\"text-align: justify;\">N\u00e3o s\u00e3o poucos os exageros desse governo e talvez eu esteja errada, tomara que sim, mas vejo no anseio desse governo de Resende em querer exagerar e buscar milh\u00f5es (R$ 60 milh\u00f5es) emprestados para iniciar \u2013 repito, apenas, iniciar \u2013 uma obra um sinal de dias ruins para o munic\u00edpio, pois o ano de 2013 j\u00e1 acabou e quando chegar\u00e1 o empr\u00e9stimo para que seja pago dentro do governo Rechuan ainda? Sim, porque ele n\u00e3o pode contrair d\u00edvidas e deixar para o pr\u00f3ximo prefeito. N\u00e3o pode na regra, mas na pr\u00e1tica, temo que este governo quebre a cidade com esta d\u00edvida, principalmente porque tenta esse dinheiro sem ao menos promover uma audi\u00eancia p\u00fablica para mostrar todo o projeto (ainda que inicial) que pretende usar esses milh\u00f5es. Mas este \u00e9 um assunto que ainda voltarei a comentar.<\/p>\n<p style=\"text-align: justify;\">Exageros \u00e0 parte, continuo na torcida para uma maior participa\u00e7\u00e3o sua. \u00c9. Sua mesmo. Voc\u00ea que l\u00ea essas linhas e que pode juntar-se a quem est\u00e1 preocupado com os rumos pol\u00edticos e p\u00fablicos desta cidade que j\u00e1 foi conhecida como \u201cprincesinha\u201d. Fa\u00e7o parte do ComSocial, uma associa\u00e7\u00e3o que tem trabalhado em prol da transpar\u00eancia das informa\u00e7\u00f5es e dados p\u00fablicos neste munic\u00edpio e que no pr\u00f3ximo dia 9 de novembro completar\u00e1 um ano de suas atividades promovendo um dia de informa\u00e7\u00e3o e debates sobre o que conquistamos, mas principalmente o que ainda precisamos conquistar. Venha participar conosco. Dia 9, no Espa\u00e7o do Saber na rua 29 de Setembro, n\u00ba 139, bairro Comercial, \u00e0s 16h. At\u00e9 l\u00e1!<\/p>\n<p style=\"text-align: justify;\"><em>Ana L\u00facia<\/em><br \/>\n<em>editora do jornal <strong>BEIRA-RIO<\/strong><\/em><br \/>\n<em><a href=\"mailto:analucia@jornalbeirario.com.br\">analucia@jornalbeirario.com.br<\/a><\/em><\/p>\n","protected":false},"excerpt":{"rendered":"<p>Esses dias me perguntaram o que tem de bom no governo Rechuan e eu prontamente respondi: n\u00e3o existe apenas uma coisa boa, porque todo<\/p>\n","protected":false},"author":1,"featured_media":0,"comment_status":"open","ping_status":"open","sticky":false,"template":"","format":"standard","meta":{"pmpro_default_level":"","footnotes":"","_members_access_role":[],"_members_access_error":""},"categories":[8],"tags":[],"class_list":["post-16005","post","type-post","status-publish","format-standard","hentry","category-opiniao","pmpro-has-access"],"yoast_head":"<!-- This site is optimized with the Yoast SEO plugin v28.4 - https:\/\/yoast.com\/product\/yoast-seo-wordpress\/ -->\n<title>QUEM PENSA? O que tem de bom no governo Rechuan? - JORNAL BEIRA RIO<\/title>\n<meta name=\"robots\" content=\"index, follow, max-snippet:-1, max-image-preview:large, max-video-preview:-1\" \/>\n<link rel=\"canonical\" href=\"https:\/\/jornalbeirario.com.br\/portal\/?p=16005\" \/>\n<meta property=\"og:locale\" content=\"pt_BR\" \/>\n<meta property=\"og:type\" content=\"article\" \/>\n<meta property=\"og:title\" content=\"QUEM PENSA? O que tem de bom no governo Rechuan? - JORNAL BEIRA RIO\" \/>\n<meta property=\"og:description\" content=\"Esses dias me perguntaram o que tem de bom no governo Rechuan e eu prontamente respondi: n\u00e3o existe apenas uma coisa boa, porque todo\" \/>\n<meta property=\"og:url\" content=\"https:\/\/jornalbeirario.com.br\/portal\/?p=16005\" \/>\n<meta property=\"og:site_name\" content=\"JORNAL BEIRA RIO\" \/>\n<meta property=\"article:published_time\" content=\"2013-11-01T11:33:46+00:00\" \/>\n<meta name=\"author\" content=\"Jornal BEIRA-RIO\" \/>\n<meta name=\"twitter:card\" content=\"summary_large_image\" \/>\n<meta name=\"twitter:label1\" content=\"Escrito por\" \/>\n\t<meta name=\"twitter:data1\" content=\"Jornal BEIRA-RIO\" \/>\n\t<meta name=\"twitter:label2\" content=\"Est. tempo de leitura\" \/>\n\t<meta name=\"twitter:data2\" content=\"8 minutos\" \/>\n<script type=\"application\/ld+json\" class=\"yoast-schema-graph\">{\"@context\":\"https:\\\/\\\/schema.org\",\"@graph\":[{\"@type\":\"Article\",\"@id\":\"https:\\\/\\\/jornalbeirario.com.br\\\/portal\\\/?p=16005#article\",\"isPartOf\":{\"@id\":\"https:\\\/\\\/jornalbeirario.com.br\\\/portal\\\/?p=16005\"},\"author\":{\"name\":\"Jornal BEIRA-RIO\",\"@id\":\"https:\\\/\\\/jornalbeirario.com.br\\\/portal\\\/#\\\/schema\\\/person\\\/c6c423e4c2465d2a9233f6539173e7c1\"},\"headline\":\"QUEM PENSA? O que tem de bom no governo Rechuan?\",\"datePublished\":\"2013-11-01T11:33:46+00:00\",\"mainEntityOfPage\":{\"@id\":\"https:\\\/\\\/jornalbeirario.com.br\\\/portal\\\/?p=16005\"},\"wordCount\":1646,\"commentCount\":0,\"publisher\":{\"@id\":\"https:\\\/\\\/jornalbeirario.com.br\\\/portal\\\/#organization\"},\"articleSection\":[\"Opini\u00e3o\"],\"inLanguage\":\"pt-BR\",\"potentialAction\":[{\"@type\":\"CommentAction\",\"name\":\"Comment\",\"target\":[\"https:\\\/\\\/jornalbeirario.com.br\\\/portal\\\/?p=16005#respond\"]}]},{\"@type\":\"WebPage\",\"@id\":\"https:\\\/\\\/jornalbeirario.com.br\\\/portal\\\/?p=16005\",\"url\":\"https:\\\/\\\/jornalbeirario.com.br\\\/portal\\\/?p=16005\",\"name\":\"QUEM PENSA? O que tem de bom no governo Rechuan? - JORNAL BEIRA RIO\",\"isPartOf\":{\"@id\":\"https:\\\/\\\/jornalbeirario.com.br\\\/portal\\\/#website\"},\"datePublished\":\"2013-11-01T11:33:46+00:00\",\"breadcrumb\":{\"@id\":\"https:\\\/\\\/jornalbeirario.com.br\\\/portal\\\/?p=16005#breadcrumb\"},\"inLanguage\":\"pt-BR\",\"potentialAction\":[{\"@type\":\"ReadAction\",\"target\":[\"https:\\\/\\\/jornalbeirario.com.br\\\/portal\\\/?p=16005\"]}]},{\"@type\":\"BreadcrumbList\",\"@id\":\"https:\\\/\\\/jornalbeirario.com.br\\\/portal\\\/?p=16005#breadcrumb\",\"itemListElement\":[{\"@type\":\"ListItem\",\"position\":1,\"name\":\"Home\",\"item\":\"https:\\\/\\\/jornalbeirario.com.br\\\/portal\"},{\"@type\":\"ListItem\",\"position\":2,\"name\":\"QUEM PENSA? O que tem de bom no governo Rechuan?\"}]},{\"@type\":\"WebSite\",\"@id\":\"https:\\\/\\\/jornalbeirario.com.br\\\/portal\\\/#website\",\"url\":\"https:\\\/\\\/jornalbeirario.com.br\\\/portal\\\/\",\"name\":\"JORNAL BEIRA RIO\",\"description\":\"\",\"publisher\":{\"@id\":\"https:\\\/\\\/jornalbeirario.com.br\\\/portal\\\/#organization\"},\"potentialAction\":[{\"@type\":\"SearchAction\",\"target\":{\"@type\":\"EntryPoint\",\"urlTemplate\":\"https:\\\/\\\/jornalbeirario.com.br\\\/portal\\\/?s={search_term_string}\"},\"query-input\":{\"@type\":\"PropertyValueSpecification\",\"valueRequired\":true,\"valueName\":\"search_term_string\"}}],\"inLanguage\":\"pt-BR\"},{\"@type\":\"Organization\",\"@id\":\"https:\\\/\\\/jornalbeirario.com.br\\\/portal\\\/#organization\",\"name\":\"JORNAL BEIRA RIO\",\"url\":\"https:\\\/\\\/jornalbeirario.com.br\\\/portal\\\/\",\"logo\":{\"@type\":\"ImageObject\",\"inLanguage\":\"pt-BR\",\"@id\":\"https:\\\/\\\/jornalbeirario.com.br\\\/portal\\\/#\\\/schema\\\/logo\\\/image\\\/\",\"url\":\"https:\\\/\\\/jornalbeirario.com.br\\\/portal\\\/wp-content\\\/uploads\\\/2017\\\/09\\\/BEIRA-RIO_logo600.png\",\"contentUrl\":\"https:\\\/\\\/jornalbeirario.com.br\\\/portal\\\/wp-content\\\/uploads\\\/2017\\\/09\\\/BEIRA-RIO_logo600.png\",\"width\":650,\"height\":108,\"caption\":\"JORNAL BEIRA RIO\"},\"image\":{\"@id\":\"https:\\\/\\\/jornalbeirario.com.br\\\/portal\\\/#\\\/schema\\\/logo\\\/image\\\/\"}},{\"@type\":\"Person\",\"@id\":\"https:\\\/\\\/jornalbeirario.com.br\\\/portal\\\/#\\\/schema\\\/person\\\/c6c423e4c2465d2a9233f6539173e7c1\",\"name\":\"Jornal BEIRA-RIO\",\"image\":{\"@type\":\"ImageObject\",\"inLanguage\":\"pt-BR\",\"@id\":\"https:\\\/\\\/jornalbeirario.com.br\\\/portal\\\/wp-content\\\/uploads\\\/2023\\\/10\\\/logojbr1.jpg\",\"url\":\"https:\\\/\\\/jornalbeirario.com.br\\\/portal\\\/wp-content\\\/uploads\\\/2023\\\/10\\\/logojbr1.jpg\",\"contentUrl\":\"https:\\\/\\\/jornalbeirario.com.br\\\/portal\\\/wp-content\\\/uploads\\\/2023\\\/10\\\/logojbr1.jpg\",\"caption\":\"Jornal BEIRA-RIO\"},\"url\":\"https:\\\/\\\/jornalbeirario.com.br\\\/portal\\\/?author=1\"}]}<\/script>\n<!-- \/ Yoast SEO plugin. -->","yoast_head_json":{"title":"QUEM PENSA? O que tem de bom no governo Rechuan? - JORNAL BEIRA RIO","robots":{"index":"index","follow":"follow","max-snippet":"max-snippet:-1","max-image-preview":"max-image-preview:large","max-video-preview":"max-video-preview:-1"},"canonical":"https:\/\/jornalbeirario.com.br\/portal\/?p=16005","og_locale":"pt_BR","og_type":"article","og_title":"QUEM PENSA? O que tem de bom no governo Rechuan? - JORNAL BEIRA RIO","og_description":"Esses dias me perguntaram o que tem de bom no governo Rechuan e eu prontamente respondi: n\u00e3o existe apenas uma coisa boa, porque todo","og_url":"https:\/\/jornalbeirario.com.br\/portal\/?p=16005","og_site_name":"JORNAL BEIRA RIO","article_published_time":"2013-11-01T11:33:46+00:00","author":"Jornal BEIRA-RIO","twitter_card":"summary_large_image","twitter_misc":{"Escrito por":"Jornal BEIRA-RIO","Est. tempo de leitura":"8 minutos"},"schema":{"@context":"https:\/\/schema.org","@graph":[{"@type":"Article","@id":"https:\/\/jornalbeirario.com.br\/portal\/?p=16005#article","isPartOf":{"@id":"https:\/\/jornalbeirario.com.br\/portal\/?p=16005"},"author":{"name":"Jornal BEIRA-RIO","@id":"https:\/\/jornalbeirario.com.br\/portal\/#\/schema\/person\/c6c423e4c2465d2a9233f6539173e7c1"},"headline":"QUEM PENSA? O que tem de bom no governo Rechuan?","datePublished":"2013-11-01T11:33:46+00:00","mainEntityOfPage":{"@id":"https:\/\/jornalbeirario.com.br\/portal\/?p=16005"},"wordCount":1646,"commentCount":0,"publisher":{"@id":"https:\/\/jornalbeirario.com.br\/portal\/#organization"},"articleSection":["Opini\u00e3o"],"inLanguage":"pt-BR","potentialAction":[{"@type":"CommentAction","name":"Comment","target":["https:\/\/jornalbeirario.com.br\/portal\/?p=16005#respond"]}]},{"@type":"WebPage","@id":"https:\/\/jornalbeirario.com.br\/portal\/?p=16005","url":"https:\/\/jornalbeirario.com.br\/portal\/?p=16005","name":"QUEM PENSA? O que tem de bom no governo Rechuan? - JORNAL BEIRA RIO","isPartOf":{"@id":"https:\/\/jornalbeirario.com.br\/portal\/#website"},"datePublished":"2013-11-01T11:33:46+00:00","breadcrumb":{"@id":"https:\/\/jornalbeirario.com.br\/portal\/?p=16005#breadcrumb"},"inLanguage":"pt-BR","potentialAction":[{"@type":"ReadAction","target":["https:\/\/jornalbeirario.com.br\/portal\/?p=16005"]}]},{"@type":"BreadcrumbList","@id":"https:\/\/jornalbeirario.com.br\/portal\/?p=16005#breadcrumb","itemListElement":[{"@type":"ListItem","position":1,"name":"Home","item":"https:\/\/jornalbeirario.com.br\/portal"},{"@type":"ListItem","position":2,"name":"QUEM PENSA? O que tem de bom no governo Rechuan?"}]},{"@type":"WebSite","@id":"https:\/\/jornalbeirario.com.br\/portal\/#website","url":"https:\/\/jornalbeirario.com.br\/portal\/","name":"JORNAL BEIRA RIO","description":"","publisher":{"@id":"https:\/\/jornalbeirario.com.br\/portal\/#organization"},"potentialAction":[{"@type":"SearchAction","target":{"@type":"EntryPoint","urlTemplate":"https:\/\/jornalbeirario.com.br\/portal\/?s={search_term_string}"},"query-input":{"@type":"PropertyValueSpecification","valueRequired":true,"valueName":"search_term_string"}}],"inLanguage":"pt-BR"},{"@type":"Organization","@id":"https:\/\/jornalbeirario.com.br\/portal\/#organization","name":"JORNAL BEIRA RIO","url":"https:\/\/jornalbeirario.com.br\/portal\/","logo":{"@type":"ImageObject","inLanguage":"pt-BR","@id":"https:\/\/jornalbeirario.com.br\/portal\/#\/schema\/logo\/image\/","url":"https:\/\/jornalbeirario.com.br\/portal\/wp-content\/uploads\/2017\/09\/BEIRA-RIO_logo600.png","contentUrl":"https:\/\/jornalbeirario.com.br\/portal\/wp-content\/uploads\/2017\/09\/BEIRA-RIO_logo600.png","width":650,"height":108,"caption":"JORNAL BEIRA RIO"},"image":{"@id":"https:\/\/jornalbeirario.com.br\/portal\/#\/schema\/logo\/image\/"}},{"@type":"Person","@id":"https:\/\/jornalbeirario.com.br\/portal\/#\/schema\/person\/c6c423e4c2465d2a9233f6539173e7c1","name":"Jornal BEIRA-RIO","image":{"@type":"ImageObject","inLanguage":"pt-BR","@id":"https:\/\/jornalbeirario.com.br\/portal\/wp-content\/uploads\/2023\/10\/logojbr1.jpg","url":"https:\/\/jornalbeirario.com.br\/portal\/wp-content\/uploads\/2023\/10\/logojbr1.jpg","contentUrl":"https:\/\/jornalbeirario.com.br\/portal\/wp-content\/uploads\/2023\/10\/logojbr1.jpg","caption":"Jornal BEIRA-RIO"},"url":"https:\/\/jornalbeirario.com.br\/portal\/?author=1"}]}},"_links":{"self":[{"href":"https:\/\/jornalbeirario.com.br\/portal\/index.php?rest_route=\/wp\/v2\/posts\/16005","targetHints":{"allow":["GET"]}}],"collection":[{"href":"https:\/\/jornalbeirario.com.br\/portal\/index.php?rest_route=\/wp\/v2\/posts"}],"about":[{"href":"https:\/\/jornalbeirario.com.br\/portal\/index.php?rest_route=\/wp\/v2\/types\/post"}],"author":[{"embeddable":true,"href":"https:\/\/jornalbeirario.com.br\/portal\/index.php?rest_route=\/wp\/v2\/users\/1"}],"replies":[{"embeddable":true,"href":"https:\/\/jornalbeirario.com.br\/portal\/index.php?rest_route=%2Fwp%2Fv2%2Fcomments&post=16005"}],"version-history":[{"count":3,"href":"https:\/\/jornalbeirario.com.br\/portal\/index.php?rest_route=\/wp\/v2\/posts\/16005\/revisions"}],"predecessor-version":[{"id":16018,"href":"https:\/\/jornalbeirario.com.br\/portal\/index.php?rest_route=\/wp\/v2\/posts\/16005\/revisions\/16018"}],"wp:attachment":[{"href":"https:\/\/jornalbeirario.com.br\/portal\/index.php?rest_route=%2Fwp%2Fv2%2Fmedia&parent=16005"}],"wp:term":[{"taxonomy":"category","embeddable":true,"href":"https:\/\/jornalbeirario.com.br\/portal\/index.php?rest_route=%2Fwp%2Fv2%2Fcategories&post=16005"},{"taxonomy":"post_tag","embeddable":true,"href":"https:\/\/jornalbeirario.com.br\/portal\/index.php?rest_route=%2Fwp%2Fv2%2Ftags&post=16005"}],"curies":[{"name":"wp","href":"https:\/\/api.w.org\/{rel}","templated":true}]}}