
{"id":1572,"date":"2012-11-02T12:49:26","date_gmt":"2012-11-02T12:49:26","guid":{"rendered":"http:\/\/jornalbeirario.com.br\/portal\/portal\/?p=1572"},"modified":"2012-11-02T12:49:26","modified_gmt":"2012-11-02T12:49:26","slug":"lais-amaral-2","status":"publish","type":"post","link":"https:\/\/jornalbeirario.com.br\/portal\/?p=1572","title":{"rendered":"La\u00eds Amaral"},"content":{"rendered":"<p><strong><a href=\"https:\/\/jornalbeirario.com.br\/portal\/wp-content\/uploads\/2012\/11\/Saci-carica.jpg\"><img loading=\"lazy\" decoding=\"async\" class=\"alignleft size-full wp-image-1574\" title=\"Saci - carica\" src=\"https:\/\/jornalbeirario.com.br\/portal\/wp-content\/uploads\/2012\/11\/Saci-carica.jpg\" alt=\"\" width=\"201\" height=\"250\" \/><\/a>Finados Cultural: nem Tudo s\u00e3o velas e flores<\/strong><br \/>\nEsta sexta-feira, dia 2 de novembro \u00e9 dia Finados. Ocasi\u00e3o de reverenciar antepassados, matar saudades de entes queridos e tantas outras coisas relacionadas aos que n\u00e3o est\u00e3o mais por aqui. Mas n\u00e3o para Claudionor Rosa, o irrequieto \u2018preto velho\u2019, detetive espiritual da hist\u00f3ria que com sua lupa descobre a cultura e a oportunidade de informa\u00e7\u00e3o em um tudo que h\u00e1 na vida. E na morte. Hoje temos mais uma edi\u00e7\u00e3o da sua bola\u00e7\u00e3o chamada \u2018Finados Cultural\u2019, com a exibi\u00e7\u00e3o de um document\u00e1rio contando hist\u00f3ria dos sepultamentos em Resende. E mais: sepultamentos de \u00edndios, os t\u00famulos mais visitados, o vel\u00f3rio de Juscelino, curiosidades. \u201cO Cemit\u00e9rio \u00e9 um museu a c\u00e9u aberto\u201d, diz o velho Rosa. O document\u00e1rio produzido pelo jornalista Tiago Signorini tem a dura\u00e7\u00e3o de mais ou menos 8 minutos e ser\u00e1 exibido em v\u00e1rias sess\u00f5es na pr\u00f3pria Capela do Cemit\u00e9rio Senhor dos Passos. Agora at\u00e9 quem n\u00e3o tinha motiva\u00e7\u00e3o para ir ao \u2018campo santo\u2019, como diziam os mais velhos, agora tem.\u00a0\u00a0<\/p>\n<p><strong>31 de outubro \u00e9 o Dia do Saci<\/strong><br \/>\nPara fazer frente ao tal Halloween, o \u2018Dia das Bruxas\u2019, um corpo estranho da cultura norte-americana que j\u00e1 de algum tempo vem sendo imposto (sem que as pessoas percebam a sutiliza da acultura\u00e7\u00e3o), foi institu\u00eddo o \u2018Dia do Saci\u2019 em v\u00e1rias cidades brasileiras. Em S\u00e3o Paulo a lei vigora desde 2004. E at\u00e9 no Congresso Nacional existem projetos de lei instituindo o 31 de outubro como o Dia do Saci (foto) em todo o pa\u00eds. Chico Alencar, Aldo Rebelo e outros ent\u00e3o envolvidos com isso. Em S\u00e3o Luis do Paraitinga, cidade paulista pr\u00f3xima da gente aqui, foi a primeira a comemorar a data, e nesse ano, mais uma vez apresentou uma vasta programa\u00e7\u00e3o cultural sobre o tema. Amanh\u00e3 (s\u00e1bado), dia 3, o \u2018Bloco do Saci\u2019 sai \u00e0s 21 horas do Camping do Saci no centro da cidade. Vai ser uma festa daquelas. A responsabilidade pela organiza\u00e7\u00e3o \u00e9 da Sosaci \u2013 Sociedade dos Observadores de Saci. Quem ousar fugir da mesmice das comemora\u00e7\u00f5es colonizadas \u00e9 s\u00f3 pegar a estrada. S\u00e3o Luiz do Paraitinhga \u00e9 uma gra\u00e7a de cidade e fica a pouco mais de cem quil\u00f4metros daqui. Termino com os versos finais do soneto \u201c31 de outubro\u201d, do meu livro \u201c\u00c1gua de Passarinho\u201d: Solta bicho ri do homem \/ Monta mula lobisomem \/ Olhos rubros estopim \/ O moleque zombeteiro \/ \u00c9 o Sarnento brasileiro \/ Faz xixi no halloween.<\/p>\n<p><strong>TRIPA<\/strong><br \/>\n* A segunda rodada do So\u00e7aite Quarent\u00e3o da AABB apresentou os seguintes resultados: Alambari 3 x 2 Brameiros, Casa da Lua 1 x 0 Turma da Pelada e Sitio 2 x 1 Ipiranga. Alambari, Casa da Lua e S\u00edtio lideram. Neste domingo a terceira rodada traz os jogos: Brameiros x Turma da Pelada (8h30min), Alambari x S\u00edtio (10h) e Ipiranga x Casa da Lua (11h15min). No So\u00e7aite Sessent\u00e3o, os veteranos da Turma da Pelada perderam de 1 x 0 para o Sitio. Neste domingo \u00e0s 9 horas se enfrentam S\u00edtio x Ciman decidindo a lideran\u00e7a * Neste s\u00e1bado, dia3, tem baile tem\u00e1tico do pessoal do \u2018Resende, saudade daquele tempo\u2019. Ser\u00e1 no Gssan e o tema \u00e9 o Haloween. Eu preferia que fosse sobre o Saci Perer\u00ea que \u00e9 na mesma data do tal Dia das Bruxas made in USA. Mas vale a farra com a turma e o pessoal vai brincar * Faltam 8 dias para a entrega do anexo da Resende Shopping. Cresce a expectativa na cidade * A regi\u00e3o de Visconde de Mau\u00e1 vai abrigar na pr\u00f3xima semana, nos dias 6, 7 e 8, a Primeira Rodada de Neg\u00f3cios voltada para o Turismo. A \u2018Rosada\u2019 objetiva\u00a0 a troca de informa\u00e7\u00f5es e identifica\u00e7\u00e3o de novos fornecedores, compradores e parceiros. Uma oportunidade real para micro- empres\u00e1rios, pequenas, m\u00e9dias e grandes empresas do setor. O evento \u00e9 uma promo\u00e7\u00e3o da Prefeitura de Resende em parceria com o Sebrae e conta com o apoio da Associa\u00e7\u00e3o Comercial e Tur\u00edstica de Visconde de Mau\u00e1 (Mauatur) e da Prefeitura de Itatiaia. O evento ser\u00e1 realizado no Hotel B\u00fchler, e a participa\u00e7\u00e3o \u00e9 gratuita. Empres\u00e1rios interessados em participar tem at\u00e9 o dia 7 de novembro para se inscreverem. Informa\u00e7\u00f5es: (24) 3347-3481 ou pelos e-mails: <a href=\"mailto:psilva@sebraerj.com.br\">psilva@sebraerj.com.br<\/a> ou <a href=\"mailto:contatovoltaredonda@sebraerj.com.br\">contatovoltaredonda@sebraerj.com.br<\/a> * E vem a\u00ed Semana de reflex\u00e3o da Consci\u00eancia Negra, dia 7 de novembro no plen\u00e1rio da C\u00e2mara Municipal de Resende em tr\u00eas sess\u00f5es: 9h, 14h e 19h. A explana\u00e7\u00e3o sobre o tema ser\u00e1 feita pelo historiador Claudionor Rosa. Haver\u00e1 exibi\u00e7\u00e3o de imagens em homenagem \u00e0 M\u00e3e Negra e Revolta da Chibata. Apoio do Projeto C\u00e2mara Cultural.<\/p>\n<p><strong>ANIVERS\u00c1RIOS<\/strong><br \/>\nDia 27, passado, ficou mais experiente o meu amigo Lair, que trabalha no setor de fiscaliza\u00e7\u00e3o da Prefeitura de Resende. Hoje, dia 2\/11, inauguram idade nova o Jo\u00e3o Marcos (Jo\u00e3ozinho) da Prefeitura e o Claudinei Pac\u00edfico (pai da Naiara). Amanh\u00e3, dia 3, a pr\u00f3pria Naiara sopra velinhas. Parab\u00e9ns e todas as felicidades do mundo a eles.<\/p>\n","protected":false},"excerpt":{"rendered":"<p>Finados Cultural: nem Tudo s\u00e3o velas e flores Esta sexta-feira, dia 2 de novembro \u00e9 dia Finados. Ocasi\u00e3o de reverenciar antepassados, matar saudades de<\/p>\n","protected":false},"author":1,"featured_media":1574,"comment_status":"open","ping_status":"open","sticky":false,"template":"","format":"standard","meta":{"pmpro_default_level":"","footnotes":""},"categories":[13],"tags":[],"class_list":["post-1572","post","type-post","status-publish","format-standard","has-post-thumbnail","hentry","category-social","pmpro-has-access"],"yoast_head":"<!-- This site is optimized with the Yoast SEO plugin v27.4 - https:\/\/yoast.com\/product\/yoast-seo-wordpress\/ -->\n<title>La\u00eds Amaral - JORNAL BEIRA RIO<\/title>\n<meta name=\"robots\" content=\"index, follow, max-snippet:-1, max-image-preview:large, max-video-preview:-1\" \/>\n<link rel=\"canonical\" href=\"https:\/\/jornalbeirario.com.br\/portal\/?p=1572\" \/>\n<meta property=\"og:locale\" content=\"pt_BR\" \/>\n<meta property=\"og:type\" content=\"article\" \/>\n<meta property=\"og:title\" content=\"La\u00eds Amaral - JORNAL BEIRA RIO\" \/>\n<meta property=\"og:description\" content=\"Finados Cultural: nem Tudo s\u00e3o velas e flores Esta sexta-feira, dia 2 de novembro \u00e9 dia Finados. Ocasi\u00e3o de reverenciar antepassados, matar saudades de\" \/>\n<meta property=\"og:url\" content=\"https:\/\/jornalbeirario.com.br\/portal\/?p=1572\" \/>\n<meta property=\"og:site_name\" content=\"JORNAL BEIRA RIO\" \/>\n<meta property=\"article:published_time\" content=\"2012-11-02T12:49:26+00:00\" \/>\n<meta property=\"og:image\" content=\"https:\/\/jornalbeirario.com.br\/portal\/wp-content\/uploads\/2012\/11\/Saci-carica.jpg\" \/>\n\t<meta property=\"og:image:width\" content=\"201\" \/>\n\t<meta property=\"og:image:height\" content=\"250\" \/>\n\t<meta property=\"og:image:type\" content=\"image\/jpeg\" \/>\n<meta name=\"author\" content=\"Jornal BEIRA-RIO\" \/>\n<meta name=\"twitter:card\" content=\"summary_large_image\" \/>\n<meta name=\"twitter:label1\" content=\"Escrito por\" \/>\n\t<meta name=\"twitter:data1\" content=\"Jornal BEIRA-RIO\" \/>\n\t<meta name=\"twitter:label2\" content=\"Est. tempo de leitura\" \/>\n\t<meta name=\"twitter:data2\" content=\"4 minutos\" \/>\n<script type=\"application\/ld+json\" class=\"yoast-schema-graph\">{\"@context\":\"https:\\\/\\\/schema.org\",\"@graph\":[{\"@type\":\"Article\",\"@id\":\"https:\\\/\\\/jornalbeirario.com.br\\\/portal\\\/?p=1572#article\",\"isPartOf\":{\"@id\":\"https:\\\/\\\/jornalbeirario.com.br\\\/portal\\\/?p=1572\"},\"author\":{\"name\":\"Jornal BEIRA-RIO\",\"@id\":\"https:\\\/\\\/jornalbeirario.com.br\\\/portal\\\/#\\\/schema\\\/person\\\/c6c423e4c2465d2a9233f6539173e7c1\"},\"headline\":\"La\u00eds Amaral\",\"datePublished\":\"2012-11-02T12:49:26+00:00\",\"mainEntityOfPage\":{\"@id\":\"https:\\\/\\\/jornalbeirario.com.br\\\/portal\\\/?p=1572\"},\"wordCount\":855,\"commentCount\":1,\"publisher\":{\"@id\":\"https:\\\/\\\/jornalbeirario.com.br\\\/portal\\\/#organization\"},\"image\":{\"@id\":\"https:\\\/\\\/jornalbeirario.com.br\\\/portal\\\/?p=1572#primaryimage\"},\"thumbnailUrl\":\"https:\\\/\\\/jornalbeirario.com.br\\\/portal\\\/wp-content\\\/uploads\\\/2012\\\/11\\\/Saci-carica.jpg\",\"articleSection\":[\"Social\"],\"inLanguage\":\"pt-BR\",\"potentialAction\":[{\"@type\":\"CommentAction\",\"name\":\"Comment\",\"target\":[\"https:\\\/\\\/jornalbeirario.com.br\\\/portal\\\/?p=1572#respond\"]}]},{\"@type\":\"WebPage\",\"@id\":\"https:\\\/\\\/jornalbeirario.com.br\\\/portal\\\/?p=1572\",\"url\":\"https:\\\/\\\/jornalbeirario.com.br\\\/portal\\\/?p=1572\",\"name\":\"La\u00eds Amaral - JORNAL BEIRA RIO\",\"isPartOf\":{\"@id\":\"https:\\\/\\\/jornalbeirario.com.br\\\/portal\\\/#website\"},\"primaryImageOfPage\":{\"@id\":\"https:\\\/\\\/jornalbeirario.com.br\\\/portal\\\/?p=1572#primaryimage\"},\"image\":{\"@id\":\"https:\\\/\\\/jornalbeirario.com.br\\\/portal\\\/?p=1572#primaryimage\"},\"thumbnailUrl\":\"https:\\\/\\\/jornalbeirario.com.br\\\/portal\\\/wp-content\\\/uploads\\\/2012\\\/11\\\/Saci-carica.jpg\",\"datePublished\":\"2012-11-02T12:49:26+00:00\",\"breadcrumb\":{\"@id\":\"https:\\\/\\\/jornalbeirario.com.br\\\/portal\\\/?p=1572#breadcrumb\"},\"inLanguage\":\"pt-BR\",\"potentialAction\":[{\"@type\":\"ReadAction\",\"target\":[\"https:\\\/\\\/jornalbeirario.com.br\\\/portal\\\/?p=1572\"]}]},{\"@type\":\"ImageObject\",\"inLanguage\":\"pt-BR\",\"@id\":\"https:\\\/\\\/jornalbeirario.com.br\\\/portal\\\/?p=1572#primaryimage\",\"url\":\"https:\\\/\\\/jornalbeirario.com.br\\\/portal\\\/wp-content\\\/uploads\\\/2012\\\/11\\\/Saci-carica.jpg\",\"contentUrl\":\"https:\\\/\\\/jornalbeirario.com.br\\\/portal\\\/wp-content\\\/uploads\\\/2012\\\/11\\\/Saci-carica.jpg\",\"width\":\"201\",\"height\":\"250\"},{\"@type\":\"BreadcrumbList\",\"@id\":\"https:\\\/\\\/jornalbeirario.com.br\\\/portal\\\/?p=1572#breadcrumb\",\"itemListElement\":[{\"@type\":\"ListItem\",\"position\":1,\"name\":\"Home\",\"item\":\"https:\\\/\\\/jornalbeirario.com.br\\\/portal\"},{\"@type\":\"ListItem\",\"position\":2,\"name\":\"La\u00eds Amaral\"}]},{\"@type\":\"WebSite\",\"@id\":\"https:\\\/\\\/jornalbeirario.com.br\\\/portal\\\/#website\",\"url\":\"https:\\\/\\\/jornalbeirario.com.br\\\/portal\\\/\",\"name\":\"JORNAL BEIRA RIO\",\"description\":\"\",\"publisher\":{\"@id\":\"https:\\\/\\\/jornalbeirario.com.br\\\/portal\\\/#organization\"},\"potentialAction\":[{\"@type\":\"SearchAction\",\"target\":{\"@type\":\"EntryPoint\",\"urlTemplate\":\"https:\\\/\\\/jornalbeirario.com.br\\\/portal\\\/?s={search_term_string}\"},\"query-input\":{\"@type\":\"PropertyValueSpecification\",\"valueRequired\":true,\"valueName\":\"search_term_string\"}}],\"inLanguage\":\"pt-BR\"},{\"@type\":\"Organization\",\"@id\":\"https:\\\/\\\/jornalbeirario.com.br\\\/portal\\\/#organization\",\"name\":\"JORNAL BEIRA RIO\",\"url\":\"https:\\\/\\\/jornalbeirario.com.br\\\/portal\\\/\",\"logo\":{\"@type\":\"ImageObject\",\"inLanguage\":\"pt-BR\",\"@id\":\"https:\\\/\\\/jornalbeirario.com.br\\\/portal\\\/#\\\/schema\\\/logo\\\/image\\\/\",\"url\":\"https:\\\/\\\/jornalbeirario.com.br\\\/portal\\\/wp-content\\\/uploads\\\/2017\\\/09\\\/BEIRA-RIO_logo600.png\",\"contentUrl\":\"https:\\\/\\\/jornalbeirario.com.br\\\/portal\\\/wp-content\\\/uploads\\\/2017\\\/09\\\/BEIRA-RIO_logo600.png\",\"width\":650,\"height\":108,\"caption\":\"JORNAL BEIRA RIO\"},\"image\":{\"@id\":\"https:\\\/\\\/jornalbeirario.com.br\\\/portal\\\/#\\\/schema\\\/logo\\\/image\\\/\"}},{\"@type\":\"Person\",\"@id\":\"https:\\\/\\\/jornalbeirario.com.br\\\/portal\\\/#\\\/schema\\\/person\\\/c6c423e4c2465d2a9233f6539173e7c1\",\"name\":\"Jornal BEIRA-RIO\",\"image\":{\"@type\":\"ImageObject\",\"inLanguage\":\"pt-BR\",\"@id\":\"https:\\\/\\\/jornalbeirario.com.br\\\/portal\\\/wp-content\\\/uploads\\\/2023\\\/10\\\/logojbr1.jpg\",\"url\":\"https:\\\/\\\/jornalbeirario.com.br\\\/portal\\\/wp-content\\\/uploads\\\/2023\\\/10\\\/logojbr1.jpg\",\"contentUrl\":\"https:\\\/\\\/jornalbeirario.com.br\\\/portal\\\/wp-content\\\/uploads\\\/2023\\\/10\\\/logojbr1.jpg\",\"caption\":\"Jornal BEIRA-RIO\"},\"url\":\"https:\\\/\\\/jornalbeirario.com.br\\\/portal\\\/?author=1\"}]}<\/script>\n<!-- \/ Yoast SEO plugin. -->","yoast_head_json":{"title":"La\u00eds Amaral - JORNAL BEIRA RIO","robots":{"index":"index","follow":"follow","max-snippet":"max-snippet:-1","max-image-preview":"max-image-preview:large","max-video-preview":"max-video-preview:-1"},"canonical":"https:\/\/jornalbeirario.com.br\/portal\/?p=1572","og_locale":"pt_BR","og_type":"article","og_title":"La\u00eds Amaral - JORNAL BEIRA RIO","og_description":"Finados Cultural: nem Tudo s\u00e3o velas e flores Esta sexta-feira, dia 2 de novembro \u00e9 dia Finados. Ocasi\u00e3o de reverenciar antepassados, matar saudades de","og_url":"https:\/\/jornalbeirario.com.br\/portal\/?p=1572","og_site_name":"JORNAL BEIRA RIO","article_published_time":"2012-11-02T12:49:26+00:00","og_image":[{"width":201,"height":250,"url":"https:\/\/jornalbeirario.com.br\/portal\/wp-content\/uploads\/2012\/11\/Saci-carica.jpg","type":"image\/jpeg"}],"author":"Jornal BEIRA-RIO","twitter_card":"summary_large_image","twitter_misc":{"Escrito por":"Jornal BEIRA-RIO","Est. tempo de leitura":"4 minutos"},"schema":{"@context":"https:\/\/schema.org","@graph":[{"@type":"Article","@id":"https:\/\/jornalbeirario.com.br\/portal\/?p=1572#article","isPartOf":{"@id":"https:\/\/jornalbeirario.com.br\/portal\/?p=1572"},"author":{"name":"Jornal BEIRA-RIO","@id":"https:\/\/jornalbeirario.com.br\/portal\/#\/schema\/person\/c6c423e4c2465d2a9233f6539173e7c1"},"headline":"La\u00eds Amaral","datePublished":"2012-11-02T12:49:26+00:00","mainEntityOfPage":{"@id":"https:\/\/jornalbeirario.com.br\/portal\/?p=1572"},"wordCount":855,"commentCount":1,"publisher":{"@id":"https:\/\/jornalbeirario.com.br\/portal\/#organization"},"image":{"@id":"https:\/\/jornalbeirario.com.br\/portal\/?p=1572#primaryimage"},"thumbnailUrl":"https:\/\/jornalbeirario.com.br\/portal\/wp-content\/uploads\/2012\/11\/Saci-carica.jpg","articleSection":["Social"],"inLanguage":"pt-BR","potentialAction":[{"@type":"CommentAction","name":"Comment","target":["https:\/\/jornalbeirario.com.br\/portal\/?p=1572#respond"]}]},{"@type":"WebPage","@id":"https:\/\/jornalbeirario.com.br\/portal\/?p=1572","url":"https:\/\/jornalbeirario.com.br\/portal\/?p=1572","name":"La\u00eds Amaral - JORNAL BEIRA RIO","isPartOf":{"@id":"https:\/\/jornalbeirario.com.br\/portal\/#website"},"primaryImageOfPage":{"@id":"https:\/\/jornalbeirario.com.br\/portal\/?p=1572#primaryimage"},"image":{"@id":"https:\/\/jornalbeirario.com.br\/portal\/?p=1572#primaryimage"},"thumbnailUrl":"https:\/\/jornalbeirario.com.br\/portal\/wp-content\/uploads\/2012\/11\/Saci-carica.jpg","datePublished":"2012-11-02T12:49:26+00:00","breadcrumb":{"@id":"https:\/\/jornalbeirario.com.br\/portal\/?p=1572#breadcrumb"},"inLanguage":"pt-BR","potentialAction":[{"@type":"ReadAction","target":["https:\/\/jornalbeirario.com.br\/portal\/?p=1572"]}]},{"@type":"ImageObject","inLanguage":"pt-BR","@id":"https:\/\/jornalbeirario.com.br\/portal\/?p=1572#primaryimage","url":"https:\/\/jornalbeirario.com.br\/portal\/wp-content\/uploads\/2012\/11\/Saci-carica.jpg","contentUrl":"https:\/\/jornalbeirario.com.br\/portal\/wp-content\/uploads\/2012\/11\/Saci-carica.jpg","width":"201","height":"250"},{"@type":"BreadcrumbList","@id":"https:\/\/jornalbeirario.com.br\/portal\/?p=1572#breadcrumb","itemListElement":[{"@type":"ListItem","position":1,"name":"Home","item":"https:\/\/jornalbeirario.com.br\/portal"},{"@type":"ListItem","position":2,"name":"La\u00eds Amaral"}]},{"@type":"WebSite","@id":"https:\/\/jornalbeirario.com.br\/portal\/#website","url":"https:\/\/jornalbeirario.com.br\/portal\/","name":"JORNAL BEIRA RIO","description":"","publisher":{"@id":"https:\/\/jornalbeirario.com.br\/portal\/#organization"},"potentialAction":[{"@type":"SearchAction","target":{"@type":"EntryPoint","urlTemplate":"https:\/\/jornalbeirario.com.br\/portal\/?s={search_term_string}"},"query-input":{"@type":"PropertyValueSpecification","valueRequired":true,"valueName":"search_term_string"}}],"inLanguage":"pt-BR"},{"@type":"Organization","@id":"https:\/\/jornalbeirario.com.br\/portal\/#organization","name":"JORNAL BEIRA RIO","url":"https:\/\/jornalbeirario.com.br\/portal\/","logo":{"@type":"ImageObject","inLanguage":"pt-BR","@id":"https:\/\/jornalbeirario.com.br\/portal\/#\/schema\/logo\/image\/","url":"https:\/\/jornalbeirario.com.br\/portal\/wp-content\/uploads\/2017\/09\/BEIRA-RIO_logo600.png","contentUrl":"https:\/\/jornalbeirario.com.br\/portal\/wp-content\/uploads\/2017\/09\/BEIRA-RIO_logo600.png","width":650,"height":108,"caption":"JORNAL BEIRA RIO"},"image":{"@id":"https:\/\/jornalbeirario.com.br\/portal\/#\/schema\/logo\/image\/"}},{"@type":"Person","@id":"https:\/\/jornalbeirario.com.br\/portal\/#\/schema\/person\/c6c423e4c2465d2a9233f6539173e7c1","name":"Jornal BEIRA-RIO","image":{"@type":"ImageObject","inLanguage":"pt-BR","@id":"https:\/\/jornalbeirario.com.br\/portal\/wp-content\/uploads\/2023\/10\/logojbr1.jpg","url":"https:\/\/jornalbeirario.com.br\/portal\/wp-content\/uploads\/2023\/10\/logojbr1.jpg","contentUrl":"https:\/\/jornalbeirario.com.br\/portal\/wp-content\/uploads\/2023\/10\/logojbr1.jpg","caption":"Jornal BEIRA-RIO"},"url":"https:\/\/jornalbeirario.com.br\/portal\/?author=1"}]}},"_links":{"self":[{"href":"https:\/\/jornalbeirario.com.br\/portal\/index.php?rest_route=\/wp\/v2\/posts\/1572","targetHints":{"allow":["GET"]}}],"collection":[{"href":"https:\/\/jornalbeirario.com.br\/portal\/index.php?rest_route=\/wp\/v2\/posts"}],"about":[{"href":"https:\/\/jornalbeirario.com.br\/portal\/index.php?rest_route=\/wp\/v2\/types\/post"}],"author":[{"embeddable":true,"href":"https:\/\/jornalbeirario.com.br\/portal\/index.php?rest_route=\/wp\/v2\/users\/1"}],"replies":[{"embeddable":true,"href":"https:\/\/jornalbeirario.com.br\/portal\/index.php?rest_route=%2Fwp%2Fv2%2Fcomments&post=1572"}],"version-history":[{"count":2,"href":"https:\/\/jornalbeirario.com.br\/portal\/index.php?rest_route=\/wp\/v2\/posts\/1572\/revisions"}],"predecessor-version":[{"id":1575,"href":"https:\/\/jornalbeirario.com.br\/portal\/index.php?rest_route=\/wp\/v2\/posts\/1572\/revisions\/1575"}],"wp:featuredmedia":[{"embeddable":true,"href":"https:\/\/jornalbeirario.com.br\/portal\/index.php?rest_route=\/wp\/v2\/media\/1574"}],"wp:attachment":[{"href":"https:\/\/jornalbeirario.com.br\/portal\/index.php?rest_route=%2Fwp%2Fv2%2Fmedia&parent=1572"}],"wp:term":[{"taxonomy":"category","embeddable":true,"href":"https:\/\/jornalbeirario.com.br\/portal\/index.php?rest_route=%2Fwp%2Fv2%2Fcategories&post=1572"},{"taxonomy":"post_tag","embeddable":true,"href":"https:\/\/jornalbeirario.com.br\/portal\/index.php?rest_route=%2Fwp%2Fv2%2Ftags&post=1572"}],"curies":[{"name":"wp","href":"https:\/\/api.w.org\/{rel}","templated":true}]}}