
{"id":15581,"date":"2013-10-18T09:04:51","date_gmt":"2013-10-18T09:04:51","guid":{"rendered":"http:\/\/jornalbeirario.com.br\/portal\/portal\/?p=15581"},"modified":"2013-10-18T09:04:51","modified_gmt":"2013-10-18T09:04:51","slug":"lais-amaral-27","status":"publish","type":"post","link":"https:\/\/jornalbeirario.com.br\/portal\/?p=15581","title":{"rendered":"La\u00eds Amaral"},"content":{"rendered":"<p style=\"text-align: justify;\"><strong>Os hamsters e a mulher mais bonita de Resende<\/strong><br \/>\nMeu amigo Vagner Barcelos est\u00e1 na cruzada de levar os companheiros veteranos \u00e0 uma vida mais saud\u00e1vel. Que nesse caso espec\u00edfico significa entrar para uma academia e correr na esteira. \u201cAssim como um hamster\u201d, desdenha Ricardo Ferrugem que resiste \u00e0 \u201cnovidade\u201d. Eu entrei na onda do Barcelos e tenho caminhado de 45 minutos a uma hora, tr\u00eas vezes por semana. E foi em uma dessas sess\u00f5es que revi aquela, \u2018voc\u00ea sabe quem\u2019. Como sempre, arrebatadora. Explico (equ\u00edvocos j\u00e1 redundaram em preju\u00edzos dolorosos a este colunista) que quando mergulho na cr\u00f4nica e me pego um voyeur desses de porta de shopping, estou usando v\u00e1rios olhos. Os meus, s\u00e3o apenas os guias dos olhares dos leitores, homens ou mulheres, curiosos diante da mulher mais bonita de Resende. Atropelo aqui a subjetividade inerente nesses casos para afirmar somente aquilo que os olhos dos leitores veem. A cr\u00f4nica \u00e9 assim. E l\u00e1 estava eu, hamster na esteira, quando de repente a vejo passar quase que flutuando rumo a um desses aparelhos estranhos, em que a pessoa caminha como se estivesse na gravidade da lua ou como se fosse um \u2018louva a deus\u2019. Mas os movimentos estranhos que o equipamento empresta n\u00e3o tiram a gra\u00e7a e o encanto avassalador dessa mulher. Como um Borgonha (perd\u00e3o Marcelo Carneiro), ela harmoniza o que vier pela frente. Usava malha preta, colada ao corpo talhado a agradar olhos sens\u00edveis e afeitos a sublimes obras de arte. Solta os cabelos, prede-os, solta outra vez, vai mentindo uma caminhada a passos longos. Cairia bem o tema de \u2018Carruagem de Fogo\u2019, com o Vangelis de fundo musical. Mas o som ambiente \u00e9 horr\u00edvel. Um bate estaca de boate. Acabou nosso tempo. Sa\u00edmos&#8230; e ela a embelezar, superlativa, a manh\u00e3 da sexta-feira.<\/p>\n<p style=\"text-align: justify;\"><strong>Centen\u00e1rio de Vin\u00edcius de Moraes em dose dupla com Andr\u00e9 e sua turma<\/strong><br \/>\nFim de semana especial para comemora\u00e7\u00e3o do centen\u00e1rio de Vin\u00edcius de Moraes. O ator e diretor Andr\u00e9 Whately que mant\u00e9m h\u00e1 20 anos um dos mais tradicionais espet\u00e1culos sobre a arte do \u2018poetinha\u2019 leva hoje (Sexta, dia 18) o seu \u201cVin\u00edcius de Moraes \u00e9&#8230;demais\u201d ao palco do Jazz Village Bistr\u00f4. E como novidades uma rodada de u\u00edsque para iniciar e os pratos preferidos de Vin\u00edcius, baseados no livro rec\u00e9m-lan\u00e7ado \u201cPois sou um bom cozinheiro\u201d. O espet\u00e1culo come\u00e7a \u00e0s 20 horas. E no s\u00e1bado (19) as homenagens continuam com o espet\u00e1culo sendo apresentado no All Of Jazz, no \u2013 Itaim \u2013 S\u00e3o Paulo (11) 3849 1345, com a participa\u00e7\u00e3o de Augusto Martins e Bernard Finnes. Ao viol\u00e3o, Thiago Zaidan e Luiz Lima na percuss\u00e3o. Show !<\/p>\n<p style=\"text-align: justify;\"><strong>TRIPA<\/strong><br \/>\n* Minha amiga Liana Costa, que \u00e9 cantora e dan\u00e7arina, \u00e9 a atra\u00e7\u00e3o deste s\u00e1bado na \u2018Rua da M\u00fasica\u2019, do meio dia \u00e0s 14h. na Pra\u00e7a da Bandeira, em Campos El\u00edseos. No repert\u00f3rio, o pop rock rom\u00e2ntico, relembrando sucessos dos anos oitenta ! Vale a pena conferir a atra\u00e7\u00e3o da Casa da Cultura * Domingo \u00e9 dia de \u2018Feira Sertaneja\u2019 que acontece sempre no 3\u00ba domingo do m\u00eas no Parque de Exposi\u00e7\u00f5es. Produtos regionais, artesanato, comes e bebes e bail\u00e3o, na parte da tarde, at\u00e9 \u00e0s 18 horas. Realiza\u00e7\u00e3o \u00e9 da Secretaria de Agricultura com apoio de outras secretarias e da Associa\u00e7\u00e3o Folcl\u00f3rica Sertanejos \u2013 Resende. A Feira come\u00e7a \u00e0s 9 horas e a entrada \u00e9 franca * Parab\u00e9ns ao Edgard Packenss da Silva, filho do meu amigo Garcia e da Madalena, graduado recentemente em engenharia aeroespacial pela Universidade Federal do ABC. Se n\u00e3o bastasse, passou na primeira fase do Instituto Tecnol\u00f3gico da Aeron\u00e1utica. Ningu\u00e9m segura o Edgard * O bicho vai pegar neste domingo no So\u00e7aite Quarent\u00e3o da AABB e logo cedo: \u00c0s 8h45min. jogam Alambari x Brameiros. O jogo vale a lideran\u00e7a e certamente ser\u00e1 o mais falado da rodada. Vad\u00e3o de um lado e a torcida dos Brameiros do outro prometem muita balanga\u00e7\u00e3o de bei\u00e7o. Depois vem Turma da Pelada x Amigos do S\u00edtio (10h) e Casa da Lua x Ipiranga (11h15min.) * Em notinha h\u00e1 duas semanas sobre a morte do grande Fernando Pamplona, afirmei que Claudionor \u00e9 salgueirense. A comunidade imperiana chiou muito. Desfa\u00e7o: o homem \u00e9 Imp\u00e9rio Serrano convicto e ideol\u00f3gico.<\/p>\n<p style=\"text-align: justify;\"><strong>ANIVERS\u00c1RIOS<\/strong><br \/>\nSegunda-feira, dia 14, aniversariou o Fernando Menandro, secret\u00e1rio de esportes do munic\u00edpio. Na ter\u00e7a (15) sopraram velinhas a Caroline Oliveira, minha amiga Carol, a Ivone Bento e a Luciana Kalil. Ontem, dia 17, tamb\u00e9m sopraram velinhas a amiga de noites e \u2018Crust\u00e1ceos\u2019, Ana Silva, a simp\u00e1tica Sirlene Silva, a Leninha (Maria Helena Thomaz) e a Elaine Fernanda, a senhora Birigui. Hoje dia 18, ficam mais experientes a Sonia Lopes, o meu amigo que mora longe, Paulo C\u00e9lio e a botafoguense feliz, Fl\u00e1via Monteiro. Amanh\u00e3, s\u00e1bado (19) \u00e9 a vez do Edgar Moreira ficar mais experiente. Domingo, dia 20, inauguram idade nova o Paulinho Sampaio, a minha amiga Juliana Gontijo, o Ricardo Abud e o S\u00e9rgio Ribeiro, mestre de artes marcais. Parab\u00e9ns e todas as felicidades do mundo a eles.<\/p>\n","protected":false},"excerpt":{"rendered":"<p>Os hamsters e a mulher mais bonita de Resende Meu amigo Vagner Barcelos est\u00e1 na cruzada de levar os companheiros veteranos \u00e0 uma vida<\/p>\n","protected":false},"author":1,"featured_media":0,"comment_status":"open","ping_status":"open","sticky":false,"template":"","format":"standard","meta":{"pmpro_default_level":"","footnotes":"","_members_access_role":[],"_members_access_error":""},"categories":[13],"tags":[],"class_list":["post-15581","post","type-post","status-publish","format-standard","hentry","category-social","pmpro-has-access"],"yoast_head":"<!-- This site is optimized with the Yoast SEO plugin v28.4 - https:\/\/yoast.com\/product\/yoast-seo-wordpress\/ -->\n<title>La\u00eds Amaral - JORNAL BEIRA RIO<\/title>\n<meta name=\"robots\" content=\"index, follow, max-snippet:-1, max-image-preview:large, max-video-preview:-1\" \/>\n<link rel=\"canonical\" href=\"https:\/\/jornalbeirario.com.br\/portal\/?p=15581\" \/>\n<meta property=\"og:locale\" content=\"pt_BR\" \/>\n<meta property=\"og:type\" content=\"article\" \/>\n<meta property=\"og:title\" content=\"La\u00eds Amaral - JORNAL BEIRA RIO\" \/>\n<meta property=\"og:description\" content=\"Os hamsters e a mulher mais bonita de Resende Meu amigo Vagner Barcelos est\u00e1 na cruzada de levar os companheiros veteranos \u00e0 uma vida\" \/>\n<meta property=\"og:url\" content=\"https:\/\/jornalbeirario.com.br\/portal\/?p=15581\" \/>\n<meta property=\"og:site_name\" content=\"JORNAL BEIRA RIO\" \/>\n<meta property=\"article:published_time\" content=\"2013-10-18T09:04:51+00:00\" \/>\n<meta name=\"author\" content=\"Jornal BEIRA-RIO\" \/>\n<meta name=\"twitter:card\" content=\"summary_large_image\" \/>\n<meta name=\"twitter:label1\" content=\"Escrito por\" \/>\n\t<meta name=\"twitter:data1\" content=\"Jornal BEIRA-RIO\" \/>\n\t<meta name=\"twitter:label2\" content=\"Est. tempo de leitura\" \/>\n\t<meta name=\"twitter:data2\" content=\"4 minutos\" \/>\n<script type=\"application\/ld+json\" class=\"yoast-schema-graph\">{\"@context\":\"https:\\\/\\\/schema.org\",\"@graph\":[{\"@type\":\"Article\",\"@id\":\"https:\\\/\\\/jornalbeirario.com.br\\\/portal\\\/?p=15581#article\",\"isPartOf\":{\"@id\":\"https:\\\/\\\/jornalbeirario.com.br\\\/portal\\\/?p=15581\"},\"author\":{\"name\":\"Jornal BEIRA-RIO\",\"@id\":\"https:\\\/\\\/jornalbeirario.com.br\\\/portal\\\/#\\\/schema\\\/person\\\/c6c423e4c2465d2a9233f6539173e7c1\"},\"headline\":\"La\u00eds Amaral\",\"datePublished\":\"2013-10-18T09:04:51+00:00\",\"mainEntityOfPage\":{\"@id\":\"https:\\\/\\\/jornalbeirario.com.br\\\/portal\\\/?p=15581\"},\"wordCount\":869,\"commentCount\":0,\"publisher\":{\"@id\":\"https:\\\/\\\/jornalbeirario.com.br\\\/portal\\\/#organization\"},\"articleSection\":[\"Social\"],\"inLanguage\":\"pt-BR\",\"potentialAction\":[{\"@type\":\"CommentAction\",\"name\":\"Comment\",\"target\":[\"https:\\\/\\\/jornalbeirario.com.br\\\/portal\\\/?p=15581#respond\"]}]},{\"@type\":\"WebPage\",\"@id\":\"https:\\\/\\\/jornalbeirario.com.br\\\/portal\\\/?p=15581\",\"url\":\"https:\\\/\\\/jornalbeirario.com.br\\\/portal\\\/?p=15581\",\"name\":\"La\u00eds Amaral - JORNAL BEIRA RIO\",\"isPartOf\":{\"@id\":\"https:\\\/\\\/jornalbeirario.com.br\\\/portal\\\/#website\"},\"datePublished\":\"2013-10-18T09:04:51+00:00\",\"breadcrumb\":{\"@id\":\"https:\\\/\\\/jornalbeirario.com.br\\\/portal\\\/?p=15581#breadcrumb\"},\"inLanguage\":\"pt-BR\",\"potentialAction\":[{\"@type\":\"ReadAction\",\"target\":[\"https:\\\/\\\/jornalbeirario.com.br\\\/portal\\\/?p=15581\"]}]},{\"@type\":\"BreadcrumbList\",\"@id\":\"https:\\\/\\\/jornalbeirario.com.br\\\/portal\\\/?p=15581#breadcrumb\",\"itemListElement\":[{\"@type\":\"ListItem\",\"position\":1,\"name\":\"Home\",\"item\":\"https:\\\/\\\/jornalbeirario.com.br\\\/portal\"},{\"@type\":\"ListItem\",\"position\":2,\"name\":\"La\u00eds Amaral\"}]},{\"@type\":\"WebSite\",\"@id\":\"https:\\\/\\\/jornalbeirario.com.br\\\/portal\\\/#website\",\"url\":\"https:\\\/\\\/jornalbeirario.com.br\\\/portal\\\/\",\"name\":\"JORNAL BEIRA RIO\",\"description\":\"\",\"publisher\":{\"@id\":\"https:\\\/\\\/jornalbeirario.com.br\\\/portal\\\/#organization\"},\"potentialAction\":[{\"@type\":\"SearchAction\",\"target\":{\"@type\":\"EntryPoint\",\"urlTemplate\":\"https:\\\/\\\/jornalbeirario.com.br\\\/portal\\\/?s={search_term_string}\"},\"query-input\":{\"@type\":\"PropertyValueSpecification\",\"valueRequired\":true,\"valueName\":\"search_term_string\"}}],\"inLanguage\":\"pt-BR\"},{\"@type\":\"Organization\",\"@id\":\"https:\\\/\\\/jornalbeirario.com.br\\\/portal\\\/#organization\",\"name\":\"JORNAL BEIRA RIO\",\"url\":\"https:\\\/\\\/jornalbeirario.com.br\\\/portal\\\/\",\"logo\":{\"@type\":\"ImageObject\",\"inLanguage\":\"pt-BR\",\"@id\":\"https:\\\/\\\/jornalbeirario.com.br\\\/portal\\\/#\\\/schema\\\/logo\\\/image\\\/\",\"url\":\"https:\\\/\\\/jornalbeirario.com.br\\\/portal\\\/wp-content\\\/uploads\\\/2017\\\/09\\\/BEIRA-RIO_logo600.png\",\"contentUrl\":\"https:\\\/\\\/jornalbeirario.com.br\\\/portal\\\/wp-content\\\/uploads\\\/2017\\\/09\\\/BEIRA-RIO_logo600.png\",\"width\":650,\"height\":108,\"caption\":\"JORNAL BEIRA RIO\"},\"image\":{\"@id\":\"https:\\\/\\\/jornalbeirario.com.br\\\/portal\\\/#\\\/schema\\\/logo\\\/image\\\/\"}},{\"@type\":\"Person\",\"@id\":\"https:\\\/\\\/jornalbeirario.com.br\\\/portal\\\/#\\\/schema\\\/person\\\/c6c423e4c2465d2a9233f6539173e7c1\",\"name\":\"Jornal BEIRA-RIO\",\"image\":{\"@type\":\"ImageObject\",\"inLanguage\":\"pt-BR\",\"@id\":\"https:\\\/\\\/jornalbeirario.com.br\\\/portal\\\/wp-content\\\/uploads\\\/2023\\\/10\\\/logojbr1.jpg\",\"url\":\"https:\\\/\\\/jornalbeirario.com.br\\\/portal\\\/wp-content\\\/uploads\\\/2023\\\/10\\\/logojbr1.jpg\",\"contentUrl\":\"https:\\\/\\\/jornalbeirario.com.br\\\/portal\\\/wp-content\\\/uploads\\\/2023\\\/10\\\/logojbr1.jpg\",\"caption\":\"Jornal BEIRA-RIO\"},\"url\":\"https:\\\/\\\/jornalbeirario.com.br\\\/portal\\\/?author=1\"}]}<\/script>\n<!-- \/ Yoast SEO plugin. -->","yoast_head_json":{"title":"La\u00eds Amaral - JORNAL BEIRA RIO","robots":{"index":"index","follow":"follow","max-snippet":"max-snippet:-1","max-image-preview":"max-image-preview:large","max-video-preview":"max-video-preview:-1"},"canonical":"https:\/\/jornalbeirario.com.br\/portal\/?p=15581","og_locale":"pt_BR","og_type":"article","og_title":"La\u00eds Amaral - JORNAL BEIRA RIO","og_description":"Os hamsters e a mulher mais bonita de Resende Meu amigo Vagner Barcelos est\u00e1 na cruzada de levar os companheiros veteranos \u00e0 uma vida","og_url":"https:\/\/jornalbeirario.com.br\/portal\/?p=15581","og_site_name":"JORNAL BEIRA RIO","article_published_time":"2013-10-18T09:04:51+00:00","author":"Jornal BEIRA-RIO","twitter_card":"summary_large_image","twitter_misc":{"Escrito por":"Jornal BEIRA-RIO","Est. tempo de leitura":"4 minutos"},"schema":{"@context":"https:\/\/schema.org","@graph":[{"@type":"Article","@id":"https:\/\/jornalbeirario.com.br\/portal\/?p=15581#article","isPartOf":{"@id":"https:\/\/jornalbeirario.com.br\/portal\/?p=15581"},"author":{"name":"Jornal BEIRA-RIO","@id":"https:\/\/jornalbeirario.com.br\/portal\/#\/schema\/person\/c6c423e4c2465d2a9233f6539173e7c1"},"headline":"La\u00eds Amaral","datePublished":"2013-10-18T09:04:51+00:00","mainEntityOfPage":{"@id":"https:\/\/jornalbeirario.com.br\/portal\/?p=15581"},"wordCount":869,"commentCount":0,"publisher":{"@id":"https:\/\/jornalbeirario.com.br\/portal\/#organization"},"articleSection":["Social"],"inLanguage":"pt-BR","potentialAction":[{"@type":"CommentAction","name":"Comment","target":["https:\/\/jornalbeirario.com.br\/portal\/?p=15581#respond"]}]},{"@type":"WebPage","@id":"https:\/\/jornalbeirario.com.br\/portal\/?p=15581","url":"https:\/\/jornalbeirario.com.br\/portal\/?p=15581","name":"La\u00eds Amaral - JORNAL BEIRA RIO","isPartOf":{"@id":"https:\/\/jornalbeirario.com.br\/portal\/#website"},"datePublished":"2013-10-18T09:04:51+00:00","breadcrumb":{"@id":"https:\/\/jornalbeirario.com.br\/portal\/?p=15581#breadcrumb"},"inLanguage":"pt-BR","potentialAction":[{"@type":"ReadAction","target":["https:\/\/jornalbeirario.com.br\/portal\/?p=15581"]}]},{"@type":"BreadcrumbList","@id":"https:\/\/jornalbeirario.com.br\/portal\/?p=15581#breadcrumb","itemListElement":[{"@type":"ListItem","position":1,"name":"Home","item":"https:\/\/jornalbeirario.com.br\/portal"},{"@type":"ListItem","position":2,"name":"La\u00eds Amaral"}]},{"@type":"WebSite","@id":"https:\/\/jornalbeirario.com.br\/portal\/#website","url":"https:\/\/jornalbeirario.com.br\/portal\/","name":"JORNAL BEIRA RIO","description":"","publisher":{"@id":"https:\/\/jornalbeirario.com.br\/portal\/#organization"},"potentialAction":[{"@type":"SearchAction","target":{"@type":"EntryPoint","urlTemplate":"https:\/\/jornalbeirario.com.br\/portal\/?s={search_term_string}"},"query-input":{"@type":"PropertyValueSpecification","valueRequired":true,"valueName":"search_term_string"}}],"inLanguage":"pt-BR"},{"@type":"Organization","@id":"https:\/\/jornalbeirario.com.br\/portal\/#organization","name":"JORNAL BEIRA RIO","url":"https:\/\/jornalbeirario.com.br\/portal\/","logo":{"@type":"ImageObject","inLanguage":"pt-BR","@id":"https:\/\/jornalbeirario.com.br\/portal\/#\/schema\/logo\/image\/","url":"https:\/\/jornalbeirario.com.br\/portal\/wp-content\/uploads\/2017\/09\/BEIRA-RIO_logo600.png","contentUrl":"https:\/\/jornalbeirario.com.br\/portal\/wp-content\/uploads\/2017\/09\/BEIRA-RIO_logo600.png","width":650,"height":108,"caption":"JORNAL BEIRA RIO"},"image":{"@id":"https:\/\/jornalbeirario.com.br\/portal\/#\/schema\/logo\/image\/"}},{"@type":"Person","@id":"https:\/\/jornalbeirario.com.br\/portal\/#\/schema\/person\/c6c423e4c2465d2a9233f6539173e7c1","name":"Jornal BEIRA-RIO","image":{"@type":"ImageObject","inLanguage":"pt-BR","@id":"https:\/\/jornalbeirario.com.br\/portal\/wp-content\/uploads\/2023\/10\/logojbr1.jpg","url":"https:\/\/jornalbeirario.com.br\/portal\/wp-content\/uploads\/2023\/10\/logojbr1.jpg","contentUrl":"https:\/\/jornalbeirario.com.br\/portal\/wp-content\/uploads\/2023\/10\/logojbr1.jpg","caption":"Jornal BEIRA-RIO"},"url":"https:\/\/jornalbeirario.com.br\/portal\/?author=1"}]}},"_links":{"self":[{"href":"https:\/\/jornalbeirario.com.br\/portal\/index.php?rest_route=\/wp\/v2\/posts\/15581","targetHints":{"allow":["GET"]}}],"collection":[{"href":"https:\/\/jornalbeirario.com.br\/portal\/index.php?rest_route=\/wp\/v2\/posts"}],"about":[{"href":"https:\/\/jornalbeirario.com.br\/portal\/index.php?rest_route=\/wp\/v2\/types\/post"}],"author":[{"embeddable":true,"href":"https:\/\/jornalbeirario.com.br\/portal\/index.php?rest_route=\/wp\/v2\/users\/1"}],"replies":[{"embeddable":true,"href":"https:\/\/jornalbeirario.com.br\/portal\/index.php?rest_route=%2Fwp%2Fv2%2Fcomments&post=15581"}],"version-history":[{"count":2,"href":"https:\/\/jornalbeirario.com.br\/portal\/index.php?rest_route=\/wp\/v2\/posts\/15581\/revisions"}],"predecessor-version":[{"id":15604,"href":"https:\/\/jornalbeirario.com.br\/portal\/index.php?rest_route=\/wp\/v2\/posts\/15581\/revisions\/15604"}],"wp:attachment":[{"href":"https:\/\/jornalbeirario.com.br\/portal\/index.php?rest_route=%2Fwp%2Fv2%2Fmedia&parent=15581"}],"wp:term":[{"taxonomy":"category","embeddable":true,"href":"https:\/\/jornalbeirario.com.br\/portal\/index.php?rest_route=%2Fwp%2Fv2%2Fcategories&post=15581"},{"taxonomy":"post_tag","embeddable":true,"href":"https:\/\/jornalbeirario.com.br\/portal\/index.php?rest_route=%2Fwp%2Fv2%2Ftags&post=15581"}],"curies":[{"name":"wp","href":"https:\/\/api.w.org\/{rel}","templated":true}]}}