
{"id":15416,"date":"2013-10-11T11:54:06","date_gmt":"2013-10-11T11:54:06","guid":{"rendered":"http:\/\/jornalbeirario.com.br\/portal\/portal\/?p=15416"},"modified":"2013-10-11T11:54:06","modified_gmt":"2013-10-11T11:54:06","slug":"social-lais-amaral-21","status":"publish","type":"post","link":"https:\/\/jornalbeirario.com.br\/portal\/?p=15416","title":{"rendered":"SOCIAL LA\u00cdS AMARAL"},"content":{"rendered":"<p style=\"text-align: justify;\">Minha teoria da conspira\u00e7\u00e3o<br \/>\nJ\u00e1 encheram as medidas, os atos, desses mascarados toldando manifesta\u00e7\u00f5es legitimas e pac\u00edficas. O que se viu mais uma vez essa semana foi preocupante. Exageraram. Seriam apenas v\u00e2ndalos, bandidos comuns, lumpens enfurecidos ou o embri\u00e3o de algum partido de extrema direita ? O fato \u00e9 que essa bandidagem conta com um forte apoio da Velha M\u00eddia Comercial. Os telejornais n\u00e3o cansam de mostrar os quebra-quebras, conferindo alguma notoriedade aos imbecis an\u00f4nimos e de quebra estimulam os fracos de esp\u00edrito que copiam tudo o que veem. Est\u00e1 na cara que essas barbaridades fazem parte de uma orquestra\u00e7\u00e3o pol\u00edtica. Passa \u00e0s pessoas menos informadas e que geralmente aceitam tudo que a m\u00eddia manda, a sensa\u00e7\u00e3o de baderna, que o pa\u00eds est\u00e1 \u00e0 deriva ou que \u201cest\u00e1 tudo errado e que o melhor \u00e9 quebrar tudo, mesmo\u201d. Quando a Pol\u00edcia reprime, a Velha M\u00eddia Comercial cai de pau a\u00ed a gente v\u00ea os caras quebrando tudo e no fim das contas s\u00e3o presos dois ou tr\u00eas panacas que logo s\u00e3o liberados. Esses \u2018man\u00e9s\u2019 n\u00e3o s\u00e3o os \u2018Amarildos\u2019 que vivem nas comunidades carentes onde os tiros n\u00e3o s\u00e3o com balas de borracha. Esses caras s\u00e3o uns nadas e n\u00e3o representam nada. Se a M\u00eddia os ignorasse estaria sendo dado um grande passo para que a maioria deles voltasse a se divertir com os respectivos videogames.<\/p>\n<p>O som nosso de cada dia (noite)<br \/>\nCampos El\u00edseos \u00e9 o nosso bairro bo\u00eamio. Depois que o Eduardo Catarino ocupou e melhorou o lugar deixado pelo saudoso Ito, a mercearia, (o Sovaco do Ito) muita gente passou a cruzar a cidade para curtir os concorridos caraoqu\u00eas das quintas-feiras. Mas a m\u00fasica tem novos endere\u00e7os. Tem tamb\u00e9m a Rua Jo\u00e3o Pessoa, a \u00faltima transversal da Gulhot Rodrigues antes desta desembocar no cruzamento com a Isac Halpern. No pequeno trecho comercial da rua, tr\u00eas bares (Caneco Zero Grau, Goela Seca e Black Bar), colados um ao outro, tem m\u00fasica ao vivo. Num deles tem rolado o \u2018Samba da Panela\u2019, bola\u00e7\u00e3o do Diogo Guimar\u00e3es (Alerta) junto com Thiago Zaidan e que a cada tr\u00eas semanas (mais ou menos) arrebenta a boca do bal\u00e3o. S\u00e1bado passado estiveram l\u00e1, o grupo de choro \u2018N\u00f3s nas Cordas\u2019, a Mariana Gomes, os citados Diogo e Thiago, a Claudia Martins e filha e o \u00f3timo Jairo Queiroz no Trombone. O bicho pegou mais uma vez. Uma beleza. Mas do outro lado, na terceira margem do rio, tamb\u00e9m tem m\u00fasica \u00e0 vera: no Buteco do Alexandre, no Garfo e Faca, no \u2018Uai Su\u2019, no bar da Fia. E o time \u00e9 grande: Albrey, Nels\u00e3o, Rafael Garrido, Alerta Geral, Zaidan (tamb\u00e9m), F\u00e1bio Monteiro, Chuck, Andr\u00e9 Cam\u00f5es, Wilsinho Ramalho, Jap\u00e3o, Anne Nogueira, Nen\u00e9m Ziranda, Abiud e por a\u00ed vai.<\/p>\n<p>TRIPA<br \/>\n* Hoje (dia 11), amanh\u00e3 e domingo o Espa\u00e7o \u2018Z\u2019 ir\u00e1 abrigar mais uma cria\u00e7\u00e3o instigante do ator, dramaturgo e diretor de teatro, Cal\u00e9 Miranda: \u201cORI\u201d. Nessa performance, Cal\u00e9 apresenta a mitologia afro-brasileira, a frente seus Orix\u00e1s de cabe\u00e7a Xang\u00f4, Oxal\u00e1 e Iemanj\u00e1 mesclada \u00e0 dan\u00e7a japonesa Butoh. O espet\u00e1culo come\u00e7a \u00e0s 21 horas e custa R$ 10. Vale conferir * Neste s\u00e1bado, dia 12, a partir das 17 horas no \u2018Garfo e Faca\u2019, mais uma edi\u00e7\u00e3o do \u2018Pagode do Alerta\u2019. \u00c9 a maior concentra\u00e7\u00e3o de mulher bonita por metro quadrado em Resende * Brameiros lidera o So\u00e7aite Quarent\u00e3o da AABB. O time mais apreciado pelos donos de bar da cidade, venceu a Casa da Lua por 2 x 1 domingo passado. Os demais resultados foram os seguintes: Turma da Pelada 5 x 3 Ipiranga e Alambari 6 x 1 Amigos do S\u00edtio. Domingo que vem n\u00e3o tem jogo, a pr\u00f3xima rodada ser\u00e1 no dia 20 com: Turma da Pelada x Amigos do S\u00edtio, Casa da Lua x Ipiranga e o jog\u00e3o entre Brameiros e Alambari. Os brameiros j\u00e1 mandaram avisar ao Vad\u00e3o que a mulambada est\u00e1 pronta para dar uma sapecada no seu time * Meu amigo Jo\u00e3o Sab\u00f3ia estar\u00e1 neste s\u00e1bado, 12, no almo\u00e7o de recep\u00e7\u00e3o de boas vindas ao novo c\u00f4nsul do Jap\u00e3o, o Sr. Takasse. Jo\u00e3o \u00e9 convidado da senhora Teruko Monteiro. A recep\u00e7\u00e3o ser\u00e1 na Associa\u00e7\u00e3o Nikkey do Rio de Janeiro, no Cosme Velho, \u00e0s 12 horas * o Z\u00e9 Roberto \u2018Mu\u00e7um\u2019 correu a maratona de S\u00e3o Paulo no \u00faltimo fim de semana e concluiu o pesado trajeto, que tem cinco subidas, em 4 horas e 45 minutos. Mu\u00e7um tem um p\u00e9 na pista de corrida e outro na quadra do Salgueiro. \u00c9 um atleta de v\u00e1rios estilos<\/p>\n<p>ANIVERS\u00c1RIOS<br \/>\nSegunda-feira, mudaram de idade o Marcinho Whately e a Carol Soares. Na Ter\u00e7a (8), inauguraram idade nova o\u00a0 Em\u00eddio Paes, a T\u00e1batha Dutra e a Rita Nogueira, psic\u00f3loga do Hospital de Emerg\u00eancia, que comemorou no Buteco com os amigos: Dr\u00aa Barcita e H\u00e9lio, Regina, Roberta, Andrezinho, Leo, Talita entre outros. Na quarta (9) minhas amigas Val\u00e9ria Paschoal e F\u00e1tima Azevedo sopraram velinhas. Ontem, dia 10, a Adelina Egle, o Vagner Barcelos e a Idaci Marinho ficaram mais experientes. E nesta sexta, dia 11, recebem os \u2018parab\u00e9ns\u2019 a Claudia Lyra, o Alessandro Belan, a Terezinha Saloto, a Sabrina Pedroso e minha coleguinha de trabalho, Eduarda Bittencourt (Duda), a \u2018chocolatinho\u2019. Parab\u00e9ns e todas as felicidades do mundo a eles.<\/p>\n","protected":false},"excerpt":{"rendered":"<p>Minha teoria da conspira\u00e7\u00e3o J\u00e1 encheram as medidas, os atos, desses mascarados toldando manifesta\u00e7\u00f5es legitimas e pac\u00edficas. O que se viu mais uma vez<\/p>\n","protected":false},"author":1,"featured_media":0,"comment_status":"open","ping_status":"open","sticky":false,"template":"","format":"standard","meta":{"pmpro_default_level":"","footnotes":""},"categories":[13],"tags":[],"class_list":["post-15416","post","type-post","status-publish","format-standard","hentry","category-social","pmpro-has-access"],"yoast_head":"<!-- This site is optimized with the Yoast SEO plugin v27.4 - https:\/\/yoast.com\/product\/yoast-seo-wordpress\/ -->\n<title>SOCIAL LA\u00cdS AMARAL - JORNAL BEIRA RIO<\/title>\n<meta name=\"robots\" content=\"index, follow, max-snippet:-1, max-image-preview:large, max-video-preview:-1\" \/>\n<link rel=\"canonical\" href=\"https:\/\/jornalbeirario.com.br\/portal\/?p=15416\" \/>\n<meta property=\"og:locale\" content=\"pt_BR\" \/>\n<meta property=\"og:type\" content=\"article\" \/>\n<meta property=\"og:title\" content=\"SOCIAL LA\u00cdS AMARAL - JORNAL BEIRA RIO\" \/>\n<meta property=\"og:description\" content=\"Minha teoria da conspira\u00e7\u00e3o J\u00e1 encheram as medidas, os atos, desses mascarados toldando manifesta\u00e7\u00f5es legitimas e pac\u00edficas. O que se viu mais uma vez\" \/>\n<meta property=\"og:url\" content=\"https:\/\/jornalbeirario.com.br\/portal\/?p=15416\" \/>\n<meta property=\"og:site_name\" content=\"JORNAL BEIRA RIO\" \/>\n<meta property=\"article:published_time\" content=\"2013-10-11T11:54:06+00:00\" \/>\n<meta name=\"author\" content=\"Jornal BEIRA-RIO\" \/>\n<meta name=\"twitter:card\" content=\"summary_large_image\" \/>\n<meta name=\"twitter:label1\" content=\"Escrito por\" \/>\n\t<meta name=\"twitter:data1\" content=\"Jornal BEIRA-RIO\" \/>\n\t<meta name=\"twitter:label2\" content=\"Est. tempo de leitura\" \/>\n\t<meta name=\"twitter:data2\" content=\"5 minutos\" \/>\n<script type=\"application\/ld+json\" class=\"yoast-schema-graph\">{\"@context\":\"https:\\\/\\\/schema.org\",\"@graph\":[{\"@type\":\"Article\",\"@id\":\"https:\\\/\\\/jornalbeirario.com.br\\\/portal\\\/?p=15416#article\",\"isPartOf\":{\"@id\":\"https:\\\/\\\/jornalbeirario.com.br\\\/portal\\\/?p=15416\"},\"author\":{\"name\":\"Jornal BEIRA-RIO\",\"@id\":\"https:\\\/\\\/jornalbeirario.com.br\\\/portal\\\/#\\\/schema\\\/person\\\/c6c423e4c2465d2a9233f6539173e7c1\"},\"headline\":\"SOCIAL LA\u00cdS AMARAL\",\"datePublished\":\"2013-10-11T11:54:06+00:00\",\"mainEntityOfPage\":{\"@id\":\"https:\\\/\\\/jornalbeirario.com.br\\\/portal\\\/?p=15416\"},\"wordCount\":926,\"commentCount\":0,\"publisher\":{\"@id\":\"https:\\\/\\\/jornalbeirario.com.br\\\/portal\\\/#organization\"},\"articleSection\":[\"Social\"],\"inLanguage\":\"pt-BR\",\"potentialAction\":[{\"@type\":\"CommentAction\",\"name\":\"Comment\",\"target\":[\"https:\\\/\\\/jornalbeirario.com.br\\\/portal\\\/?p=15416#respond\"]}]},{\"@type\":\"WebPage\",\"@id\":\"https:\\\/\\\/jornalbeirario.com.br\\\/portal\\\/?p=15416\",\"url\":\"https:\\\/\\\/jornalbeirario.com.br\\\/portal\\\/?p=15416\",\"name\":\"SOCIAL LA\u00cdS AMARAL - JORNAL BEIRA RIO\",\"isPartOf\":{\"@id\":\"https:\\\/\\\/jornalbeirario.com.br\\\/portal\\\/#website\"},\"datePublished\":\"2013-10-11T11:54:06+00:00\",\"breadcrumb\":{\"@id\":\"https:\\\/\\\/jornalbeirario.com.br\\\/portal\\\/?p=15416#breadcrumb\"},\"inLanguage\":\"pt-BR\",\"potentialAction\":[{\"@type\":\"ReadAction\",\"target\":[\"https:\\\/\\\/jornalbeirario.com.br\\\/portal\\\/?p=15416\"]}]},{\"@type\":\"BreadcrumbList\",\"@id\":\"https:\\\/\\\/jornalbeirario.com.br\\\/portal\\\/?p=15416#breadcrumb\",\"itemListElement\":[{\"@type\":\"ListItem\",\"position\":1,\"name\":\"Home\",\"item\":\"https:\\\/\\\/jornalbeirario.com.br\\\/portal\"},{\"@type\":\"ListItem\",\"position\":2,\"name\":\"SOCIAL LA\u00cdS AMARAL\"}]},{\"@type\":\"WebSite\",\"@id\":\"https:\\\/\\\/jornalbeirario.com.br\\\/portal\\\/#website\",\"url\":\"https:\\\/\\\/jornalbeirario.com.br\\\/portal\\\/\",\"name\":\"JORNAL BEIRA RIO\",\"description\":\"\",\"publisher\":{\"@id\":\"https:\\\/\\\/jornalbeirario.com.br\\\/portal\\\/#organization\"},\"potentialAction\":[{\"@type\":\"SearchAction\",\"target\":{\"@type\":\"EntryPoint\",\"urlTemplate\":\"https:\\\/\\\/jornalbeirario.com.br\\\/portal\\\/?s={search_term_string}\"},\"query-input\":{\"@type\":\"PropertyValueSpecification\",\"valueRequired\":true,\"valueName\":\"search_term_string\"}}],\"inLanguage\":\"pt-BR\"},{\"@type\":\"Organization\",\"@id\":\"https:\\\/\\\/jornalbeirario.com.br\\\/portal\\\/#organization\",\"name\":\"JORNAL BEIRA RIO\",\"url\":\"https:\\\/\\\/jornalbeirario.com.br\\\/portal\\\/\",\"logo\":{\"@type\":\"ImageObject\",\"inLanguage\":\"pt-BR\",\"@id\":\"https:\\\/\\\/jornalbeirario.com.br\\\/portal\\\/#\\\/schema\\\/logo\\\/image\\\/\",\"url\":\"https:\\\/\\\/jornalbeirario.com.br\\\/portal\\\/wp-content\\\/uploads\\\/2017\\\/09\\\/BEIRA-RIO_logo600.png\",\"contentUrl\":\"https:\\\/\\\/jornalbeirario.com.br\\\/portal\\\/wp-content\\\/uploads\\\/2017\\\/09\\\/BEIRA-RIO_logo600.png\",\"width\":650,\"height\":108,\"caption\":\"JORNAL BEIRA RIO\"},\"image\":{\"@id\":\"https:\\\/\\\/jornalbeirario.com.br\\\/portal\\\/#\\\/schema\\\/logo\\\/image\\\/\"}},{\"@type\":\"Person\",\"@id\":\"https:\\\/\\\/jornalbeirario.com.br\\\/portal\\\/#\\\/schema\\\/person\\\/c6c423e4c2465d2a9233f6539173e7c1\",\"name\":\"Jornal BEIRA-RIO\",\"image\":{\"@type\":\"ImageObject\",\"inLanguage\":\"pt-BR\",\"@id\":\"https:\\\/\\\/jornalbeirario.com.br\\\/portal\\\/wp-content\\\/uploads\\\/2023\\\/10\\\/logojbr1.jpg\",\"url\":\"https:\\\/\\\/jornalbeirario.com.br\\\/portal\\\/wp-content\\\/uploads\\\/2023\\\/10\\\/logojbr1.jpg\",\"contentUrl\":\"https:\\\/\\\/jornalbeirario.com.br\\\/portal\\\/wp-content\\\/uploads\\\/2023\\\/10\\\/logojbr1.jpg\",\"caption\":\"Jornal BEIRA-RIO\"},\"url\":\"https:\\\/\\\/jornalbeirario.com.br\\\/portal\\\/?author=1\"}]}<\/script>\n<!-- \/ Yoast SEO plugin. -->","yoast_head_json":{"title":"SOCIAL LA\u00cdS AMARAL - JORNAL BEIRA RIO","robots":{"index":"index","follow":"follow","max-snippet":"max-snippet:-1","max-image-preview":"max-image-preview:large","max-video-preview":"max-video-preview:-1"},"canonical":"https:\/\/jornalbeirario.com.br\/portal\/?p=15416","og_locale":"pt_BR","og_type":"article","og_title":"SOCIAL LA\u00cdS AMARAL - JORNAL BEIRA RIO","og_description":"Minha teoria da conspira\u00e7\u00e3o J\u00e1 encheram as medidas, os atos, desses mascarados toldando manifesta\u00e7\u00f5es legitimas e pac\u00edficas. O que se viu mais uma vez","og_url":"https:\/\/jornalbeirario.com.br\/portal\/?p=15416","og_site_name":"JORNAL BEIRA RIO","article_published_time":"2013-10-11T11:54:06+00:00","author":"Jornal BEIRA-RIO","twitter_card":"summary_large_image","twitter_misc":{"Escrito por":"Jornal BEIRA-RIO","Est. tempo de leitura":"5 minutos"},"schema":{"@context":"https:\/\/schema.org","@graph":[{"@type":"Article","@id":"https:\/\/jornalbeirario.com.br\/portal\/?p=15416#article","isPartOf":{"@id":"https:\/\/jornalbeirario.com.br\/portal\/?p=15416"},"author":{"name":"Jornal BEIRA-RIO","@id":"https:\/\/jornalbeirario.com.br\/portal\/#\/schema\/person\/c6c423e4c2465d2a9233f6539173e7c1"},"headline":"SOCIAL LA\u00cdS AMARAL","datePublished":"2013-10-11T11:54:06+00:00","mainEntityOfPage":{"@id":"https:\/\/jornalbeirario.com.br\/portal\/?p=15416"},"wordCount":926,"commentCount":0,"publisher":{"@id":"https:\/\/jornalbeirario.com.br\/portal\/#organization"},"articleSection":["Social"],"inLanguage":"pt-BR","potentialAction":[{"@type":"CommentAction","name":"Comment","target":["https:\/\/jornalbeirario.com.br\/portal\/?p=15416#respond"]}]},{"@type":"WebPage","@id":"https:\/\/jornalbeirario.com.br\/portal\/?p=15416","url":"https:\/\/jornalbeirario.com.br\/portal\/?p=15416","name":"SOCIAL LA\u00cdS AMARAL - JORNAL BEIRA RIO","isPartOf":{"@id":"https:\/\/jornalbeirario.com.br\/portal\/#website"},"datePublished":"2013-10-11T11:54:06+00:00","breadcrumb":{"@id":"https:\/\/jornalbeirario.com.br\/portal\/?p=15416#breadcrumb"},"inLanguage":"pt-BR","potentialAction":[{"@type":"ReadAction","target":["https:\/\/jornalbeirario.com.br\/portal\/?p=15416"]}]},{"@type":"BreadcrumbList","@id":"https:\/\/jornalbeirario.com.br\/portal\/?p=15416#breadcrumb","itemListElement":[{"@type":"ListItem","position":1,"name":"Home","item":"https:\/\/jornalbeirario.com.br\/portal"},{"@type":"ListItem","position":2,"name":"SOCIAL LA\u00cdS AMARAL"}]},{"@type":"WebSite","@id":"https:\/\/jornalbeirario.com.br\/portal\/#website","url":"https:\/\/jornalbeirario.com.br\/portal\/","name":"JORNAL BEIRA RIO","description":"","publisher":{"@id":"https:\/\/jornalbeirario.com.br\/portal\/#organization"},"potentialAction":[{"@type":"SearchAction","target":{"@type":"EntryPoint","urlTemplate":"https:\/\/jornalbeirario.com.br\/portal\/?s={search_term_string}"},"query-input":{"@type":"PropertyValueSpecification","valueRequired":true,"valueName":"search_term_string"}}],"inLanguage":"pt-BR"},{"@type":"Organization","@id":"https:\/\/jornalbeirario.com.br\/portal\/#organization","name":"JORNAL BEIRA RIO","url":"https:\/\/jornalbeirario.com.br\/portal\/","logo":{"@type":"ImageObject","inLanguage":"pt-BR","@id":"https:\/\/jornalbeirario.com.br\/portal\/#\/schema\/logo\/image\/","url":"https:\/\/jornalbeirario.com.br\/portal\/wp-content\/uploads\/2017\/09\/BEIRA-RIO_logo600.png","contentUrl":"https:\/\/jornalbeirario.com.br\/portal\/wp-content\/uploads\/2017\/09\/BEIRA-RIO_logo600.png","width":650,"height":108,"caption":"JORNAL BEIRA RIO"},"image":{"@id":"https:\/\/jornalbeirario.com.br\/portal\/#\/schema\/logo\/image\/"}},{"@type":"Person","@id":"https:\/\/jornalbeirario.com.br\/portal\/#\/schema\/person\/c6c423e4c2465d2a9233f6539173e7c1","name":"Jornal BEIRA-RIO","image":{"@type":"ImageObject","inLanguage":"pt-BR","@id":"https:\/\/jornalbeirario.com.br\/portal\/wp-content\/uploads\/2023\/10\/logojbr1.jpg","url":"https:\/\/jornalbeirario.com.br\/portal\/wp-content\/uploads\/2023\/10\/logojbr1.jpg","contentUrl":"https:\/\/jornalbeirario.com.br\/portal\/wp-content\/uploads\/2023\/10\/logojbr1.jpg","caption":"Jornal BEIRA-RIO"},"url":"https:\/\/jornalbeirario.com.br\/portal\/?author=1"}]}},"_links":{"self":[{"href":"https:\/\/jornalbeirario.com.br\/portal\/index.php?rest_route=\/wp\/v2\/posts\/15416","targetHints":{"allow":["GET"]}}],"collection":[{"href":"https:\/\/jornalbeirario.com.br\/portal\/index.php?rest_route=\/wp\/v2\/posts"}],"about":[{"href":"https:\/\/jornalbeirario.com.br\/portal\/index.php?rest_route=\/wp\/v2\/types\/post"}],"author":[{"embeddable":true,"href":"https:\/\/jornalbeirario.com.br\/portal\/index.php?rest_route=\/wp\/v2\/users\/1"}],"replies":[{"embeddable":true,"href":"https:\/\/jornalbeirario.com.br\/portal\/index.php?rest_route=%2Fwp%2Fv2%2Fcomments&post=15416"}],"version-history":[{"count":1,"href":"https:\/\/jornalbeirario.com.br\/portal\/index.php?rest_route=\/wp\/v2\/posts\/15416\/revisions"}],"predecessor-version":[{"id":15417,"href":"https:\/\/jornalbeirario.com.br\/portal\/index.php?rest_route=\/wp\/v2\/posts\/15416\/revisions\/15417"}],"wp:attachment":[{"href":"https:\/\/jornalbeirario.com.br\/portal\/index.php?rest_route=%2Fwp%2Fv2%2Fmedia&parent=15416"}],"wp:term":[{"taxonomy":"category","embeddable":true,"href":"https:\/\/jornalbeirario.com.br\/portal\/index.php?rest_route=%2Fwp%2Fv2%2Fcategories&post=15416"},{"taxonomy":"post_tag","embeddable":true,"href":"https:\/\/jornalbeirario.com.br\/portal\/index.php?rest_route=%2Fwp%2Fv2%2Ftags&post=15416"}],"curies":[{"name":"wp","href":"https:\/\/api.w.org\/{rel}","templated":true}]}}