
{"id":15087,"date":"2013-10-04T03:50:21","date_gmt":"2013-10-04T03:50:21","guid":{"rendered":"http:\/\/jornalbeirario.com.br\/portal\/portal\/?p=15087"},"modified":"2013-10-04T03:50:21","modified_gmt":"2013-10-04T03:50:21","slug":"lais-amaral-26","status":"publish","type":"post","link":"https:\/\/jornalbeirario.com.br\/portal\/?p=15087","title":{"rendered":"La\u00eds Amaral"},"content":{"rendered":"<p style=\"text-align: justify;\"><strong>Fernando Pamplona, um craque que mostrou outro olhar sobre o Carnaval<\/strong><br \/>\nMorreu domingo passado, dia 29, o cen\u00f3grafo, produtor e\u00a0 carnavalesco Fernando Pamplona, um dos homens de cultura que mais admirava, pela sua postura em defesa da autenticidade e da liberdade das nossas manifesta\u00e7\u00f5es mais populares. Com destaque para o carnaval, logicamente. Foi dele que ouvi pela primeira vez, h\u00e1 muito tempo, uma clara an\u00e1lise sobre o desenvolvimento de um desfile de escola de samba e passei a ver \u2018coisa\u2019 com outros olhos. Depois de participar como jurado num desfile e ter se arrepiado com o Salgueiro, foi convidado para ser o carnavalesco da \u2018vermelho e branca\u2019, agremia\u00e7\u00e3o do cora\u00e7\u00e3o dos amigos Z\u00e9 Roberto Correia (mu\u00e7um), Nice Pinheiro e Claudionor Rosa. Em 1960 ganhou o Carnaval com um enredo falando do Quilombo dos Palmeiras e a partir da\u00ed os enredos com temas afro-brasileiros se disseminaram pelas demais agremia\u00e7\u00f5es e pelos Carnavais. Foi um marco. Pamplona era botafoguense, mais um motivo para a afinidade. O conheci pessoalmente em Resende num anivers\u00e1rio comemorado na Fazenda Pindorama, do Daniel Fortes. Conhe\u00e7o suas filhas. A Consuelo que reside em Penedo e a Eneida que mora fora do Estado. Pamplona morreu de um c\u00e2ncer, considerado raro, e que fora diagnosticado h\u00e1 um m\u00eas. Perde a arte, perde o Carnaval, perde o pensamento l\u00facido, perde o Botafogo, perde o Salgueiro, perdemos todos n\u00f3s. Que seja feliz por onde for.<\/p>\n<p style=\"text-align: justify;\"><strong>Quarent\u00e3o da AABB tem choque de l\u00edderes: Brameiros x Casa da Lua, neste domingo<\/strong><br \/>\nDepois da mostra do poder de fogo dos ataques do\u00a0 Brameiros, do Alambari e da Casa da Lua, parece que depois da segunda rodada da fase de classifica\u00e7\u00e3o do So\u00e7aite Quarent\u00e3o da AABB, j\u00e1 pintam os favoritos \u00e0 pr\u00f3xima fase da competi\u00e7\u00e3o. Os resultados foram os seguintes: Brameiros 4 x 1 Amigos do S\u00edtio, Casa da Lua 4 x 2 Turma da Pelada e Alambari 4 x 2 Ipiranga. A classifica\u00e7\u00e3o est\u00e1 assim depois de duas rodadas: Brameiros e Casa da Lua empatados em primeiro com 6 pontos, Alambari e Amigos do S\u00edtio em segundo com 3 pontos e ainda sem pontuar a Turma da Pelada e o Ipiranga. Os artilheiros s\u00e3o Ratumim (Amigos do S\u00edtio) e Flavinho (Casa da Lua) com 3 gols cada. A terceira rodada neste domingo ter\u00e1 os seguintes jogos: Turma da Pelada e Ipiranga (8h45min); Casa da Lua e Brameiros no joga\u00e7o de l\u00edderes \u00e0s 10 horas e Alambari x Amigos do S\u00edtio, do meu chegado \u00c1lvaro, \u00e0s 11 horas. Encontrei com o Vad\u00e3o depois da estreia do Alambari com derrota e ele parecia tranquilo: \u201cjogamos desfalcados porque a maioria estava na decis\u00e3o do 45 do futebol de campo. Mas j\u00e1 vamos atropelar (dito e feito) essa mulambada. Vamos levar mais esse caneco\u201d, disse ele com ar de profeta. A conferir.<\/p>\n<p style=\"text-align: justify;\"><strong>TRIPA<\/strong><br \/>\n* Amanh\u00e3 (s\u00e1bado, dia 5) tem mais uma edi\u00e7\u00e3o do quent\u00edssimo \u201cSamba da Panela\u201d no Zero Grau. Come\u00e7a \u00e0s 20 horas. \u00d3tima pedida pra quem gosta de samba * Se foi mais uma Exapicor, uma das maiores festas populares do interior do estado, e mais uma vez uma multid\u00e3o, gente de todas as idades, marcou presen\u00e7a. Destaque deste ano, em minha opini\u00e3o, a diversidade de atra\u00e7\u00f5es de vi\u00e9s cultural. Isso vem crescendo nas \u00faltimas exposi\u00e7\u00f5es. Se por um lado perdeu um pouco do tra\u00e7o da festa de pe\u00e3o boiadeiro com o fim dos rodeios, ganhou pela multiplicidade na oferta. At\u00e9 eu cantei na Arena Cultural (n\u00e3o sozinho, claro, fa\u00e7o parte do coral da Prefeitura, que tem a Alile Cuoco como regente). Sobre o cancelamento do tradicional desfile do dia 29, transferido para este domingo, dia 6, na Avenida Rita Ferreira da Rocha (em frente \u00e0 Prefeitura), defendo o posicionamento do professor M\u00e1rio Rodrigues, secret\u00e1rio de educa\u00e7\u00e3o da cidade. Foi um gesto de coer\u00eancia cancelar o desfile. A chuva poderia n\u00e3o voltar, mas, o entorno estava impratic\u00e1vel para crian\u00e7as, pessoas com defici\u00eancias, cadeirantes e at\u00e9 para o pessoal da terceira idade, que desfilariam. Ele pensou nessas pessoas * Livros: s\u00e1bado passado, dia 27, foi lan\u00e7ado na Aman, o livro \u2018Resende por Amor\u2019, organizado por Ney Dantas. No domingo, Claudionor Rosa lan\u00e7ou na Exapicor o seu \u2018Cordel do Centen\u00e1rio\u2019, com versos falando de todos os prefeitos de Resende, desde o primeiro, Antonio Pereira Botafogo\u2019 ao atual, Rechuan. Lembrando ainda que na abertura da exposi\u00e7\u00e3o, dia 24, foi lan\u00e7ado o livro de poemas de Alfredo de Oliveira \u2018Aqui e Tudo\u2019 * Falando no Claudionor Rosa, esse incans\u00e1vel homem de cultura de nossa cidade, vem mostrando um f\u00f4lego infind\u00e1vel, agora tamb\u00e9m com uma frut\u00edfera fase de cria\u00e7\u00e3o po\u00e9tica. Que continue assim!<\/p>\n<p style=\"text-align: justify;\"><strong>ANIVERS\u00c1RIOS<\/strong><br \/>\nNa segunda-feira, dia 30, soprou velinhas a minha amiga Luciana Silva. Na ter\u00e7a, dia 1\u00ba de outubro, o Filipe Rebello inaugurou idade nova. Na quarta, dia 2, um trio bem legal ficou mais experiente: o Igor Pimenta, o \u2018padre\u2019 Luiz R\u00f4mulo e o Jo\u00e3o Francisco Souza (Kiko). Ontem (dia 3) a Elisang\u00eala Almeida e a Tatiana Avelino receberam os \u2018parab\u00e9ns\u2019. Amanh\u00e3 (dia 5) a Beatriz Whately Villas-Boas, o Thiago Junior, a Preta Pretinha e o Jos\u00e9 Antonio Santos, o \u2018Ed Murphy\u2019 superintendente de ordem p\u00fablica do munic\u00edpio, contam mais uma n\u00e3o de vida. E no domingo, dia 6, A Mariza S\u00e1 e o Gui Rodrigues tamb\u00e9m mudam de idade. Parab\u00e9ns e todas as felicidades do mundo a eles.<\/p>\n","protected":false},"excerpt":{"rendered":"<p>Fernando Pamplona, um craque que mostrou outro olhar sobre o Carnaval Morreu domingo passado, dia 29, o cen\u00f3grafo, produtor e\u00a0 carnavalesco Fernando Pamplona, um<\/p>\n","protected":false},"author":1,"featured_media":0,"comment_status":"open","ping_status":"open","sticky":false,"template":"","format":"standard","meta":{"pmpro_default_level":"","footnotes":""},"categories":[13],"tags":[],"class_list":["post-15087","post","type-post","status-publish","format-standard","hentry","category-social","pmpro-has-access"],"yoast_head":"<!-- This site is optimized with the Yoast SEO plugin v27.4 - https:\/\/yoast.com\/product\/yoast-seo-wordpress\/ -->\n<title>La\u00eds Amaral - JORNAL BEIRA RIO<\/title>\n<meta name=\"robots\" content=\"index, follow, max-snippet:-1, max-image-preview:large, max-video-preview:-1\" \/>\n<link rel=\"canonical\" href=\"https:\/\/jornalbeirario.com.br\/portal\/?p=15087\" \/>\n<meta property=\"og:locale\" content=\"pt_BR\" \/>\n<meta property=\"og:type\" content=\"article\" \/>\n<meta property=\"og:title\" content=\"La\u00eds Amaral - JORNAL BEIRA RIO\" \/>\n<meta property=\"og:description\" content=\"Fernando Pamplona, um craque que mostrou outro olhar sobre o Carnaval Morreu domingo passado, dia 29, o cen\u00f3grafo, produtor e\u00a0 carnavalesco Fernando Pamplona, um\" \/>\n<meta property=\"og:url\" content=\"https:\/\/jornalbeirario.com.br\/portal\/?p=15087\" \/>\n<meta property=\"og:site_name\" content=\"JORNAL BEIRA RIO\" \/>\n<meta property=\"article:published_time\" content=\"2013-10-04T03:50:21+00:00\" \/>\n<meta name=\"author\" content=\"Jornal BEIRA-RIO\" \/>\n<meta name=\"twitter:card\" content=\"summary_large_image\" \/>\n<meta name=\"twitter:label1\" content=\"Escrito por\" \/>\n\t<meta name=\"twitter:data1\" content=\"Jornal BEIRA-RIO\" \/>\n\t<meta name=\"twitter:label2\" content=\"Est. tempo de leitura\" \/>\n\t<meta name=\"twitter:data2\" content=\"5 minutos\" \/>\n<script type=\"application\/ld+json\" class=\"yoast-schema-graph\">{\"@context\":\"https:\\\/\\\/schema.org\",\"@graph\":[{\"@type\":\"Article\",\"@id\":\"https:\\\/\\\/jornalbeirario.com.br\\\/portal\\\/?p=15087#article\",\"isPartOf\":{\"@id\":\"https:\\\/\\\/jornalbeirario.com.br\\\/portal\\\/?p=15087\"},\"author\":{\"name\":\"Jornal BEIRA-RIO\",\"@id\":\"https:\\\/\\\/jornalbeirario.com.br\\\/portal\\\/#\\\/schema\\\/person\\\/c6c423e4c2465d2a9233f6539173e7c1\"},\"headline\":\"La\u00eds Amaral\",\"datePublished\":\"2013-10-04T03:50:21+00:00\",\"mainEntityOfPage\":{\"@id\":\"https:\\\/\\\/jornalbeirario.com.br\\\/portal\\\/?p=15087\"},\"wordCount\":928,\"commentCount\":0,\"publisher\":{\"@id\":\"https:\\\/\\\/jornalbeirario.com.br\\\/portal\\\/#organization\"},\"articleSection\":[\"Social\"],\"inLanguage\":\"pt-BR\",\"potentialAction\":[{\"@type\":\"CommentAction\",\"name\":\"Comment\",\"target\":[\"https:\\\/\\\/jornalbeirario.com.br\\\/portal\\\/?p=15087#respond\"]}]},{\"@type\":\"WebPage\",\"@id\":\"https:\\\/\\\/jornalbeirario.com.br\\\/portal\\\/?p=15087\",\"url\":\"https:\\\/\\\/jornalbeirario.com.br\\\/portal\\\/?p=15087\",\"name\":\"La\u00eds Amaral - JORNAL BEIRA RIO\",\"isPartOf\":{\"@id\":\"https:\\\/\\\/jornalbeirario.com.br\\\/portal\\\/#website\"},\"datePublished\":\"2013-10-04T03:50:21+00:00\",\"breadcrumb\":{\"@id\":\"https:\\\/\\\/jornalbeirario.com.br\\\/portal\\\/?p=15087#breadcrumb\"},\"inLanguage\":\"pt-BR\",\"potentialAction\":[{\"@type\":\"ReadAction\",\"target\":[\"https:\\\/\\\/jornalbeirario.com.br\\\/portal\\\/?p=15087\"]}]},{\"@type\":\"BreadcrumbList\",\"@id\":\"https:\\\/\\\/jornalbeirario.com.br\\\/portal\\\/?p=15087#breadcrumb\",\"itemListElement\":[{\"@type\":\"ListItem\",\"position\":1,\"name\":\"Home\",\"item\":\"https:\\\/\\\/jornalbeirario.com.br\\\/portal\"},{\"@type\":\"ListItem\",\"position\":2,\"name\":\"La\u00eds Amaral\"}]},{\"@type\":\"WebSite\",\"@id\":\"https:\\\/\\\/jornalbeirario.com.br\\\/portal\\\/#website\",\"url\":\"https:\\\/\\\/jornalbeirario.com.br\\\/portal\\\/\",\"name\":\"JORNAL BEIRA RIO\",\"description\":\"\",\"publisher\":{\"@id\":\"https:\\\/\\\/jornalbeirario.com.br\\\/portal\\\/#organization\"},\"potentialAction\":[{\"@type\":\"SearchAction\",\"target\":{\"@type\":\"EntryPoint\",\"urlTemplate\":\"https:\\\/\\\/jornalbeirario.com.br\\\/portal\\\/?s={search_term_string}\"},\"query-input\":{\"@type\":\"PropertyValueSpecification\",\"valueRequired\":true,\"valueName\":\"search_term_string\"}}],\"inLanguage\":\"pt-BR\"},{\"@type\":\"Organization\",\"@id\":\"https:\\\/\\\/jornalbeirario.com.br\\\/portal\\\/#organization\",\"name\":\"JORNAL BEIRA RIO\",\"url\":\"https:\\\/\\\/jornalbeirario.com.br\\\/portal\\\/\",\"logo\":{\"@type\":\"ImageObject\",\"inLanguage\":\"pt-BR\",\"@id\":\"https:\\\/\\\/jornalbeirario.com.br\\\/portal\\\/#\\\/schema\\\/logo\\\/image\\\/\",\"url\":\"https:\\\/\\\/jornalbeirario.com.br\\\/portal\\\/wp-content\\\/uploads\\\/2017\\\/09\\\/BEIRA-RIO_logo600.png\",\"contentUrl\":\"https:\\\/\\\/jornalbeirario.com.br\\\/portal\\\/wp-content\\\/uploads\\\/2017\\\/09\\\/BEIRA-RIO_logo600.png\",\"width\":650,\"height\":108,\"caption\":\"JORNAL BEIRA RIO\"},\"image\":{\"@id\":\"https:\\\/\\\/jornalbeirario.com.br\\\/portal\\\/#\\\/schema\\\/logo\\\/image\\\/\"}},{\"@type\":\"Person\",\"@id\":\"https:\\\/\\\/jornalbeirario.com.br\\\/portal\\\/#\\\/schema\\\/person\\\/c6c423e4c2465d2a9233f6539173e7c1\",\"name\":\"Jornal BEIRA-RIO\",\"image\":{\"@type\":\"ImageObject\",\"inLanguage\":\"pt-BR\",\"@id\":\"https:\\\/\\\/jornalbeirario.com.br\\\/portal\\\/wp-content\\\/uploads\\\/2023\\\/10\\\/logojbr1.jpg\",\"url\":\"https:\\\/\\\/jornalbeirario.com.br\\\/portal\\\/wp-content\\\/uploads\\\/2023\\\/10\\\/logojbr1.jpg\",\"contentUrl\":\"https:\\\/\\\/jornalbeirario.com.br\\\/portal\\\/wp-content\\\/uploads\\\/2023\\\/10\\\/logojbr1.jpg\",\"caption\":\"Jornal BEIRA-RIO\"},\"url\":\"https:\\\/\\\/jornalbeirario.com.br\\\/portal\\\/?author=1\"}]}<\/script>\n<!-- \/ Yoast SEO plugin. -->","yoast_head_json":{"title":"La\u00eds Amaral - JORNAL BEIRA RIO","robots":{"index":"index","follow":"follow","max-snippet":"max-snippet:-1","max-image-preview":"max-image-preview:large","max-video-preview":"max-video-preview:-1"},"canonical":"https:\/\/jornalbeirario.com.br\/portal\/?p=15087","og_locale":"pt_BR","og_type":"article","og_title":"La\u00eds Amaral - JORNAL BEIRA RIO","og_description":"Fernando Pamplona, um craque que mostrou outro olhar sobre o Carnaval Morreu domingo passado, dia 29, o cen\u00f3grafo, produtor e\u00a0 carnavalesco Fernando Pamplona, um","og_url":"https:\/\/jornalbeirario.com.br\/portal\/?p=15087","og_site_name":"JORNAL BEIRA RIO","article_published_time":"2013-10-04T03:50:21+00:00","author":"Jornal BEIRA-RIO","twitter_card":"summary_large_image","twitter_misc":{"Escrito por":"Jornal BEIRA-RIO","Est. tempo de leitura":"5 minutos"},"schema":{"@context":"https:\/\/schema.org","@graph":[{"@type":"Article","@id":"https:\/\/jornalbeirario.com.br\/portal\/?p=15087#article","isPartOf":{"@id":"https:\/\/jornalbeirario.com.br\/portal\/?p=15087"},"author":{"name":"Jornal BEIRA-RIO","@id":"https:\/\/jornalbeirario.com.br\/portal\/#\/schema\/person\/c6c423e4c2465d2a9233f6539173e7c1"},"headline":"La\u00eds Amaral","datePublished":"2013-10-04T03:50:21+00:00","mainEntityOfPage":{"@id":"https:\/\/jornalbeirario.com.br\/portal\/?p=15087"},"wordCount":928,"commentCount":0,"publisher":{"@id":"https:\/\/jornalbeirario.com.br\/portal\/#organization"},"articleSection":["Social"],"inLanguage":"pt-BR","potentialAction":[{"@type":"CommentAction","name":"Comment","target":["https:\/\/jornalbeirario.com.br\/portal\/?p=15087#respond"]}]},{"@type":"WebPage","@id":"https:\/\/jornalbeirario.com.br\/portal\/?p=15087","url":"https:\/\/jornalbeirario.com.br\/portal\/?p=15087","name":"La\u00eds Amaral - JORNAL BEIRA RIO","isPartOf":{"@id":"https:\/\/jornalbeirario.com.br\/portal\/#website"},"datePublished":"2013-10-04T03:50:21+00:00","breadcrumb":{"@id":"https:\/\/jornalbeirario.com.br\/portal\/?p=15087#breadcrumb"},"inLanguage":"pt-BR","potentialAction":[{"@type":"ReadAction","target":["https:\/\/jornalbeirario.com.br\/portal\/?p=15087"]}]},{"@type":"BreadcrumbList","@id":"https:\/\/jornalbeirario.com.br\/portal\/?p=15087#breadcrumb","itemListElement":[{"@type":"ListItem","position":1,"name":"Home","item":"https:\/\/jornalbeirario.com.br\/portal"},{"@type":"ListItem","position":2,"name":"La\u00eds Amaral"}]},{"@type":"WebSite","@id":"https:\/\/jornalbeirario.com.br\/portal\/#website","url":"https:\/\/jornalbeirario.com.br\/portal\/","name":"JORNAL BEIRA RIO","description":"","publisher":{"@id":"https:\/\/jornalbeirario.com.br\/portal\/#organization"},"potentialAction":[{"@type":"SearchAction","target":{"@type":"EntryPoint","urlTemplate":"https:\/\/jornalbeirario.com.br\/portal\/?s={search_term_string}"},"query-input":{"@type":"PropertyValueSpecification","valueRequired":true,"valueName":"search_term_string"}}],"inLanguage":"pt-BR"},{"@type":"Organization","@id":"https:\/\/jornalbeirario.com.br\/portal\/#organization","name":"JORNAL BEIRA RIO","url":"https:\/\/jornalbeirario.com.br\/portal\/","logo":{"@type":"ImageObject","inLanguage":"pt-BR","@id":"https:\/\/jornalbeirario.com.br\/portal\/#\/schema\/logo\/image\/","url":"https:\/\/jornalbeirario.com.br\/portal\/wp-content\/uploads\/2017\/09\/BEIRA-RIO_logo600.png","contentUrl":"https:\/\/jornalbeirario.com.br\/portal\/wp-content\/uploads\/2017\/09\/BEIRA-RIO_logo600.png","width":650,"height":108,"caption":"JORNAL BEIRA RIO"},"image":{"@id":"https:\/\/jornalbeirario.com.br\/portal\/#\/schema\/logo\/image\/"}},{"@type":"Person","@id":"https:\/\/jornalbeirario.com.br\/portal\/#\/schema\/person\/c6c423e4c2465d2a9233f6539173e7c1","name":"Jornal BEIRA-RIO","image":{"@type":"ImageObject","inLanguage":"pt-BR","@id":"https:\/\/jornalbeirario.com.br\/portal\/wp-content\/uploads\/2023\/10\/logojbr1.jpg","url":"https:\/\/jornalbeirario.com.br\/portal\/wp-content\/uploads\/2023\/10\/logojbr1.jpg","contentUrl":"https:\/\/jornalbeirario.com.br\/portal\/wp-content\/uploads\/2023\/10\/logojbr1.jpg","caption":"Jornal BEIRA-RIO"},"url":"https:\/\/jornalbeirario.com.br\/portal\/?author=1"}]}},"_links":{"self":[{"href":"https:\/\/jornalbeirario.com.br\/portal\/index.php?rest_route=\/wp\/v2\/posts\/15087","targetHints":{"allow":["GET"]}}],"collection":[{"href":"https:\/\/jornalbeirario.com.br\/portal\/index.php?rest_route=\/wp\/v2\/posts"}],"about":[{"href":"https:\/\/jornalbeirario.com.br\/portal\/index.php?rest_route=\/wp\/v2\/types\/post"}],"author":[{"embeddable":true,"href":"https:\/\/jornalbeirario.com.br\/portal\/index.php?rest_route=\/wp\/v2\/users\/1"}],"replies":[{"embeddable":true,"href":"https:\/\/jornalbeirario.com.br\/portal\/index.php?rest_route=%2Fwp%2Fv2%2Fcomments&post=15087"}],"version-history":[{"count":4,"href":"https:\/\/jornalbeirario.com.br\/portal\/index.php?rest_route=\/wp\/v2\/posts\/15087\/revisions"}],"predecessor-version":[{"id":15145,"href":"https:\/\/jornalbeirario.com.br\/portal\/index.php?rest_route=\/wp\/v2\/posts\/15087\/revisions\/15145"}],"wp:attachment":[{"href":"https:\/\/jornalbeirario.com.br\/portal\/index.php?rest_route=%2Fwp%2Fv2%2Fmedia&parent=15087"}],"wp:term":[{"taxonomy":"category","embeddable":true,"href":"https:\/\/jornalbeirario.com.br\/portal\/index.php?rest_route=%2Fwp%2Fv2%2Fcategories&post=15087"},{"taxonomy":"post_tag","embeddable":true,"href":"https:\/\/jornalbeirario.com.br\/portal\/index.php?rest_route=%2Fwp%2Fv2%2Ftags&post=15087"}],"curies":[{"name":"wp","href":"https:\/\/api.w.org\/{rel}","templated":true}]}}