
{"id":14891,"date":"2013-09-27T12:02:55","date_gmt":"2013-09-27T12:02:55","guid":{"rendered":"http:\/\/jornalbeirario.com.br\/portal\/portal\/?p=14891"},"modified":"2013-09-27T12:02:55","modified_gmt":"2013-09-27T12:02:55","slug":"quem-pensa-feliz-aniversario-resende","status":"publish","type":"post","link":"https:\/\/jornalbeirario.com.br\/portal\/?p=14891","title":{"rendered":"QUEM PENSA? Feliz anivers\u00e1rio Resende!"},"content":{"rendered":"<p style=\"text-align: justify;\">Ao completar 212 anos, o munic\u00edpio de Resende continua a ser lembrado como a \u201ccidade que tem a Academia Militar, n\u00e3o \u00e9 isso?\u201d indagam as pessoas ao tentar lembrar caracter\u00edsticas da cidade do sul do estado que teve muito antigamente uma economia baseada na pecu\u00e1ria leiteira, na cidade que tinha uma pra\u00e7a cultural e animada dividindo aten\u00e7\u00e3o dos frequentadores com a Nossa Senhora da Concei\u00e7\u00e3o. Quem mora em Resende, h\u00e1 pelo menos 20 anos, lembra um pouco da hist\u00f3ria do munic\u00edpio e chegou a ver o centro hist\u00f3rico, seu casario do s\u00e9culo XIX, que hoje, pode ser lembrado quase que exclusivamente pelas fotos, porque est\u00e1 desaparecendo cada dia um pouco.<\/p>\n<p>A cidade cresceu e n\u00e3o podia ser diferente, \u00e9 pra frente que se anda. Novos bairros, novos moradores, novos setores na economia e definitivamente, Resende mudou sua est\u00e9tica, mas h\u00e1, na minha opini\u00e3o, ainda, lamentavelmente, uma falta de identidade. \u00c9 como um Michael Jackson: transforma\u00e7\u00f5es, pl\u00e1sticas e uma inc\u00f3gnita chegando \u00e0 extravag\u00e2ncia. Do contr\u00e1rio, o que \u00e9 essa passarela-enfeite com chifres em forma de X bem no meio do centro da cidade, onde voltas e voltas ser\u00e3o necess\u00e1rias para uma travessia que nunca foi perigosa. Dinheiro p\u00fablico (R$ 750 mil) por aquilo l\u00e1, mas esse \u00e9 outro assunto. Ou n\u00e3o. Fato \u00e9 que a passarela-enfeite, assim como outras obras personalizadas do governo atual n\u00e3o contribu\u00edram para identidade do munic\u00edpio.<\/p>\n<p>Na verdade, n\u00e3o vi, at\u00e9 hoje, qualquer governo preocupado em estabelecer essa identidade e muito menos ter a\u00e7\u00f5es que pudessem caracterizar a personalidade do munic\u00edpio, nem no tempo que Itatiaia com seu maravilhoso Parque Nacional pertencia a Resende. N\u00e3o temos um Festival que realmente ganhe o pa\u00eds, ou o mesmo o estado do Rio de Janeiro; os eventos alguns at\u00e9 muito interessantes, s\u00e3o pontuais e s\u00f3 acontecem gra\u00e7as ao empenho de algumas pessoas diretamente envolvidas, porque n\u00e3o \u00e9 planejado e muito menos consta como prioridade para destaque e relev\u00e2ncia do munic\u00edpio.<\/p>\n<p>A cidade tamb\u00e9m n\u00e3o apresenta nem uma feira de neg\u00f3cios anual ou mesmo um destaque na economia que seja valorizado por seus moradores, cidades vizinhas e que seja um atrativo para fazer girar a roda da economia. Hoje, todos parecem muito satisfeitos (ou quase todos) com a chegada de f\u00e1bricas automotivas e de metalurgia que podem garantir, ainda que dentro de uma rotatividade bem conhecida, mas pode manter pouco mais de 16% da m\u00e3o de obra ativa empregada. Pois \u00e9&#8230; 16%, mas tem gente que anuncia como se fosse uns 80%, n\u00e9? Para tirar as d\u00favidas \u00e9 s\u00f3 conferir no Caged que \u00e9 o cadastro do Minist\u00e9rio do Trabalho. O com\u00e9rcio tem destaque negativo por conta da falta de especializa\u00e7\u00e3o para esta \u00e1rea que hoje ganha agilidade pela velocidade das informa\u00e7\u00f5es, mas perde nas rela\u00e7\u00f5es interpessoais, que s\u00e3o negligenciadas por comerciantes, comerci\u00e1rios e governo. O consumidor reclama e muito.<\/p>\n<p>Resende n\u00e3o \u00e9 um p\u00f3lo de Educa\u00e7\u00e3o ou pesquisa, porque tamb\u00e9m n\u00e3o existem investimentos neste setor, as iniciativas privadas desenvolvem seus neg\u00f3cios sem perspectivas de integra\u00e7\u00e3o com o poder p\u00fablico. O que existe \u00e9 a pol\u00edtica de boa vizinhan\u00e7a e rela\u00e7\u00f5es de parcerias para pequenos eventos. N\u00e3o s\u00e3o fomentados projetos ou programas com continuidade que valorizem o jovem e sua capacidade de empreender nas artes, no esporte ou na ci\u00eancia.<\/p>\n<p>Existem excelentes profissionais em diversas \u00e1reas. A fotografia \u00e9 uma delas, mas igualmente n\u00e3o existem incentivos ou organiza\u00e7\u00e3o para destaque setor e muito menos organiza\u00e7\u00e3o de um evento que destaque o munic\u00edpio. Dif\u00edcil saber: qual a identidade desta senhora cidade de 212 anos? Vejo com desconfian\u00e7a quem garante que \u00e9 industrial. Agropecu\u00e1ria se tinha chances de se firmar um dia, isso atualmente, parece muito distante. O Turismo \u00e9 um ap\u00eandice, onde empolgados e apadrinhados do governo ora destacam uma ideia pessoal, ora nem isso. N\u00e3o existe um plano municipal do setor, como de tantos outros tamb\u00e9m inexistentes.<\/p>\n<p>Qual \u00e9 a cara de Resende? Como podemos identificar o munic\u00edpio? Potencial tem, mas de potencial e boa inten\u00e7\u00e3o o inferno est\u00e1 cheio. Resende hoje tem um or\u00e7amento de quase R$ 400 milh\u00f5es e a popula\u00e7\u00e3o n\u00e3o consegue efetivamente fazer com que os governos priorizem as pessoas, o ser humano. Tanto dinheiro para esse flagrante desordenamento que esbarramos em toda a cidade, o meio ambiente foi degradado e continua sendo durante os \u00faltimos anos e n\u00e3o se v\u00ea um compromisso pela sustentabilidade, pelo contr\u00e1rio, o governo autoriza a 3&#215;4 empresas de todos os segmentos de impacto a se instalarem no munic\u00edpio com privil\u00e9gios tribut\u00e1rios e nem se d\u00e1 ao trabalho de comprovar a rela\u00e7\u00e3o custo\/benef\u00edcio disso, limita-se ao discurso que muitos engolem.<\/p>\n<p>Gostaria muito de parabenizar Resende nestes 212 anos reconhecendo uma mudan\u00e7a de cultura tanto no governo, no que diz respeito \u00e0 transpar\u00eancia, ao respeito ao cidad\u00e3o e ao dinheiro p\u00fablico e tamb\u00e9m uma mudan\u00e7a no exerc\u00edcio da cidadania que cobra, participa e n\u00e3o se contempla com favores de grupos de cada habitante desta terra que j\u00e1 foi dos Puris. Algu\u00e9m lembra deles a\u00ed? Pobres Puris. A cidade est\u00e1 em festa, ser\u00e1 que lembram de suas ra\u00edzes?<\/p>\n<p>Minha filha trouxe, da escola, um exerc\u00edcio com um pequeno texto que destaca o munic\u00edpio pela Aman e pelas ind\u00fastrias, a atividade pedia que ela desenhasse alguma coisa que lembrasse a cidade em seu 29 de Setembro. Pois bem, era apenas um desenho, mas ela quis desenhar tr\u00eas: desenhou o Parque das \u00c1guas, o P\u00e1tio Mix e a casa onde mora. Confesso que fiquei feliz com a casa como grau de import\u00e2ncia na vida da minha filha, mas preocupada com o destaque dado ao shopping, que na verdade foi o primeiro citado por ela, preocupa\u00e7\u00e3o aliviada pelo desenho do espa\u00e7o de conviv\u00eancia e de verde que tamb\u00e9m ganhou destaque na lembran\u00e7a da pequena. Pois bem, esse exerc\u00edcio colaborou para essa reflex\u00e3o que aqui compartilho. Ser\u00e1 que Resende \u00e9 mesmo a \u201ccidade da Aman\u201d ou da \u201cMan\u201d ou ser\u00e1 da \u201cNissan\u201d? Como Resende \u00e9 lembrada, como ser\u00e1 lembrada daqui alguns anos? Tor\u00e7o para que um dia, um governo se preocupe em apresentar um diagn\u00f3stico s\u00f3cio-cultural-econ\u00f4mico-sustent\u00e1vel que nos ajude a definir\u00a0 essa identidade que, por enquant<br \/>\no, est\u00e1 limitada ao nome do munic\u00edpio, com S, porque tem gente que ainda escreve por a\u00ed com Z. Sendo assim, e mesmo assim, parabenizo as essa cidade (incluindo a\u00ed, \u00e9 claro, toda gente boa que nela mora) que me acolheu h\u00e1 25 anos e tem me proporcionado muitas coisas boas, entre amizades e atividades profissionais, al\u00e9m de dar naturalidade ao meu bem mais precioso: minha filha. Parab\u00e9ns Resende!<\/p>\n<p>Ana L\u00facia<br \/>\nEditora do jornal BEIRA-RIO<br \/>\nanalucia@jornalbeirario.com.br<\/p>\n","protected":false},"excerpt":{"rendered":"<p>Ao completar 212 anos, o munic\u00edpio de Resende continua a ser lembrado como a \u201ccidade que tem a Academia Militar, n\u00e3o \u00e9 isso?\u201d indagam<\/p>\n","protected":false},"author":1,"featured_media":0,"comment_status":"open","ping_status":"open","sticky":false,"template":"","format":"standard","meta":{"pmpro_default_level":"","footnotes":""},"categories":[8],"tags":[155],"class_list":["post-14891","post","type-post","status-publish","format-standard","hentry","category-opiniao","tag-dehoraemhora","pmpro-has-access"],"yoast_head":"<!-- This site is optimized with the Yoast SEO plugin v27.4 - https:\/\/yoast.com\/product\/yoast-seo-wordpress\/ -->\n<title>QUEM PENSA? Feliz anivers\u00e1rio Resende! - JORNAL BEIRA RIO<\/title>\n<meta name=\"robots\" content=\"index, follow, max-snippet:-1, max-image-preview:large, max-video-preview:-1\" \/>\n<link rel=\"canonical\" href=\"https:\/\/jornalbeirario.com.br\/portal\/?p=14891\" \/>\n<meta property=\"og:locale\" content=\"pt_BR\" \/>\n<meta property=\"og:type\" content=\"article\" \/>\n<meta property=\"og:title\" content=\"QUEM PENSA? Feliz anivers\u00e1rio Resende! - JORNAL BEIRA RIO\" \/>\n<meta property=\"og:description\" content=\"Ao completar 212 anos, o munic\u00edpio de Resende continua a ser lembrado como a \u201ccidade que tem a Academia Militar, n\u00e3o \u00e9 isso?\u201d indagam\" \/>\n<meta property=\"og:url\" content=\"https:\/\/jornalbeirario.com.br\/portal\/?p=14891\" \/>\n<meta property=\"og:site_name\" content=\"JORNAL BEIRA RIO\" \/>\n<meta property=\"article:published_time\" content=\"2013-09-27T12:02:55+00:00\" \/>\n<meta name=\"author\" content=\"Jornal BEIRA-RIO\" \/>\n<meta name=\"twitter:card\" content=\"summary_large_image\" \/>\n<meta name=\"twitter:label1\" content=\"Escrito por\" \/>\n\t<meta name=\"twitter:data1\" content=\"Jornal BEIRA-RIO\" \/>\n\t<meta name=\"twitter:label2\" content=\"Est. tempo de leitura\" \/>\n\t<meta name=\"twitter:data2\" content=\"6 minutos\" \/>\n<script type=\"application\/ld+json\" class=\"yoast-schema-graph\">{\"@context\":\"https:\\\/\\\/schema.org\",\"@graph\":[{\"@type\":\"Article\",\"@id\":\"https:\\\/\\\/jornalbeirario.com.br\\\/portal\\\/?p=14891#article\",\"isPartOf\":{\"@id\":\"https:\\\/\\\/jornalbeirario.com.br\\\/portal\\\/?p=14891\"},\"author\":{\"name\":\"Jornal BEIRA-RIO\",\"@id\":\"https:\\\/\\\/jornalbeirario.com.br\\\/portal\\\/#\\\/schema\\\/person\\\/c6c423e4c2465d2a9233f6539173e7c1\"},\"headline\":\"QUEM PENSA? Feliz anivers\u00e1rio Resende!\",\"datePublished\":\"2013-09-27T12:02:55+00:00\",\"mainEntityOfPage\":{\"@id\":\"https:\\\/\\\/jornalbeirario.com.br\\\/portal\\\/?p=14891\"},\"wordCount\":1180,\"commentCount\":0,\"publisher\":{\"@id\":\"https:\\\/\\\/jornalbeirario.com.br\\\/portal\\\/#organization\"},\"keywords\":[\"dehoraemhora\"],\"articleSection\":[\"Opini\u00e3o\"],\"inLanguage\":\"pt-BR\",\"potentialAction\":[{\"@type\":\"CommentAction\",\"name\":\"Comment\",\"target\":[\"https:\\\/\\\/jornalbeirario.com.br\\\/portal\\\/?p=14891#respond\"]}]},{\"@type\":\"WebPage\",\"@id\":\"https:\\\/\\\/jornalbeirario.com.br\\\/portal\\\/?p=14891\",\"url\":\"https:\\\/\\\/jornalbeirario.com.br\\\/portal\\\/?p=14891\",\"name\":\"QUEM PENSA? Feliz anivers\u00e1rio Resende! - JORNAL BEIRA RIO\",\"isPartOf\":{\"@id\":\"https:\\\/\\\/jornalbeirario.com.br\\\/portal\\\/#website\"},\"datePublished\":\"2013-09-27T12:02:55+00:00\",\"breadcrumb\":{\"@id\":\"https:\\\/\\\/jornalbeirario.com.br\\\/portal\\\/?p=14891#breadcrumb\"},\"inLanguage\":\"pt-BR\",\"potentialAction\":[{\"@type\":\"ReadAction\",\"target\":[\"https:\\\/\\\/jornalbeirario.com.br\\\/portal\\\/?p=14891\"]}]},{\"@type\":\"BreadcrumbList\",\"@id\":\"https:\\\/\\\/jornalbeirario.com.br\\\/portal\\\/?p=14891#breadcrumb\",\"itemListElement\":[{\"@type\":\"ListItem\",\"position\":1,\"name\":\"Home\",\"item\":\"https:\\\/\\\/jornalbeirario.com.br\\\/portal\"},{\"@type\":\"ListItem\",\"position\":2,\"name\":\"QUEM PENSA? Feliz anivers\u00e1rio Resende!\"}]},{\"@type\":\"WebSite\",\"@id\":\"https:\\\/\\\/jornalbeirario.com.br\\\/portal\\\/#website\",\"url\":\"https:\\\/\\\/jornalbeirario.com.br\\\/portal\\\/\",\"name\":\"JORNAL BEIRA RIO\",\"description\":\"\",\"publisher\":{\"@id\":\"https:\\\/\\\/jornalbeirario.com.br\\\/portal\\\/#organization\"},\"potentialAction\":[{\"@type\":\"SearchAction\",\"target\":{\"@type\":\"EntryPoint\",\"urlTemplate\":\"https:\\\/\\\/jornalbeirario.com.br\\\/portal\\\/?s={search_term_string}\"},\"query-input\":{\"@type\":\"PropertyValueSpecification\",\"valueRequired\":true,\"valueName\":\"search_term_string\"}}],\"inLanguage\":\"pt-BR\"},{\"@type\":\"Organization\",\"@id\":\"https:\\\/\\\/jornalbeirario.com.br\\\/portal\\\/#organization\",\"name\":\"JORNAL BEIRA RIO\",\"url\":\"https:\\\/\\\/jornalbeirario.com.br\\\/portal\\\/\",\"logo\":{\"@type\":\"ImageObject\",\"inLanguage\":\"pt-BR\",\"@id\":\"https:\\\/\\\/jornalbeirario.com.br\\\/portal\\\/#\\\/schema\\\/logo\\\/image\\\/\",\"url\":\"https:\\\/\\\/jornalbeirario.com.br\\\/portal\\\/wp-content\\\/uploads\\\/2017\\\/09\\\/BEIRA-RIO_logo600.png\",\"contentUrl\":\"https:\\\/\\\/jornalbeirario.com.br\\\/portal\\\/wp-content\\\/uploads\\\/2017\\\/09\\\/BEIRA-RIO_logo600.png\",\"width\":650,\"height\":108,\"caption\":\"JORNAL BEIRA RIO\"},\"image\":{\"@id\":\"https:\\\/\\\/jornalbeirario.com.br\\\/portal\\\/#\\\/schema\\\/logo\\\/image\\\/\"}},{\"@type\":\"Person\",\"@id\":\"https:\\\/\\\/jornalbeirario.com.br\\\/portal\\\/#\\\/schema\\\/person\\\/c6c423e4c2465d2a9233f6539173e7c1\",\"name\":\"Jornal BEIRA-RIO\",\"image\":{\"@type\":\"ImageObject\",\"inLanguage\":\"pt-BR\",\"@id\":\"https:\\\/\\\/jornalbeirario.com.br\\\/portal\\\/wp-content\\\/uploads\\\/2023\\\/10\\\/logojbr1.jpg\",\"url\":\"https:\\\/\\\/jornalbeirario.com.br\\\/portal\\\/wp-content\\\/uploads\\\/2023\\\/10\\\/logojbr1.jpg\",\"contentUrl\":\"https:\\\/\\\/jornalbeirario.com.br\\\/portal\\\/wp-content\\\/uploads\\\/2023\\\/10\\\/logojbr1.jpg\",\"caption\":\"Jornal BEIRA-RIO\"},\"url\":\"https:\\\/\\\/jornalbeirario.com.br\\\/portal\\\/?author=1\"}]}<\/script>\n<!-- \/ Yoast SEO plugin. -->","yoast_head_json":{"title":"QUEM PENSA? Feliz anivers\u00e1rio Resende! - JORNAL BEIRA RIO","robots":{"index":"index","follow":"follow","max-snippet":"max-snippet:-1","max-image-preview":"max-image-preview:large","max-video-preview":"max-video-preview:-1"},"canonical":"https:\/\/jornalbeirario.com.br\/portal\/?p=14891","og_locale":"pt_BR","og_type":"article","og_title":"QUEM PENSA? Feliz anivers\u00e1rio Resende! - JORNAL BEIRA RIO","og_description":"Ao completar 212 anos, o munic\u00edpio de Resende continua a ser lembrado como a \u201ccidade que tem a Academia Militar, n\u00e3o \u00e9 isso?\u201d indagam","og_url":"https:\/\/jornalbeirario.com.br\/portal\/?p=14891","og_site_name":"JORNAL BEIRA RIO","article_published_time":"2013-09-27T12:02:55+00:00","author":"Jornal BEIRA-RIO","twitter_card":"summary_large_image","twitter_misc":{"Escrito por":"Jornal BEIRA-RIO","Est. tempo de leitura":"6 minutos"},"schema":{"@context":"https:\/\/schema.org","@graph":[{"@type":"Article","@id":"https:\/\/jornalbeirario.com.br\/portal\/?p=14891#article","isPartOf":{"@id":"https:\/\/jornalbeirario.com.br\/portal\/?p=14891"},"author":{"name":"Jornal BEIRA-RIO","@id":"https:\/\/jornalbeirario.com.br\/portal\/#\/schema\/person\/c6c423e4c2465d2a9233f6539173e7c1"},"headline":"QUEM PENSA? Feliz anivers\u00e1rio Resende!","datePublished":"2013-09-27T12:02:55+00:00","mainEntityOfPage":{"@id":"https:\/\/jornalbeirario.com.br\/portal\/?p=14891"},"wordCount":1180,"commentCount":0,"publisher":{"@id":"https:\/\/jornalbeirario.com.br\/portal\/#organization"},"keywords":["dehoraemhora"],"articleSection":["Opini\u00e3o"],"inLanguage":"pt-BR","potentialAction":[{"@type":"CommentAction","name":"Comment","target":["https:\/\/jornalbeirario.com.br\/portal\/?p=14891#respond"]}]},{"@type":"WebPage","@id":"https:\/\/jornalbeirario.com.br\/portal\/?p=14891","url":"https:\/\/jornalbeirario.com.br\/portal\/?p=14891","name":"QUEM PENSA? Feliz anivers\u00e1rio Resende! - JORNAL BEIRA RIO","isPartOf":{"@id":"https:\/\/jornalbeirario.com.br\/portal\/#website"},"datePublished":"2013-09-27T12:02:55+00:00","breadcrumb":{"@id":"https:\/\/jornalbeirario.com.br\/portal\/?p=14891#breadcrumb"},"inLanguage":"pt-BR","potentialAction":[{"@type":"ReadAction","target":["https:\/\/jornalbeirario.com.br\/portal\/?p=14891"]}]},{"@type":"BreadcrumbList","@id":"https:\/\/jornalbeirario.com.br\/portal\/?p=14891#breadcrumb","itemListElement":[{"@type":"ListItem","position":1,"name":"Home","item":"https:\/\/jornalbeirario.com.br\/portal"},{"@type":"ListItem","position":2,"name":"QUEM PENSA? Feliz anivers\u00e1rio Resende!"}]},{"@type":"WebSite","@id":"https:\/\/jornalbeirario.com.br\/portal\/#website","url":"https:\/\/jornalbeirario.com.br\/portal\/","name":"JORNAL BEIRA RIO","description":"","publisher":{"@id":"https:\/\/jornalbeirario.com.br\/portal\/#organization"},"potentialAction":[{"@type":"SearchAction","target":{"@type":"EntryPoint","urlTemplate":"https:\/\/jornalbeirario.com.br\/portal\/?s={search_term_string}"},"query-input":{"@type":"PropertyValueSpecification","valueRequired":true,"valueName":"search_term_string"}}],"inLanguage":"pt-BR"},{"@type":"Organization","@id":"https:\/\/jornalbeirario.com.br\/portal\/#organization","name":"JORNAL BEIRA RIO","url":"https:\/\/jornalbeirario.com.br\/portal\/","logo":{"@type":"ImageObject","inLanguage":"pt-BR","@id":"https:\/\/jornalbeirario.com.br\/portal\/#\/schema\/logo\/image\/","url":"https:\/\/jornalbeirario.com.br\/portal\/wp-content\/uploads\/2017\/09\/BEIRA-RIO_logo600.png","contentUrl":"https:\/\/jornalbeirario.com.br\/portal\/wp-content\/uploads\/2017\/09\/BEIRA-RIO_logo600.png","width":650,"height":108,"caption":"JORNAL BEIRA RIO"},"image":{"@id":"https:\/\/jornalbeirario.com.br\/portal\/#\/schema\/logo\/image\/"}},{"@type":"Person","@id":"https:\/\/jornalbeirario.com.br\/portal\/#\/schema\/person\/c6c423e4c2465d2a9233f6539173e7c1","name":"Jornal BEIRA-RIO","image":{"@type":"ImageObject","inLanguage":"pt-BR","@id":"https:\/\/jornalbeirario.com.br\/portal\/wp-content\/uploads\/2023\/10\/logojbr1.jpg","url":"https:\/\/jornalbeirario.com.br\/portal\/wp-content\/uploads\/2023\/10\/logojbr1.jpg","contentUrl":"https:\/\/jornalbeirario.com.br\/portal\/wp-content\/uploads\/2023\/10\/logojbr1.jpg","caption":"Jornal BEIRA-RIO"},"url":"https:\/\/jornalbeirario.com.br\/portal\/?author=1"}]}},"_links":{"self":[{"href":"https:\/\/jornalbeirario.com.br\/portal\/index.php?rest_route=\/wp\/v2\/posts\/14891","targetHints":{"allow":["GET"]}}],"collection":[{"href":"https:\/\/jornalbeirario.com.br\/portal\/index.php?rest_route=\/wp\/v2\/posts"}],"about":[{"href":"https:\/\/jornalbeirario.com.br\/portal\/index.php?rest_route=\/wp\/v2\/types\/post"}],"author":[{"embeddable":true,"href":"https:\/\/jornalbeirario.com.br\/portal\/index.php?rest_route=\/wp\/v2\/users\/1"}],"replies":[{"embeddable":true,"href":"https:\/\/jornalbeirario.com.br\/portal\/index.php?rest_route=%2Fwp%2Fv2%2Fcomments&post=14891"}],"version-history":[{"count":1,"href":"https:\/\/jornalbeirario.com.br\/portal\/index.php?rest_route=\/wp\/v2\/posts\/14891\/revisions"}],"predecessor-version":[{"id":14892,"href":"https:\/\/jornalbeirario.com.br\/portal\/index.php?rest_route=\/wp\/v2\/posts\/14891\/revisions\/14892"}],"wp:attachment":[{"href":"https:\/\/jornalbeirario.com.br\/portal\/index.php?rest_route=%2Fwp%2Fv2%2Fmedia&parent=14891"}],"wp:term":[{"taxonomy":"category","embeddable":true,"href":"https:\/\/jornalbeirario.com.br\/portal\/index.php?rest_route=%2Fwp%2Fv2%2Fcategories&post=14891"},{"taxonomy":"post_tag","embeddable":true,"href":"https:\/\/jornalbeirario.com.br\/portal\/index.php?rest_route=%2Fwp%2Fv2%2Ftags&post=14891"}],"curies":[{"name":"wp","href":"https:\/\/api.w.org\/{rel}","templated":true}]}}