
{"id":14887,"date":"2013-09-27T12:01:44","date_gmt":"2013-09-27T12:01:44","guid":{"rendered":"http:\/\/jornalbeirario.com.br\/portal\/portal\/?p=14887"},"modified":"2013-09-27T12:01:44","modified_gmt":"2013-09-27T12:01:44","slug":"social-lais-amaral-20","status":"publish","type":"post","link":"https:\/\/jornalbeirario.com.br\/portal\/?p=14887","title":{"rendered":"SOCIAL LA\u00cdS AMARAL"},"content":{"rendered":"<p style=\"text-align: justify;\">Um freio na farsa pol\u00edtica<br \/>\nContrariando os interesses da Grande Imprensa &#8211; bra\u00e7o midi\u00e1tico de setores conservadores e reacion\u00e1rios da pol\u00edtica nacional &#8211; a maioria dos ministros do Supremo Tribunal Federal aprovou os chamados \u2018embargos infringentes\u2019. Nome esquisito que significa a oportunidade de recursos para os r\u00e9us da a\u00e7\u00e3o apelidada de \u2018mensal\u00e3o\u2019. E foi esse comprometimento que impediu que essa Grande Imprensa aproveitasse a oportunidade de um julgamento dessa visibilidade para ser did\u00e1tica, esclarecendo, por exemplo, como funciona o \u2018Caixa 2\u2019, que foi na verdade, o \u201ccrime\u201d cometido por esse pessoal. Dessa forma ajudaria a sociedade a entender a necessidade premente de uma reforma pol\u00edtica que inclua, entre outras mudan\u00e7as, o financiamento p\u00fablico de campanha. O financiamento de origem privada como ocorre hoje \u00e9 o Genesis de todos os v\u00edcios e deforma\u00e7\u00f5es que entortam nossas campanhas eleitorais e proporciona uma variante de outros v\u00edcios e malfeitos, como diria a Presidente. A oportunidade de defesa veio desmascarar o absurdo de um julgamento pol\u00edtico em detrimento da Justi\u00e7a. Joaquim Barbosa trouxe da Alemanha a excresc\u00eancia chamada \u2018dom\u00ednio do fato\u2019 (que nem l\u00e1 \u00e9 usado) contrariando um dos pilares do nosso Direito que \u00e9 a presun\u00e7\u00e3o da inoc\u00eancia. Seria um precedente capaz de toldar o verdadeiro estado de direito concedendo um poder opressor ao Judici\u00e1rio. A derrota do arrogante e prepotente Barbosa (na foto, ao centro) foi uma vit\u00f3ria para o necess\u00e1rio equil\u00edbrio de for\u00e7as, t\u00e3o saud\u00e1vel \u00e0 rep\u00fablica e \u00e0 democracia. At\u00e9 Ives Gandra, jurista conservador, antipetista e malufista de carteirinha admitiu que Jos\u00e9 Dirceu foi condenado sem provas. Disse isso \u00e0 jornalista M\u00f4nica Bergamo (Folha) na edi\u00e7\u00e3o de domingo. (Pra quem n\u00e3o leu, a \u00edntegra no meu blog: www.bocadesiri-lais.blogspot.com).<\/p>\n<p>Aos leitores com carinho<br \/>\nEstava eu em uma das minhas padarias favoritas quando chegou uma mulher, de idade mediana, com um sorriso simp\u00e1tico e perguntou meu nome. Revelou que era minha leitora e gostava, preferencialmente de ler sobre a \u2018mulher mais bonita de Resende\u2019. Disse que acompanha com curiosidade. Conversei sobre as diferen\u00e7as de coment\u00e1rios e cr\u00f4nicas, que misturo na coluna e sobre a tal mulher, que embora exista realmente, \u00e9 mais uma personagem dos meus del\u00edrios de escriba. Fez bem o carinho da Ingla Magali. Do primeiro nome tenho d\u00favida (mem\u00f3ria) mas o segundo tenho certeza. Ela mostrou, na perna, uma tatuagem com a personagem de Maur\u00edcio de Souza. Beijo pra ela.<\/p>\n<p>TRIPA<br \/>\n* Come\u00e7ou domingo passado o So\u00e7aite Quarent\u00e3o da AABB. Os resultados foram os seguintes: Casa da Lua 2 x 1 Alambari, Brameiros 3 x 1 Turma da Pelada e Amigos do S\u00edtio 4 x 2 Ipiranga. A rodada deste domingo ser\u00e1: Amigos do S\u00edtio x Brameiro (8h45min), Alambari x Ipiranga (10h) e Casa da Lua x Turma da Pelada (11h15min) * Hoje (dia 27) e amanh\u00e3 ser\u00e1 realizado em Resende o I F\u00f3rum de Hotelaria Hospitalar do Vale do Para\u00edba. O evento ser\u00e1 realizado no teatro do Col\u00e9gio S\u00e3o Jos\u00e9 Salesiano. Mais informa\u00e7\u00f5es no Site: www.sociedadedehotelariaherj.com.br. Parab\u00e9ns \u00e0 Leila Pena * E a \u00c2ngela Merkel, hein ! foi eleita pela terceira vez. A\u00ed a gente v\u00ea os correspondentes das nossas emissoras de TV quase n\u00e3o conseguindo dissimular uma euforia ao descrever o feito da chanceler alem\u00e3. Com o Hugo Chaves o tratamento era bem outro. S\u00e3os as mentes colonizadas * Domingo, dia 29, al\u00e9m do anivers\u00e1rio de Resende, \u00e9 o dia do Inhoque da Fortuna, do Odylo e da Maria Carmem * Hoje, dia 27, na Arena Cultural da Exapicor, se apresentam quatro corais: um coral de crian\u00e7as, o coral Vozes das Agulhas Negras, o excelente Coral do Visconde (de Visconde de Mau\u00e1) e o rec\u00e9m-criado \u2018Resencanto\u2019 formado por servidores da Prefeitura de Resende (eu incluso) * No dia 12 de outubro tem mais um \u2018Pagode do Alerta\u2019 no Garfo e Faca. M\u00fasica e mulher bonita pra mais de metro * Shows da Exapicor: hoje (27) \u201cO Rappa\u201d e no Palco Resende: Banda 4\u00ba Grau, Camafeu, Zona Ac\u00fastica, AP 47 e Jahpass\u00f4. Amanh\u00e3: Patati Patata, Jota Quest e no Palco Resende: R16, Cassius Clay, Gravidade Zero, Vers\u00e3o Brasileira e G5. Domingo: Eug\u00eanio Jorge, Cesar Menotti e Fabiano. Palco Resende: Thalles e Luan, Tocantins e filhos.<\/p>\n<p>ANIVERS\u00c1RIOS<br \/>\nNa ter\u00e7a, dia 24, o Jo\u00e3o, do \u2018Verde que te quero Verde\u2019, ficou mais experiente. Nessa quinta, dia 26, a Renata Martinho Vila\u00e7a e o Antonio Dias \u2018Chumbinho\u2019 inauguraram idade nova. Hoje, dia 27, um grupo de amigos: o Guilherme Reeve, o Antonio Henrique Siqueira \u2018Ded\u00e9\u2019, o Andr\u00e9 Cam\u00f5es, o Evaldo de Castro, a Loliza Domingues e o Jo\u00e3o Batista Silva recebem os \u2018parab\u00e9ns\u2019. Amanh\u00e3, dia 28, ser\u00e1 a vez da Marcelle Ponssiano, do Carlos Magno, do Cloves Alves, do Jos\u00e9 Roberto Pereira, do Cl\u00e1udio Oliveira \u2018De Araujo\u2019 e da minha super-amiga Mait\u00ea Vetorello mudarem de idade. No domingo, al\u00e9m de Resende, contam mais um ano de vida a Helena Menandro e o Geraldo Calixto. Parab\u00e9ns e todas as felicidades do mundo a eles.<\/p>\n","protected":false},"excerpt":{"rendered":"<p>Um freio na farsa pol\u00edtica Contrariando os interesses da Grande Imprensa &#8211; bra\u00e7o midi\u00e1tico de setores conservadores e reacion\u00e1rios da pol\u00edtica nacional &#8211; a<\/p>\n","protected":false},"author":1,"featured_media":0,"comment_status":"open","ping_status":"open","sticky":false,"template":"","format":"standard","meta":{"pmpro_default_level":"","footnotes":""},"categories":[13],"tags":[],"class_list":["post-14887","post","type-post","status-publish","format-standard","hentry","category-social","pmpro-has-access"],"yoast_head":"<!-- This site is optimized with the Yoast SEO plugin v27.4 - https:\/\/yoast.com\/product\/yoast-seo-wordpress\/ -->\n<title>SOCIAL LA\u00cdS AMARAL - JORNAL BEIRA RIO<\/title>\n<meta name=\"robots\" content=\"index, follow, max-snippet:-1, max-image-preview:large, max-video-preview:-1\" \/>\n<link rel=\"canonical\" href=\"https:\/\/jornalbeirario.com.br\/portal\/?p=14887\" \/>\n<meta property=\"og:locale\" content=\"pt_BR\" \/>\n<meta property=\"og:type\" content=\"article\" \/>\n<meta property=\"og:title\" content=\"SOCIAL LA\u00cdS AMARAL - JORNAL BEIRA RIO\" \/>\n<meta property=\"og:description\" content=\"Um freio na farsa pol\u00edtica Contrariando os interesses da Grande Imprensa &#8211; bra\u00e7o midi\u00e1tico de setores conservadores e reacion\u00e1rios da pol\u00edtica nacional &#8211; a\" \/>\n<meta property=\"og:url\" content=\"https:\/\/jornalbeirario.com.br\/portal\/?p=14887\" \/>\n<meta property=\"og:site_name\" content=\"JORNAL BEIRA RIO\" \/>\n<meta property=\"article:published_time\" content=\"2013-09-27T12:01:44+00:00\" \/>\n<meta name=\"author\" content=\"Jornal BEIRA-RIO\" \/>\n<meta name=\"twitter:card\" content=\"summary_large_image\" \/>\n<meta name=\"twitter:label1\" content=\"Escrito por\" \/>\n\t<meta name=\"twitter:data1\" content=\"Jornal BEIRA-RIO\" \/>\n\t<meta name=\"twitter:label2\" content=\"Est. tempo de leitura\" \/>\n\t<meta name=\"twitter:data2\" content=\"4 minutos\" \/>\n<script type=\"application\/ld+json\" class=\"yoast-schema-graph\">{\"@context\":\"https:\\\/\\\/schema.org\",\"@graph\":[{\"@type\":\"Article\",\"@id\":\"https:\\\/\\\/jornalbeirario.com.br\\\/portal\\\/?p=14887#article\",\"isPartOf\":{\"@id\":\"https:\\\/\\\/jornalbeirario.com.br\\\/portal\\\/?p=14887\"},\"author\":{\"name\":\"Jornal BEIRA-RIO\",\"@id\":\"https:\\\/\\\/jornalbeirario.com.br\\\/portal\\\/#\\\/schema\\\/person\\\/c6c423e4c2465d2a9233f6539173e7c1\"},\"headline\":\"SOCIAL LA\u00cdS AMARAL\",\"datePublished\":\"2013-09-27T12:01:44+00:00\",\"mainEntityOfPage\":{\"@id\":\"https:\\\/\\\/jornalbeirario.com.br\\\/portal\\\/?p=14887\"},\"wordCount\":860,\"commentCount\":0,\"publisher\":{\"@id\":\"https:\\\/\\\/jornalbeirario.com.br\\\/portal\\\/#organization\"},\"articleSection\":[\"Social\"],\"inLanguage\":\"pt-BR\",\"potentialAction\":[{\"@type\":\"CommentAction\",\"name\":\"Comment\",\"target\":[\"https:\\\/\\\/jornalbeirario.com.br\\\/portal\\\/?p=14887#respond\"]}]},{\"@type\":\"WebPage\",\"@id\":\"https:\\\/\\\/jornalbeirario.com.br\\\/portal\\\/?p=14887\",\"url\":\"https:\\\/\\\/jornalbeirario.com.br\\\/portal\\\/?p=14887\",\"name\":\"SOCIAL LA\u00cdS AMARAL - JORNAL BEIRA RIO\",\"isPartOf\":{\"@id\":\"https:\\\/\\\/jornalbeirario.com.br\\\/portal\\\/#website\"},\"datePublished\":\"2013-09-27T12:01:44+00:00\",\"breadcrumb\":{\"@id\":\"https:\\\/\\\/jornalbeirario.com.br\\\/portal\\\/?p=14887#breadcrumb\"},\"inLanguage\":\"pt-BR\",\"potentialAction\":[{\"@type\":\"ReadAction\",\"target\":[\"https:\\\/\\\/jornalbeirario.com.br\\\/portal\\\/?p=14887\"]}]},{\"@type\":\"BreadcrumbList\",\"@id\":\"https:\\\/\\\/jornalbeirario.com.br\\\/portal\\\/?p=14887#breadcrumb\",\"itemListElement\":[{\"@type\":\"ListItem\",\"position\":1,\"name\":\"Home\",\"item\":\"https:\\\/\\\/jornalbeirario.com.br\\\/portal\"},{\"@type\":\"ListItem\",\"position\":2,\"name\":\"SOCIAL LA\u00cdS AMARAL\"}]},{\"@type\":\"WebSite\",\"@id\":\"https:\\\/\\\/jornalbeirario.com.br\\\/portal\\\/#website\",\"url\":\"https:\\\/\\\/jornalbeirario.com.br\\\/portal\\\/\",\"name\":\"JORNAL BEIRA RIO\",\"description\":\"\",\"publisher\":{\"@id\":\"https:\\\/\\\/jornalbeirario.com.br\\\/portal\\\/#organization\"},\"potentialAction\":[{\"@type\":\"SearchAction\",\"target\":{\"@type\":\"EntryPoint\",\"urlTemplate\":\"https:\\\/\\\/jornalbeirario.com.br\\\/portal\\\/?s={search_term_string}\"},\"query-input\":{\"@type\":\"PropertyValueSpecification\",\"valueRequired\":true,\"valueName\":\"search_term_string\"}}],\"inLanguage\":\"pt-BR\"},{\"@type\":\"Organization\",\"@id\":\"https:\\\/\\\/jornalbeirario.com.br\\\/portal\\\/#organization\",\"name\":\"JORNAL BEIRA RIO\",\"url\":\"https:\\\/\\\/jornalbeirario.com.br\\\/portal\\\/\",\"logo\":{\"@type\":\"ImageObject\",\"inLanguage\":\"pt-BR\",\"@id\":\"https:\\\/\\\/jornalbeirario.com.br\\\/portal\\\/#\\\/schema\\\/logo\\\/image\\\/\",\"url\":\"https:\\\/\\\/jornalbeirario.com.br\\\/portal\\\/wp-content\\\/uploads\\\/2017\\\/09\\\/BEIRA-RIO_logo600.png\",\"contentUrl\":\"https:\\\/\\\/jornalbeirario.com.br\\\/portal\\\/wp-content\\\/uploads\\\/2017\\\/09\\\/BEIRA-RIO_logo600.png\",\"width\":650,\"height\":108,\"caption\":\"JORNAL BEIRA RIO\"},\"image\":{\"@id\":\"https:\\\/\\\/jornalbeirario.com.br\\\/portal\\\/#\\\/schema\\\/logo\\\/image\\\/\"}},{\"@type\":\"Person\",\"@id\":\"https:\\\/\\\/jornalbeirario.com.br\\\/portal\\\/#\\\/schema\\\/person\\\/c6c423e4c2465d2a9233f6539173e7c1\",\"name\":\"Jornal BEIRA-RIO\",\"image\":{\"@type\":\"ImageObject\",\"inLanguage\":\"pt-BR\",\"@id\":\"https:\\\/\\\/jornalbeirario.com.br\\\/portal\\\/wp-content\\\/uploads\\\/2023\\\/10\\\/logojbr1.jpg\",\"url\":\"https:\\\/\\\/jornalbeirario.com.br\\\/portal\\\/wp-content\\\/uploads\\\/2023\\\/10\\\/logojbr1.jpg\",\"contentUrl\":\"https:\\\/\\\/jornalbeirario.com.br\\\/portal\\\/wp-content\\\/uploads\\\/2023\\\/10\\\/logojbr1.jpg\",\"caption\":\"Jornal BEIRA-RIO\"},\"url\":\"https:\\\/\\\/jornalbeirario.com.br\\\/portal\\\/?author=1\"}]}<\/script>\n<!-- \/ Yoast SEO plugin. -->","yoast_head_json":{"title":"SOCIAL LA\u00cdS AMARAL - JORNAL BEIRA RIO","robots":{"index":"index","follow":"follow","max-snippet":"max-snippet:-1","max-image-preview":"max-image-preview:large","max-video-preview":"max-video-preview:-1"},"canonical":"https:\/\/jornalbeirario.com.br\/portal\/?p=14887","og_locale":"pt_BR","og_type":"article","og_title":"SOCIAL LA\u00cdS AMARAL - JORNAL BEIRA RIO","og_description":"Um freio na farsa pol\u00edtica Contrariando os interesses da Grande Imprensa &#8211; bra\u00e7o midi\u00e1tico de setores conservadores e reacion\u00e1rios da pol\u00edtica nacional &#8211; a","og_url":"https:\/\/jornalbeirario.com.br\/portal\/?p=14887","og_site_name":"JORNAL BEIRA RIO","article_published_time":"2013-09-27T12:01:44+00:00","author":"Jornal BEIRA-RIO","twitter_card":"summary_large_image","twitter_misc":{"Escrito por":"Jornal BEIRA-RIO","Est. tempo de leitura":"4 minutos"},"schema":{"@context":"https:\/\/schema.org","@graph":[{"@type":"Article","@id":"https:\/\/jornalbeirario.com.br\/portal\/?p=14887#article","isPartOf":{"@id":"https:\/\/jornalbeirario.com.br\/portal\/?p=14887"},"author":{"name":"Jornal BEIRA-RIO","@id":"https:\/\/jornalbeirario.com.br\/portal\/#\/schema\/person\/c6c423e4c2465d2a9233f6539173e7c1"},"headline":"SOCIAL LA\u00cdS AMARAL","datePublished":"2013-09-27T12:01:44+00:00","mainEntityOfPage":{"@id":"https:\/\/jornalbeirario.com.br\/portal\/?p=14887"},"wordCount":860,"commentCount":0,"publisher":{"@id":"https:\/\/jornalbeirario.com.br\/portal\/#organization"},"articleSection":["Social"],"inLanguage":"pt-BR","potentialAction":[{"@type":"CommentAction","name":"Comment","target":["https:\/\/jornalbeirario.com.br\/portal\/?p=14887#respond"]}]},{"@type":"WebPage","@id":"https:\/\/jornalbeirario.com.br\/portal\/?p=14887","url":"https:\/\/jornalbeirario.com.br\/portal\/?p=14887","name":"SOCIAL LA\u00cdS AMARAL - JORNAL BEIRA RIO","isPartOf":{"@id":"https:\/\/jornalbeirario.com.br\/portal\/#website"},"datePublished":"2013-09-27T12:01:44+00:00","breadcrumb":{"@id":"https:\/\/jornalbeirario.com.br\/portal\/?p=14887#breadcrumb"},"inLanguage":"pt-BR","potentialAction":[{"@type":"ReadAction","target":["https:\/\/jornalbeirario.com.br\/portal\/?p=14887"]}]},{"@type":"BreadcrumbList","@id":"https:\/\/jornalbeirario.com.br\/portal\/?p=14887#breadcrumb","itemListElement":[{"@type":"ListItem","position":1,"name":"Home","item":"https:\/\/jornalbeirario.com.br\/portal"},{"@type":"ListItem","position":2,"name":"SOCIAL LA\u00cdS AMARAL"}]},{"@type":"WebSite","@id":"https:\/\/jornalbeirario.com.br\/portal\/#website","url":"https:\/\/jornalbeirario.com.br\/portal\/","name":"JORNAL BEIRA RIO","description":"","publisher":{"@id":"https:\/\/jornalbeirario.com.br\/portal\/#organization"},"potentialAction":[{"@type":"SearchAction","target":{"@type":"EntryPoint","urlTemplate":"https:\/\/jornalbeirario.com.br\/portal\/?s={search_term_string}"},"query-input":{"@type":"PropertyValueSpecification","valueRequired":true,"valueName":"search_term_string"}}],"inLanguage":"pt-BR"},{"@type":"Organization","@id":"https:\/\/jornalbeirario.com.br\/portal\/#organization","name":"JORNAL BEIRA RIO","url":"https:\/\/jornalbeirario.com.br\/portal\/","logo":{"@type":"ImageObject","inLanguage":"pt-BR","@id":"https:\/\/jornalbeirario.com.br\/portal\/#\/schema\/logo\/image\/","url":"https:\/\/jornalbeirario.com.br\/portal\/wp-content\/uploads\/2017\/09\/BEIRA-RIO_logo600.png","contentUrl":"https:\/\/jornalbeirario.com.br\/portal\/wp-content\/uploads\/2017\/09\/BEIRA-RIO_logo600.png","width":650,"height":108,"caption":"JORNAL BEIRA RIO"},"image":{"@id":"https:\/\/jornalbeirario.com.br\/portal\/#\/schema\/logo\/image\/"}},{"@type":"Person","@id":"https:\/\/jornalbeirario.com.br\/portal\/#\/schema\/person\/c6c423e4c2465d2a9233f6539173e7c1","name":"Jornal BEIRA-RIO","image":{"@type":"ImageObject","inLanguage":"pt-BR","@id":"https:\/\/jornalbeirario.com.br\/portal\/wp-content\/uploads\/2023\/10\/logojbr1.jpg","url":"https:\/\/jornalbeirario.com.br\/portal\/wp-content\/uploads\/2023\/10\/logojbr1.jpg","contentUrl":"https:\/\/jornalbeirario.com.br\/portal\/wp-content\/uploads\/2023\/10\/logojbr1.jpg","caption":"Jornal BEIRA-RIO"},"url":"https:\/\/jornalbeirario.com.br\/portal\/?author=1"}]}},"_links":{"self":[{"href":"https:\/\/jornalbeirario.com.br\/portal\/index.php?rest_route=\/wp\/v2\/posts\/14887","targetHints":{"allow":["GET"]}}],"collection":[{"href":"https:\/\/jornalbeirario.com.br\/portal\/index.php?rest_route=\/wp\/v2\/posts"}],"about":[{"href":"https:\/\/jornalbeirario.com.br\/portal\/index.php?rest_route=\/wp\/v2\/types\/post"}],"author":[{"embeddable":true,"href":"https:\/\/jornalbeirario.com.br\/portal\/index.php?rest_route=\/wp\/v2\/users\/1"}],"replies":[{"embeddable":true,"href":"https:\/\/jornalbeirario.com.br\/portal\/index.php?rest_route=%2Fwp%2Fv2%2Fcomments&post=14887"}],"version-history":[{"count":1,"href":"https:\/\/jornalbeirario.com.br\/portal\/index.php?rest_route=\/wp\/v2\/posts\/14887\/revisions"}],"predecessor-version":[{"id":14888,"href":"https:\/\/jornalbeirario.com.br\/portal\/index.php?rest_route=\/wp\/v2\/posts\/14887\/revisions\/14888"}],"wp:attachment":[{"href":"https:\/\/jornalbeirario.com.br\/portal\/index.php?rest_route=%2Fwp%2Fv2%2Fmedia&parent=14887"}],"wp:term":[{"taxonomy":"category","embeddable":true,"href":"https:\/\/jornalbeirario.com.br\/portal\/index.php?rest_route=%2Fwp%2Fv2%2Fcategories&post=14887"},{"taxonomy":"post_tag","embeddable":true,"href":"https:\/\/jornalbeirario.com.br\/portal\/index.php?rest_route=%2Fwp%2Fv2%2Ftags&post=14887"}],"curies":[{"name":"wp","href":"https:\/\/api.w.org\/{rel}","templated":true}]}}