
{"id":14712,"date":"2013-09-20T03:37:37","date_gmt":"2013-09-20T03:37:37","guid":{"rendered":"http:\/\/jornalbeirario.com.br\/portal\/portal\/?p=14712"},"modified":"2013-09-20T03:37:37","modified_gmt":"2013-09-20T03:37:37","slug":"lais-amaral-25","status":"publish","type":"post","link":"https:\/\/jornalbeirario.com.br\/portal\/?p=14712","title":{"rendered":"La\u00eds Amaral"},"content":{"rendered":"<p style=\"text-align: justify;\"><strong>O estranho caso do Beto Schina<\/strong><br \/>\nAlgu\u00e9m j\u00e1 falou que a vida \u00e9 capaz de comportar uma quantidade de loucuras que supera de longe qualquer obra de fic\u00e7\u00e3o na linha do absurdo. Foi o que ocorreu com os irm\u00e3os Maur\u00edcio Schina e Beto Schina, filhos de um casal alem\u00e3o que por aqui chegou ainda na d\u00e9cada de quarenta fugindo das mazelas nazistas. Desde muito cedo eles deram mostra da diferen\u00e7a de personalidade. Maur\u00edcio, um ano mais velho, era obediente e estudioso enquanto Beto vivia a quebrar vidra\u00e7as dos vizinhos. Maur\u00edcio virou um m\u00e9dico respeitado e casou cedo. Beto formou-se em arquitetura, n\u00e3o exerceu e vivia desregrado em orgias e com amantes de toda sorte.\u00a0 Foram muitos os confrontos entre os dois desde a inf\u00e2ncia e Beto sempre parecia levar melhor. A \u00faltima contenda ocorreu recentemente por conta de um \u2018checape\u2019 que Maur\u00edcio preocupado com a sa\u00fade do irm\u00e3o, praticamente o obrigou a fazer. O resultado do exame de sangue deixou Maur\u00edcio perplexo. Com todas as extravag\u00e2ncias alimentares e et\u00edlicas, Beto tinha um sangue de menino: colesterol l\u00e1 embaixo, triglicer\u00eddeo idem, hem\u00e1cias, leuc\u00f3citos, hemoglobina tudo no lugar. Beto ria do irm\u00e3o ao lembrar-se da troca do material coletado no laborat\u00f3rio. A an\u00e1lise fora feita no sangue de uma jovem que ele conhecera dias antes. Tudo maravilhoso no resultado n\u00e3o fosse por um detalhe surpreendente: Beto estava gr\u00e1vido de cinco meses. Maur\u00edcio enfim, rompeu rela\u00e7\u00f5es com o irm\u00e3o.<\/p>\n<p style=\"text-align: justify;\"><strong>S\u00e1bado tem \u2018Samba no Boneco\u2019<\/strong><br \/>\nO samba vive um bom momento em Resende. Depois de muito tempo com o pagode reinando absoluto e ditando as regras nessa esfera da MPB, o velho e bom samba parece que vai (re) ocupando o seu espa\u00e7o. Na sexta-feira passada o \u2018Samba da Panela\u2019, no Zero Grau foi de arrepiar. Com os cantores Diogo Guimar\u00e3es (Alerta), Mariana Gomes e Sony Alves, mas uma turma de m\u00fasicos da pesada, a frente o virtuose Thiago Zaida e com a participa\u00e7\u00e3o sempre especial do \u00f3timo trombonista Jairo Queiroz, a noite foi uma quebradeira s\u00f3. O pr\u00f3ximo \u2018Samba da Panela\u2019 ser\u00e1 no dia 16 de outubro, mas pra ningu\u00e9m morrer de saudade, acontece neste s\u00e1bado, dia 21, a partir das 14 horas, mais uma edi\u00e7\u00e3o do \u201cSamba no Buteco\u201d, no bar do Alexandre, em frente ao \u2018Posto do Chiquinho\u2019. O mesmo time de m\u00fasicos e cantores promete incendiar a tarde que dever\u00e1 ter tamb\u00e9m Chorinho e Bossa Nova. Quem gosta de coisa boa n\u00e3o vai perder. A gente se v\u00ea por l\u00e1.<\/p>\n<p style=\"text-align: justify;\"><strong>TRIPA<\/strong><br \/>\n* Continua neste final de semana mais uma edi\u00e7\u00e3o do \u2018Cinema na Mesa\u2019 em Visconde de Mau\u00e1. O evento que combina cinema e gastronomia \u00e9 uma realiza\u00e7\u00e3o da Mauatur com apoio das Prefeituras de Resende e Itatiaia. Hoje dia 20, no Restaurante Rosmarino ser\u00e1 exibido \u00e0s 20h30min. o filme \u2018La Cena\u2019. Amanh\u00e3, dia 21, no Restaurante Caminho da Ro\u00e7a (Pousada Mau\u00e1 Brasil) \u00e0s 13 horas o filme \u2018Depois daquele baile\u2019 e no domingo no tradicional Hotel B\u00fchler, tamb\u00e9m \u00e0s 13 horas ser\u00e1 apresentado \u2018Simplesmente Martha\u2019. Informa\u00e7\u00f5es: (24) 3387-1283 * S\u00e1bado passado a diretora do Museu de Arte Moderna, Melissa Barretti comandou a entrega da premia\u00e7\u00e3o do tradicional Sal\u00e3o da Primavera. O pr\u00eamio Altamiro Pimenta foi para Bi\u00e9 Hardiman com tr\u00eas esculturas de baob\u00e1s; o Pr\u00eamio Funda\u00e7\u00e3o Casa da Cultura foi conquistado por Francisco Gomes da Costa com a obra \u2018Mulher em vasos de flores\u2019 e outras duas pe\u00e7as e o Pr\u00eamio Engenheiro Eitel C\u00e9sar Fernandes (CMR) foi para Gelson Mallorca com Introdu\u00e7\u00e3o para document\u00e1rio subjetivo. Refer\u00eancias especiais para Antonio Barbosa, Robert Koch, Jo\u00e3o Saboia, Fernando Quit\u00e9rio e Beatriz Chachamovits * Em Visconde de Mau\u00e1 est\u00e1 acontecendo\u00a0 desde essa quinta, a 3\u00aa Feira do Livro. No domingo, 22, no Centro Cultural \u00e0s 11h30min. ser\u00e1 lan\u00e7ado o livro \u201cCartas do Cruzeiro\u201d de Patr\u00edcia Taquece e H\u00e9lio Mattos. A Flivima segue at\u00e9 dia 29 * E o Obama espionando os outros e os terroristas dentro do seu pr\u00f3prio pa\u00eds. Mais um atentado: 13 mortos num pr\u00e9dio da marinha. Incompet\u00eancia!<\/p>\n<p style=\"text-align: justify;\"><strong>ANIVERS\u00c1RIO<\/strong><br \/>\nSegunda-feira, dia 16, minha colega de trabalho, Patr\u00edcia Soares contou mais um ano de vida. Na ter\u00e7a um trio de amigos recebeu os \u2018parab\u00e9ns\u2019: Marisa Siqueira, Alex Spada e Augusto Costa. Na quarta, dia 18, foi a vez da Thais Loretti soprar velinhas. Ontem, dia 19, a Joanna neta do casal Edison Lourosa e Maria Helena fez seu primeiro anivers\u00e1rio. A comemora\u00e7\u00e3o foi em Bristol, Inglaterra, onde vive a menininha orgulho dos av\u00f3s corujas. Na mesma data o Denilson de Paula e a Patr\u00edcia Tavares ficaram mais experientes. Hoje, dia 20, inauguram idade nova a Maria Eliza Bouza, a Virginie Duarte e o Rui Camejo. Amanh\u00e3, dia 21, um quarteto bem legal muda de idade: a Carmem Aguiar, o Guilherme Salgado (Alerta), a Cl\u00e1udia Rodrigues e a Lourdes Barboza. No domingo, dia 22, os vasca\u00ednos Marcos Alexandre e Paulo C\u00e9sar Silva (Cezinha) e o botafoguense Jos\u00e9 Roberto Corr\u00eaa (Mu\u00e7um) tamb\u00e9m ficam mais experientes. Parab\u00e9ns e todas as felicidades do mundo a eles.<\/p>\n","protected":false},"excerpt":{"rendered":"<p>O estranho caso do Beto Schina Algu\u00e9m j\u00e1 falou que a vida \u00e9 capaz de comportar uma quantidade de loucuras que supera de longe<\/p>\n","protected":false},"author":1,"featured_media":0,"comment_status":"open","ping_status":"open","sticky":false,"template":"","format":"standard","meta":{"pmpro_default_level":"","footnotes":""},"categories":[13],"tags":[],"class_list":["post-14712","post","type-post","status-publish","format-standard","hentry","category-social","pmpro-has-access"],"yoast_head":"<!-- This site is optimized with the Yoast SEO plugin v27.4 - https:\/\/yoast.com\/product\/yoast-seo-wordpress\/ -->\n<title>La\u00eds Amaral - JORNAL BEIRA RIO<\/title>\n<meta name=\"robots\" content=\"index, follow, max-snippet:-1, max-image-preview:large, max-video-preview:-1\" \/>\n<link rel=\"canonical\" href=\"https:\/\/jornalbeirario.com.br\/portal\/?p=14712\" \/>\n<meta property=\"og:locale\" content=\"pt_BR\" \/>\n<meta property=\"og:type\" content=\"article\" \/>\n<meta property=\"og:title\" content=\"La\u00eds Amaral - JORNAL BEIRA RIO\" \/>\n<meta property=\"og:description\" content=\"O estranho caso do Beto Schina Algu\u00e9m j\u00e1 falou que a vida \u00e9 capaz de comportar uma quantidade de loucuras que supera de longe\" \/>\n<meta property=\"og:url\" content=\"https:\/\/jornalbeirario.com.br\/portal\/?p=14712\" \/>\n<meta property=\"og:site_name\" content=\"JORNAL BEIRA RIO\" \/>\n<meta property=\"article:published_time\" content=\"2013-09-20T03:37:37+00:00\" \/>\n<meta name=\"author\" content=\"Jornal BEIRA-RIO\" \/>\n<meta name=\"twitter:card\" content=\"summary_large_image\" \/>\n<meta name=\"twitter:label1\" content=\"Escrito por\" \/>\n\t<meta name=\"twitter:data1\" content=\"Jornal BEIRA-RIO\" \/>\n\t<meta name=\"twitter:label2\" content=\"Est. tempo de leitura\" \/>\n\t<meta name=\"twitter:data2\" content=\"4 minutos\" \/>\n<script type=\"application\/ld+json\" class=\"yoast-schema-graph\">{\"@context\":\"https:\\\/\\\/schema.org\",\"@graph\":[{\"@type\":\"Article\",\"@id\":\"https:\\\/\\\/jornalbeirario.com.br\\\/portal\\\/?p=14712#article\",\"isPartOf\":{\"@id\":\"https:\\\/\\\/jornalbeirario.com.br\\\/portal\\\/?p=14712\"},\"author\":{\"name\":\"Jornal BEIRA-RIO\",\"@id\":\"https:\\\/\\\/jornalbeirario.com.br\\\/portal\\\/#\\\/schema\\\/person\\\/c6c423e4c2465d2a9233f6539173e7c1\"},\"headline\":\"La\u00eds Amaral\",\"datePublished\":\"2013-09-20T03:37:37+00:00\",\"mainEntityOfPage\":{\"@id\":\"https:\\\/\\\/jornalbeirario.com.br\\\/portal\\\/?p=14712\"},\"wordCount\":887,\"commentCount\":0,\"publisher\":{\"@id\":\"https:\\\/\\\/jornalbeirario.com.br\\\/portal\\\/#organization\"},\"articleSection\":[\"Social\"],\"inLanguage\":\"pt-BR\",\"potentialAction\":[{\"@type\":\"CommentAction\",\"name\":\"Comment\",\"target\":[\"https:\\\/\\\/jornalbeirario.com.br\\\/portal\\\/?p=14712#respond\"]}]},{\"@type\":\"WebPage\",\"@id\":\"https:\\\/\\\/jornalbeirario.com.br\\\/portal\\\/?p=14712\",\"url\":\"https:\\\/\\\/jornalbeirario.com.br\\\/portal\\\/?p=14712\",\"name\":\"La\u00eds Amaral - JORNAL BEIRA RIO\",\"isPartOf\":{\"@id\":\"https:\\\/\\\/jornalbeirario.com.br\\\/portal\\\/#website\"},\"datePublished\":\"2013-09-20T03:37:37+00:00\",\"breadcrumb\":{\"@id\":\"https:\\\/\\\/jornalbeirario.com.br\\\/portal\\\/?p=14712#breadcrumb\"},\"inLanguage\":\"pt-BR\",\"potentialAction\":[{\"@type\":\"ReadAction\",\"target\":[\"https:\\\/\\\/jornalbeirario.com.br\\\/portal\\\/?p=14712\"]}]},{\"@type\":\"BreadcrumbList\",\"@id\":\"https:\\\/\\\/jornalbeirario.com.br\\\/portal\\\/?p=14712#breadcrumb\",\"itemListElement\":[{\"@type\":\"ListItem\",\"position\":1,\"name\":\"Home\",\"item\":\"https:\\\/\\\/jornalbeirario.com.br\\\/portal\"},{\"@type\":\"ListItem\",\"position\":2,\"name\":\"La\u00eds Amaral\"}]},{\"@type\":\"WebSite\",\"@id\":\"https:\\\/\\\/jornalbeirario.com.br\\\/portal\\\/#website\",\"url\":\"https:\\\/\\\/jornalbeirario.com.br\\\/portal\\\/\",\"name\":\"JORNAL BEIRA RIO\",\"description\":\"\",\"publisher\":{\"@id\":\"https:\\\/\\\/jornalbeirario.com.br\\\/portal\\\/#organization\"},\"potentialAction\":[{\"@type\":\"SearchAction\",\"target\":{\"@type\":\"EntryPoint\",\"urlTemplate\":\"https:\\\/\\\/jornalbeirario.com.br\\\/portal\\\/?s={search_term_string}\"},\"query-input\":{\"@type\":\"PropertyValueSpecification\",\"valueRequired\":true,\"valueName\":\"search_term_string\"}}],\"inLanguage\":\"pt-BR\"},{\"@type\":\"Organization\",\"@id\":\"https:\\\/\\\/jornalbeirario.com.br\\\/portal\\\/#organization\",\"name\":\"JORNAL BEIRA RIO\",\"url\":\"https:\\\/\\\/jornalbeirario.com.br\\\/portal\\\/\",\"logo\":{\"@type\":\"ImageObject\",\"inLanguage\":\"pt-BR\",\"@id\":\"https:\\\/\\\/jornalbeirario.com.br\\\/portal\\\/#\\\/schema\\\/logo\\\/image\\\/\",\"url\":\"https:\\\/\\\/jornalbeirario.com.br\\\/portal\\\/wp-content\\\/uploads\\\/2017\\\/09\\\/BEIRA-RIO_logo600.png\",\"contentUrl\":\"https:\\\/\\\/jornalbeirario.com.br\\\/portal\\\/wp-content\\\/uploads\\\/2017\\\/09\\\/BEIRA-RIO_logo600.png\",\"width\":650,\"height\":108,\"caption\":\"JORNAL BEIRA RIO\"},\"image\":{\"@id\":\"https:\\\/\\\/jornalbeirario.com.br\\\/portal\\\/#\\\/schema\\\/logo\\\/image\\\/\"}},{\"@type\":\"Person\",\"@id\":\"https:\\\/\\\/jornalbeirario.com.br\\\/portal\\\/#\\\/schema\\\/person\\\/c6c423e4c2465d2a9233f6539173e7c1\",\"name\":\"Jornal BEIRA-RIO\",\"image\":{\"@type\":\"ImageObject\",\"inLanguage\":\"pt-BR\",\"@id\":\"https:\\\/\\\/jornalbeirario.com.br\\\/portal\\\/wp-content\\\/uploads\\\/2023\\\/10\\\/logojbr1.jpg\",\"url\":\"https:\\\/\\\/jornalbeirario.com.br\\\/portal\\\/wp-content\\\/uploads\\\/2023\\\/10\\\/logojbr1.jpg\",\"contentUrl\":\"https:\\\/\\\/jornalbeirario.com.br\\\/portal\\\/wp-content\\\/uploads\\\/2023\\\/10\\\/logojbr1.jpg\",\"caption\":\"Jornal BEIRA-RIO\"},\"url\":\"https:\\\/\\\/jornalbeirario.com.br\\\/portal\\\/?author=1\"}]}<\/script>\n<!-- \/ Yoast SEO plugin. -->","yoast_head_json":{"title":"La\u00eds Amaral - JORNAL BEIRA RIO","robots":{"index":"index","follow":"follow","max-snippet":"max-snippet:-1","max-image-preview":"max-image-preview:large","max-video-preview":"max-video-preview:-1"},"canonical":"https:\/\/jornalbeirario.com.br\/portal\/?p=14712","og_locale":"pt_BR","og_type":"article","og_title":"La\u00eds Amaral - JORNAL BEIRA RIO","og_description":"O estranho caso do Beto Schina Algu\u00e9m j\u00e1 falou que a vida \u00e9 capaz de comportar uma quantidade de loucuras que supera de longe","og_url":"https:\/\/jornalbeirario.com.br\/portal\/?p=14712","og_site_name":"JORNAL BEIRA RIO","article_published_time":"2013-09-20T03:37:37+00:00","author":"Jornal BEIRA-RIO","twitter_card":"summary_large_image","twitter_misc":{"Escrito por":"Jornal BEIRA-RIO","Est. tempo de leitura":"4 minutos"},"schema":{"@context":"https:\/\/schema.org","@graph":[{"@type":"Article","@id":"https:\/\/jornalbeirario.com.br\/portal\/?p=14712#article","isPartOf":{"@id":"https:\/\/jornalbeirario.com.br\/portal\/?p=14712"},"author":{"name":"Jornal BEIRA-RIO","@id":"https:\/\/jornalbeirario.com.br\/portal\/#\/schema\/person\/c6c423e4c2465d2a9233f6539173e7c1"},"headline":"La\u00eds Amaral","datePublished":"2013-09-20T03:37:37+00:00","mainEntityOfPage":{"@id":"https:\/\/jornalbeirario.com.br\/portal\/?p=14712"},"wordCount":887,"commentCount":0,"publisher":{"@id":"https:\/\/jornalbeirario.com.br\/portal\/#organization"},"articleSection":["Social"],"inLanguage":"pt-BR","potentialAction":[{"@type":"CommentAction","name":"Comment","target":["https:\/\/jornalbeirario.com.br\/portal\/?p=14712#respond"]}]},{"@type":"WebPage","@id":"https:\/\/jornalbeirario.com.br\/portal\/?p=14712","url":"https:\/\/jornalbeirario.com.br\/portal\/?p=14712","name":"La\u00eds Amaral - JORNAL BEIRA RIO","isPartOf":{"@id":"https:\/\/jornalbeirario.com.br\/portal\/#website"},"datePublished":"2013-09-20T03:37:37+00:00","breadcrumb":{"@id":"https:\/\/jornalbeirario.com.br\/portal\/?p=14712#breadcrumb"},"inLanguage":"pt-BR","potentialAction":[{"@type":"ReadAction","target":["https:\/\/jornalbeirario.com.br\/portal\/?p=14712"]}]},{"@type":"BreadcrumbList","@id":"https:\/\/jornalbeirario.com.br\/portal\/?p=14712#breadcrumb","itemListElement":[{"@type":"ListItem","position":1,"name":"Home","item":"https:\/\/jornalbeirario.com.br\/portal"},{"@type":"ListItem","position":2,"name":"La\u00eds Amaral"}]},{"@type":"WebSite","@id":"https:\/\/jornalbeirario.com.br\/portal\/#website","url":"https:\/\/jornalbeirario.com.br\/portal\/","name":"JORNAL BEIRA RIO","description":"","publisher":{"@id":"https:\/\/jornalbeirario.com.br\/portal\/#organization"},"potentialAction":[{"@type":"SearchAction","target":{"@type":"EntryPoint","urlTemplate":"https:\/\/jornalbeirario.com.br\/portal\/?s={search_term_string}"},"query-input":{"@type":"PropertyValueSpecification","valueRequired":true,"valueName":"search_term_string"}}],"inLanguage":"pt-BR"},{"@type":"Organization","@id":"https:\/\/jornalbeirario.com.br\/portal\/#organization","name":"JORNAL BEIRA RIO","url":"https:\/\/jornalbeirario.com.br\/portal\/","logo":{"@type":"ImageObject","inLanguage":"pt-BR","@id":"https:\/\/jornalbeirario.com.br\/portal\/#\/schema\/logo\/image\/","url":"https:\/\/jornalbeirario.com.br\/portal\/wp-content\/uploads\/2017\/09\/BEIRA-RIO_logo600.png","contentUrl":"https:\/\/jornalbeirario.com.br\/portal\/wp-content\/uploads\/2017\/09\/BEIRA-RIO_logo600.png","width":650,"height":108,"caption":"JORNAL BEIRA RIO"},"image":{"@id":"https:\/\/jornalbeirario.com.br\/portal\/#\/schema\/logo\/image\/"}},{"@type":"Person","@id":"https:\/\/jornalbeirario.com.br\/portal\/#\/schema\/person\/c6c423e4c2465d2a9233f6539173e7c1","name":"Jornal BEIRA-RIO","image":{"@type":"ImageObject","inLanguage":"pt-BR","@id":"https:\/\/jornalbeirario.com.br\/portal\/wp-content\/uploads\/2023\/10\/logojbr1.jpg","url":"https:\/\/jornalbeirario.com.br\/portal\/wp-content\/uploads\/2023\/10\/logojbr1.jpg","contentUrl":"https:\/\/jornalbeirario.com.br\/portal\/wp-content\/uploads\/2023\/10\/logojbr1.jpg","caption":"Jornal BEIRA-RIO"},"url":"https:\/\/jornalbeirario.com.br\/portal\/?author=1"}]}},"_links":{"self":[{"href":"https:\/\/jornalbeirario.com.br\/portal\/index.php?rest_route=\/wp\/v2\/posts\/14712","targetHints":{"allow":["GET"]}}],"collection":[{"href":"https:\/\/jornalbeirario.com.br\/portal\/index.php?rest_route=\/wp\/v2\/posts"}],"about":[{"href":"https:\/\/jornalbeirario.com.br\/portal\/index.php?rest_route=\/wp\/v2\/types\/post"}],"author":[{"embeddable":true,"href":"https:\/\/jornalbeirario.com.br\/portal\/index.php?rest_route=\/wp\/v2\/users\/1"}],"replies":[{"embeddable":true,"href":"https:\/\/jornalbeirario.com.br\/portal\/index.php?rest_route=%2Fwp%2Fv2%2Fcomments&post=14712"}],"version-history":[{"count":3,"href":"https:\/\/jornalbeirario.com.br\/portal\/index.php?rest_route=\/wp\/v2\/posts\/14712\/revisions"}],"predecessor-version":[{"id":14734,"href":"https:\/\/jornalbeirario.com.br\/portal\/index.php?rest_route=\/wp\/v2\/posts\/14712\/revisions\/14734"}],"wp:attachment":[{"href":"https:\/\/jornalbeirario.com.br\/portal\/index.php?rest_route=%2Fwp%2Fv2%2Fmedia&parent=14712"}],"wp:term":[{"taxonomy":"category","embeddable":true,"href":"https:\/\/jornalbeirario.com.br\/portal\/index.php?rest_route=%2Fwp%2Fv2%2Fcategories&post=14712"},{"taxonomy":"post_tag","embeddable":true,"href":"https:\/\/jornalbeirario.com.br\/portal\/index.php?rest_route=%2Fwp%2Fv2%2Ftags&post=14712"}],"curies":[{"name":"wp","href":"https:\/\/api.w.org\/{rel}","templated":true}]}}