
{"id":14458,"date":"2013-09-13T12:00:20","date_gmt":"2013-09-13T12:00:20","guid":{"rendered":"http:\/\/jornalbeirario.com.br\/portal\/portal\/?p=14458"},"modified":"2013-09-13T12:01:01","modified_gmt":"2013-09-13T12:01:01","slug":"social-lais-amaral-19","status":"publish","type":"post","link":"https:\/\/jornalbeirario.com.br\/portal\/?p=14458","title":{"rendered":"SOCIAL LA\u00cdS AMARAL"},"content":{"rendered":"<p style=\"text-align: justify;\"><span style=\"color: #888888;\">Sexta-feira 13 \u00e9 dia de mulher bonita no Patiomix<\/span><br \/>\n<span style=\"color: #888888;\"> Hoje, dia 13, \u00e9 o dia da elei\u00e7\u00e3o da Garota Exapicor 2013. \u00c9 o primeiro grande evento da Exapicor, a maior festa popular de Resende e uma das principais do interior do estado. Dez meninas de v\u00e1rios bairros de Resende estar\u00e3o concorrendo ao t\u00edtulo de Garota Exapicor a partir das 19 horas na Pra\u00e7a de alimenta\u00e7\u00e3o do shopping Patiomix. S\u00e3o elas: Talesa Macedo (Cidade Alegria), Fab\u00edola dos Santos Anacleto (Nova Alegria), Tatiane Silva Duarte (Vila Santa Isabel), Loislaine de Castro Gomes Pereira (Vila Santa Isabel), Francieli Arruda (Visconde de Mau\u00e1), Daiana Silva Guimar\u00e3es (Jardim Alian\u00e7a 2), Franciely Souza (Engenheiro Passos), Anna Carolina Costa Alves (Liberdade), Rafaela Rodrigues (Boa Vista 2), Dalila Layce (Itapuca). As meninas tamb\u00e9m concorrem pelo voto popular com vota\u00e7\u00e3o pelo site www.exapicor.com.br at\u00e9 \u00e0s 12 horas de hoje. Acesse e vote.<\/span><br \/>\n<span style=\"color: #888888;\"> O que a montanha sempre nos manda<\/span><br \/>\n<span style=\"color: #888888;\"> Um amigo comentou no trabalho, que setembro \u00e9 um m\u00eas pequeno em Resende. \u201cMenor que fevereiro, ele falou\u201d. \u00c9 um m\u00eas cheio. Isso \u00e9. Tem o 7 de Setembro (que tem em todo lugar, claro). Mas n\u00f3s temos a festa de S\u00e3o Benedito, em Engenheiro Passos (festa grande) que come\u00e7ou nessa quinta e vai at\u00e9 domingo. Sem falar que na ter\u00e7a teve o lan\u00e7amento da Exapicor, hoje tem a elei\u00e7\u00e3o da Garota e partir do dia 24 a pr\u00f3pria exposi\u00e7\u00e3o que vai at\u00e9 dia 29, dia do anivers\u00e1rio da cidade. Se n\u00e3o bastasse, Visconde de Mau\u00e1 estar\u00e1 realizando de 19 a 29 de setembro, o Centro Cultural Visconde de Mau\u00e1 realizar\u00e1 a \u201cIII um m\u00eas pequeno Flivima \u2013 Feira do Livro de Visconde de Mau\u00e1\u201d Ainda estamos organizando a programa\u00e7\u00e3o, com lan\u00e7amentos de livros, filme, cinema e poesia, etc. Ao longo dos onze dias de Feira vamos enviando os detalhes. Estamos realizando essa atividade sem nenhum patroc\u00ednio. Temos alguns apoios e tamb\u00e9m trabalho volunt\u00e1rio. Os associados que ainda n\u00e3o fizeram a sua contribui\u00e7\u00e3o de 2013, e gostaria de faz\u00ea-lo (se manifestando atrav\u00e9s desse e-mail), trata-se de um bom momento. No anexo, os lan\u00e7amentos de livros! Um grande abra\u00e7o e contamos com a sua participa\u00e7\u00e3o! M\u00e1rcia Patroc\u00ednio Centro Cultural Visconde de Mau\u00e1 Ponto de Cultura \u2013 Ponto de Leitura Nove anos de arte, cultura e educa\u00e7\u00e3o para todos!<\/span><br \/>\n<span style=\"color: #888888;\"> TRIPA<\/span><br \/>\n<span style=\"color: #888888;\"> * Hoje, Sexta, dia 13, \u00e9 dia de \u2018Panela do Samba\u2019 no Zero Grau, a partir das 20 horas. Muitos bons nomes da cena musical de Resende estar\u00e3o l\u00e1, entre eles: Diogo Guimar\u00e3es (do Alerta) Sany Alves, Thiago Zaidan, Mariana Gomes, Luis Lima e muitos outros. Vale a pena conferir * Hoje tamb\u00e9m tem o \u2018Baile da Primavera\u2019 \u00e0s 21 horas, na ARBR. A m\u00fasica fica por conta de Roberto Moreira e Amigos e Armando Bandeira com seu sax de ouro. Evento que leva a assinatura da minha amiga Nina Barros * Domingo embarca para Inglaterra o meu filho de cora\u00e7\u00e3o Carlos Eduardo de Paula. Ficar\u00e1 em Manchester aperfei\u00e7oando seu ingl\u00eas para futuros concursos. Boa viagem e boa sorte, Dudu! * Neste s\u00e1bado, dia 14, no Museu de Arte Moderna, a abertura do 41\u00ba Sal\u00e3o da Primavera, a mais tradicional mostra de artes de Resende. A diretora do MAM, Melissa Barreti convida para o evento, marcado para as 19 horas. A exposi\u00e7\u00e3o segue at\u00e9 31 de outubro, com visita\u00e7\u00e3o gratuita de segunda a sexta-feira das 9h \u00e0s 17h * O excelente \u2018Coral do Visconde\u2019, de Mau\u00e1, participa at\u00e9 este domingo, dia 15, do \u201cFIC 2013 \u2013 Festival Internacional de Corais de Belo Horizonte\u201d. Hoje o coral se apresenta no Teatro Municipal de Ouro Preto e amanh\u00e3 no Teatro Municipal de Sabar\u00e1. O \u00c2ngelo Tramezzino, presidente da Funda\u00e7\u00e3o Casa da Cultura Macedo Miranda e sua equipe deram uma for\u00e7a e conseguiram pela Prefeitura o \u00f4nibus para levar os artistas. Um abra\u00e7\u00e3o \u00e0 minha amiga M\u00e1rcia Patroc\u00ednio, regente do coral * Ando t\u00e3o a flor da pele que qualquer beijo de novela me faz chorar.<\/span><br \/>\n<span style=\"color: #888888;\"> ANIVERS\u00c1RIOS<\/span><br \/>\n<span style=\"color: #888888;\"> O m\u00eas de setembro sempre t\u00e3o simp\u00e1tico chegou me derrubando. A mem\u00f3ria deu a rasteira e o cora\u00e7\u00e3o pagou o pato: Dia 2, mudou de idade a Lucy Dantas. Dia 10, duas pessoas amigas inauguraram idade nova: o Vagner Barcelos e a Gisele, advogada do Hospital de Emerg\u00eancia. Na Quarta, Dia 11, foi a vez da Mariana Mota, data hist\u00f3rica (lembra das torres g\u00eameas ?). Ontem, dia 12, a filhota da Mariana, a esfuziante Catarina e a minha colega de trabalho, Zuleica Florentino. Hoje, Sexta-feira 13, faria anivers\u00e1rio a minha av\u00f3 querida, pessoa que me ensinou que o 13 \u00e9 n\u00famero de sorte. No domingo, dia 15, meu amigo Dalmo Ribeiro e minha colega de trabalho, Let\u00edcia Ferreira contam mais um ano de vida. Na segunda, dia 16, recebem os \u2018parab\u00e9ns\u2019 o Guilherme, filho do Dalmo, outra colega de trabalho, a Patr\u00edcia Soares e a doutora Nicole, pessoa que gosto muito. Parab\u00e9ns e todas as felicidades do mundo a eles.<\/span><\/p>\n<p style=\"text-align: justify;\">\n","protected":false},"excerpt":{"rendered":"<p>Sexta-feira 13 \u00e9 dia de mulher bonita no Patiomix Hoje, dia 13, \u00e9 o dia da elei\u00e7\u00e3o da Garota Exapicor 2013. \u00c9 o primeiro<\/p>\n","protected":false},"author":1,"featured_media":0,"comment_status":"open","ping_status":"open","sticky":false,"template":"","format":"standard","meta":{"pmpro_default_level":"","footnotes":""},"categories":[13],"tags":[],"class_list":["post-14458","post","type-post","status-publish","format-standard","hentry","category-social","pmpro-has-access"],"yoast_head":"<!-- This site is optimized with the Yoast SEO plugin v27.4 - https:\/\/yoast.com\/product\/yoast-seo-wordpress\/ -->\n<title>SOCIAL LA\u00cdS AMARAL - JORNAL BEIRA RIO<\/title>\n<meta name=\"robots\" content=\"index, follow, max-snippet:-1, max-image-preview:large, max-video-preview:-1\" \/>\n<link rel=\"canonical\" href=\"https:\/\/jornalbeirario.com.br\/portal\/?p=14458\" \/>\n<meta property=\"og:locale\" content=\"pt_BR\" \/>\n<meta property=\"og:type\" content=\"article\" \/>\n<meta property=\"og:title\" content=\"SOCIAL LA\u00cdS AMARAL - JORNAL BEIRA RIO\" \/>\n<meta property=\"og:description\" content=\"Sexta-feira 13 \u00e9 dia de mulher bonita no Patiomix Hoje, dia 13, \u00e9 o dia da elei\u00e7\u00e3o da Garota Exapicor 2013. \u00c9 o primeiro\" \/>\n<meta property=\"og:url\" content=\"https:\/\/jornalbeirario.com.br\/portal\/?p=14458\" \/>\n<meta property=\"og:site_name\" content=\"JORNAL BEIRA RIO\" \/>\n<meta property=\"article:published_time\" content=\"2013-09-13T12:00:20+00:00\" \/>\n<meta property=\"article:modified_time\" content=\"2013-09-13T12:01:01+00:00\" \/>\n<meta name=\"author\" content=\"Jornal BEIRA-RIO\" \/>\n<meta name=\"twitter:card\" content=\"summary_large_image\" \/>\n<meta name=\"twitter:label1\" content=\"Escrito por\" \/>\n\t<meta name=\"twitter:data1\" content=\"Jornal BEIRA-RIO\" \/>\n\t<meta name=\"twitter:label2\" content=\"Est. tempo de leitura\" \/>\n\t<meta name=\"twitter:data2\" content=\"4 minutos\" \/>\n<script type=\"application\/ld+json\" class=\"yoast-schema-graph\">{\"@context\":\"https:\\\/\\\/schema.org\",\"@graph\":[{\"@type\":\"Article\",\"@id\":\"https:\\\/\\\/jornalbeirario.com.br\\\/portal\\\/?p=14458#article\",\"isPartOf\":{\"@id\":\"https:\\\/\\\/jornalbeirario.com.br\\\/portal\\\/?p=14458\"},\"author\":{\"name\":\"Jornal BEIRA-RIO\",\"@id\":\"https:\\\/\\\/jornalbeirario.com.br\\\/portal\\\/#\\\/schema\\\/person\\\/c6c423e4c2465d2a9233f6539173e7c1\"},\"headline\":\"SOCIAL LA\u00cdS AMARAL\",\"datePublished\":\"2013-09-13T12:00:20+00:00\",\"dateModified\":\"2013-09-13T12:01:01+00:00\",\"mainEntityOfPage\":{\"@id\":\"https:\\\/\\\/jornalbeirario.com.br\\\/portal\\\/?p=14458\"},\"wordCount\":842,\"commentCount\":0,\"publisher\":{\"@id\":\"https:\\\/\\\/jornalbeirario.com.br\\\/portal\\\/#organization\"},\"articleSection\":[\"Social\"],\"inLanguage\":\"pt-BR\",\"potentialAction\":[{\"@type\":\"CommentAction\",\"name\":\"Comment\",\"target\":[\"https:\\\/\\\/jornalbeirario.com.br\\\/portal\\\/?p=14458#respond\"]}]},{\"@type\":\"WebPage\",\"@id\":\"https:\\\/\\\/jornalbeirario.com.br\\\/portal\\\/?p=14458\",\"url\":\"https:\\\/\\\/jornalbeirario.com.br\\\/portal\\\/?p=14458\",\"name\":\"SOCIAL LA\u00cdS AMARAL - JORNAL BEIRA RIO\",\"isPartOf\":{\"@id\":\"https:\\\/\\\/jornalbeirario.com.br\\\/portal\\\/#website\"},\"datePublished\":\"2013-09-13T12:00:20+00:00\",\"dateModified\":\"2013-09-13T12:01:01+00:00\",\"breadcrumb\":{\"@id\":\"https:\\\/\\\/jornalbeirario.com.br\\\/portal\\\/?p=14458#breadcrumb\"},\"inLanguage\":\"pt-BR\",\"potentialAction\":[{\"@type\":\"ReadAction\",\"target\":[\"https:\\\/\\\/jornalbeirario.com.br\\\/portal\\\/?p=14458\"]}]},{\"@type\":\"BreadcrumbList\",\"@id\":\"https:\\\/\\\/jornalbeirario.com.br\\\/portal\\\/?p=14458#breadcrumb\",\"itemListElement\":[{\"@type\":\"ListItem\",\"position\":1,\"name\":\"Home\",\"item\":\"https:\\\/\\\/jornalbeirario.com.br\\\/portal\"},{\"@type\":\"ListItem\",\"position\":2,\"name\":\"SOCIAL LA\u00cdS AMARAL\"}]},{\"@type\":\"WebSite\",\"@id\":\"https:\\\/\\\/jornalbeirario.com.br\\\/portal\\\/#website\",\"url\":\"https:\\\/\\\/jornalbeirario.com.br\\\/portal\\\/\",\"name\":\"JORNAL BEIRA RIO\",\"description\":\"\",\"publisher\":{\"@id\":\"https:\\\/\\\/jornalbeirario.com.br\\\/portal\\\/#organization\"},\"potentialAction\":[{\"@type\":\"SearchAction\",\"target\":{\"@type\":\"EntryPoint\",\"urlTemplate\":\"https:\\\/\\\/jornalbeirario.com.br\\\/portal\\\/?s={search_term_string}\"},\"query-input\":{\"@type\":\"PropertyValueSpecification\",\"valueRequired\":true,\"valueName\":\"search_term_string\"}}],\"inLanguage\":\"pt-BR\"},{\"@type\":\"Organization\",\"@id\":\"https:\\\/\\\/jornalbeirario.com.br\\\/portal\\\/#organization\",\"name\":\"JORNAL BEIRA RIO\",\"url\":\"https:\\\/\\\/jornalbeirario.com.br\\\/portal\\\/\",\"logo\":{\"@type\":\"ImageObject\",\"inLanguage\":\"pt-BR\",\"@id\":\"https:\\\/\\\/jornalbeirario.com.br\\\/portal\\\/#\\\/schema\\\/logo\\\/image\\\/\",\"url\":\"https:\\\/\\\/jornalbeirario.com.br\\\/portal\\\/wp-content\\\/uploads\\\/2017\\\/09\\\/BEIRA-RIO_logo600.png\",\"contentUrl\":\"https:\\\/\\\/jornalbeirario.com.br\\\/portal\\\/wp-content\\\/uploads\\\/2017\\\/09\\\/BEIRA-RIO_logo600.png\",\"width\":650,\"height\":108,\"caption\":\"JORNAL BEIRA RIO\"},\"image\":{\"@id\":\"https:\\\/\\\/jornalbeirario.com.br\\\/portal\\\/#\\\/schema\\\/logo\\\/image\\\/\"}},{\"@type\":\"Person\",\"@id\":\"https:\\\/\\\/jornalbeirario.com.br\\\/portal\\\/#\\\/schema\\\/person\\\/c6c423e4c2465d2a9233f6539173e7c1\",\"name\":\"Jornal BEIRA-RIO\",\"image\":{\"@type\":\"ImageObject\",\"inLanguage\":\"pt-BR\",\"@id\":\"https:\\\/\\\/jornalbeirario.com.br\\\/portal\\\/wp-content\\\/uploads\\\/2023\\\/10\\\/logojbr1.jpg\",\"url\":\"https:\\\/\\\/jornalbeirario.com.br\\\/portal\\\/wp-content\\\/uploads\\\/2023\\\/10\\\/logojbr1.jpg\",\"contentUrl\":\"https:\\\/\\\/jornalbeirario.com.br\\\/portal\\\/wp-content\\\/uploads\\\/2023\\\/10\\\/logojbr1.jpg\",\"caption\":\"Jornal BEIRA-RIO\"},\"url\":\"https:\\\/\\\/jornalbeirario.com.br\\\/portal\\\/?author=1\"}]}<\/script>\n<!-- \/ Yoast SEO plugin. -->","yoast_head_json":{"title":"SOCIAL LA\u00cdS AMARAL - JORNAL BEIRA RIO","robots":{"index":"index","follow":"follow","max-snippet":"max-snippet:-1","max-image-preview":"max-image-preview:large","max-video-preview":"max-video-preview:-1"},"canonical":"https:\/\/jornalbeirario.com.br\/portal\/?p=14458","og_locale":"pt_BR","og_type":"article","og_title":"SOCIAL LA\u00cdS AMARAL - JORNAL BEIRA RIO","og_description":"Sexta-feira 13 \u00e9 dia de mulher bonita no Patiomix Hoje, dia 13, \u00e9 o dia da elei\u00e7\u00e3o da Garota Exapicor 2013. \u00c9 o primeiro","og_url":"https:\/\/jornalbeirario.com.br\/portal\/?p=14458","og_site_name":"JORNAL BEIRA RIO","article_published_time":"2013-09-13T12:00:20+00:00","article_modified_time":"2013-09-13T12:01:01+00:00","author":"Jornal BEIRA-RIO","twitter_card":"summary_large_image","twitter_misc":{"Escrito por":"Jornal BEIRA-RIO","Est. tempo de leitura":"4 minutos"},"schema":{"@context":"https:\/\/schema.org","@graph":[{"@type":"Article","@id":"https:\/\/jornalbeirario.com.br\/portal\/?p=14458#article","isPartOf":{"@id":"https:\/\/jornalbeirario.com.br\/portal\/?p=14458"},"author":{"name":"Jornal BEIRA-RIO","@id":"https:\/\/jornalbeirario.com.br\/portal\/#\/schema\/person\/c6c423e4c2465d2a9233f6539173e7c1"},"headline":"SOCIAL LA\u00cdS AMARAL","datePublished":"2013-09-13T12:00:20+00:00","dateModified":"2013-09-13T12:01:01+00:00","mainEntityOfPage":{"@id":"https:\/\/jornalbeirario.com.br\/portal\/?p=14458"},"wordCount":842,"commentCount":0,"publisher":{"@id":"https:\/\/jornalbeirario.com.br\/portal\/#organization"},"articleSection":["Social"],"inLanguage":"pt-BR","potentialAction":[{"@type":"CommentAction","name":"Comment","target":["https:\/\/jornalbeirario.com.br\/portal\/?p=14458#respond"]}]},{"@type":"WebPage","@id":"https:\/\/jornalbeirario.com.br\/portal\/?p=14458","url":"https:\/\/jornalbeirario.com.br\/portal\/?p=14458","name":"SOCIAL LA\u00cdS AMARAL - JORNAL BEIRA RIO","isPartOf":{"@id":"https:\/\/jornalbeirario.com.br\/portal\/#website"},"datePublished":"2013-09-13T12:00:20+00:00","dateModified":"2013-09-13T12:01:01+00:00","breadcrumb":{"@id":"https:\/\/jornalbeirario.com.br\/portal\/?p=14458#breadcrumb"},"inLanguage":"pt-BR","potentialAction":[{"@type":"ReadAction","target":["https:\/\/jornalbeirario.com.br\/portal\/?p=14458"]}]},{"@type":"BreadcrumbList","@id":"https:\/\/jornalbeirario.com.br\/portal\/?p=14458#breadcrumb","itemListElement":[{"@type":"ListItem","position":1,"name":"Home","item":"https:\/\/jornalbeirario.com.br\/portal"},{"@type":"ListItem","position":2,"name":"SOCIAL LA\u00cdS AMARAL"}]},{"@type":"WebSite","@id":"https:\/\/jornalbeirario.com.br\/portal\/#website","url":"https:\/\/jornalbeirario.com.br\/portal\/","name":"JORNAL BEIRA RIO","description":"","publisher":{"@id":"https:\/\/jornalbeirario.com.br\/portal\/#organization"},"potentialAction":[{"@type":"SearchAction","target":{"@type":"EntryPoint","urlTemplate":"https:\/\/jornalbeirario.com.br\/portal\/?s={search_term_string}"},"query-input":{"@type":"PropertyValueSpecification","valueRequired":true,"valueName":"search_term_string"}}],"inLanguage":"pt-BR"},{"@type":"Organization","@id":"https:\/\/jornalbeirario.com.br\/portal\/#organization","name":"JORNAL BEIRA RIO","url":"https:\/\/jornalbeirario.com.br\/portal\/","logo":{"@type":"ImageObject","inLanguage":"pt-BR","@id":"https:\/\/jornalbeirario.com.br\/portal\/#\/schema\/logo\/image\/","url":"https:\/\/jornalbeirario.com.br\/portal\/wp-content\/uploads\/2017\/09\/BEIRA-RIO_logo600.png","contentUrl":"https:\/\/jornalbeirario.com.br\/portal\/wp-content\/uploads\/2017\/09\/BEIRA-RIO_logo600.png","width":650,"height":108,"caption":"JORNAL BEIRA RIO"},"image":{"@id":"https:\/\/jornalbeirario.com.br\/portal\/#\/schema\/logo\/image\/"}},{"@type":"Person","@id":"https:\/\/jornalbeirario.com.br\/portal\/#\/schema\/person\/c6c423e4c2465d2a9233f6539173e7c1","name":"Jornal BEIRA-RIO","image":{"@type":"ImageObject","inLanguage":"pt-BR","@id":"https:\/\/jornalbeirario.com.br\/portal\/wp-content\/uploads\/2023\/10\/logojbr1.jpg","url":"https:\/\/jornalbeirario.com.br\/portal\/wp-content\/uploads\/2023\/10\/logojbr1.jpg","contentUrl":"https:\/\/jornalbeirario.com.br\/portal\/wp-content\/uploads\/2023\/10\/logojbr1.jpg","caption":"Jornal BEIRA-RIO"},"url":"https:\/\/jornalbeirario.com.br\/portal\/?author=1"}]}},"_links":{"self":[{"href":"https:\/\/jornalbeirario.com.br\/portal\/index.php?rest_route=\/wp\/v2\/posts\/14458","targetHints":{"allow":["GET"]}}],"collection":[{"href":"https:\/\/jornalbeirario.com.br\/portal\/index.php?rest_route=\/wp\/v2\/posts"}],"about":[{"href":"https:\/\/jornalbeirario.com.br\/portal\/index.php?rest_route=\/wp\/v2\/types\/post"}],"author":[{"embeddable":true,"href":"https:\/\/jornalbeirario.com.br\/portal\/index.php?rest_route=\/wp\/v2\/users\/1"}],"replies":[{"embeddable":true,"href":"https:\/\/jornalbeirario.com.br\/portal\/index.php?rest_route=%2Fwp%2Fv2%2Fcomments&post=14458"}],"version-history":[{"count":2,"href":"https:\/\/jornalbeirario.com.br\/portal\/index.php?rest_route=\/wp\/v2\/posts\/14458\/revisions"}],"predecessor-version":[{"id":14460,"href":"https:\/\/jornalbeirario.com.br\/portal\/index.php?rest_route=\/wp\/v2\/posts\/14458\/revisions\/14460"}],"wp:attachment":[{"href":"https:\/\/jornalbeirario.com.br\/portal\/index.php?rest_route=%2Fwp%2Fv2%2Fmedia&parent=14458"}],"wp:term":[{"taxonomy":"category","embeddable":true,"href":"https:\/\/jornalbeirario.com.br\/portal\/index.php?rest_route=%2Fwp%2Fv2%2Fcategories&post=14458"},{"taxonomy":"post_tag","embeddable":true,"href":"https:\/\/jornalbeirario.com.br\/portal\/index.php?rest_route=%2Fwp%2Fv2%2Ftags&post=14458"}],"curies":[{"name":"wp","href":"https:\/\/api.w.org\/{rel}","templated":true}]}}