
{"id":14456,"date":"2013-09-13T11:58:39","date_gmt":"2013-09-13T11:58:39","guid":{"rendered":"http:\/\/jornalbeirario.com.br\/portal\/portal\/?p=14456"},"modified":"2013-09-13T11:58:39","modified_gmt":"2013-09-13T11:58:39","slug":"acredite-se-quiser-45","status":"publish","type":"post","link":"https:\/\/jornalbeirario.com.br\/portal\/?p=14456","title":{"rendered":"Acredite se Quiser"},"content":{"rendered":"<p>Tens\u00e3o total na Prefeitura de Resende. Corredores nervosos e muita instabilidade entre servidores e principalmente entre os cargos comissionados, diante da proximidade do desfecho do processo de cassa\u00e7\u00e3o do prefeito Jos\u00e9 Rechuan (PP). Se ele for cassado, \u00e9 bem provav\u00e9l que com liminar fique no cargo at\u00e9 todos os recursos serem apreciados. Se ele n\u00e3o for cassado, o desgaste dessa expectativa j\u00e1 deixou um saldo negativo: a amea\u00e7a da governabilidade, principalmente porque aumentam as den\u00fancias no Minist\u00e9rio P\u00fablico e a\u00e7\u00f5es na Justi\u00e7a contra o governo, fora os processos que Rechuan ainda responde e os bens bloqueados em dois processos.<br \/>\nPor falar em den\u00fancias no Minist\u00e9rio P\u00fablico, essa semana duas den\u00fancias de um mesmo assunto foram encaminhadas \u00e0 Tutela Coletiva. O assunto \u00e9 sobre a nomea\u00e7\u00e3o como CC da Prefeitura de Resende de um ex-juiz durante um ano. Uma das den\u00fancias cogita a possibilidade do ex-juiz Renato Oliveira apesar de nomeado, n\u00e3o precisar cumprir hor\u00e1rio ou dias de trabalho. A outra aponta que o ex-juiz que tem escrit\u00f3rio em Niter\u00f3i, RJ, enquanto nomeado Procurador Adjunto II, CC1 defendeu outros dois procuradores naquele caso que deixaram de cobrar dinheiro do ex-prefeito Eduardo Meohas para os cofres do munic\u00edpio que o pr\u00f3prio MP atuava. Xiiiiiiiii, cada dia uma surpresa. Ta\u00ed o slogan \u201cResende Surpreende\u201d.<br \/>\n\u201cVergonhoso o que est\u00e1 sendo feito com os universit\u00e1rios e estudantes de Resende!! Desde o in\u00edcio do ano, o projeto de lei vem sendo elaborado e os representantes colocando prazos para a entrega de documentos, sendo assim, todos os universit\u00e1rios na maioria das vezes para cumprir estes prazos estipulados saem do trabalho mais cedo ou atrasam, fora o gasto de deslocamento e a expectativa que \u00e9 gerada as pessoas que precisam. Agora, depois de todo este tempo, j\u00e1 com a Lei aprovada, provavelmente com a verba liberada e com todos os documentos dos estudantes em m\u00e3os, nem a sele\u00e7\u00e3o para o benef\u00edcio teve in\u00edcio ainda. Um projeto que deveria ter in\u00edcio logo no come\u00e7o do ano, pelo menos com a sele\u00e7\u00e3o dos estudantes para agilizar o processo, deveria ter sido feita neste per\u00edodo, mas at\u00e9 agora nem isso teve in\u00edcio ainda. Onde est\u00e3o querendo chegar com essa situa\u00e7\u00e3o vexat\u00f3ria?! Mais uma forma de descaso com os cidad\u00e3os Resendenses!\u201d<br \/>\nAinda sobre o projeto que d\u00e1 transporte gratuito a estudantes universit\u00e1rios em Resende &#8230; dif\u00edcil acreditar que tenha verba, porque n\u00e3o houve previs\u00e3o or\u00e7ament\u00e1ria para isso. A algu\u00e9m acredita que isso sai esse ano? Setembro j\u00e1 no fim? Ano que vem, eles iniciam um novo cadastramento, porque claro, deve ser anual. Tudo prosopop\u00e9ia! E \u00e9 bom lembrar que a lei \u00e9 inconstitucional, porque o munic\u00edpio tem obriga\u00e7\u00e3o e deve investir \u00e9 na educa\u00e7\u00e3o b\u00e1sica e fundamental, n\u00e3o superior. Ou seja, tudo prosopop\u00e9ia!<br \/>\nEnquanto isso, em Quatis&#8230; \u201cEm desacordo com o Art. 37 da CF, a Prefeitura de Quatis realiza concurso sem licita\u00e7\u00e3o de instituto id\u00f4neo,nomeando comiss\u00e3o de funcion\u00e1rios para avalia\u00e7\u00e3o dos candidatos\u201d. A Assessoria de Comunica\u00e7\u00e3o da Prefeitura de Quatis informou \u201co Processo Seletivo Simplificado para contrata\u00e7\u00e3o tempor\u00e1ria, em car\u00e1ter excepcional, elaborado pela Secretaria Municipal de Educa\u00e7\u00e3o com base em dispositivo legal, destina-se a suprir as car\u00eancias de pessoal nas Unidades Escolares de Quatis at\u00e9 a realiza\u00e7\u00e3o do concurso p\u00fablico previsto para 2014\u201d. E isso pode?<br \/>\nE cad\u00ea o relat\u00f3rio de fiscaliza\u00e7\u00e3o das escolas que o vereador de Resende, St\u00eanio Aguiar (PDT)? Fez discurso sobre a den\u00fancia e disse que ia at\u00e9 o fim. Tem gente procurando \u201co fim\u201d pra ver se acha o relat\u00f3rio do vereador. Segundo Assessoria da C\u00e2mara, o vereador pode apresentar o relat\u00f3rio at\u00e9 janeiro de 2014.<br \/>\nEm nota a Prefeitura informou que \u201co advogado Renato Oliveira, prestou relevantes servi\u00e7os, durante o per\u00edodo em que esteve nomeado na Prefeitura de Resende, representando os interesses do Munic\u00edpio junto ao Tribunal de Justi\u00e7a do Estado do Rio de Janeiro (2\u00aa inst\u00e2ncia). E veio \u00e0 Procuradoria sempre que solicitado. Esta \u00e9 uma pr\u00e1tica comum que facilita o trabalho da Procuradoria no TJRJ, e tamb\u00e9m representa uma economia para o Munic\u00edpio, j\u00e1 que evita o gasto com deslocamentos. Com rela\u00e7\u00e3o \u00e0 atividade profissional do advogado, a Prefeitura de Resende n\u00e3o tem nada a se manifestar&#8221;.<\/p>\n","protected":false},"excerpt":{"rendered":"<p>Tens\u00e3o total na Prefeitura de Resende. Corredores nervosos e muita instabilidade entre servidores e principalmente entre os cargos comissionados, diante da proximidade do desfecho<\/p>\n","protected":false},"author":1,"featured_media":0,"comment_status":"open","ping_status":"open","sticky":false,"template":"","format":"standard","meta":{"pmpro_default_level":"","footnotes":""},"categories":[8],"tags":[155],"class_list":["post-14456","post","type-post","status-publish","format-standard","hentry","category-opiniao","tag-dehoraemhora","pmpro-has-access"],"yoast_head":"<!-- This site is optimized with the Yoast SEO plugin v27.4 - https:\/\/yoast.com\/product\/yoast-seo-wordpress\/ -->\n<title>Acredite se Quiser - JORNAL BEIRA RIO<\/title>\n<meta name=\"robots\" content=\"index, follow, max-snippet:-1, max-image-preview:large, max-video-preview:-1\" \/>\n<link rel=\"canonical\" href=\"https:\/\/jornalbeirario.com.br\/portal\/?p=14456\" \/>\n<meta property=\"og:locale\" content=\"pt_BR\" \/>\n<meta property=\"og:type\" content=\"article\" \/>\n<meta property=\"og:title\" content=\"Acredite se Quiser - JORNAL BEIRA RIO\" \/>\n<meta property=\"og:description\" content=\"Tens\u00e3o total na Prefeitura de Resende. Corredores nervosos e muita instabilidade entre servidores e principalmente entre os cargos comissionados, diante da proximidade do desfecho\" \/>\n<meta property=\"og:url\" content=\"https:\/\/jornalbeirario.com.br\/portal\/?p=14456\" \/>\n<meta property=\"og:site_name\" content=\"JORNAL BEIRA RIO\" \/>\n<meta property=\"article:published_time\" content=\"2013-09-13T11:58:39+00:00\" \/>\n<meta name=\"author\" content=\"Jornal BEIRA-RIO\" \/>\n<meta name=\"twitter:card\" content=\"summary_large_image\" \/>\n<meta name=\"twitter:label1\" content=\"Escrito por\" \/>\n\t<meta name=\"twitter:data1\" content=\"Jornal BEIRA-RIO\" \/>\n\t<meta name=\"twitter:label2\" content=\"Est. tempo de leitura\" \/>\n\t<meta name=\"twitter:data2\" content=\"4 minutos\" \/>\n<script type=\"application\/ld+json\" class=\"yoast-schema-graph\">{\"@context\":\"https:\\\/\\\/schema.org\",\"@graph\":[{\"@type\":\"Article\",\"@id\":\"https:\\\/\\\/jornalbeirario.com.br\\\/portal\\\/?p=14456#article\",\"isPartOf\":{\"@id\":\"https:\\\/\\\/jornalbeirario.com.br\\\/portal\\\/?p=14456\"},\"author\":{\"name\":\"Jornal BEIRA-RIO\",\"@id\":\"https:\\\/\\\/jornalbeirario.com.br\\\/portal\\\/#\\\/schema\\\/person\\\/c6c423e4c2465d2a9233f6539173e7c1\"},\"headline\":\"Acredite se Quiser\",\"datePublished\":\"2013-09-13T11:58:39+00:00\",\"mainEntityOfPage\":{\"@id\":\"https:\\\/\\\/jornalbeirario.com.br\\\/portal\\\/?p=14456\"},\"wordCount\":755,\"commentCount\":0,\"publisher\":{\"@id\":\"https:\\\/\\\/jornalbeirario.com.br\\\/portal\\\/#organization\"},\"keywords\":[\"dehoraemhora\"],\"articleSection\":[\"Opini\u00e3o\"],\"inLanguage\":\"pt-BR\",\"potentialAction\":[{\"@type\":\"CommentAction\",\"name\":\"Comment\",\"target\":[\"https:\\\/\\\/jornalbeirario.com.br\\\/portal\\\/?p=14456#respond\"]}]},{\"@type\":\"WebPage\",\"@id\":\"https:\\\/\\\/jornalbeirario.com.br\\\/portal\\\/?p=14456\",\"url\":\"https:\\\/\\\/jornalbeirario.com.br\\\/portal\\\/?p=14456\",\"name\":\"Acredite se Quiser - JORNAL BEIRA RIO\",\"isPartOf\":{\"@id\":\"https:\\\/\\\/jornalbeirario.com.br\\\/portal\\\/#website\"},\"datePublished\":\"2013-09-13T11:58:39+00:00\",\"breadcrumb\":{\"@id\":\"https:\\\/\\\/jornalbeirario.com.br\\\/portal\\\/?p=14456#breadcrumb\"},\"inLanguage\":\"pt-BR\",\"potentialAction\":[{\"@type\":\"ReadAction\",\"target\":[\"https:\\\/\\\/jornalbeirario.com.br\\\/portal\\\/?p=14456\"]}]},{\"@type\":\"BreadcrumbList\",\"@id\":\"https:\\\/\\\/jornalbeirario.com.br\\\/portal\\\/?p=14456#breadcrumb\",\"itemListElement\":[{\"@type\":\"ListItem\",\"position\":1,\"name\":\"Home\",\"item\":\"https:\\\/\\\/jornalbeirario.com.br\\\/portal\"},{\"@type\":\"ListItem\",\"position\":2,\"name\":\"Acredite se Quiser\"}]},{\"@type\":\"WebSite\",\"@id\":\"https:\\\/\\\/jornalbeirario.com.br\\\/portal\\\/#website\",\"url\":\"https:\\\/\\\/jornalbeirario.com.br\\\/portal\\\/\",\"name\":\"JORNAL BEIRA RIO\",\"description\":\"\",\"publisher\":{\"@id\":\"https:\\\/\\\/jornalbeirario.com.br\\\/portal\\\/#organization\"},\"potentialAction\":[{\"@type\":\"SearchAction\",\"target\":{\"@type\":\"EntryPoint\",\"urlTemplate\":\"https:\\\/\\\/jornalbeirario.com.br\\\/portal\\\/?s={search_term_string}\"},\"query-input\":{\"@type\":\"PropertyValueSpecification\",\"valueRequired\":true,\"valueName\":\"search_term_string\"}}],\"inLanguage\":\"pt-BR\"},{\"@type\":\"Organization\",\"@id\":\"https:\\\/\\\/jornalbeirario.com.br\\\/portal\\\/#organization\",\"name\":\"JORNAL BEIRA RIO\",\"url\":\"https:\\\/\\\/jornalbeirario.com.br\\\/portal\\\/\",\"logo\":{\"@type\":\"ImageObject\",\"inLanguage\":\"pt-BR\",\"@id\":\"https:\\\/\\\/jornalbeirario.com.br\\\/portal\\\/#\\\/schema\\\/logo\\\/image\\\/\",\"url\":\"https:\\\/\\\/jornalbeirario.com.br\\\/portal\\\/wp-content\\\/uploads\\\/2017\\\/09\\\/BEIRA-RIO_logo600.png\",\"contentUrl\":\"https:\\\/\\\/jornalbeirario.com.br\\\/portal\\\/wp-content\\\/uploads\\\/2017\\\/09\\\/BEIRA-RIO_logo600.png\",\"width\":650,\"height\":108,\"caption\":\"JORNAL BEIRA RIO\"},\"image\":{\"@id\":\"https:\\\/\\\/jornalbeirario.com.br\\\/portal\\\/#\\\/schema\\\/logo\\\/image\\\/\"}},{\"@type\":\"Person\",\"@id\":\"https:\\\/\\\/jornalbeirario.com.br\\\/portal\\\/#\\\/schema\\\/person\\\/c6c423e4c2465d2a9233f6539173e7c1\",\"name\":\"Jornal BEIRA-RIO\",\"image\":{\"@type\":\"ImageObject\",\"inLanguage\":\"pt-BR\",\"@id\":\"https:\\\/\\\/jornalbeirario.com.br\\\/portal\\\/wp-content\\\/uploads\\\/2023\\\/10\\\/logojbr1.jpg\",\"url\":\"https:\\\/\\\/jornalbeirario.com.br\\\/portal\\\/wp-content\\\/uploads\\\/2023\\\/10\\\/logojbr1.jpg\",\"contentUrl\":\"https:\\\/\\\/jornalbeirario.com.br\\\/portal\\\/wp-content\\\/uploads\\\/2023\\\/10\\\/logojbr1.jpg\",\"caption\":\"Jornal BEIRA-RIO\"},\"url\":\"https:\\\/\\\/jornalbeirario.com.br\\\/portal\\\/?author=1\"}]}<\/script>\n<!-- \/ Yoast SEO plugin. -->","yoast_head_json":{"title":"Acredite se Quiser - JORNAL BEIRA RIO","robots":{"index":"index","follow":"follow","max-snippet":"max-snippet:-1","max-image-preview":"max-image-preview:large","max-video-preview":"max-video-preview:-1"},"canonical":"https:\/\/jornalbeirario.com.br\/portal\/?p=14456","og_locale":"pt_BR","og_type":"article","og_title":"Acredite se Quiser - JORNAL BEIRA RIO","og_description":"Tens\u00e3o total na Prefeitura de Resende. Corredores nervosos e muita instabilidade entre servidores e principalmente entre os cargos comissionados, diante da proximidade do desfecho","og_url":"https:\/\/jornalbeirario.com.br\/portal\/?p=14456","og_site_name":"JORNAL BEIRA RIO","article_published_time":"2013-09-13T11:58:39+00:00","author":"Jornal BEIRA-RIO","twitter_card":"summary_large_image","twitter_misc":{"Escrito por":"Jornal BEIRA-RIO","Est. tempo de leitura":"4 minutos"},"schema":{"@context":"https:\/\/schema.org","@graph":[{"@type":"Article","@id":"https:\/\/jornalbeirario.com.br\/portal\/?p=14456#article","isPartOf":{"@id":"https:\/\/jornalbeirario.com.br\/portal\/?p=14456"},"author":{"name":"Jornal BEIRA-RIO","@id":"https:\/\/jornalbeirario.com.br\/portal\/#\/schema\/person\/c6c423e4c2465d2a9233f6539173e7c1"},"headline":"Acredite se Quiser","datePublished":"2013-09-13T11:58:39+00:00","mainEntityOfPage":{"@id":"https:\/\/jornalbeirario.com.br\/portal\/?p=14456"},"wordCount":755,"commentCount":0,"publisher":{"@id":"https:\/\/jornalbeirario.com.br\/portal\/#organization"},"keywords":["dehoraemhora"],"articleSection":["Opini\u00e3o"],"inLanguage":"pt-BR","potentialAction":[{"@type":"CommentAction","name":"Comment","target":["https:\/\/jornalbeirario.com.br\/portal\/?p=14456#respond"]}]},{"@type":"WebPage","@id":"https:\/\/jornalbeirario.com.br\/portal\/?p=14456","url":"https:\/\/jornalbeirario.com.br\/portal\/?p=14456","name":"Acredite se Quiser - JORNAL BEIRA RIO","isPartOf":{"@id":"https:\/\/jornalbeirario.com.br\/portal\/#website"},"datePublished":"2013-09-13T11:58:39+00:00","breadcrumb":{"@id":"https:\/\/jornalbeirario.com.br\/portal\/?p=14456#breadcrumb"},"inLanguage":"pt-BR","potentialAction":[{"@type":"ReadAction","target":["https:\/\/jornalbeirario.com.br\/portal\/?p=14456"]}]},{"@type":"BreadcrumbList","@id":"https:\/\/jornalbeirario.com.br\/portal\/?p=14456#breadcrumb","itemListElement":[{"@type":"ListItem","position":1,"name":"Home","item":"https:\/\/jornalbeirario.com.br\/portal"},{"@type":"ListItem","position":2,"name":"Acredite se Quiser"}]},{"@type":"WebSite","@id":"https:\/\/jornalbeirario.com.br\/portal\/#website","url":"https:\/\/jornalbeirario.com.br\/portal\/","name":"JORNAL BEIRA RIO","description":"","publisher":{"@id":"https:\/\/jornalbeirario.com.br\/portal\/#organization"},"potentialAction":[{"@type":"SearchAction","target":{"@type":"EntryPoint","urlTemplate":"https:\/\/jornalbeirario.com.br\/portal\/?s={search_term_string}"},"query-input":{"@type":"PropertyValueSpecification","valueRequired":true,"valueName":"search_term_string"}}],"inLanguage":"pt-BR"},{"@type":"Organization","@id":"https:\/\/jornalbeirario.com.br\/portal\/#organization","name":"JORNAL BEIRA RIO","url":"https:\/\/jornalbeirario.com.br\/portal\/","logo":{"@type":"ImageObject","inLanguage":"pt-BR","@id":"https:\/\/jornalbeirario.com.br\/portal\/#\/schema\/logo\/image\/","url":"https:\/\/jornalbeirario.com.br\/portal\/wp-content\/uploads\/2017\/09\/BEIRA-RIO_logo600.png","contentUrl":"https:\/\/jornalbeirario.com.br\/portal\/wp-content\/uploads\/2017\/09\/BEIRA-RIO_logo600.png","width":650,"height":108,"caption":"JORNAL BEIRA RIO"},"image":{"@id":"https:\/\/jornalbeirario.com.br\/portal\/#\/schema\/logo\/image\/"}},{"@type":"Person","@id":"https:\/\/jornalbeirario.com.br\/portal\/#\/schema\/person\/c6c423e4c2465d2a9233f6539173e7c1","name":"Jornal BEIRA-RIO","image":{"@type":"ImageObject","inLanguage":"pt-BR","@id":"https:\/\/jornalbeirario.com.br\/portal\/wp-content\/uploads\/2023\/10\/logojbr1.jpg","url":"https:\/\/jornalbeirario.com.br\/portal\/wp-content\/uploads\/2023\/10\/logojbr1.jpg","contentUrl":"https:\/\/jornalbeirario.com.br\/portal\/wp-content\/uploads\/2023\/10\/logojbr1.jpg","caption":"Jornal BEIRA-RIO"},"url":"https:\/\/jornalbeirario.com.br\/portal\/?author=1"}]}},"_links":{"self":[{"href":"https:\/\/jornalbeirario.com.br\/portal\/index.php?rest_route=\/wp\/v2\/posts\/14456","targetHints":{"allow":["GET"]}}],"collection":[{"href":"https:\/\/jornalbeirario.com.br\/portal\/index.php?rest_route=\/wp\/v2\/posts"}],"about":[{"href":"https:\/\/jornalbeirario.com.br\/portal\/index.php?rest_route=\/wp\/v2\/types\/post"}],"author":[{"embeddable":true,"href":"https:\/\/jornalbeirario.com.br\/portal\/index.php?rest_route=\/wp\/v2\/users\/1"}],"replies":[{"embeddable":true,"href":"https:\/\/jornalbeirario.com.br\/portal\/index.php?rest_route=%2Fwp%2Fv2%2Fcomments&post=14456"}],"version-history":[{"count":1,"href":"https:\/\/jornalbeirario.com.br\/portal\/index.php?rest_route=\/wp\/v2\/posts\/14456\/revisions"}],"predecessor-version":[{"id":14457,"href":"https:\/\/jornalbeirario.com.br\/portal\/index.php?rest_route=\/wp\/v2\/posts\/14456\/revisions\/14457"}],"wp:attachment":[{"href":"https:\/\/jornalbeirario.com.br\/portal\/index.php?rest_route=%2Fwp%2Fv2%2Fmedia&parent=14456"}],"wp:term":[{"taxonomy":"category","embeddable":true,"href":"https:\/\/jornalbeirario.com.br\/portal\/index.php?rest_route=%2Fwp%2Fv2%2Fcategories&post=14456"},{"taxonomy":"post_tag","embeddable":true,"href":"https:\/\/jornalbeirario.com.br\/portal\/index.php?rest_route=%2Fwp%2Fv2%2Ftags&post=14456"}],"curies":[{"name":"wp","href":"https:\/\/api.w.org\/{rel}","templated":true}]}}