
{"id":14338,"date":"2013-09-06T03:51:19","date_gmt":"2013-09-06T03:51:19","guid":{"rendered":"http:\/\/jornalbeirario.com.br\/portal\/portal\/?p=14338"},"modified":"2013-09-06T03:51:19","modified_gmt":"2013-09-06T03:51:19","slug":"lais-amaral-24","status":"publish","type":"post","link":"https:\/\/jornalbeirario.com.br\/portal\/?p=14338","title":{"rendered":"La\u00eds Amaral"},"content":{"rendered":"<p style=\"text-align: justify;\"><strong>Obama \u00e9 s\u00f3 um presidente americano. Nada mais que isso.<\/strong><br \/>\nO povo norte-americano foi consultado em pesquisa encomendada pelo Washington Post e deu que 60% da popula\u00e7\u00e3o rejeita um ataque militar \u00e0 S\u00edria e que 70% s\u00e3o contra os USA armarem os rebeldes que combatem o governo daquele pa\u00eds. O congresso americano tamb\u00e9m \u00e9 majoritariamente contra o ataque. A ONU n\u00e3o aprova e a palavra final \u00e9 do Conselho de Seguran\u00e7a que n\u00e3o aprovar\u00e1. A Inglaterra, aliada eterno, correu do pau. S\u00f3 a Fran\u00e7a (estranh\u00edssimo), Obama (obstinado) e a ind\u00fastria b\u00e9lica norte-americana querem essa guerra. E pensar que Obama, essa enorme decep\u00e7\u00e3o democrata, ganhou recentemente o Nobel da Paz. E esse rid\u00edculo que espiona, at\u00e9 n\u00f3s, simples mortais, fala em dignidade. Olhe o seu quintal, presidente ! Guant\u00e2namo est\u00e1 a\u00ed pertinho ! Seja digno e feche esse campo de concentra\u00e7\u00e3o. Sua promessa de campanha. Tor\u00e7o contra, mas acredito que ele vai preferir ser mais um Bush na vida inventando motivos para matar inocentes por interesses unicamente, comerciais e de poder imperial.<\/p>\n<p style=\"text-align: justify;\"><strong>Bem-vindos os\u00a0m\u00e9dicos cubanos<\/strong><br \/>\nUma coluna de escrituras diversificadas (que inclui cr\u00f4nicas, demais pe\u00e7as ficcionais e outros del\u00edrios) como \u00e9 o meu caso aqui no <strong>BEIRA-RIO<\/strong>, me exp\u00f5e n\u00e3o raro a cobran\u00e7as por parte de leitores. Numa cidade do porte da nossa n\u00e3o \u00e9 dif\u00edcil estar frente a frente com eles. A cobran\u00e7a mais recente \u00e9 sobre a importa\u00e7\u00e3o de m\u00e9dicos estrangeiros. Qual a minha opini\u00e3o? Ent\u00e3o vai l\u00e1: sou totalmente favor\u00e1vel a vinda dos estrangeiros pelas raz\u00f5es j\u00e1 conhecidas. A quest\u00e3o que mais mexeu comigo nisso tudo foram o preconceito e o corporativismo obtuso de parte da categoria, principalmente contra os m\u00e9dicos cubanos. Completo a nota com trechos de um artigo publicado no dia 31, s\u00e1bado passado, na Folha de S\u00e3o Paulo, assinado pelo m\u00e9dico David Oliveira de Souza, de 38 anos que tamb\u00e9m \u00e9 professor do Instituto de Pesquisa do Hospital S\u00edrio-Liban\u00eas e que foi diretor do \u2018M\u00e9dicos Sem Fronteiras no Brasil\u2019 entre 2007 e 2010. Assim come\u00e7a o artigo: \u201cBem-vindos, m\u00e9dicos cubanos. Voc\u00eas ser\u00e3o muito importantes para o Brasil\u201d. E continua: &#8220;Talvez voc\u00eas j\u00e1 saibam que a principal causa de morte no Brasil s\u00e3o as doen\u00e7as do aparelho circulat\u00f3rio. Temos um alto \u00edndice de interna\u00e7\u00f5es hospitalares sens\u00edveis \u00e0 aten\u00e7\u00e3o prim\u00e1ria, ou seja, que poderiam ter sido evitadas por um atendimento simples caso houvesse m\u00e9dico no posto de sa\u00fade&#8221;. E David termina o artigo: \u201cEm nome de nosso povo e de boa parte de nossos m\u00e9dicos, s\u00f3 me resta dizer com convic\u00e7\u00e3o: Um abra\u00e7o fraterno e muchas gracias\u201d. (O interessante artigo, na \u00edntegra, no meu Blog bocadesiri-lais.blogspot.com)<\/p>\n<p style=\"text-align: justify;\"><strong>TRIPA<\/strong><br \/>\n* Como a coluna esta semana est\u00e1 internacional demais, abrimos esta \u2018Tripa\u2019 com coisas bem nossas. Na pr\u00f3xima ter\u00e7a-feira, dia 10, \u00e0s 20 horas, no Espa\u00e7o \u2018Z\u2019, acontece a festa de lan\u00e7amento da 46\u00aa Exapicor. E a festa esse ano vai consolidando uma tend\u00eancia de se diversificar. Com o fim dos rodeios, o tom de festa de pe\u00e3o perdeu for\u00e7a. Com a Arena Cultural, Rua da M\u00fasica e outras ofertas, a Exapicor oferece um leque diverso com apelos culturais locais e de fora que v\u00e3o se firmando e agradando seus frequentadores. Para saber mais, entre no Site da festa: www.exapicor.com.br * Gisele soltou a voz s\u00e1bado passado na \u2018Rua da M\u00fasica\u2019, junto com o grupo de choro \u2018N\u00f3s nas Cordas\u2019. Neste s\u00e1bado n\u00e3o tem m\u00fasica l\u00e1 na Pra\u00e7a da Bandeira devido ao Feriado de 7 Setembro. \u00c9 dia de desfile na Avenida Rita Ferreira da Rocha * Mas hoje, sexta, dia 6, tem \u2018M\u00fasica na Pra\u00e7a\u2019 a partir das 19 horas na Pra\u00e7a Oliveira Botelho. E quem vai quebrar tudo por l\u00e1 \u00e9 o Aniceto Jazz Band. \u00c9 m\u00fasica da melhor qualidade. Vale conferir * No ar a CCR FM 107.5, r\u00e1dio especializada em presta\u00e7\u00e3o de servi\u00e7os para quem for trafegar pela Via Dutra. S\u00e3o 24 horas de programa\u00e7\u00e3o exclusiva e informa\u00e7\u00f5es sobre toda a rodovia.<\/p>\n<p style=\"text-align: justify;\"><strong>ANIVERS\u00c1RIOS<\/strong><br \/>\nSegunda-feira, dia 2, mudou de idade o bom m\u00fasico Caio Chiarini. Na ter\u00e7a, dia 3, foi a vez do Regis Ferreira. Na quarta, dia 4, Sopraram velinhas: a Denise Guimar\u00e3es, a Carla Souza e a Raquel Gomes. Ontem, dia 5, inaugurou idade nova o Lucas Siqueira. Hoje, dia 6, duas amigas recebem os \u2018parab\u00e9ns\u2019, a Cyntia Freitas e a C\u00e1ssia Cardoso. Amanh\u00e3, feriado de 7 de Setembro, os amigos: Jos\u00e9 C\u00e2ndido, o \u2018Jos\u00e9 Corredor\u2019, o Jos\u00e9lio Magalh\u00e3es, o Ricardo C\u00e2mara e a Mari\u00e2ngela Rodrigues. No domingo, dia 8, um grupo grande muda da idade: Irani Maria, F\u00e1binho Penchel, Andresa Ribeiro, o bofoguense Luis Bernardes e a Giane Francisca. Parab\u00e9ns e todas as felicidades do mundo a eles.<\/p>\n","protected":false},"excerpt":{"rendered":"<p>Obama \u00e9 s\u00f3 um presidente americano. Nada mais que isso. O povo norte-americano foi consultado em pesquisa encomendada pelo Washington Post e deu que<\/p>\n","protected":false},"author":1,"featured_media":0,"comment_status":"open","ping_status":"open","sticky":false,"template":"","format":"standard","meta":{"pmpro_default_level":"","footnotes":""},"categories":[13],"tags":[],"class_list":["post-14338","post","type-post","status-publish","format-standard","hentry","category-social","pmpro-has-access"],"yoast_head":"<!-- This site is optimized with the Yoast SEO plugin v27.4 - https:\/\/yoast.com\/product\/yoast-seo-wordpress\/ -->\n<title>La\u00eds Amaral - JORNAL BEIRA RIO<\/title>\n<meta name=\"robots\" content=\"index, follow, max-snippet:-1, max-image-preview:large, max-video-preview:-1\" \/>\n<link rel=\"canonical\" href=\"https:\/\/jornalbeirario.com.br\/portal\/?p=14338\" \/>\n<meta property=\"og:locale\" content=\"pt_BR\" \/>\n<meta property=\"og:type\" content=\"article\" \/>\n<meta property=\"og:title\" content=\"La\u00eds Amaral - JORNAL BEIRA RIO\" \/>\n<meta property=\"og:description\" content=\"Obama \u00e9 s\u00f3 um presidente americano. Nada mais que isso. O povo norte-americano foi consultado em pesquisa encomendada pelo Washington Post e deu que\" \/>\n<meta property=\"og:url\" content=\"https:\/\/jornalbeirario.com.br\/portal\/?p=14338\" \/>\n<meta property=\"og:site_name\" content=\"JORNAL BEIRA RIO\" \/>\n<meta property=\"article:published_time\" content=\"2013-09-06T03:51:19+00:00\" \/>\n<meta name=\"author\" content=\"Jornal BEIRA-RIO\" \/>\n<meta name=\"twitter:card\" content=\"summary_large_image\" \/>\n<meta name=\"twitter:label1\" content=\"Escrito por\" \/>\n\t<meta name=\"twitter:data1\" content=\"Jornal BEIRA-RIO\" \/>\n\t<meta name=\"twitter:label2\" content=\"Est. tempo de leitura\" \/>\n\t<meta name=\"twitter:data2\" content=\"4 minutos\" \/>\n<script type=\"application\/ld+json\" class=\"yoast-schema-graph\">{\"@context\":\"https:\\\/\\\/schema.org\",\"@graph\":[{\"@type\":\"Article\",\"@id\":\"https:\\\/\\\/jornalbeirario.com.br\\\/portal\\\/?p=14338#article\",\"isPartOf\":{\"@id\":\"https:\\\/\\\/jornalbeirario.com.br\\\/portal\\\/?p=14338\"},\"author\":{\"name\":\"Jornal BEIRA-RIO\",\"@id\":\"https:\\\/\\\/jornalbeirario.com.br\\\/portal\\\/#\\\/schema\\\/person\\\/c6c423e4c2465d2a9233f6539173e7c1\"},\"headline\":\"La\u00eds Amaral\",\"datePublished\":\"2013-09-06T03:51:19+00:00\",\"mainEntityOfPage\":{\"@id\":\"https:\\\/\\\/jornalbeirario.com.br\\\/portal\\\/?p=14338\"},\"wordCount\":833,\"commentCount\":1,\"publisher\":{\"@id\":\"https:\\\/\\\/jornalbeirario.com.br\\\/portal\\\/#organization\"},\"articleSection\":[\"Social\"],\"inLanguage\":\"pt-BR\",\"potentialAction\":[{\"@type\":\"CommentAction\",\"name\":\"Comment\",\"target\":[\"https:\\\/\\\/jornalbeirario.com.br\\\/portal\\\/?p=14338#respond\"]}]},{\"@type\":\"WebPage\",\"@id\":\"https:\\\/\\\/jornalbeirario.com.br\\\/portal\\\/?p=14338\",\"url\":\"https:\\\/\\\/jornalbeirario.com.br\\\/portal\\\/?p=14338\",\"name\":\"La\u00eds Amaral - JORNAL BEIRA RIO\",\"isPartOf\":{\"@id\":\"https:\\\/\\\/jornalbeirario.com.br\\\/portal\\\/#website\"},\"datePublished\":\"2013-09-06T03:51:19+00:00\",\"breadcrumb\":{\"@id\":\"https:\\\/\\\/jornalbeirario.com.br\\\/portal\\\/?p=14338#breadcrumb\"},\"inLanguage\":\"pt-BR\",\"potentialAction\":[{\"@type\":\"ReadAction\",\"target\":[\"https:\\\/\\\/jornalbeirario.com.br\\\/portal\\\/?p=14338\"]}]},{\"@type\":\"BreadcrumbList\",\"@id\":\"https:\\\/\\\/jornalbeirario.com.br\\\/portal\\\/?p=14338#breadcrumb\",\"itemListElement\":[{\"@type\":\"ListItem\",\"position\":1,\"name\":\"Home\",\"item\":\"https:\\\/\\\/jornalbeirario.com.br\\\/portal\"},{\"@type\":\"ListItem\",\"position\":2,\"name\":\"La\u00eds Amaral\"}]},{\"@type\":\"WebSite\",\"@id\":\"https:\\\/\\\/jornalbeirario.com.br\\\/portal\\\/#website\",\"url\":\"https:\\\/\\\/jornalbeirario.com.br\\\/portal\\\/\",\"name\":\"JORNAL BEIRA RIO\",\"description\":\"\",\"publisher\":{\"@id\":\"https:\\\/\\\/jornalbeirario.com.br\\\/portal\\\/#organization\"},\"potentialAction\":[{\"@type\":\"SearchAction\",\"target\":{\"@type\":\"EntryPoint\",\"urlTemplate\":\"https:\\\/\\\/jornalbeirario.com.br\\\/portal\\\/?s={search_term_string}\"},\"query-input\":{\"@type\":\"PropertyValueSpecification\",\"valueRequired\":true,\"valueName\":\"search_term_string\"}}],\"inLanguage\":\"pt-BR\"},{\"@type\":\"Organization\",\"@id\":\"https:\\\/\\\/jornalbeirario.com.br\\\/portal\\\/#organization\",\"name\":\"JORNAL BEIRA RIO\",\"url\":\"https:\\\/\\\/jornalbeirario.com.br\\\/portal\\\/\",\"logo\":{\"@type\":\"ImageObject\",\"inLanguage\":\"pt-BR\",\"@id\":\"https:\\\/\\\/jornalbeirario.com.br\\\/portal\\\/#\\\/schema\\\/logo\\\/image\\\/\",\"url\":\"https:\\\/\\\/jornalbeirario.com.br\\\/portal\\\/wp-content\\\/uploads\\\/2017\\\/09\\\/BEIRA-RIO_logo600.png\",\"contentUrl\":\"https:\\\/\\\/jornalbeirario.com.br\\\/portal\\\/wp-content\\\/uploads\\\/2017\\\/09\\\/BEIRA-RIO_logo600.png\",\"width\":650,\"height\":108,\"caption\":\"JORNAL BEIRA RIO\"},\"image\":{\"@id\":\"https:\\\/\\\/jornalbeirario.com.br\\\/portal\\\/#\\\/schema\\\/logo\\\/image\\\/\"}},{\"@type\":\"Person\",\"@id\":\"https:\\\/\\\/jornalbeirario.com.br\\\/portal\\\/#\\\/schema\\\/person\\\/c6c423e4c2465d2a9233f6539173e7c1\",\"name\":\"Jornal BEIRA-RIO\",\"image\":{\"@type\":\"ImageObject\",\"inLanguage\":\"pt-BR\",\"@id\":\"https:\\\/\\\/jornalbeirario.com.br\\\/portal\\\/wp-content\\\/uploads\\\/2023\\\/10\\\/logojbr1.jpg\",\"url\":\"https:\\\/\\\/jornalbeirario.com.br\\\/portal\\\/wp-content\\\/uploads\\\/2023\\\/10\\\/logojbr1.jpg\",\"contentUrl\":\"https:\\\/\\\/jornalbeirario.com.br\\\/portal\\\/wp-content\\\/uploads\\\/2023\\\/10\\\/logojbr1.jpg\",\"caption\":\"Jornal BEIRA-RIO\"},\"url\":\"https:\\\/\\\/jornalbeirario.com.br\\\/portal\\\/?author=1\"}]}<\/script>\n<!-- \/ Yoast SEO plugin. -->","yoast_head_json":{"title":"La\u00eds Amaral - JORNAL BEIRA RIO","robots":{"index":"index","follow":"follow","max-snippet":"max-snippet:-1","max-image-preview":"max-image-preview:large","max-video-preview":"max-video-preview:-1"},"canonical":"https:\/\/jornalbeirario.com.br\/portal\/?p=14338","og_locale":"pt_BR","og_type":"article","og_title":"La\u00eds Amaral - JORNAL BEIRA RIO","og_description":"Obama \u00e9 s\u00f3 um presidente americano. Nada mais que isso. O povo norte-americano foi consultado em pesquisa encomendada pelo Washington Post e deu que","og_url":"https:\/\/jornalbeirario.com.br\/portal\/?p=14338","og_site_name":"JORNAL BEIRA RIO","article_published_time":"2013-09-06T03:51:19+00:00","author":"Jornal BEIRA-RIO","twitter_card":"summary_large_image","twitter_misc":{"Escrito por":"Jornal BEIRA-RIO","Est. tempo de leitura":"4 minutos"},"schema":{"@context":"https:\/\/schema.org","@graph":[{"@type":"Article","@id":"https:\/\/jornalbeirario.com.br\/portal\/?p=14338#article","isPartOf":{"@id":"https:\/\/jornalbeirario.com.br\/portal\/?p=14338"},"author":{"name":"Jornal BEIRA-RIO","@id":"https:\/\/jornalbeirario.com.br\/portal\/#\/schema\/person\/c6c423e4c2465d2a9233f6539173e7c1"},"headline":"La\u00eds Amaral","datePublished":"2013-09-06T03:51:19+00:00","mainEntityOfPage":{"@id":"https:\/\/jornalbeirario.com.br\/portal\/?p=14338"},"wordCount":833,"commentCount":1,"publisher":{"@id":"https:\/\/jornalbeirario.com.br\/portal\/#organization"},"articleSection":["Social"],"inLanguage":"pt-BR","potentialAction":[{"@type":"CommentAction","name":"Comment","target":["https:\/\/jornalbeirario.com.br\/portal\/?p=14338#respond"]}]},{"@type":"WebPage","@id":"https:\/\/jornalbeirario.com.br\/portal\/?p=14338","url":"https:\/\/jornalbeirario.com.br\/portal\/?p=14338","name":"La\u00eds Amaral - JORNAL BEIRA RIO","isPartOf":{"@id":"https:\/\/jornalbeirario.com.br\/portal\/#website"},"datePublished":"2013-09-06T03:51:19+00:00","breadcrumb":{"@id":"https:\/\/jornalbeirario.com.br\/portal\/?p=14338#breadcrumb"},"inLanguage":"pt-BR","potentialAction":[{"@type":"ReadAction","target":["https:\/\/jornalbeirario.com.br\/portal\/?p=14338"]}]},{"@type":"BreadcrumbList","@id":"https:\/\/jornalbeirario.com.br\/portal\/?p=14338#breadcrumb","itemListElement":[{"@type":"ListItem","position":1,"name":"Home","item":"https:\/\/jornalbeirario.com.br\/portal"},{"@type":"ListItem","position":2,"name":"La\u00eds Amaral"}]},{"@type":"WebSite","@id":"https:\/\/jornalbeirario.com.br\/portal\/#website","url":"https:\/\/jornalbeirario.com.br\/portal\/","name":"JORNAL BEIRA RIO","description":"","publisher":{"@id":"https:\/\/jornalbeirario.com.br\/portal\/#organization"},"potentialAction":[{"@type":"SearchAction","target":{"@type":"EntryPoint","urlTemplate":"https:\/\/jornalbeirario.com.br\/portal\/?s={search_term_string}"},"query-input":{"@type":"PropertyValueSpecification","valueRequired":true,"valueName":"search_term_string"}}],"inLanguage":"pt-BR"},{"@type":"Organization","@id":"https:\/\/jornalbeirario.com.br\/portal\/#organization","name":"JORNAL BEIRA RIO","url":"https:\/\/jornalbeirario.com.br\/portal\/","logo":{"@type":"ImageObject","inLanguage":"pt-BR","@id":"https:\/\/jornalbeirario.com.br\/portal\/#\/schema\/logo\/image\/","url":"https:\/\/jornalbeirario.com.br\/portal\/wp-content\/uploads\/2017\/09\/BEIRA-RIO_logo600.png","contentUrl":"https:\/\/jornalbeirario.com.br\/portal\/wp-content\/uploads\/2017\/09\/BEIRA-RIO_logo600.png","width":650,"height":108,"caption":"JORNAL BEIRA RIO"},"image":{"@id":"https:\/\/jornalbeirario.com.br\/portal\/#\/schema\/logo\/image\/"}},{"@type":"Person","@id":"https:\/\/jornalbeirario.com.br\/portal\/#\/schema\/person\/c6c423e4c2465d2a9233f6539173e7c1","name":"Jornal BEIRA-RIO","image":{"@type":"ImageObject","inLanguage":"pt-BR","@id":"https:\/\/jornalbeirario.com.br\/portal\/wp-content\/uploads\/2023\/10\/logojbr1.jpg","url":"https:\/\/jornalbeirario.com.br\/portal\/wp-content\/uploads\/2023\/10\/logojbr1.jpg","contentUrl":"https:\/\/jornalbeirario.com.br\/portal\/wp-content\/uploads\/2023\/10\/logojbr1.jpg","caption":"Jornal BEIRA-RIO"},"url":"https:\/\/jornalbeirario.com.br\/portal\/?author=1"}]}},"_links":{"self":[{"href":"https:\/\/jornalbeirario.com.br\/portal\/index.php?rest_route=\/wp\/v2\/posts\/14338","targetHints":{"allow":["GET"]}}],"collection":[{"href":"https:\/\/jornalbeirario.com.br\/portal\/index.php?rest_route=\/wp\/v2\/posts"}],"about":[{"href":"https:\/\/jornalbeirario.com.br\/portal\/index.php?rest_route=\/wp\/v2\/types\/post"}],"author":[{"embeddable":true,"href":"https:\/\/jornalbeirario.com.br\/portal\/index.php?rest_route=\/wp\/v2\/users\/1"}],"replies":[{"embeddable":true,"href":"https:\/\/jornalbeirario.com.br\/portal\/index.php?rest_route=%2Fwp%2Fv2%2Fcomments&post=14338"}],"version-history":[{"count":4,"href":"https:\/\/jornalbeirario.com.br\/portal\/index.php?rest_route=\/wp\/v2\/posts\/14338\/revisions"}],"predecessor-version":[{"id":14387,"href":"https:\/\/jornalbeirario.com.br\/portal\/index.php?rest_route=\/wp\/v2\/posts\/14338\/revisions\/14387"}],"wp:attachment":[{"href":"https:\/\/jornalbeirario.com.br\/portal\/index.php?rest_route=%2Fwp%2Fv2%2Fmedia&parent=14338"}],"wp:term":[{"taxonomy":"category","embeddable":true,"href":"https:\/\/jornalbeirario.com.br\/portal\/index.php?rest_route=%2Fwp%2Fv2%2Fcategories&post=14338"},{"taxonomy":"post_tag","embeddable":true,"href":"https:\/\/jornalbeirario.com.br\/portal\/index.php?rest_route=%2Fwp%2Fv2%2Ftags&post=14338"}],"curies":[{"name":"wp","href":"https:\/\/api.w.org\/{rel}","templated":true}]}}