
{"id":14218,"date":"2013-08-31T15:56:30","date_gmt":"2013-08-31T15:56:30","guid":{"rendered":"http:\/\/jornalbeirario.com.br\/portal\/portal\/?p=14218"},"modified":"2013-08-31T15:56:30","modified_gmt":"2013-08-31T15:56:30","slug":"vacinacao-antirrabica-na-regiao-central-de-resende","status":"publish","type":"post","link":"https:\/\/jornalbeirario.com.br\/portal\/?p=14218","title":{"rendered":"Vacina\u00e7\u00e3o Antirr\u00e1bica na regi\u00e3o Central de Resende"},"content":{"rendered":"<figure id=\"attachment_14219\" aria-describedby=\"caption-attachment-14219\" style=\"width: 300px\" class=\"wp-caption alignleft\"><a href=\"https:\/\/jornalbeirario.com.br\/portal\/wp-content\/uploads\/2013\/08\/vacinacao-1.jpg\"><img loading=\"lazy\" decoding=\"async\" class=\"size-medium wp-image-14219\" title=\"vacinacao\" src=\"https:\/\/jornalbeirario.com.br\/portal\/wp-content\/uploads\/2013\/08\/vacinacao-1-300x199.jpg\" alt=\"\" width=\"300\" height=\"199\" srcset=\"https:\/\/jornalbeirario.com.br\/portal\/wp-content\/uploads\/2013\/08\/vacinacao-1-300x199.jpg 300w, https:\/\/jornalbeirario.com.br\/portal\/wp-content\/uploads\/2013\/08\/vacinacao-1.jpg 640w\" sizes=\"auto, (max-width: 300px) 100vw, 300px\" \/><\/a><figcaption id=\"caption-attachment-14219\" class=\"wp-caption-text\">Foto: PMR<\/figcaption><\/figure>\n<p style=\"text-align: justify;\">Acontece neste s\u00e1bado, dia 31, das 8h30 \u00e0s 16h, a Campanha de Vacina\u00e7\u00e3o Antirr\u00e1bica nos bairros Manejo\/Vila Julieta, Nova Liberdade, Monet, Montese, Centro, Vicentina\/Santo Amaro, Campos El\u00edseos\/Vila Ara\u00fajo, Vila Moderna, Surubi e Novo Surubi.<\/p>\n<p style=\"text-align: justify;\">Segundo balan\u00e7o divulgado pelo Centro de Controle de Zoonoses (CCZ), mais de dois mil animais j\u00e1 receberam a vacina neste ano. A expectativa \u00e9 de que sejam imunizados em todo o munic\u00edpio 15 mil c\u00e3es e dois mil gatos durante toda a campanha, que termina no dia 21 de setembro.<\/p>\n<p style=\"text-align: justify;\">Segundo a prefeitura todos os animais a partir de quatro meses de idade, mesmo os que j\u00e1 foram vacinados em ano anteriores, devem tomar a dose da vacina antirr\u00e1bica durante a campanha deste ano. Sendo apenas animais doentes e f\u00eameas em gesta\u00e7\u00e3o n\u00e3o devem receber a vacina.<\/p>\n<p style=\"text-align: justify;\">O Centro de Controle de Zoonoses de Resende fica na rua Eur\u00eddices Paulina de Almeida, 300, Vila Vicentina II. O telefone \u00e9 3360-9690.<\/p>\n<p style=\"text-align: justify;\">Confira os locais de vacina\u00e7\u00e3o:<\/p>\n<p style=\"text-align: justify;\">Manejo\/Vila Julieta &#8211; Parque Tobog\u00e3<\/p>\n<p style=\"text-align: justify;\">Nova Liberdade &#8211; Escola Municipal Noel de Carvalho<\/p>\n<p style=\"text-align: justify;\">Monet &#8211; entrada do bairro<\/p>\n<p style=\"text-align: justify;\">Montese &#8211; entrada do bairro<\/p>\n<p style=\"text-align: justify;\">Centro &#8211; Laborat\u00f3rio Central (rua Timburib\u00e1, s\/n)<\/p>\n<p style=\"text-align: justify;\">Vicentina\/Santo Amaro &#8211; posto de sa\u00fade<\/p>\n<p style=\"text-align: justify;\">Campos El\u00edseos &#8211; Pra\u00e7a do Trenzinho (at\u00e9 12h)<\/p>\n<p style=\"text-align: justify;\">Vila Ara\u00fajo &#8211; atr\u00e1s do C.E. Olavo Bilac (das 12h \u00e0s 16h)<\/p>\n<p style=\"text-align: justify;\">Vila Moderna\/Alto dos Passos &#8211; E.M. Bernada Brand\u00e3o<\/p>\n<p style=\"text-align: justify;\">Surubi &#8211; posto de sa\u00fade<\/p>\n<p style=\"text-align: justify;\">Fonte: PMR<\/p>\n","protected":false},"excerpt":{"rendered":"<p>Acontece neste s\u00e1bado, dia 31, das 8h30 \u00e0s 16h, a Campanha de Vacina\u00e7\u00e3o Antirr\u00e1bica nos bairros Manejo\/Vila Julieta, Nova Liberdade, Monet, Montese, Centro, Vicentina\/Santo<\/p>\n","protected":false},"author":1,"featured_media":14219,"comment_status":"open","ping_status":"open","sticky":false,"template":"","format":"standard","meta":{"pmpro_default_level":"","footnotes":"","_members_access_role":[],"_members_access_error":""},"categories":[18],"tags":[155],"class_list":["post-14218","post","type-post","status-publish","format-standard","has-post-thumbnail","hentry","category-saude","tag-dehoraemhora","pmpro-has-access"],"yoast_head":"<!-- This site is optimized with the Yoast SEO plugin v28.4 - https:\/\/yoast.com\/product\/yoast-seo-wordpress\/ -->\n<title>Vacina\u00e7\u00e3o Antirr\u00e1bica na regi\u00e3o Central de Resende - JORNAL BEIRA RIO<\/title>\n<meta name=\"robots\" content=\"index, follow, max-snippet:-1, max-image-preview:large, max-video-preview:-1\" \/>\n<link rel=\"canonical\" href=\"https:\/\/jornalbeirario.com.br\/portal\/?p=14218\" \/>\n<meta property=\"og:locale\" content=\"pt_BR\" \/>\n<meta property=\"og:type\" content=\"article\" \/>\n<meta property=\"og:title\" content=\"Vacina\u00e7\u00e3o Antirr\u00e1bica na regi\u00e3o Central de Resende - JORNAL BEIRA RIO\" \/>\n<meta property=\"og:description\" content=\"Acontece neste s\u00e1bado, dia 31, das 8h30 \u00e0s 16h, a Campanha de Vacina\u00e7\u00e3o Antirr\u00e1bica nos bairros Manejo\/Vila Julieta, Nova Liberdade, Monet, Montese, Centro, Vicentina\/Santo\" \/>\n<meta property=\"og:url\" content=\"https:\/\/jornalbeirario.com.br\/portal\/?p=14218\" \/>\n<meta property=\"og:site_name\" content=\"JORNAL BEIRA RIO\" \/>\n<meta property=\"article:published_time\" content=\"2013-08-31T15:56:30+00:00\" \/>\n<meta property=\"og:image\" content=\"https:\/\/jornalbeirario.com.br\/portal\/wp-content\/uploads\/2013\/08\/vacinacao-1.jpg\" \/>\n\t<meta property=\"og:image:width\" content=\"640\" \/>\n\t<meta property=\"og:image:height\" content=\"425\" \/>\n\t<meta property=\"og:image:type\" content=\"image\/jpeg\" \/>\n<meta name=\"author\" content=\"Jornal BEIRA-RIO\" \/>\n<meta name=\"twitter:card\" content=\"summary_large_image\" \/>\n<meta name=\"twitter:label1\" content=\"Escrito por\" \/>\n\t<meta name=\"twitter:data1\" content=\"Jornal BEIRA-RIO\" \/>\n\t<meta name=\"twitter:label2\" content=\"Est. tempo de leitura\" \/>\n\t<meta name=\"twitter:data2\" content=\"1 minuto\" \/>\n<script type=\"application\/ld+json\" class=\"yoast-schema-graph\">{\"@context\":\"https:\\\/\\\/schema.org\",\"@graph\":[{\"@type\":\"Article\",\"@id\":\"https:\\\/\\\/jornalbeirario.com.br\\\/portal\\\/?p=14218#article\",\"isPartOf\":{\"@id\":\"https:\\\/\\\/jornalbeirario.com.br\\\/portal\\\/?p=14218\"},\"author\":{\"name\":\"Jornal BEIRA-RIO\",\"@id\":\"https:\\\/\\\/jornalbeirario.com.br\\\/portal\\\/#\\\/schema\\\/person\\\/c6c423e4c2465d2a9233f6539173e7c1\"},\"headline\":\"Vacina\u00e7\u00e3o Antirr\u00e1bica na regi\u00e3o Central de Resende\",\"datePublished\":\"2013-08-31T15:56:30+00:00\",\"mainEntityOfPage\":{\"@id\":\"https:\\\/\\\/jornalbeirario.com.br\\\/portal\\\/?p=14218\"},\"wordCount\":275,\"commentCount\":0,\"publisher\":{\"@id\":\"https:\\\/\\\/jornalbeirario.com.br\\\/portal\\\/#organization\"},\"image\":{\"@id\":\"https:\\\/\\\/jornalbeirario.com.br\\\/portal\\\/?p=14218#primaryimage\"},\"thumbnailUrl\":\"https:\\\/\\\/jornalbeirario.com.br\\\/portal\\\/wp-content\\\/uploads\\\/2013\\\/08\\\/vacinacao-1.jpg\",\"keywords\":[\"dehoraemhora\"],\"articleSection\":[\"Sa\u00fade\"],\"inLanguage\":\"pt-BR\",\"potentialAction\":[{\"@type\":\"CommentAction\",\"name\":\"Comment\",\"target\":[\"https:\\\/\\\/jornalbeirario.com.br\\\/portal\\\/?p=14218#respond\"]}]},{\"@type\":\"WebPage\",\"@id\":\"https:\\\/\\\/jornalbeirario.com.br\\\/portal\\\/?p=14218\",\"url\":\"https:\\\/\\\/jornalbeirario.com.br\\\/portal\\\/?p=14218\",\"name\":\"Vacina\u00e7\u00e3o Antirr\u00e1bica na regi\u00e3o Central de Resende - JORNAL BEIRA RIO\",\"isPartOf\":{\"@id\":\"https:\\\/\\\/jornalbeirario.com.br\\\/portal\\\/#website\"},\"primaryImageOfPage\":{\"@id\":\"https:\\\/\\\/jornalbeirario.com.br\\\/portal\\\/?p=14218#primaryimage\"},\"image\":{\"@id\":\"https:\\\/\\\/jornalbeirario.com.br\\\/portal\\\/?p=14218#primaryimage\"},\"thumbnailUrl\":\"https:\\\/\\\/jornalbeirario.com.br\\\/portal\\\/wp-content\\\/uploads\\\/2013\\\/08\\\/vacinacao-1.jpg\",\"datePublished\":\"2013-08-31T15:56:30+00:00\",\"breadcrumb\":{\"@id\":\"https:\\\/\\\/jornalbeirario.com.br\\\/portal\\\/?p=14218#breadcrumb\"},\"inLanguage\":\"pt-BR\",\"potentialAction\":[{\"@type\":\"ReadAction\",\"target\":[\"https:\\\/\\\/jornalbeirario.com.br\\\/portal\\\/?p=14218\"]}]},{\"@type\":\"ImageObject\",\"inLanguage\":\"pt-BR\",\"@id\":\"https:\\\/\\\/jornalbeirario.com.br\\\/portal\\\/?p=14218#primaryimage\",\"url\":\"https:\\\/\\\/jornalbeirario.com.br\\\/portal\\\/wp-content\\\/uploads\\\/2013\\\/08\\\/vacinacao-1.jpg\",\"contentUrl\":\"https:\\\/\\\/jornalbeirario.com.br\\\/portal\\\/wp-content\\\/uploads\\\/2013\\\/08\\\/vacinacao-1.jpg\",\"width\":\"640\",\"height\":\"425\",\"caption\":\"Foto: PMR\"},{\"@type\":\"BreadcrumbList\",\"@id\":\"https:\\\/\\\/jornalbeirario.com.br\\\/portal\\\/?p=14218#breadcrumb\",\"itemListElement\":[{\"@type\":\"ListItem\",\"position\":1,\"name\":\"Home\",\"item\":\"https:\\\/\\\/jornalbeirario.com.br\\\/portal\"},{\"@type\":\"ListItem\",\"position\":2,\"name\":\"Vacina\u00e7\u00e3o Antirr\u00e1bica na regi\u00e3o Central de Resende\"}]},{\"@type\":\"WebSite\",\"@id\":\"https:\\\/\\\/jornalbeirario.com.br\\\/portal\\\/#website\",\"url\":\"https:\\\/\\\/jornalbeirario.com.br\\\/portal\\\/\",\"name\":\"JORNAL BEIRA RIO\",\"description\":\"\",\"publisher\":{\"@id\":\"https:\\\/\\\/jornalbeirario.com.br\\\/portal\\\/#organization\"},\"potentialAction\":[{\"@type\":\"SearchAction\",\"target\":{\"@type\":\"EntryPoint\",\"urlTemplate\":\"https:\\\/\\\/jornalbeirario.com.br\\\/portal\\\/?s={search_term_string}\"},\"query-input\":{\"@type\":\"PropertyValueSpecification\",\"valueRequired\":true,\"valueName\":\"search_term_string\"}}],\"inLanguage\":\"pt-BR\"},{\"@type\":\"Organization\",\"@id\":\"https:\\\/\\\/jornalbeirario.com.br\\\/portal\\\/#organization\",\"name\":\"JORNAL BEIRA RIO\",\"url\":\"https:\\\/\\\/jornalbeirario.com.br\\\/portal\\\/\",\"logo\":{\"@type\":\"ImageObject\",\"inLanguage\":\"pt-BR\",\"@id\":\"https:\\\/\\\/jornalbeirario.com.br\\\/portal\\\/#\\\/schema\\\/logo\\\/image\\\/\",\"url\":\"https:\\\/\\\/jornalbeirario.com.br\\\/portal\\\/wp-content\\\/uploads\\\/2017\\\/09\\\/BEIRA-RIO_logo600.png\",\"contentUrl\":\"https:\\\/\\\/jornalbeirario.com.br\\\/portal\\\/wp-content\\\/uploads\\\/2017\\\/09\\\/BEIRA-RIO_logo600.png\",\"width\":650,\"height\":108,\"caption\":\"JORNAL BEIRA RIO\"},\"image\":{\"@id\":\"https:\\\/\\\/jornalbeirario.com.br\\\/portal\\\/#\\\/schema\\\/logo\\\/image\\\/\"}},{\"@type\":\"Person\",\"@id\":\"https:\\\/\\\/jornalbeirario.com.br\\\/portal\\\/#\\\/schema\\\/person\\\/c6c423e4c2465d2a9233f6539173e7c1\",\"name\":\"Jornal BEIRA-RIO\",\"image\":{\"@type\":\"ImageObject\",\"inLanguage\":\"pt-BR\",\"@id\":\"https:\\\/\\\/jornalbeirario.com.br\\\/portal\\\/wp-content\\\/uploads\\\/2023\\\/10\\\/logojbr1.jpg\",\"url\":\"https:\\\/\\\/jornalbeirario.com.br\\\/portal\\\/wp-content\\\/uploads\\\/2023\\\/10\\\/logojbr1.jpg\",\"contentUrl\":\"https:\\\/\\\/jornalbeirario.com.br\\\/portal\\\/wp-content\\\/uploads\\\/2023\\\/10\\\/logojbr1.jpg\",\"caption\":\"Jornal BEIRA-RIO\"},\"url\":\"https:\\\/\\\/jornalbeirario.com.br\\\/portal\\\/?author=1\"}]}<\/script>\n<!-- \/ Yoast SEO plugin. -->","yoast_head_json":{"title":"Vacina\u00e7\u00e3o Antirr\u00e1bica na regi\u00e3o Central de Resende - JORNAL BEIRA RIO","robots":{"index":"index","follow":"follow","max-snippet":"max-snippet:-1","max-image-preview":"max-image-preview:large","max-video-preview":"max-video-preview:-1"},"canonical":"https:\/\/jornalbeirario.com.br\/portal\/?p=14218","og_locale":"pt_BR","og_type":"article","og_title":"Vacina\u00e7\u00e3o Antirr\u00e1bica na regi\u00e3o Central de Resende - JORNAL BEIRA RIO","og_description":"Acontece neste s\u00e1bado, dia 31, das 8h30 \u00e0s 16h, a Campanha de Vacina\u00e7\u00e3o Antirr\u00e1bica nos bairros Manejo\/Vila Julieta, Nova Liberdade, Monet, Montese, Centro, Vicentina\/Santo","og_url":"https:\/\/jornalbeirario.com.br\/portal\/?p=14218","og_site_name":"JORNAL BEIRA RIO","article_published_time":"2013-08-31T15:56:30+00:00","og_image":[{"width":640,"height":425,"url":"https:\/\/jornalbeirario.com.br\/portal\/wp-content\/uploads\/2013\/08\/vacinacao-1.jpg","type":"image\/jpeg"}],"author":"Jornal BEIRA-RIO","twitter_card":"summary_large_image","twitter_misc":{"Escrito por":"Jornal BEIRA-RIO","Est. tempo de leitura":"1 minuto"},"schema":{"@context":"https:\/\/schema.org","@graph":[{"@type":"Article","@id":"https:\/\/jornalbeirario.com.br\/portal\/?p=14218#article","isPartOf":{"@id":"https:\/\/jornalbeirario.com.br\/portal\/?p=14218"},"author":{"name":"Jornal BEIRA-RIO","@id":"https:\/\/jornalbeirario.com.br\/portal\/#\/schema\/person\/c6c423e4c2465d2a9233f6539173e7c1"},"headline":"Vacina\u00e7\u00e3o Antirr\u00e1bica na regi\u00e3o Central de Resende","datePublished":"2013-08-31T15:56:30+00:00","mainEntityOfPage":{"@id":"https:\/\/jornalbeirario.com.br\/portal\/?p=14218"},"wordCount":275,"commentCount":0,"publisher":{"@id":"https:\/\/jornalbeirario.com.br\/portal\/#organization"},"image":{"@id":"https:\/\/jornalbeirario.com.br\/portal\/?p=14218#primaryimage"},"thumbnailUrl":"https:\/\/jornalbeirario.com.br\/portal\/wp-content\/uploads\/2013\/08\/vacinacao-1.jpg","keywords":["dehoraemhora"],"articleSection":["Sa\u00fade"],"inLanguage":"pt-BR","potentialAction":[{"@type":"CommentAction","name":"Comment","target":["https:\/\/jornalbeirario.com.br\/portal\/?p=14218#respond"]}]},{"@type":"WebPage","@id":"https:\/\/jornalbeirario.com.br\/portal\/?p=14218","url":"https:\/\/jornalbeirario.com.br\/portal\/?p=14218","name":"Vacina\u00e7\u00e3o Antirr\u00e1bica na regi\u00e3o Central de Resende - JORNAL BEIRA RIO","isPartOf":{"@id":"https:\/\/jornalbeirario.com.br\/portal\/#website"},"primaryImageOfPage":{"@id":"https:\/\/jornalbeirario.com.br\/portal\/?p=14218#primaryimage"},"image":{"@id":"https:\/\/jornalbeirario.com.br\/portal\/?p=14218#primaryimage"},"thumbnailUrl":"https:\/\/jornalbeirario.com.br\/portal\/wp-content\/uploads\/2013\/08\/vacinacao-1.jpg","datePublished":"2013-08-31T15:56:30+00:00","breadcrumb":{"@id":"https:\/\/jornalbeirario.com.br\/portal\/?p=14218#breadcrumb"},"inLanguage":"pt-BR","potentialAction":[{"@type":"ReadAction","target":["https:\/\/jornalbeirario.com.br\/portal\/?p=14218"]}]},{"@type":"ImageObject","inLanguage":"pt-BR","@id":"https:\/\/jornalbeirario.com.br\/portal\/?p=14218#primaryimage","url":"https:\/\/jornalbeirario.com.br\/portal\/wp-content\/uploads\/2013\/08\/vacinacao-1.jpg","contentUrl":"https:\/\/jornalbeirario.com.br\/portal\/wp-content\/uploads\/2013\/08\/vacinacao-1.jpg","width":"640","height":"425","caption":"Foto: PMR"},{"@type":"BreadcrumbList","@id":"https:\/\/jornalbeirario.com.br\/portal\/?p=14218#breadcrumb","itemListElement":[{"@type":"ListItem","position":1,"name":"Home","item":"https:\/\/jornalbeirario.com.br\/portal"},{"@type":"ListItem","position":2,"name":"Vacina\u00e7\u00e3o Antirr\u00e1bica na regi\u00e3o Central de Resende"}]},{"@type":"WebSite","@id":"https:\/\/jornalbeirario.com.br\/portal\/#website","url":"https:\/\/jornalbeirario.com.br\/portal\/","name":"JORNAL BEIRA RIO","description":"","publisher":{"@id":"https:\/\/jornalbeirario.com.br\/portal\/#organization"},"potentialAction":[{"@type":"SearchAction","target":{"@type":"EntryPoint","urlTemplate":"https:\/\/jornalbeirario.com.br\/portal\/?s={search_term_string}"},"query-input":{"@type":"PropertyValueSpecification","valueRequired":true,"valueName":"search_term_string"}}],"inLanguage":"pt-BR"},{"@type":"Organization","@id":"https:\/\/jornalbeirario.com.br\/portal\/#organization","name":"JORNAL BEIRA RIO","url":"https:\/\/jornalbeirario.com.br\/portal\/","logo":{"@type":"ImageObject","inLanguage":"pt-BR","@id":"https:\/\/jornalbeirario.com.br\/portal\/#\/schema\/logo\/image\/","url":"https:\/\/jornalbeirario.com.br\/portal\/wp-content\/uploads\/2017\/09\/BEIRA-RIO_logo600.png","contentUrl":"https:\/\/jornalbeirario.com.br\/portal\/wp-content\/uploads\/2017\/09\/BEIRA-RIO_logo600.png","width":650,"height":108,"caption":"JORNAL BEIRA RIO"},"image":{"@id":"https:\/\/jornalbeirario.com.br\/portal\/#\/schema\/logo\/image\/"}},{"@type":"Person","@id":"https:\/\/jornalbeirario.com.br\/portal\/#\/schema\/person\/c6c423e4c2465d2a9233f6539173e7c1","name":"Jornal BEIRA-RIO","image":{"@type":"ImageObject","inLanguage":"pt-BR","@id":"https:\/\/jornalbeirario.com.br\/portal\/wp-content\/uploads\/2023\/10\/logojbr1.jpg","url":"https:\/\/jornalbeirario.com.br\/portal\/wp-content\/uploads\/2023\/10\/logojbr1.jpg","contentUrl":"https:\/\/jornalbeirario.com.br\/portal\/wp-content\/uploads\/2023\/10\/logojbr1.jpg","caption":"Jornal BEIRA-RIO"},"url":"https:\/\/jornalbeirario.com.br\/portal\/?author=1"}]}},"_links":{"self":[{"href":"https:\/\/jornalbeirario.com.br\/portal\/index.php?rest_route=\/wp\/v2\/posts\/14218","targetHints":{"allow":["GET"]}}],"collection":[{"href":"https:\/\/jornalbeirario.com.br\/portal\/index.php?rest_route=\/wp\/v2\/posts"}],"about":[{"href":"https:\/\/jornalbeirario.com.br\/portal\/index.php?rest_route=\/wp\/v2\/types\/post"}],"author":[{"embeddable":true,"href":"https:\/\/jornalbeirario.com.br\/portal\/index.php?rest_route=\/wp\/v2\/users\/1"}],"replies":[{"embeddable":true,"href":"https:\/\/jornalbeirario.com.br\/portal\/index.php?rest_route=%2Fwp%2Fv2%2Fcomments&post=14218"}],"version-history":[{"count":2,"href":"https:\/\/jornalbeirario.com.br\/portal\/index.php?rest_route=\/wp\/v2\/posts\/14218\/revisions"}],"predecessor-version":[{"id":14221,"href":"https:\/\/jornalbeirario.com.br\/portal\/index.php?rest_route=\/wp\/v2\/posts\/14218\/revisions\/14221"}],"wp:featuredmedia":[{"embeddable":true,"href":"https:\/\/jornalbeirario.com.br\/portal\/index.php?rest_route=\/wp\/v2\/media\/14219"}],"wp:attachment":[{"href":"https:\/\/jornalbeirario.com.br\/portal\/index.php?rest_route=%2Fwp%2Fv2%2Fmedia&parent=14218"}],"wp:term":[{"taxonomy":"category","embeddable":true,"href":"https:\/\/jornalbeirario.com.br\/portal\/index.php?rest_route=%2Fwp%2Fv2%2Fcategories&post=14218"},{"taxonomy":"post_tag","embeddable":true,"href":"https:\/\/jornalbeirario.com.br\/portal\/index.php?rest_route=%2Fwp%2Fv2%2Ftags&post=14218"}],"curies":[{"name":"wp","href":"https:\/\/api.w.org\/{rel}","templated":true}]}}