
{"id":14137,"date":"2013-08-30T12:27:17","date_gmt":"2013-08-30T12:27:17","guid":{"rendered":"http:\/\/jornalbeirario.com.br\/portal\/portal\/?p=14137"},"modified":"2013-08-30T12:27:17","modified_gmt":"2013-08-30T12:27:17","slug":"acredite-se-quiser-43","status":"publish","type":"post","link":"https:\/\/jornalbeirario.com.br\/portal\/?p=14137","title":{"rendered":"Acredite se quiser"},"content":{"rendered":"<p style=\"text-align: justify;\">&#8211; E cad\u00ea o tom\u00f3grafo funcionando no Hospital de Emerg\u00eancia? Mais de um ano comprado e at\u00e9 agora nada. Depois que um movimento nas redes sociais come\u00e7ou a perguntar ininterruptamente sobre o tom\u00f3grafo que custou quase R$ 1 milh\u00e3o, chegaram umas caixas grandes que garantem ser o aparelho t\u00e3o esperado. Equipamento chegou, mas n\u00e3o foi instalado, a desculpa do governo Rechuan foi que a sala que vai abrigar ainda estava em obras, ali\u00e1s uma obra que come\u00e7ou tamb\u00e9m ano passado, ocasi\u00e3o do an\u00fancio da reforma do Hospital de Emerg\u00eancia. Os do governo que tentaram justificar a compra do aparelho h\u00e1 um ano, sem uso, garantiram que o tom\u00f3grafo estaria funcionando antes do final do m\u00eas de agosto. Pois bem, o final de agosto chegou. E o tom\u00f3grafo? Cad\u00ea?<\/p>\n<p>&#8211; Por falar em Hospital de Emerg\u00eancia&#8230; o Minist\u00e9rio P\u00fablico abriu inqu\u00e9rito civil para apurar a poss\u00edvel responsabilidade do Hospital de Resende sobre a morte de um paciente, em maio deste ano, que teria tido sua cirurgia postergada, entre outras den\u00fancias, inclusive de falta de medicamentos e falta de esteriliza\u00e7\u00e3o dos equipamentos. O Minist\u00e9rio P\u00fablico enviou of\u00edcios ao Minist\u00e9rio da Sa\u00fade e Secret\u00e1ria Estadual de Sa\u00fade solicitando informa\u00e7\u00f5es sobre os investimentos feitos no munic\u00edpio na \u00e1rea da sa\u00fade desde 2009. Tamb\u00e9m expediu solicita\u00e7\u00e3o de informa\u00e7\u00e3o ao Conselho Regional de Medicina e outros \u00f3rg\u00e3os&#8230;. iiiiiiiiiiiiiii por isso que as den\u00fancias precisam ser feitas no local certo. Tem den\u00fancia? Foi mal atendido? Sabe de alguma fraude ou coisa errada no Poder P\u00fablico? Denuncie ao Minist\u00e9rio P\u00fablico e nem precisa se identificar, se assim preferir. O link \u00e9: http:\/\/www.mprj.mp.br\/cidadao\/ouvidoria\/ ou ligue 127.<\/p>\n<p>&#8211; A C\u00e2mara Municipal de Resende remarcou a licita\u00e7\u00e3o para contratar Ag\u00eancia de Publicidade para fazer propaganda. A concorr\u00eancia ser\u00e1 dia 15 de outubro de 2013 \u00e0s 9h. Tem um detalhe IMPORTANTE NO AVISO DA LICITA\u00c7\u00c3O sobre a data da licita\u00e7\u00e3o que poder\u00e1 ocorrer \u201cno mesmo hor\u00e1rio do primeiro dia \u00fatil subsequente, na hip\u00f3tese de n\u00e3o haver expediente na data marcada\u201d. \u00c0s vezes, uma pequena informa\u00e7\u00e3o faz toda diferen\u00e7a n\u00e9? Vai que eles resolvem dar ponto facultativo por causa do dia dos professores? Quanta honra, n\u00e3o? Mas tai, quem tiver interesse e for habilitado para tal, uma chance de fazer propaganda para a C\u00e2mara Municipal. Que tipo de propaganda que os vereadores querem fazer \u00e9 que s\u00e3o elas. Vamos acompanhar.<\/p>\n<p>&#8211; Por falar em C\u00e2mara Municipal de Resende&#8230; o presidente Bira Ritton assinou um termo de homologa\u00e7\u00e3o e pagamento de mais de R$ 31 mil para uma empresa fazer \u201cvarredura eletr\u00f4nica e escuta telef\u00f4nica em ambiente interno\u201d. Coisa esquisita n\u00e9 n\u00e3o?<\/p>\n<p>&#8211; V\u00e1rios muros amanhecerem no s\u00e1bado dia 24, pichados em Resende com frases direcionadas ao prefeito Rechuan e ao secret\u00e1rio de Trabalho e Renda Kiko Besouchet. Palavras nada elogiosas. Bem, muito rapidamente o secret\u00e1rio de Transporte e Tr\u00e2nsito, Alcides De Carli (por que ele?) foi acionado para apagar as picha\u00e7\u00f5es e prontamente esteve presente com uma equipe para tal. Pena que isso n\u00e3o \u00e9 feito em todos os muros da cidade que trazem picha\u00e7\u00f5es inclusive alguns com iniciais de fac\u00e7\u00f5es criminosas. Pois \u00e9.<\/p>\n<p>&#8211; E o prefeito de Volta Redonda, Antonio Francisco Neto hein? Caiu mesmo. Pelo menos por enquanto. O julgamento do m\u00e9rito da a\u00e7\u00e3o que pede sua cassa\u00e7\u00e3o dever\u00e1 ocorrer agora dentro de 60 dias no Tribunal superior eleitoral. L\u00e1 tamb\u00e9m est\u00e1 o caso do prefeito Luiz Carlos Yp\u00ea, esse conseguiu liminar para ficar no posto at\u00e9 a decis\u00e3o. Regi\u00e3o numa grande tens\u00e3o. Agora, contam os bem informados, a bola da vez \u00e9 o prefeito de Resende Jos\u00e9 Rechuan, que c\u00e1 pra n\u00f3s, abusou e abusou muito tamb\u00e9m no per\u00edodo eleitoral. E a lei diz que abuso \u00e9 crime eleitoral, se \u00e9 crime&#8230;. S\u00e3o v\u00e1rias den\u00fancias desde o ano passado. Algumas j\u00e1 foram consideradas improcedentes e outras ainda merecem aprecia\u00e7\u00e3o da Justi\u00e7a, mas tem um processo que est\u00e1, digamos assim&#8230; \u201cna boca do forno\u201d. \u00c9 o de n\u00famero 586-87 que trata de \u201cUSO INDEVIDO DE MEIO DE COMUNICA\u00c7\u00c3O SOCIAL &#8211; MAT\u00c9RIAS EM JORNAL FAVORECENDO CANDIDATO\u201d, no caso Jose Rechuan e o vice Noel de Oliveira. O juiz Hindenburg Brasil aguarda chegada de solicita\u00e7\u00f5es e respostas de of\u00edcios para uma decis\u00e3o. O Minist\u00e9rio P\u00fablico deu parecer favor\u00e1vel e diz no documento anexo ao processo: \u201cConsoante ao disposto no art.22, da LC 64\/90, incoso XVI \u201cpara a configura\u00e7\u00e3o do ato abusivo, n\u00e3o ser\u00e1 considerada a potencialidade de o fato alterar o resultado da elei\u00e7\u00e3o, mas apenas a gravidade das circunst\u00e2ncias que o caracterizam\u201d. Agora, \u00e9 aguardar!<\/p>\n","protected":false},"excerpt":{"rendered":"<p>&#8211; E cad\u00ea o tom\u00f3grafo funcionando no Hospital de Emerg\u00eancia? Mais de um ano comprado e at\u00e9 agora nada. Depois que um movimento nas<\/p>\n","protected":false},"author":1,"featured_media":0,"comment_status":"open","ping_status":"open","sticky":false,"template":"","format":"standard","meta":{"pmpro_default_level":"","footnotes":""},"categories":[8],"tags":[155],"class_list":["post-14137","post","type-post","status-publish","format-standard","hentry","category-opiniao","tag-dehoraemhora","pmpro-has-access"],"yoast_head":"<!-- This site is optimized with the Yoast SEO plugin v27.4 - https:\/\/yoast.com\/product\/yoast-seo-wordpress\/ -->\n<title>Acredite se quiser - JORNAL BEIRA RIO<\/title>\n<meta name=\"robots\" content=\"index, follow, max-snippet:-1, max-image-preview:large, max-video-preview:-1\" \/>\n<link rel=\"canonical\" href=\"https:\/\/jornalbeirario.com.br\/portal\/?p=14137\" \/>\n<meta property=\"og:locale\" content=\"pt_BR\" \/>\n<meta property=\"og:type\" content=\"article\" \/>\n<meta property=\"og:title\" content=\"Acredite se quiser - JORNAL BEIRA RIO\" \/>\n<meta property=\"og:description\" content=\"&#8211; E cad\u00ea o tom\u00f3grafo funcionando no Hospital de Emerg\u00eancia? Mais de um ano comprado e at\u00e9 agora nada. Depois que um movimento nas\" \/>\n<meta property=\"og:url\" content=\"https:\/\/jornalbeirario.com.br\/portal\/?p=14137\" \/>\n<meta property=\"og:site_name\" content=\"JORNAL BEIRA RIO\" \/>\n<meta property=\"article:published_time\" content=\"2013-08-30T12:27:17+00:00\" \/>\n<meta name=\"author\" content=\"Jornal BEIRA-RIO\" \/>\n<meta name=\"twitter:card\" content=\"summary_large_image\" \/>\n<meta name=\"twitter:label1\" content=\"Escrito por\" \/>\n\t<meta name=\"twitter:data1\" content=\"Jornal BEIRA-RIO\" \/>\n\t<meta name=\"twitter:label2\" content=\"Est. tempo de leitura\" \/>\n\t<meta name=\"twitter:data2\" content=\"4 minutos\" \/>\n<script type=\"application\/ld+json\" class=\"yoast-schema-graph\">{\"@context\":\"https:\\\/\\\/schema.org\",\"@graph\":[{\"@type\":\"Article\",\"@id\":\"https:\\\/\\\/jornalbeirario.com.br\\\/portal\\\/?p=14137#article\",\"isPartOf\":{\"@id\":\"https:\\\/\\\/jornalbeirario.com.br\\\/portal\\\/?p=14137\"},\"author\":{\"name\":\"Jornal BEIRA-RIO\",\"@id\":\"https:\\\/\\\/jornalbeirario.com.br\\\/portal\\\/#\\\/schema\\\/person\\\/c6c423e4c2465d2a9233f6539173e7c1\"},\"headline\":\"Acredite se quiser\",\"datePublished\":\"2013-08-30T12:27:17+00:00\",\"mainEntityOfPage\":{\"@id\":\"https:\\\/\\\/jornalbeirario.com.br\\\/portal\\\/?p=14137\"},\"wordCount\":833,\"commentCount\":0,\"publisher\":{\"@id\":\"https:\\\/\\\/jornalbeirario.com.br\\\/portal\\\/#organization\"},\"keywords\":[\"dehoraemhora\"],\"articleSection\":[\"Opini\u00e3o\"],\"inLanguage\":\"pt-BR\",\"potentialAction\":[{\"@type\":\"CommentAction\",\"name\":\"Comment\",\"target\":[\"https:\\\/\\\/jornalbeirario.com.br\\\/portal\\\/?p=14137#respond\"]}]},{\"@type\":\"WebPage\",\"@id\":\"https:\\\/\\\/jornalbeirario.com.br\\\/portal\\\/?p=14137\",\"url\":\"https:\\\/\\\/jornalbeirario.com.br\\\/portal\\\/?p=14137\",\"name\":\"Acredite se quiser - JORNAL BEIRA RIO\",\"isPartOf\":{\"@id\":\"https:\\\/\\\/jornalbeirario.com.br\\\/portal\\\/#website\"},\"datePublished\":\"2013-08-30T12:27:17+00:00\",\"breadcrumb\":{\"@id\":\"https:\\\/\\\/jornalbeirario.com.br\\\/portal\\\/?p=14137#breadcrumb\"},\"inLanguage\":\"pt-BR\",\"potentialAction\":[{\"@type\":\"ReadAction\",\"target\":[\"https:\\\/\\\/jornalbeirario.com.br\\\/portal\\\/?p=14137\"]}]},{\"@type\":\"BreadcrumbList\",\"@id\":\"https:\\\/\\\/jornalbeirario.com.br\\\/portal\\\/?p=14137#breadcrumb\",\"itemListElement\":[{\"@type\":\"ListItem\",\"position\":1,\"name\":\"Home\",\"item\":\"https:\\\/\\\/jornalbeirario.com.br\\\/portal\"},{\"@type\":\"ListItem\",\"position\":2,\"name\":\"Acredite se quiser\"}]},{\"@type\":\"WebSite\",\"@id\":\"https:\\\/\\\/jornalbeirario.com.br\\\/portal\\\/#website\",\"url\":\"https:\\\/\\\/jornalbeirario.com.br\\\/portal\\\/\",\"name\":\"JORNAL BEIRA RIO\",\"description\":\"\",\"publisher\":{\"@id\":\"https:\\\/\\\/jornalbeirario.com.br\\\/portal\\\/#organization\"},\"potentialAction\":[{\"@type\":\"SearchAction\",\"target\":{\"@type\":\"EntryPoint\",\"urlTemplate\":\"https:\\\/\\\/jornalbeirario.com.br\\\/portal\\\/?s={search_term_string}\"},\"query-input\":{\"@type\":\"PropertyValueSpecification\",\"valueRequired\":true,\"valueName\":\"search_term_string\"}}],\"inLanguage\":\"pt-BR\"},{\"@type\":\"Organization\",\"@id\":\"https:\\\/\\\/jornalbeirario.com.br\\\/portal\\\/#organization\",\"name\":\"JORNAL BEIRA RIO\",\"url\":\"https:\\\/\\\/jornalbeirario.com.br\\\/portal\\\/\",\"logo\":{\"@type\":\"ImageObject\",\"inLanguage\":\"pt-BR\",\"@id\":\"https:\\\/\\\/jornalbeirario.com.br\\\/portal\\\/#\\\/schema\\\/logo\\\/image\\\/\",\"url\":\"https:\\\/\\\/jornalbeirario.com.br\\\/portal\\\/wp-content\\\/uploads\\\/2017\\\/09\\\/BEIRA-RIO_logo600.png\",\"contentUrl\":\"https:\\\/\\\/jornalbeirario.com.br\\\/portal\\\/wp-content\\\/uploads\\\/2017\\\/09\\\/BEIRA-RIO_logo600.png\",\"width\":650,\"height\":108,\"caption\":\"JORNAL BEIRA RIO\"},\"image\":{\"@id\":\"https:\\\/\\\/jornalbeirario.com.br\\\/portal\\\/#\\\/schema\\\/logo\\\/image\\\/\"}},{\"@type\":\"Person\",\"@id\":\"https:\\\/\\\/jornalbeirario.com.br\\\/portal\\\/#\\\/schema\\\/person\\\/c6c423e4c2465d2a9233f6539173e7c1\",\"name\":\"Jornal BEIRA-RIO\",\"image\":{\"@type\":\"ImageObject\",\"inLanguage\":\"pt-BR\",\"@id\":\"https:\\\/\\\/jornalbeirario.com.br\\\/portal\\\/wp-content\\\/uploads\\\/2023\\\/10\\\/logojbr1.jpg\",\"url\":\"https:\\\/\\\/jornalbeirario.com.br\\\/portal\\\/wp-content\\\/uploads\\\/2023\\\/10\\\/logojbr1.jpg\",\"contentUrl\":\"https:\\\/\\\/jornalbeirario.com.br\\\/portal\\\/wp-content\\\/uploads\\\/2023\\\/10\\\/logojbr1.jpg\",\"caption\":\"Jornal BEIRA-RIO\"},\"url\":\"https:\\\/\\\/jornalbeirario.com.br\\\/portal\\\/?author=1\"}]}<\/script>\n<!-- \/ Yoast SEO plugin. -->","yoast_head_json":{"title":"Acredite se quiser - JORNAL BEIRA RIO","robots":{"index":"index","follow":"follow","max-snippet":"max-snippet:-1","max-image-preview":"max-image-preview:large","max-video-preview":"max-video-preview:-1"},"canonical":"https:\/\/jornalbeirario.com.br\/portal\/?p=14137","og_locale":"pt_BR","og_type":"article","og_title":"Acredite se quiser - JORNAL BEIRA RIO","og_description":"&#8211; E cad\u00ea o tom\u00f3grafo funcionando no Hospital de Emerg\u00eancia? Mais de um ano comprado e at\u00e9 agora nada. Depois que um movimento nas","og_url":"https:\/\/jornalbeirario.com.br\/portal\/?p=14137","og_site_name":"JORNAL BEIRA RIO","article_published_time":"2013-08-30T12:27:17+00:00","author":"Jornal BEIRA-RIO","twitter_card":"summary_large_image","twitter_misc":{"Escrito por":"Jornal BEIRA-RIO","Est. tempo de leitura":"4 minutos"},"schema":{"@context":"https:\/\/schema.org","@graph":[{"@type":"Article","@id":"https:\/\/jornalbeirario.com.br\/portal\/?p=14137#article","isPartOf":{"@id":"https:\/\/jornalbeirario.com.br\/portal\/?p=14137"},"author":{"name":"Jornal BEIRA-RIO","@id":"https:\/\/jornalbeirario.com.br\/portal\/#\/schema\/person\/c6c423e4c2465d2a9233f6539173e7c1"},"headline":"Acredite se quiser","datePublished":"2013-08-30T12:27:17+00:00","mainEntityOfPage":{"@id":"https:\/\/jornalbeirario.com.br\/portal\/?p=14137"},"wordCount":833,"commentCount":0,"publisher":{"@id":"https:\/\/jornalbeirario.com.br\/portal\/#organization"},"keywords":["dehoraemhora"],"articleSection":["Opini\u00e3o"],"inLanguage":"pt-BR","potentialAction":[{"@type":"CommentAction","name":"Comment","target":["https:\/\/jornalbeirario.com.br\/portal\/?p=14137#respond"]}]},{"@type":"WebPage","@id":"https:\/\/jornalbeirario.com.br\/portal\/?p=14137","url":"https:\/\/jornalbeirario.com.br\/portal\/?p=14137","name":"Acredite se quiser - JORNAL BEIRA RIO","isPartOf":{"@id":"https:\/\/jornalbeirario.com.br\/portal\/#website"},"datePublished":"2013-08-30T12:27:17+00:00","breadcrumb":{"@id":"https:\/\/jornalbeirario.com.br\/portal\/?p=14137#breadcrumb"},"inLanguage":"pt-BR","potentialAction":[{"@type":"ReadAction","target":["https:\/\/jornalbeirario.com.br\/portal\/?p=14137"]}]},{"@type":"BreadcrumbList","@id":"https:\/\/jornalbeirario.com.br\/portal\/?p=14137#breadcrumb","itemListElement":[{"@type":"ListItem","position":1,"name":"Home","item":"https:\/\/jornalbeirario.com.br\/portal"},{"@type":"ListItem","position":2,"name":"Acredite se quiser"}]},{"@type":"WebSite","@id":"https:\/\/jornalbeirario.com.br\/portal\/#website","url":"https:\/\/jornalbeirario.com.br\/portal\/","name":"JORNAL BEIRA RIO","description":"","publisher":{"@id":"https:\/\/jornalbeirario.com.br\/portal\/#organization"},"potentialAction":[{"@type":"SearchAction","target":{"@type":"EntryPoint","urlTemplate":"https:\/\/jornalbeirario.com.br\/portal\/?s={search_term_string}"},"query-input":{"@type":"PropertyValueSpecification","valueRequired":true,"valueName":"search_term_string"}}],"inLanguage":"pt-BR"},{"@type":"Organization","@id":"https:\/\/jornalbeirario.com.br\/portal\/#organization","name":"JORNAL BEIRA RIO","url":"https:\/\/jornalbeirario.com.br\/portal\/","logo":{"@type":"ImageObject","inLanguage":"pt-BR","@id":"https:\/\/jornalbeirario.com.br\/portal\/#\/schema\/logo\/image\/","url":"https:\/\/jornalbeirario.com.br\/portal\/wp-content\/uploads\/2017\/09\/BEIRA-RIO_logo600.png","contentUrl":"https:\/\/jornalbeirario.com.br\/portal\/wp-content\/uploads\/2017\/09\/BEIRA-RIO_logo600.png","width":650,"height":108,"caption":"JORNAL BEIRA RIO"},"image":{"@id":"https:\/\/jornalbeirario.com.br\/portal\/#\/schema\/logo\/image\/"}},{"@type":"Person","@id":"https:\/\/jornalbeirario.com.br\/portal\/#\/schema\/person\/c6c423e4c2465d2a9233f6539173e7c1","name":"Jornal BEIRA-RIO","image":{"@type":"ImageObject","inLanguage":"pt-BR","@id":"https:\/\/jornalbeirario.com.br\/portal\/wp-content\/uploads\/2023\/10\/logojbr1.jpg","url":"https:\/\/jornalbeirario.com.br\/portal\/wp-content\/uploads\/2023\/10\/logojbr1.jpg","contentUrl":"https:\/\/jornalbeirario.com.br\/portal\/wp-content\/uploads\/2023\/10\/logojbr1.jpg","caption":"Jornal BEIRA-RIO"},"url":"https:\/\/jornalbeirario.com.br\/portal\/?author=1"}]}},"_links":{"self":[{"href":"https:\/\/jornalbeirario.com.br\/portal\/index.php?rest_route=\/wp\/v2\/posts\/14137","targetHints":{"allow":["GET"]}}],"collection":[{"href":"https:\/\/jornalbeirario.com.br\/portal\/index.php?rest_route=\/wp\/v2\/posts"}],"about":[{"href":"https:\/\/jornalbeirario.com.br\/portal\/index.php?rest_route=\/wp\/v2\/types\/post"}],"author":[{"embeddable":true,"href":"https:\/\/jornalbeirario.com.br\/portal\/index.php?rest_route=\/wp\/v2\/users\/1"}],"replies":[{"embeddable":true,"href":"https:\/\/jornalbeirario.com.br\/portal\/index.php?rest_route=%2Fwp%2Fv2%2Fcomments&post=14137"}],"version-history":[{"count":2,"href":"https:\/\/jornalbeirario.com.br\/portal\/index.php?rest_route=\/wp\/v2\/posts\/14137\/revisions"}],"predecessor-version":[{"id":14139,"href":"https:\/\/jornalbeirario.com.br\/portal\/index.php?rest_route=\/wp\/v2\/posts\/14137\/revisions\/14139"}],"wp:attachment":[{"href":"https:\/\/jornalbeirario.com.br\/portal\/index.php?rest_route=%2Fwp%2Fv2%2Fmedia&parent=14137"}],"wp:term":[{"taxonomy":"category","embeddable":true,"href":"https:\/\/jornalbeirario.com.br\/portal\/index.php?rest_route=%2Fwp%2Fv2%2Fcategories&post=14137"},{"taxonomy":"post_tag","embeddable":true,"href":"https:\/\/jornalbeirario.com.br\/portal\/index.php?rest_route=%2Fwp%2Fv2%2Ftags&post=14137"}],"curies":[{"name":"wp","href":"https:\/\/api.w.org\/{rel}","templated":true}]}}