
{"id":1387,"date":"2012-10-28T18:45:47","date_gmt":"2012-10-28T18:45:47","guid":{"rendered":"http:\/\/jornalbeirario.com.br\/portal\/portal\/?p=1387"},"modified":"2012-10-28T18:45:47","modified_gmt":"2012-10-28T18:45:47","slug":"lais-amaral","status":"publish","type":"post","link":"https:\/\/jornalbeirario.com.br\/portal\/?p=1387","title":{"rendered":"La\u00eds Amaral"},"content":{"rendered":"<p><strong>Rosa de Saron encerra semana da Juventude em Resende<\/strong><br \/>\nA Semana da Juventude, que come\u00e7ou na sexta-feira passada, termina neste domingo, dia 28, com um evento da Igreja Cat\u00f3lica, um grande show da banda \u2018Rosa de Saron\u2019, no est\u00e1dio do Trabalhador (Sesi), \u00e0s 15 horas. A entrada \u00e9 franca. A \u2018Semana\u2019 integra o calend\u00e1rio anual de eventos do munic\u00edpio e foi recheada de atividades voltadas a valorizar os trabalhos de jovens, principalmente na \u00e1rea art\u00edstica. E uma \u00f3tima oportunidade para divulgar as a\u00e7\u00f5es p\u00fablicas desenvolvidas para este segmento em Resende. Amanh\u00e3 (s\u00e1bado) as atra\u00e7\u00f5es se concentram no Parque das \u00c1guas. A partir das 13 horas, apresenta\u00e7\u00e3o da fanfarra da Escola Estadual Visconde de Mau\u00e1, bandas regionais, teatro, dan\u00e7a, mostra de v\u00eddeo, desfile, bate papo sobre profiss\u00f5es e por a\u00ed vai. A Semana foi organizada pela Coordenadoria da Juventude, ligada \u00e0 Superintend\u00eancia de Rela\u00e7\u00f5es Comunit\u00e1rias da Prefeitura. No domingo, bem antes do show do Rosa de Saron haver\u00e1 a \u2018Caminhada da Paz\u2019 saindo da Igreja da Matriz \u00e0s 10 horas, terminada a missa. Percorrer\u00e1 as ruas do centro de Resende, seguindo para o Col\u00e9gio S\u00e3o Jos\u00e9 Salesiano, no Jardim Jalisco, onde ser\u00e3o realizadas atividades recreativas.<\/p>\n<p><strong>A ira santa do meu amigo Carlos Henrique<\/strong><br \/>\nH\u00e1 duas semanas publiquei aqui uma nota na qual, sem um crit\u00e9rio mais apurado, elenquei vencedores e derrotadas na elei\u00e7\u00e3o municipal deste ano. Embora n\u00e3o tivesse a pretens\u00e3o de ser 100% exato, n\u00e3o poderia ter cometido o lament\u00e1vel descuido de n\u00e3o incluir o PDT (Partido Democr\u00e1tico Trabalhista)\u00a0 na rela\u00e7\u00e3o dos vitoriosos. N\u00e3o deu outra. Dias depois chego no boteco do C\u00e9rgio (com \u201cC\u201d) para o papo de sempre e cervejinha idem, e antes mesmo de dar boa noite aos presentes fui convocado a sentar numa mesa pedetista para passar por uma reprimenda do meu amigo Carlos Henrique Reeve, o mais apaixonado dos brizolistas que conhe\u00e7o. Coadjuvado pelo Totonho, secret\u00e1rio municipal de governo e gente da melhor qualidade. E o \u2018Carl\u00e3o\u2019 estava certo. O seu PDT foi o grande vitorioso entre os partidos em Resende. O mais votado. Ter\u00e1 a maior bancada a partir do ano que vem, com quatro vereadores (todos eleitos com mais de 1000 votos): Pedra, Roque, Macarr\u00e3o e St\u00eanio. Al\u00e9m de ter o vice-prefeito Noel de Oliveira. Parodiando o dito daqueles tempos de secos e molhados, aqui o leitor tem sempre raz\u00e3o. T\u00e1 feito o reparo.\u00a0\u00a0\u00a0\u00a0\u00a0<\/p>\n<p><strong>TRIPA<\/strong><br \/>\n* Hoje (Sexta, 26), amanh\u00e3 e domingo, tem pe\u00e7a nova no teatro do \u2018Espa\u00e7o Z,\u2019. Em cartaz mais uma cria\u00e7\u00e3o do jovem Arthur Vinciprova, \u201cR\u00facula com tomate seco\u201d que aborda a rela\u00e7\u00e3o amorosa de um jovem casal nos tempos atuais. Vinciprova divide o palco com Itiana Rochele. Ele \u00e9 tamb\u00e9m o diretor do espet\u00e1culo. \u201cR\u00facula com tomate seco\u201d tem classifica\u00e7\u00e3o indicativa para maiores de 18 anos, e come\u00e7a sempre \u00e0s 21 horas. Ingressos est\u00e3o sendo vendidos antecipadamente. S\u00e3o de Vinciprova tamb\u00e9m as pe\u00e7as \u201cTurbul\u00eancia\u201d e \u201cBar dos Fusco\u201d * Foi aberta essa semana e segue at\u00e9 23 de novembro na Funda\u00e7\u00e3o Casa da Cultura a exposi\u00e7\u00e3o: \u201cJo\u00e3o C\u00e2ndido e a Luta pelos Direitos Humanos\u201d. A visita\u00e7\u00e3o \u00e9 das 9h \u00e0s 17h. A exposi\u00e7\u00e3o faz parte do projeto \u2018A Cultura ao alcance de todos\u2019 * Hoje (Sexta, 26) \u00e9 o segundo dia de apresenta\u00e7\u00e3o dos trabalhos do 9\u00ba Simp\u00f3sio de Excel\u00eancia em Gest\u00e3o e Tecnologia, um encontro cient\u00edfico de \u00e2mbito nacional promovido anualmente pela AEDB (Faculdades Dom Bosco). O evento \u00e9 franqueado ao p\u00fablico que pode participar como ouvinte. O Simp\u00f3sio foi aberto na quarta, dia 24, no antigo cinema da Aman com a leitura dramatizada do Rei Lear * Dia 29, segunda que vem, se comemora o Dia do Cerimonialista, que ser\u00e1 festejado em almo\u00e7o no \u2018Ponto 107\u2019 do Odylo e da Maria Carmem. Dia 29 \u00e9 o dia do tradicional \u2018nhoque da fortuna\u2019 e o Odylo capricha mesmo * A primeira rodada do So\u00e7aite Quarent\u00e3o da AABB deu uma mostra de como ser\u00e1 equilibrada a disputa. Foram tr\u00eas jogos e os tr\u00eas terminaram empatados: Casa da Lua 3 x 3 S\u00edtio, Brameiros 1 x 1 Ipiranga e Alambari 0 x 0 Turma da Pelada. A rodada deste domingo, dia 28, ter\u00e1 os seguintes confrontos: Alambari x Brameiros (8h30min.), Casa da Lua x Turma da Pelada (10h) e S\u00edtio x Ipiranga (11h15min.).\u00a0 Pelo Sessent\u00e3o o Ciman bateu a Turma da Pelada por 2 x 1 e neste domingo o jogo \u00e9 Turma da Pelada x S\u00edtio (9h) * A regi\u00e3o de Visconde de Mau\u00e1 est\u00e1 em plena temporada da truta. \u00c9 a \u201810\u00aa Temporada da Truta\u2019, iniciativa da Mauatur para refor\u00e7ar ainda mais os encantos e atrativos da regi\u00e3o tur\u00edstica. Quem sabe, sobe!\u00a0\u00a0\u00a0\u00a0\u00a0\u00a0\u00a0\u00a0\u00a0\u00a0\u00a0\u00a0\u00a0\u00a0\u00a0\u00a0\u00a0<\/p>\n<p><strong>ANIVERS\u00c1RIO<\/strong><br \/>\nNa Segunda, dia 22, inaugurou idade nova o meu amigo Jo\u00e3o Paulo Moreira, um virtuoso da flauta.\u00a0 Na Ter\u00e7a, 23, a Mariza, da Panorama, a Percy Lopes, da A\u00e7\u00e3o Social, o Anderson Barros, o Kuga , o Jorge Fernando, meu amigo Jorge do Gesso e o Dr. Geraldo, dentista e atleta da Turma da Pelada. Na Quarta , dia 24, soprou velinhas a minha amiga Alda Soares. Ontem, dia 25, uma turma bem legal mudou de idade: o professor Jo\u00e3o Duarte, a Glaucia Lemos, o Liya Politi e a Lu Santa Rita, filha da minha saudosa amiga Malu Santa Rita. Amanh\u00e3, dia 27, mais uma turminha legal recebe os \u2018parab\u00e9ns\u2019: Daniele Livramento (a m\u00e3e da Manuela), Crysley Pimenta, Guilherme Nogueira, da estirpe mais fan\u00e1tica dos botafoguenses de Resende, e o Dagoberto Guilherme, o \u2018Dag\u00f4\u2019. E no Domingo, dia 28, a \u00c9lida Barros. Parab\u00e9ns e todas as felicidades do mundo a eles.\u00a0\u00a0<\/p>\n<p>&nbsp;<\/p>\n","protected":false},"excerpt":{"rendered":"<p>Rosa de Saron encerra semana da Juventude em Resende A Semana da Juventude, que come\u00e7ou na sexta-feira passada, termina neste domingo, dia 28, com<\/p>\n","protected":false},"author":1,"featured_media":0,"comment_status":"open","ping_status":"open","sticky":false,"template":"","format":"standard","meta":{"pmpro_default_level":"","footnotes":""},"categories":[13],"tags":[],"class_list":["post-1387","post","type-post","status-publish","format-standard","hentry","category-social","pmpro-has-access"],"yoast_head":"<!-- This site is optimized with the Yoast SEO plugin v27.4 - https:\/\/yoast.com\/product\/yoast-seo-wordpress\/ -->\n<title>La\u00eds Amaral - JORNAL BEIRA RIO<\/title>\n<meta name=\"robots\" content=\"index, follow, max-snippet:-1, max-image-preview:large, max-video-preview:-1\" \/>\n<link rel=\"canonical\" href=\"https:\/\/jornalbeirario.com.br\/portal\/?p=1387\" \/>\n<meta property=\"og:locale\" content=\"pt_BR\" \/>\n<meta property=\"og:type\" content=\"article\" \/>\n<meta property=\"og:title\" content=\"La\u00eds Amaral - JORNAL BEIRA RIO\" \/>\n<meta property=\"og:description\" content=\"Rosa de Saron encerra semana da Juventude em Resende A Semana da Juventude, que come\u00e7ou na sexta-feira passada, termina neste domingo, dia 28, com\" \/>\n<meta property=\"og:url\" content=\"https:\/\/jornalbeirario.com.br\/portal\/?p=1387\" \/>\n<meta property=\"og:site_name\" content=\"JORNAL BEIRA RIO\" \/>\n<meta property=\"article:published_time\" content=\"2012-10-28T18:45:47+00:00\" \/>\n<meta name=\"author\" content=\"Jornal BEIRA-RIO\" \/>\n<meta name=\"twitter:card\" content=\"summary_large_image\" \/>\n<meta name=\"twitter:label1\" content=\"Escrito por\" \/>\n\t<meta name=\"twitter:data1\" content=\"Jornal BEIRA-RIO\" \/>\n\t<meta name=\"twitter:label2\" content=\"Est. tempo de leitura\" \/>\n\t<meta name=\"twitter:data2\" content=\"5 minutos\" \/>\n<script type=\"application\/ld+json\" class=\"yoast-schema-graph\">{\"@context\":\"https:\\\/\\\/schema.org\",\"@graph\":[{\"@type\":\"Article\",\"@id\":\"https:\\\/\\\/jornalbeirario.com.br\\\/portal\\\/?p=1387#article\",\"isPartOf\":{\"@id\":\"https:\\\/\\\/jornalbeirario.com.br\\\/portal\\\/?p=1387\"},\"author\":{\"name\":\"Jornal BEIRA-RIO\",\"@id\":\"https:\\\/\\\/jornalbeirario.com.br\\\/portal\\\/#\\\/schema\\\/person\\\/c6c423e4c2465d2a9233f6539173e7c1\"},\"headline\":\"La\u00eds Amaral\",\"datePublished\":\"2012-10-28T18:45:47+00:00\",\"mainEntityOfPage\":{\"@id\":\"https:\\\/\\\/jornalbeirario.com.br\\\/portal\\\/?p=1387\"},\"wordCount\":962,\"commentCount\":0,\"publisher\":{\"@id\":\"https:\\\/\\\/jornalbeirario.com.br\\\/portal\\\/#organization\"},\"articleSection\":[\"Social\"],\"inLanguage\":\"pt-BR\",\"potentialAction\":[{\"@type\":\"CommentAction\",\"name\":\"Comment\",\"target\":[\"https:\\\/\\\/jornalbeirario.com.br\\\/portal\\\/?p=1387#respond\"]}]},{\"@type\":\"WebPage\",\"@id\":\"https:\\\/\\\/jornalbeirario.com.br\\\/portal\\\/?p=1387\",\"url\":\"https:\\\/\\\/jornalbeirario.com.br\\\/portal\\\/?p=1387\",\"name\":\"La\u00eds Amaral - JORNAL BEIRA RIO\",\"isPartOf\":{\"@id\":\"https:\\\/\\\/jornalbeirario.com.br\\\/portal\\\/#website\"},\"datePublished\":\"2012-10-28T18:45:47+00:00\",\"breadcrumb\":{\"@id\":\"https:\\\/\\\/jornalbeirario.com.br\\\/portal\\\/?p=1387#breadcrumb\"},\"inLanguage\":\"pt-BR\",\"potentialAction\":[{\"@type\":\"ReadAction\",\"target\":[\"https:\\\/\\\/jornalbeirario.com.br\\\/portal\\\/?p=1387\"]}]},{\"@type\":\"BreadcrumbList\",\"@id\":\"https:\\\/\\\/jornalbeirario.com.br\\\/portal\\\/?p=1387#breadcrumb\",\"itemListElement\":[{\"@type\":\"ListItem\",\"position\":1,\"name\":\"Home\",\"item\":\"https:\\\/\\\/jornalbeirario.com.br\\\/portal\"},{\"@type\":\"ListItem\",\"position\":2,\"name\":\"La\u00eds Amaral\"}]},{\"@type\":\"WebSite\",\"@id\":\"https:\\\/\\\/jornalbeirario.com.br\\\/portal\\\/#website\",\"url\":\"https:\\\/\\\/jornalbeirario.com.br\\\/portal\\\/\",\"name\":\"JORNAL BEIRA RIO\",\"description\":\"\",\"publisher\":{\"@id\":\"https:\\\/\\\/jornalbeirario.com.br\\\/portal\\\/#organization\"},\"potentialAction\":[{\"@type\":\"SearchAction\",\"target\":{\"@type\":\"EntryPoint\",\"urlTemplate\":\"https:\\\/\\\/jornalbeirario.com.br\\\/portal\\\/?s={search_term_string}\"},\"query-input\":{\"@type\":\"PropertyValueSpecification\",\"valueRequired\":true,\"valueName\":\"search_term_string\"}}],\"inLanguage\":\"pt-BR\"},{\"@type\":\"Organization\",\"@id\":\"https:\\\/\\\/jornalbeirario.com.br\\\/portal\\\/#organization\",\"name\":\"JORNAL BEIRA RIO\",\"url\":\"https:\\\/\\\/jornalbeirario.com.br\\\/portal\\\/\",\"logo\":{\"@type\":\"ImageObject\",\"inLanguage\":\"pt-BR\",\"@id\":\"https:\\\/\\\/jornalbeirario.com.br\\\/portal\\\/#\\\/schema\\\/logo\\\/image\\\/\",\"url\":\"https:\\\/\\\/jornalbeirario.com.br\\\/portal\\\/wp-content\\\/uploads\\\/2017\\\/09\\\/BEIRA-RIO_logo600.png\",\"contentUrl\":\"https:\\\/\\\/jornalbeirario.com.br\\\/portal\\\/wp-content\\\/uploads\\\/2017\\\/09\\\/BEIRA-RIO_logo600.png\",\"width\":650,\"height\":108,\"caption\":\"JORNAL BEIRA RIO\"},\"image\":{\"@id\":\"https:\\\/\\\/jornalbeirario.com.br\\\/portal\\\/#\\\/schema\\\/logo\\\/image\\\/\"}},{\"@type\":\"Person\",\"@id\":\"https:\\\/\\\/jornalbeirario.com.br\\\/portal\\\/#\\\/schema\\\/person\\\/c6c423e4c2465d2a9233f6539173e7c1\",\"name\":\"Jornal BEIRA-RIO\",\"image\":{\"@type\":\"ImageObject\",\"inLanguage\":\"pt-BR\",\"@id\":\"https:\\\/\\\/jornalbeirario.com.br\\\/portal\\\/wp-content\\\/uploads\\\/2023\\\/10\\\/logojbr1.jpg\",\"url\":\"https:\\\/\\\/jornalbeirario.com.br\\\/portal\\\/wp-content\\\/uploads\\\/2023\\\/10\\\/logojbr1.jpg\",\"contentUrl\":\"https:\\\/\\\/jornalbeirario.com.br\\\/portal\\\/wp-content\\\/uploads\\\/2023\\\/10\\\/logojbr1.jpg\",\"caption\":\"Jornal BEIRA-RIO\"},\"url\":\"https:\\\/\\\/jornalbeirario.com.br\\\/portal\\\/?author=1\"}]}<\/script>\n<!-- \/ Yoast SEO plugin. -->","yoast_head_json":{"title":"La\u00eds Amaral - JORNAL BEIRA RIO","robots":{"index":"index","follow":"follow","max-snippet":"max-snippet:-1","max-image-preview":"max-image-preview:large","max-video-preview":"max-video-preview:-1"},"canonical":"https:\/\/jornalbeirario.com.br\/portal\/?p=1387","og_locale":"pt_BR","og_type":"article","og_title":"La\u00eds Amaral - JORNAL BEIRA RIO","og_description":"Rosa de Saron encerra semana da Juventude em Resende A Semana da Juventude, que come\u00e7ou na sexta-feira passada, termina neste domingo, dia 28, com","og_url":"https:\/\/jornalbeirario.com.br\/portal\/?p=1387","og_site_name":"JORNAL BEIRA RIO","article_published_time":"2012-10-28T18:45:47+00:00","author":"Jornal BEIRA-RIO","twitter_card":"summary_large_image","twitter_misc":{"Escrito por":"Jornal BEIRA-RIO","Est. tempo de leitura":"5 minutos"},"schema":{"@context":"https:\/\/schema.org","@graph":[{"@type":"Article","@id":"https:\/\/jornalbeirario.com.br\/portal\/?p=1387#article","isPartOf":{"@id":"https:\/\/jornalbeirario.com.br\/portal\/?p=1387"},"author":{"name":"Jornal BEIRA-RIO","@id":"https:\/\/jornalbeirario.com.br\/portal\/#\/schema\/person\/c6c423e4c2465d2a9233f6539173e7c1"},"headline":"La\u00eds Amaral","datePublished":"2012-10-28T18:45:47+00:00","mainEntityOfPage":{"@id":"https:\/\/jornalbeirario.com.br\/portal\/?p=1387"},"wordCount":962,"commentCount":0,"publisher":{"@id":"https:\/\/jornalbeirario.com.br\/portal\/#organization"},"articleSection":["Social"],"inLanguage":"pt-BR","potentialAction":[{"@type":"CommentAction","name":"Comment","target":["https:\/\/jornalbeirario.com.br\/portal\/?p=1387#respond"]}]},{"@type":"WebPage","@id":"https:\/\/jornalbeirario.com.br\/portal\/?p=1387","url":"https:\/\/jornalbeirario.com.br\/portal\/?p=1387","name":"La\u00eds Amaral - JORNAL BEIRA RIO","isPartOf":{"@id":"https:\/\/jornalbeirario.com.br\/portal\/#website"},"datePublished":"2012-10-28T18:45:47+00:00","breadcrumb":{"@id":"https:\/\/jornalbeirario.com.br\/portal\/?p=1387#breadcrumb"},"inLanguage":"pt-BR","potentialAction":[{"@type":"ReadAction","target":["https:\/\/jornalbeirario.com.br\/portal\/?p=1387"]}]},{"@type":"BreadcrumbList","@id":"https:\/\/jornalbeirario.com.br\/portal\/?p=1387#breadcrumb","itemListElement":[{"@type":"ListItem","position":1,"name":"Home","item":"https:\/\/jornalbeirario.com.br\/portal"},{"@type":"ListItem","position":2,"name":"La\u00eds Amaral"}]},{"@type":"WebSite","@id":"https:\/\/jornalbeirario.com.br\/portal\/#website","url":"https:\/\/jornalbeirario.com.br\/portal\/","name":"JORNAL BEIRA RIO","description":"","publisher":{"@id":"https:\/\/jornalbeirario.com.br\/portal\/#organization"},"potentialAction":[{"@type":"SearchAction","target":{"@type":"EntryPoint","urlTemplate":"https:\/\/jornalbeirario.com.br\/portal\/?s={search_term_string}"},"query-input":{"@type":"PropertyValueSpecification","valueRequired":true,"valueName":"search_term_string"}}],"inLanguage":"pt-BR"},{"@type":"Organization","@id":"https:\/\/jornalbeirario.com.br\/portal\/#organization","name":"JORNAL BEIRA RIO","url":"https:\/\/jornalbeirario.com.br\/portal\/","logo":{"@type":"ImageObject","inLanguage":"pt-BR","@id":"https:\/\/jornalbeirario.com.br\/portal\/#\/schema\/logo\/image\/","url":"https:\/\/jornalbeirario.com.br\/portal\/wp-content\/uploads\/2017\/09\/BEIRA-RIO_logo600.png","contentUrl":"https:\/\/jornalbeirario.com.br\/portal\/wp-content\/uploads\/2017\/09\/BEIRA-RIO_logo600.png","width":650,"height":108,"caption":"JORNAL BEIRA RIO"},"image":{"@id":"https:\/\/jornalbeirario.com.br\/portal\/#\/schema\/logo\/image\/"}},{"@type":"Person","@id":"https:\/\/jornalbeirario.com.br\/portal\/#\/schema\/person\/c6c423e4c2465d2a9233f6539173e7c1","name":"Jornal BEIRA-RIO","image":{"@type":"ImageObject","inLanguage":"pt-BR","@id":"https:\/\/jornalbeirario.com.br\/portal\/wp-content\/uploads\/2023\/10\/logojbr1.jpg","url":"https:\/\/jornalbeirario.com.br\/portal\/wp-content\/uploads\/2023\/10\/logojbr1.jpg","contentUrl":"https:\/\/jornalbeirario.com.br\/portal\/wp-content\/uploads\/2023\/10\/logojbr1.jpg","caption":"Jornal BEIRA-RIO"},"url":"https:\/\/jornalbeirario.com.br\/portal\/?author=1"}]}},"_links":{"self":[{"href":"https:\/\/jornalbeirario.com.br\/portal\/index.php?rest_route=\/wp\/v2\/posts\/1387","targetHints":{"allow":["GET"]}}],"collection":[{"href":"https:\/\/jornalbeirario.com.br\/portal\/index.php?rest_route=\/wp\/v2\/posts"}],"about":[{"href":"https:\/\/jornalbeirario.com.br\/portal\/index.php?rest_route=\/wp\/v2\/types\/post"}],"author":[{"embeddable":true,"href":"https:\/\/jornalbeirario.com.br\/portal\/index.php?rest_route=\/wp\/v2\/users\/1"}],"replies":[{"embeddable":true,"href":"https:\/\/jornalbeirario.com.br\/portal\/index.php?rest_route=%2Fwp%2Fv2%2Fcomments&post=1387"}],"version-history":[{"count":1,"href":"https:\/\/jornalbeirario.com.br\/portal\/index.php?rest_route=\/wp\/v2\/posts\/1387\/revisions"}],"predecessor-version":[{"id":1388,"href":"https:\/\/jornalbeirario.com.br\/portal\/index.php?rest_route=\/wp\/v2\/posts\/1387\/revisions\/1388"}],"wp:attachment":[{"href":"https:\/\/jornalbeirario.com.br\/portal\/index.php?rest_route=%2Fwp%2Fv2%2Fmedia&parent=1387"}],"wp:term":[{"taxonomy":"category","embeddable":true,"href":"https:\/\/jornalbeirario.com.br\/portal\/index.php?rest_route=%2Fwp%2Fv2%2Fcategories&post=1387"},{"taxonomy":"post_tag","embeddable":true,"href":"https:\/\/jornalbeirario.com.br\/portal\/index.php?rest_route=%2Fwp%2Fv2%2Ftags&post=1387"}],"curies":[{"name":"wp","href":"https:\/\/api.w.org\/{rel}","templated":true}]}}