
{"id":13857,"date":"2013-08-23T09:36:34","date_gmt":"2013-08-23T09:36:34","guid":{"rendered":"http:\/\/jornalbeirario.com.br\/portal\/portal\/?p=13857"},"modified":"2013-08-23T09:36:34","modified_gmt":"2013-08-23T09:36:34","slug":"lais-amaral-23","status":"publish","type":"post","link":"https:\/\/jornalbeirario.com.br\/portal\/?p=13857","title":{"rendered":"La\u00eds Amaral"},"content":{"rendered":"<p style=\"text-align: justify;\"><strong>Rom\u00e1rio, Tiaguinho, J-Quest, Rappa, as grandes atra\u00e7\u00f5es da Exapicor<\/strong><br \/>\nSetembro chegando e a expectativa com a Exapicor vai aumentando. Na verdade a curiosidade se prende \u00e0 linha de shows do chamado Palco 1, o palco principal. At\u00e9 agora, mais especula\u00e7\u00f5es que certezas. Rappa, J-Quest, os pesos-pesados Cesar Menoti e Fabiano, Bom Gosto, Turma do Pagode, Tiaguinho. A divulga\u00e7\u00e3o oficial sairia ontem no site da Prefeitura. Confira. Anita, a nova inven\u00e7\u00e3o da m\u00e1quina de fazer celebridades, \u00e9 carta fora do baralho. Mas outro fato que se destaca nos dias de comemora\u00e7\u00e3o do anivers\u00e1rio da cidade \u00e9 a entrega dos t\u00edtulos de Cidad\u00e3o Resendense. A honraria \u00e9 outorgada pela popula\u00e7\u00e3o via seus representantes no parlamento municipal, os vereadores. S\u00e3o aquelas pessoas n\u00e3o nascidas na cidade mas que por relevantes contribui\u00e7\u00f5es \u00e0 municipalidade reconhecidas pelos edis, passam a ser cidad\u00e3os resendenses, como se nascidos aqui. A pr\u00f3pria C\u00e2mara informar\u00e1 a tempo, quem foram os agraciados deste ano. Mas daqui posso informar alguns desses escolhidos: Marco Resende, comandante do Corpo de Bombeiros e os vasca\u00ednos Wagner Camilo, da superintend\u00eancia de Eventos e Paulo Cesar Pinto, o \u2018PC\u2019, da Funda\u00e7\u00e3o Casa da Cultura. Mas quem deve provocar frenesi e fazer a festa efervescer ser\u00e1 o deputado federal, Rom\u00e1rio, ex-PSB. O \u2018baixinho\u2019 disputa com as estrelas pops os holofotes entre as principais atra\u00e7\u00f5es dos festejos pelos 212 anos de Resende.<\/p>\n<p style=\"text-align: justify;\"><strong>Exposi\u00e7\u00e3o de carros antigos<\/strong><br \/>\nMas enquanto a Exapicor n\u00e3o chega, o Parque de Exposi\u00e7\u00f5es vai sendo ocupado por eventos diversos. H\u00e1 poucas semanas foi realizada a Feira Ponta de Estoque, semana passada a Feira Sertaneja (sempre no terceiro domingo do m\u00eas) e neste final de semana haver\u00e1 uma exposi\u00e7\u00e3o de carros antigos. Neste domingo, dia 25, das 9h \u00e0s 17h. Os interessados podem inscrever os autom\u00f3veis at\u00e9 esta sexta-feira e devem mandar uma foto do ve\u00edculo para o seguinte endere\u00e7o: Eduarda_bil@hotmail.com. Mais informa\u00e7\u00f5es pelo telefone (24) 3360-6087. Estou bem inclinado a inscrever meu Uno 95, que anda meio fora de combate. Quem sabe um pouco de glamour n\u00e3o levanta a autoestima do furioso!?<\/p>\n<p style=\"text-align: justify;\"><strong>TRIPA<\/strong><br \/>\n* Domingo tem etapa de montain bike. \u00c9 a Agulhas Negras MTB Cup 2013. A competi\u00e7\u00e3o acontece em Visconde de Mau\u00e1 com in\u00edcio previsto para as 9h30 e serve para contar pontos para o ranking brasileiro de XCM * Z\u00e9 Roberto Correa \u2018Mu\u00e7um\u2019 conseguiu o bom tempo de uma hora e 45 minutos na Meia Maratona do Rio, domingo passado. O Edison Lourosa e sua Maria Helena tamb\u00e9m participaram da prova e o pr\u00eamio foi mesmo o melhor chopp gelado do Rio, no Belmonte do Flamengo * Parab\u00e9ns ao Wilson Moura (Broa) pela muito boa Confer\u00eancia do Meio Ambiente, realizada no s\u00e1bado passado no Espa\u00e7o \u2018Z\u2019. Organizada, concorrida e objetiva. Valeu!! * Segundo o secret\u00e1rio de finan\u00e7as de Resende, Renato Viegas, o PIB do munic\u00edpio cresceu 6% nos \u00faltimos quatro anos * Meu amigo Jo\u00e3o Saboia, sempre ligado em tudo, est\u00e1 de bola cheia. A foto de capa da revista Pilates que esta nas bancas, \u00e9 dele, assim como a grande maioria das fotos do corpo da revista s\u00e3o dele. A principal modelo da publica\u00e7\u00e3o \u00e9 a Mariana Galv\u00e3o Pellini, filha da Conchita. Parab\u00e9ns Saboia por mais essa * Neste s\u00e1bado, dia 24, o Zero Grau vai pegar fogo com mais uma \u2018Samba da Panela\u2019, sob o comando de Diogo Guimar\u00e3es e Thiago Zaidan e com muitas feras da cena musical de Resende. A partir das 14 horas. Imperd\u00edvel!!<\/p>\n<p style=\"text-align: justify;\"><strong>ANIVERS\u00c1RIOS<\/strong><br \/>\nNa segunda, dia 19, mudaram de idade o Marquinhos Corr\u00eaa e a Vilma Andrade. Na ter\u00e7a, dia 20, foi a vez de Eunice Andrade, da Cristina Daniel, do Dr. Loizo e do meu irm\u00e3o Luis Carlos F\u00e1varo inaugurarem idade nova. Na quarta, dia 21, receberam os \u2018parab\u00e9ns\u2019 a Mu Brasil e o Leo Pazz. Ontem, dia 22, ficaram mais experientes o Edinho Portugal e o Guilherme Freitas. Amanh\u00e3, dia 24, sopra velinhas a Elisa Sampaio e no domingo, dia 25, comemoram mais um ano de vida o Osmar Nonato (gar\u00e7om poeta) e o Carlos Menandro.<br \/>\nParab\u00e9ns e todas as felicidades do mundo a eles.<\/p>\n","protected":false},"excerpt":{"rendered":"<p>Rom\u00e1rio, Tiaguinho, J-Quest, Rappa, as grandes atra\u00e7\u00f5es da Exapicor Setembro chegando e a expectativa com a Exapicor vai aumentando. Na verdade a curiosidade se<\/p>\n","protected":false},"author":1,"featured_media":0,"comment_status":"open","ping_status":"open","sticky":false,"template":"","format":"standard","meta":{"pmpro_default_level":"","footnotes":""},"categories":[13],"tags":[],"class_list":["post-13857","post","type-post","status-publish","format-standard","hentry","category-social","pmpro-has-access"],"yoast_head":"<!-- This site is optimized with the Yoast SEO plugin v27.4 - https:\/\/yoast.com\/product\/yoast-seo-wordpress\/ -->\n<title>La\u00eds Amaral - JORNAL BEIRA RIO<\/title>\n<meta name=\"robots\" content=\"index, follow, max-snippet:-1, max-image-preview:large, max-video-preview:-1\" \/>\n<link rel=\"canonical\" href=\"https:\/\/jornalbeirario.com.br\/portal\/?p=13857\" \/>\n<meta property=\"og:locale\" content=\"pt_BR\" \/>\n<meta property=\"og:type\" content=\"article\" \/>\n<meta property=\"og:title\" content=\"La\u00eds Amaral - JORNAL BEIRA RIO\" \/>\n<meta property=\"og:description\" content=\"Rom\u00e1rio, Tiaguinho, J-Quest, Rappa, as grandes atra\u00e7\u00f5es da Exapicor Setembro chegando e a expectativa com a Exapicor vai aumentando. Na verdade a curiosidade se\" \/>\n<meta property=\"og:url\" content=\"https:\/\/jornalbeirario.com.br\/portal\/?p=13857\" \/>\n<meta property=\"og:site_name\" content=\"JORNAL BEIRA RIO\" \/>\n<meta property=\"article:published_time\" content=\"2013-08-23T09:36:34+00:00\" \/>\n<meta name=\"author\" content=\"Jornal BEIRA-RIO\" \/>\n<meta name=\"twitter:card\" content=\"summary_large_image\" \/>\n<meta name=\"twitter:label1\" content=\"Escrito por\" \/>\n\t<meta name=\"twitter:data1\" content=\"Jornal BEIRA-RIO\" \/>\n\t<meta name=\"twitter:label2\" content=\"Est. tempo de leitura\" \/>\n\t<meta name=\"twitter:data2\" content=\"4 minutos\" \/>\n<script type=\"application\/ld+json\" class=\"yoast-schema-graph\">{\"@context\":\"https:\\\/\\\/schema.org\",\"@graph\":[{\"@type\":\"Article\",\"@id\":\"https:\\\/\\\/jornalbeirario.com.br\\\/portal\\\/?p=13857#article\",\"isPartOf\":{\"@id\":\"https:\\\/\\\/jornalbeirario.com.br\\\/portal\\\/?p=13857\"},\"author\":{\"name\":\"Jornal BEIRA-RIO\",\"@id\":\"https:\\\/\\\/jornalbeirario.com.br\\\/portal\\\/#\\\/schema\\\/person\\\/c6c423e4c2465d2a9233f6539173e7c1\"},\"headline\":\"La\u00eds Amaral\",\"datePublished\":\"2013-08-23T09:36:34+00:00\",\"mainEntityOfPage\":{\"@id\":\"https:\\\/\\\/jornalbeirario.com.br\\\/portal\\\/?p=13857\"},\"wordCount\":708,\"commentCount\":1,\"publisher\":{\"@id\":\"https:\\\/\\\/jornalbeirario.com.br\\\/portal\\\/#organization\"},\"articleSection\":[\"Social\"],\"inLanguage\":\"pt-BR\",\"potentialAction\":[{\"@type\":\"CommentAction\",\"name\":\"Comment\",\"target\":[\"https:\\\/\\\/jornalbeirario.com.br\\\/portal\\\/?p=13857#respond\"]}]},{\"@type\":\"WebPage\",\"@id\":\"https:\\\/\\\/jornalbeirario.com.br\\\/portal\\\/?p=13857\",\"url\":\"https:\\\/\\\/jornalbeirario.com.br\\\/portal\\\/?p=13857\",\"name\":\"La\u00eds Amaral - JORNAL BEIRA RIO\",\"isPartOf\":{\"@id\":\"https:\\\/\\\/jornalbeirario.com.br\\\/portal\\\/#website\"},\"datePublished\":\"2013-08-23T09:36:34+00:00\",\"breadcrumb\":{\"@id\":\"https:\\\/\\\/jornalbeirario.com.br\\\/portal\\\/?p=13857#breadcrumb\"},\"inLanguage\":\"pt-BR\",\"potentialAction\":[{\"@type\":\"ReadAction\",\"target\":[\"https:\\\/\\\/jornalbeirario.com.br\\\/portal\\\/?p=13857\"]}]},{\"@type\":\"BreadcrumbList\",\"@id\":\"https:\\\/\\\/jornalbeirario.com.br\\\/portal\\\/?p=13857#breadcrumb\",\"itemListElement\":[{\"@type\":\"ListItem\",\"position\":1,\"name\":\"Home\",\"item\":\"https:\\\/\\\/jornalbeirario.com.br\\\/portal\"},{\"@type\":\"ListItem\",\"position\":2,\"name\":\"La\u00eds Amaral\"}]},{\"@type\":\"WebSite\",\"@id\":\"https:\\\/\\\/jornalbeirario.com.br\\\/portal\\\/#website\",\"url\":\"https:\\\/\\\/jornalbeirario.com.br\\\/portal\\\/\",\"name\":\"JORNAL BEIRA RIO\",\"description\":\"\",\"publisher\":{\"@id\":\"https:\\\/\\\/jornalbeirario.com.br\\\/portal\\\/#organization\"},\"potentialAction\":[{\"@type\":\"SearchAction\",\"target\":{\"@type\":\"EntryPoint\",\"urlTemplate\":\"https:\\\/\\\/jornalbeirario.com.br\\\/portal\\\/?s={search_term_string}\"},\"query-input\":{\"@type\":\"PropertyValueSpecification\",\"valueRequired\":true,\"valueName\":\"search_term_string\"}}],\"inLanguage\":\"pt-BR\"},{\"@type\":\"Organization\",\"@id\":\"https:\\\/\\\/jornalbeirario.com.br\\\/portal\\\/#organization\",\"name\":\"JORNAL BEIRA RIO\",\"url\":\"https:\\\/\\\/jornalbeirario.com.br\\\/portal\\\/\",\"logo\":{\"@type\":\"ImageObject\",\"inLanguage\":\"pt-BR\",\"@id\":\"https:\\\/\\\/jornalbeirario.com.br\\\/portal\\\/#\\\/schema\\\/logo\\\/image\\\/\",\"url\":\"https:\\\/\\\/jornalbeirario.com.br\\\/portal\\\/wp-content\\\/uploads\\\/2017\\\/09\\\/BEIRA-RIO_logo600.png\",\"contentUrl\":\"https:\\\/\\\/jornalbeirario.com.br\\\/portal\\\/wp-content\\\/uploads\\\/2017\\\/09\\\/BEIRA-RIO_logo600.png\",\"width\":650,\"height\":108,\"caption\":\"JORNAL BEIRA RIO\"},\"image\":{\"@id\":\"https:\\\/\\\/jornalbeirario.com.br\\\/portal\\\/#\\\/schema\\\/logo\\\/image\\\/\"}},{\"@type\":\"Person\",\"@id\":\"https:\\\/\\\/jornalbeirario.com.br\\\/portal\\\/#\\\/schema\\\/person\\\/c6c423e4c2465d2a9233f6539173e7c1\",\"name\":\"Jornal BEIRA-RIO\",\"image\":{\"@type\":\"ImageObject\",\"inLanguage\":\"pt-BR\",\"@id\":\"https:\\\/\\\/jornalbeirario.com.br\\\/portal\\\/wp-content\\\/uploads\\\/2023\\\/10\\\/logojbr1.jpg\",\"url\":\"https:\\\/\\\/jornalbeirario.com.br\\\/portal\\\/wp-content\\\/uploads\\\/2023\\\/10\\\/logojbr1.jpg\",\"contentUrl\":\"https:\\\/\\\/jornalbeirario.com.br\\\/portal\\\/wp-content\\\/uploads\\\/2023\\\/10\\\/logojbr1.jpg\",\"caption\":\"Jornal BEIRA-RIO\"},\"url\":\"https:\\\/\\\/jornalbeirario.com.br\\\/portal\\\/?author=1\"}]}<\/script>\n<!-- \/ Yoast SEO plugin. -->","yoast_head_json":{"title":"La\u00eds Amaral - JORNAL BEIRA RIO","robots":{"index":"index","follow":"follow","max-snippet":"max-snippet:-1","max-image-preview":"max-image-preview:large","max-video-preview":"max-video-preview:-1"},"canonical":"https:\/\/jornalbeirario.com.br\/portal\/?p=13857","og_locale":"pt_BR","og_type":"article","og_title":"La\u00eds Amaral - JORNAL BEIRA RIO","og_description":"Rom\u00e1rio, Tiaguinho, J-Quest, Rappa, as grandes atra\u00e7\u00f5es da Exapicor Setembro chegando e a expectativa com a Exapicor vai aumentando. Na verdade a curiosidade se","og_url":"https:\/\/jornalbeirario.com.br\/portal\/?p=13857","og_site_name":"JORNAL BEIRA RIO","article_published_time":"2013-08-23T09:36:34+00:00","author":"Jornal BEIRA-RIO","twitter_card":"summary_large_image","twitter_misc":{"Escrito por":"Jornal BEIRA-RIO","Est. tempo de leitura":"4 minutos"},"schema":{"@context":"https:\/\/schema.org","@graph":[{"@type":"Article","@id":"https:\/\/jornalbeirario.com.br\/portal\/?p=13857#article","isPartOf":{"@id":"https:\/\/jornalbeirario.com.br\/portal\/?p=13857"},"author":{"name":"Jornal BEIRA-RIO","@id":"https:\/\/jornalbeirario.com.br\/portal\/#\/schema\/person\/c6c423e4c2465d2a9233f6539173e7c1"},"headline":"La\u00eds Amaral","datePublished":"2013-08-23T09:36:34+00:00","mainEntityOfPage":{"@id":"https:\/\/jornalbeirario.com.br\/portal\/?p=13857"},"wordCount":708,"commentCount":1,"publisher":{"@id":"https:\/\/jornalbeirario.com.br\/portal\/#organization"},"articleSection":["Social"],"inLanguage":"pt-BR","potentialAction":[{"@type":"CommentAction","name":"Comment","target":["https:\/\/jornalbeirario.com.br\/portal\/?p=13857#respond"]}]},{"@type":"WebPage","@id":"https:\/\/jornalbeirario.com.br\/portal\/?p=13857","url":"https:\/\/jornalbeirario.com.br\/portal\/?p=13857","name":"La\u00eds Amaral - JORNAL BEIRA RIO","isPartOf":{"@id":"https:\/\/jornalbeirario.com.br\/portal\/#website"},"datePublished":"2013-08-23T09:36:34+00:00","breadcrumb":{"@id":"https:\/\/jornalbeirario.com.br\/portal\/?p=13857#breadcrumb"},"inLanguage":"pt-BR","potentialAction":[{"@type":"ReadAction","target":["https:\/\/jornalbeirario.com.br\/portal\/?p=13857"]}]},{"@type":"BreadcrumbList","@id":"https:\/\/jornalbeirario.com.br\/portal\/?p=13857#breadcrumb","itemListElement":[{"@type":"ListItem","position":1,"name":"Home","item":"https:\/\/jornalbeirario.com.br\/portal"},{"@type":"ListItem","position":2,"name":"La\u00eds Amaral"}]},{"@type":"WebSite","@id":"https:\/\/jornalbeirario.com.br\/portal\/#website","url":"https:\/\/jornalbeirario.com.br\/portal\/","name":"JORNAL BEIRA RIO","description":"","publisher":{"@id":"https:\/\/jornalbeirario.com.br\/portal\/#organization"},"potentialAction":[{"@type":"SearchAction","target":{"@type":"EntryPoint","urlTemplate":"https:\/\/jornalbeirario.com.br\/portal\/?s={search_term_string}"},"query-input":{"@type":"PropertyValueSpecification","valueRequired":true,"valueName":"search_term_string"}}],"inLanguage":"pt-BR"},{"@type":"Organization","@id":"https:\/\/jornalbeirario.com.br\/portal\/#organization","name":"JORNAL BEIRA RIO","url":"https:\/\/jornalbeirario.com.br\/portal\/","logo":{"@type":"ImageObject","inLanguage":"pt-BR","@id":"https:\/\/jornalbeirario.com.br\/portal\/#\/schema\/logo\/image\/","url":"https:\/\/jornalbeirario.com.br\/portal\/wp-content\/uploads\/2017\/09\/BEIRA-RIO_logo600.png","contentUrl":"https:\/\/jornalbeirario.com.br\/portal\/wp-content\/uploads\/2017\/09\/BEIRA-RIO_logo600.png","width":650,"height":108,"caption":"JORNAL BEIRA RIO"},"image":{"@id":"https:\/\/jornalbeirario.com.br\/portal\/#\/schema\/logo\/image\/"}},{"@type":"Person","@id":"https:\/\/jornalbeirario.com.br\/portal\/#\/schema\/person\/c6c423e4c2465d2a9233f6539173e7c1","name":"Jornal BEIRA-RIO","image":{"@type":"ImageObject","inLanguage":"pt-BR","@id":"https:\/\/jornalbeirario.com.br\/portal\/wp-content\/uploads\/2023\/10\/logojbr1.jpg","url":"https:\/\/jornalbeirario.com.br\/portal\/wp-content\/uploads\/2023\/10\/logojbr1.jpg","contentUrl":"https:\/\/jornalbeirario.com.br\/portal\/wp-content\/uploads\/2023\/10\/logojbr1.jpg","caption":"Jornal BEIRA-RIO"},"url":"https:\/\/jornalbeirario.com.br\/portal\/?author=1"}]}},"_links":{"self":[{"href":"https:\/\/jornalbeirario.com.br\/portal\/index.php?rest_route=\/wp\/v2\/posts\/13857","targetHints":{"allow":["GET"]}}],"collection":[{"href":"https:\/\/jornalbeirario.com.br\/portal\/index.php?rest_route=\/wp\/v2\/posts"}],"about":[{"href":"https:\/\/jornalbeirario.com.br\/portal\/index.php?rest_route=\/wp\/v2\/types\/post"}],"author":[{"embeddable":true,"href":"https:\/\/jornalbeirario.com.br\/portal\/index.php?rest_route=\/wp\/v2\/users\/1"}],"replies":[{"embeddable":true,"href":"https:\/\/jornalbeirario.com.br\/portal\/index.php?rest_route=%2Fwp%2Fv2%2Fcomments&post=13857"}],"version-history":[{"count":3,"href":"https:\/\/jornalbeirario.com.br\/portal\/index.php?rest_route=\/wp\/v2\/posts\/13857\/revisions"}],"predecessor-version":[{"id":13908,"href":"https:\/\/jornalbeirario.com.br\/portal\/index.php?rest_route=\/wp\/v2\/posts\/13857\/revisions\/13908"}],"wp:attachment":[{"href":"https:\/\/jornalbeirario.com.br\/portal\/index.php?rest_route=%2Fwp%2Fv2%2Fmedia&parent=13857"}],"wp:term":[{"taxonomy":"category","embeddable":true,"href":"https:\/\/jornalbeirario.com.br\/portal\/index.php?rest_route=%2Fwp%2Fv2%2Fcategories&post=13857"},{"taxonomy":"post_tag","embeddable":true,"href":"https:\/\/jornalbeirario.com.br\/portal\/index.php?rest_route=%2Fwp%2Fv2%2Ftags&post=13857"}],"curies":[{"name":"wp","href":"https:\/\/api.w.org\/{rel}","templated":true}]}}